{"id":27464,"date":"2020-03-04T14:04:12","date_gmt":"2020-03-04T17:04:12","guid":{"rendered":"https:\/\/sinpro-rio.org.br\/principal\/?p=27464"},"modified":"2020-03-16T09:12:18","modified_gmt":"2020-03-16T12:12:18","slug":"feminismos-resistencias-e-lutas","status":"publish","type":"post","link":"https:\/\/www.sinpro-rio.org.br\/principal\/feminismos-resistencias-e-lutas\/","title":{"rendered":"Curso: Feminismos, Resist\u00eancias e Lutas"},"content":{"rendered":"\n<p>Curso &#8211; Escola do Professor &#8211; Sinpro-Rio<\/p>\n\n\n\n<p>Feminismos, resist\u00eancia e Lutas no Brasil dos retrocessos<\/p>\n\n\n\n<p>Introduzir na discuss\u00e3o te\u00f3rico-metodol\u00f3gica de diferentes linhas de pensamento e a\u00e7\u00e3o feministas, contextualizadas pelas pr\u00e1ticas de mulheres feministas.<\/p>\n\n\n\n<p>14\/03 \u2013 O surgimento do feminismo. Contradi\u00e7\u00f5es de classe e ra\u00e7a na Primeira Onda do Feminismo.<br>Surgimento do Feminismo. Sufragismo e abolicionismo. A primeira Onda Feminista. Divis\u00e3o do Feminismo.<br>Cria\u00e7\u00e3o de Sindicatos de mulheres.<br>Os feminismos: Burgu\u00eas (as sufragistas) e Socialistas. P\u00fablico X privado. Patriarcalismo.<br>O Feminismo no Brasil: as primeiras organiza\u00e7\u00f5es de mulheres por direitos.<\/p>\n\n\n\n<p>Fundamenta\u00e7\u00e3o te\u00f3rica b\u00e1sica e aplica\u00e7\u00f5es pr\u00e1ticas do Feminismo, com foco nos feminismos de terceira onda e contempor\u00e2neos, considerando a conjuntura de lutas feministas local, nacional e global.<br>De que maneira os pensamentos feministas foram se construindo.<br>Processos hist\u00f3ricos e a disputa por uma constru\u00e7\u00e3o anti-imperialista, anti-racista e antiliberal do pensamento e a\u00e7\u00e3o feministas.<\/p>\n\n\n\n<p>Feminismo e a luta pelo socialismo. Dentro da l\u00f3gica dicot\u00f4mica e hier\u00e1rquica do pensamento hegem\u00f4nico nos pa\u00edses imperialistas, aqueles que foram assinalados como \u201csul\u201d \u2013 colonizado e \u201csubdesenvolvido\u201d \u2013 s\u00f3 existem em oposi\u00e7\u00e3o ao \u201cnorte\u201d -imperialista e \u201cdesenvolvido\u201d -, que constantemente \u00e9 o \u00fanico legitimado como produtor de conhecimento.<\/p>\n\n\n\n<p>Essa l\u00f3gica divis\u00e3o hier\u00e1rquica se estende tamb\u00e9m a outras constru\u00e7\u00f5es sociais: classe, ra\u00e7a, g\u00eanero e sexualidade s\u00e3o alguns dos atravessamentos que influenciam as experi\u00eancias das\/os sujeitas\/os em suas viv\u00eancias.<\/p>\n\n\n\n<p>Coordena\u00e7\u00e3o Geral dos Cursos ELAHP RJ: Elisa Guaran\u00e1 de Castro e Lucas Ramos Coordena\u00e7\u00e3o Pedag\u00f3gica: Jaqueline Gomes e Roberta Calixto<br>Professoras: Elisa Guaran\u00e1, Jaqueline de Jesus, Luena Pereira, Moema Guedes, Roberta Calixto<\/p>\n\n\n\n<p>Atividades: 17 Inscri\u00e7\u00f5es pelo site:&nbsp;<a href=\"https:\/\/l.facebook.com\/l.php?u=http%3A%2F%2Fwww.elahp.com.br%2F%3Ffbclid%3DIwAR0knqpZDQHsdQ9LaEz32R9lBTDNZCBXH9qwj9B236vUMXJ9Zk_nJegXc9U&amp;h=AT1wSZ5yeJbpj17H6KUmw8RXBHXzcXEJaL25s8eKsXXlQEqmXO6Nfx874ED60HUfa3C6Uvm87RwIZKLVYGhmZOuj05ffOtv2vm5jehxh5xcUL8_BunswNDDkD3eCGIg7-p_GyQn6n6aDYjEBa9-zajvsQk2r7694C0dlFGKqUrYLpXLDeTdjNUWmszRz8fuBTS2Gjfa14UHuxlDbWquXk0vN0LPjJz1kM67AVVeFDXx7ZaavbfdKrFrD6VXO4jOXsVFQcrvDkP3izv5MGxHLCq6vTx1uKUz3yxSuEFgW_HFO5keJGnF21bSwVvn94IQH7IP18Q2xGFZxg8yChiWOcoJepE-LgwtLcUwoGzM0FumHgVSZcPmkRpScc_lq7aNoOaIFqEG7g5JQIUay0TPvcsKC6dufZTSE_zKuawvKlmebGloXJnonam2OBMrNlOf9-IQoFu7ikWrBZAvVMmkXEFoCCgEPTie3ICA_uv9zfCtI181ry2zl-2rNnujwdTFdL1GDXHDTLrl4wtSiVhCt_kw0m4oz5Z-lo7-1H6mip4kxRxHxEZ8tere-QuJYBs9QRPE77EWF4gpvhacuzAsktuxIv3dScW7--6BdX45jK1q1pRTJxrDb9atGGslawiOdL-n-ulkJC1Q2\" rel=\"noreferrer noopener\" target=\"_blank\">www.elahp.com.br<\/a>&nbsp;&nbsp;28 horas Valores<\/p>\n\n\n\n<p>Curso completo: R$ 70,00 \/ Aulas avulsas: R$ 20,00 Aulas }<\/p>\n\n\n\n<p>Data: 14 de mar\u00e7o a 16 de maio<\/p>\n\n\n\n<p>S\u00e1bados, das 9h \u00e0s 13h<\/p>\n\n\n\n<p>Sede Centro Rua Pedro Lessa, 35 &#8211; 3\u00ba andar &#8211; Centro<\/p>\n","protected":false},"excerpt":{"rendered":"<p>Curso &#8211; Escola do Professor &#8211; Sinpro-Rio Feminismos, resist\u00eancia e Lutas no Brasil dos retrocessos Introduzir na discuss\u00e3o te\u00f3rico-metodol\u00f3gica de diferentes linhas de pensamento e a\u00e7\u00e3o feministas, contextualizadas pelas pr\u00e1ticas de mulheres feministas. 14\/03 \u2013 O surgimento do feminismo. Contradi\u00e7\u00f5es de classe e ra\u00e7a na Primeira Onda do Feminismo.Surgimento do Feminismo. Sufragismo e abolicionismo. A [&hellip;]<\/p>\n","protected":false},"author":1,"featured_media":27465,"comment_status":"closed","ping_status":"closed","sticky":false,"template":"","format":"standard","meta":{"footnotes":""},"categories":[455,34],"tags":[],"class_list":["post-27464","post","type-post","status-publish","format-standard","has-post-thumbnail","hentry","category-destaque-escola-do-professor","category-escola-do-professor"],"yoast_head":"<!-- This site is optimized with the Yoast SEO plugin v25.7 - https:\/\/yoast.com\/wordpress\/plugins\/seo\/ -->\n<title>Curso: Feminismos, Resist\u00eancias e Lutas - Sinpro-Rio<\/title>\n<meta name=\"robots\" content=\"index, follow, max-snippet:-1, max-image-preview:large, max-video-preview:-1\" \/>\n<link rel=\"canonical\" href=\"https:\/\/www.sinpro-rio.org.br\/principal\/feminismos-resistencias-e-lutas\/\" \/>\n<meta property=\"og:locale\" content=\"pt_BR\" \/>\n<meta property=\"og:type\" content=\"article\" \/>\n<meta property=\"og:title\" content=\"Curso: Feminismos, Resist\u00eancias e Lutas - Sinpro-Rio\" \/>\n<meta property=\"og:description\" content=\"Curso &#8211; Escola do Professor &#8211; Sinpro-Rio Feminismos, resist\u00eancia e Lutas no Brasil dos retrocessos Introduzir na discuss\u00e3o te\u00f3rico-metodol\u00f3gica de diferentes linhas de pensamento e a\u00e7\u00e3o feministas, contextualizadas pelas pr\u00e1ticas de mulheres feministas. 14\/03 \u2013 O surgimento do feminismo. Contradi\u00e7\u00f5es de classe e ra\u00e7a na Primeira Onda do Feminismo.Surgimento do Feminismo. Sufragismo e abolicionismo. A [&hellip;]\" \/>\n<meta property=\"og:url\" content=\"https:\/\/www.sinpro-rio.org.br\/principal\/feminismos-resistencias-e-lutas\/\" \/>\n<meta property=\"og:site_name\" content=\"Sinpro-Rio\" \/>\n<meta property=\"article:published_time\" content=\"2020-03-04T17:04:12+00:00\" \/>\n<meta property=\"article:modified_time\" content=\"2020-03-16T12:12:18+00:00\" \/>\n<meta property=\"og:image\" content=\"https:\/\/www.sinpro-rio.org.br\/principal\/wp-content\/uploads\/2020\/03\/88142660_3268917716470339_7380992046539997184_n.jpg\" \/>\n\t<meta property=\"og:image:width\" content=\"900\" \/>\n\t<meta property=\"og:image:height\" content=\"900\" \/>\n\t<meta property=\"og:image:type\" content=\"image\/jpeg\" \/>\n<meta name=\"author\" content=\"rafaelrjp\" \/>\n<meta name=\"twitter:card\" content=\"summary_large_image\" \/>\n<meta name=\"twitter:label1\" content=\"Escrito por\" \/>\n\t<meta name=\"twitter:data1\" content=\"rafaelrjp\" \/>\n\t<meta name=\"twitter:label2\" content=\"Est. tempo de leitura\" \/>\n\t<meta name=\"twitter:data2\" content=\"2 minutos\" \/>\n<script type=\"application\/ld+json\" class=\"yoast-schema-graph\">{\"@context\":\"https:\/\/schema.org\",\"@graph\":[{\"@type\":\"WebPage\",\"@id\":\"https:\/\/www.sinpro-rio.org.br\/principal\/feminismos-resistencias-e-lutas\/\",\"url\":\"https:\/\/www.sinpro-rio.org.br\/principal\/feminismos-resistencias-e-lutas\/\",\"name\":\"Curso: Feminismos, Resist\u00eancias e Lutas - Sinpro-Rio\",\"isPartOf\":{\"@id\":\"https:\/\/www.sinpro-rio.org.br\/principal\/#website\"},\"primaryImageOfPage\":{\"@id\":\"https:\/\/www.sinpro-rio.org.br\/principal\/feminismos-resistencias-e-lutas\/#primaryimage\"},\"image\":{\"@id\":\"https:\/\/www.sinpro-rio.org.br\/principal\/feminismos-resistencias-e-lutas\/#primaryimage\"},\"thumbnailUrl\":\"https:\/\/www.sinpro-rio.org.br\/principal\/wp-content\/uploads\/2020\/03\/88142660_3268917716470339_7380992046539997184_n.jpg\",\"datePublished\":\"2020-03-04T17:04:12+00:00\",\"dateModified\":\"2020-03-16T12:12:18+00:00\",\"author\":{\"@id\":\"https:\/\/www.sinpro-rio.org.br\/principal\/#\/schema\/person\/49feb585a2f57a31a6bd9f16f78e5be6\"},\"breadcrumb\":{\"@id\":\"https:\/\/www.sinpro-rio.org.br\/principal\/feminismos-resistencias-e-lutas\/#breadcrumb\"},\"inLanguage\":\"pt-BR\",\"potentialAction\":[{\"@type\":\"ReadAction\",\"target\":[\"https:\/\/www.sinpro-rio.org.br\/principal\/feminismos-resistencias-e-lutas\/\"]}]},{\"@type\":\"ImageObject\",\"inLanguage\":\"pt-BR\",\"@id\":\"https:\/\/www.sinpro-rio.org.br\/principal\/feminismos-resistencias-e-lutas\/#primaryimage\",\"url\":\"https:\/\/www.sinpro-rio.org.br\/principal\/wp-content\/uploads\/2020\/03\/88142660_3268917716470339_7380992046539997184_n.jpg\",\"contentUrl\":\"https:\/\/www.sinpro-rio.org.br\/principal\/wp-content\/uploads\/2020\/03\/88142660_3268917716470339_7380992046539997184_n.jpg\",\"width\":900,\"height\":900},{\"@type\":\"BreadcrumbList\",\"@id\":\"https:\/\/www.sinpro-rio.org.br\/principal\/feminismos-resistencias-e-lutas\/#breadcrumb\",\"itemListElement\":[{\"@type\":\"ListItem\",\"position\":1,\"name\":\"In\u00edcio\",\"item\":\"https:\/\/www.sinpro-rio.org.br\/principal\/\"},{\"@type\":\"ListItem\",\"position\":2,\"name\":\"Curso: Feminismos, Resist\u00eancias e Lutas\"}]},{\"@type\":\"WebSite\",\"@id\":\"https:\/\/www.sinpro-rio.org.br\/principal\/#website\",\"url\":\"https:\/\/www.sinpro-rio.org.br\/principal\/\",\"name\":\"Sinpro-Rio\",\"description\":\"Sindicato dos Professores do Munic\u00edpio do Rio de Janeiro e Regi\u00e3o\",\"potentialAction\":[{\"@type\":\"SearchAction\",\"target\":{\"@type\":\"EntryPoint\",\"urlTemplate\":\"https:\/\/www.sinpro-rio.org.br\/principal\/?s={search_term_string}\"},\"query-input\":{\"@type\":\"PropertyValueSpecification\",\"valueRequired\":true,\"valueName\":\"search_term_string\"}}],\"inLanguage\":\"pt-BR\"},{\"@type\":\"Person\",\"@id\":\"https:\/\/www.sinpro-rio.org.br\/principal\/#\/schema\/person\/49feb585a2f57a31a6bd9f16f78e5be6\",\"name\":\"rafaelrjp\",\"image\":{\"@type\":\"ImageObject\",\"inLanguage\":\"pt-BR\",\"@id\":\"https:\/\/www.sinpro-rio.org.br\/principal\/#\/schema\/person\/image\/\",\"url\":\"https:\/\/secure.gravatar.com\/avatar\/489371a0ba4655c340b519882c68cf68?s=96&d=mm&r=g\",\"contentUrl\":\"https:\/\/secure.gravatar.com\/avatar\/489371a0ba4655c340b519882c68cf68?s=96&d=mm&r=g\",\"caption\":\"rafaelrjp\"},\"url\":\"https:\/\/www.sinpro-rio.org.br\/principal\/author\/rafaelrjp\/\"}]}<\/script>\n<!-- \/ Yoast SEO plugin. -->","yoast_head_json":{"title":"Curso: Feminismos, Resist\u00eancias e Lutas - Sinpro-Rio","robots":{"index":"index","follow":"follow","max-snippet":"max-snippet:-1","max-image-preview":"max-image-preview:large","max-video-preview":"max-video-preview:-1"},"canonical":"https:\/\/www.sinpro-rio.org.br\/principal\/feminismos-resistencias-e-lutas\/","og_locale":"pt_BR","og_type":"article","og_title":"Curso: Feminismos, Resist\u00eancias e Lutas - Sinpro-Rio","og_description":"Curso &#8211; Escola do Professor &#8211; Sinpro-Rio Feminismos, resist\u00eancia e Lutas no Brasil dos retrocessos Introduzir na discuss\u00e3o te\u00f3rico-metodol\u00f3gica de diferentes linhas de pensamento e a\u00e7\u00e3o feministas, contextualizadas pelas pr\u00e1ticas de mulheres feministas. 14\/03 \u2013 O surgimento do feminismo. Contradi\u00e7\u00f5es de classe e ra\u00e7a na Primeira Onda do Feminismo.Surgimento do Feminismo. Sufragismo e abolicionismo. A [&hellip;]","og_url":"https:\/\/www.sinpro-rio.org.br\/principal\/feminismos-resistencias-e-lutas\/","og_site_name":"Sinpro-Rio","article_published_time":"2020-03-04T17:04:12+00:00","article_modified_time":"2020-03-16T12:12:18+00:00","og_image":[{"width":900,"height":900,"url":"https:\/\/www.sinpro-rio.org.br\/principal\/wp-content\/uploads\/2020\/03\/88142660_3268917716470339_7380992046539997184_n.jpg","type":"image\/jpeg"}],"author":"rafaelrjp","twitter_card":"summary_large_image","twitter_misc":{"Escrito por":"rafaelrjp","Est. tempo de leitura":"2 minutos"},"schema":{"@context":"https:\/\/schema.org","@graph":[{"@type":"WebPage","@id":"https:\/\/www.sinpro-rio.org.br\/principal\/feminismos-resistencias-e-lutas\/","url":"https:\/\/www.sinpro-rio.org.br\/principal\/feminismos-resistencias-e-lutas\/","name":"Curso: Feminismos, Resist\u00eancias e Lutas - Sinpro-Rio","isPartOf":{"@id":"https:\/\/www.sinpro-rio.org.br\/principal\/#website"},"primaryImageOfPage":{"@id":"https:\/\/www.sinpro-rio.org.br\/principal\/feminismos-resistencias-e-lutas\/#primaryimage"},"image":{"@id":"https:\/\/www.sinpro-rio.org.br\/principal\/feminismos-resistencias-e-lutas\/#primaryimage"},"thumbnailUrl":"https:\/\/www.sinpro-rio.org.br\/principal\/wp-content\/uploads\/2020\/03\/88142660_3268917716470339_7380992046539997184_n.jpg","datePublished":"2020-03-04T17:04:12+00:00","dateModified":"2020-03-16T12:12:18+00:00","author":{"@id":"https:\/\/www.sinpro-rio.org.br\/principal\/#\/schema\/person\/49feb585a2f57a31a6bd9f16f78e5be6"},"breadcrumb":{"@id":"https:\/\/www.sinpro-rio.org.br\/principal\/feminismos-resistencias-e-lutas\/#breadcrumb"},"inLanguage":"pt-BR","potentialAction":[{"@type":"ReadAction","target":["https:\/\/www.sinpro-rio.org.br\/principal\/feminismos-resistencias-e-lutas\/"]}]},{"@type":"ImageObject","inLanguage":"pt-BR","@id":"https:\/\/www.sinpro-rio.org.br\/principal\/feminismos-resistencias-e-lutas\/#primaryimage","url":"https:\/\/www.sinpro-rio.org.br\/principal\/wp-content\/uploads\/2020\/03\/88142660_3268917716470339_7380992046539997184_n.jpg","contentUrl":"https:\/\/www.sinpro-rio.org.br\/principal\/wp-content\/uploads\/2020\/03\/88142660_3268917716470339_7380992046539997184_n.jpg","width":900,"height":900},{"@type":"BreadcrumbList","@id":"https:\/\/www.sinpro-rio.org.br\/principal\/feminismos-resistencias-e-lutas\/#breadcrumb","itemListElement":[{"@type":"ListItem","position":1,"name":"In\u00edcio","item":"https:\/\/www.sinpro-rio.org.br\/principal\/"},{"@type":"ListItem","position":2,"name":"Curso: Feminismos, Resist\u00eancias e Lutas"}]},{"@type":"WebSite","@id":"https:\/\/www.sinpro-rio.org.br\/principal\/#website","url":"https:\/\/www.sinpro-rio.org.br\/principal\/","name":"Sinpro-Rio","description":"Sindicato dos Professores do Munic\u00edpio do Rio de Janeiro e Regi\u00e3o","potentialAction":[{"@type":"SearchAction","target":{"@type":"EntryPoint","urlTemplate":"https:\/\/www.sinpro-rio.org.br\/principal\/?s={search_term_string}"},"query-input":{"@type":"PropertyValueSpecification","valueRequired":true,"valueName":"search_term_string"}}],"inLanguage":"pt-BR"},{"@type":"Person","@id":"https:\/\/www.sinpro-rio.org.br\/principal\/#\/schema\/person\/49feb585a2f57a31a6bd9f16f78e5be6","name":"rafaelrjp","image":{"@type":"ImageObject","inLanguage":"pt-BR","@id":"https:\/\/www.sinpro-rio.org.br\/principal\/#\/schema\/person\/image\/","url":"https:\/\/secure.gravatar.com\/avatar\/489371a0ba4655c340b519882c68cf68?s=96&d=mm&r=g","contentUrl":"https:\/\/secure.gravatar.com\/avatar\/489371a0ba4655c340b519882c68cf68?s=96&d=mm&r=g","caption":"rafaelrjp"},"url":"https:\/\/www.sinpro-rio.org.br\/principal\/author\/rafaelrjp\/"}]}},"_links":{"self":[{"href":"https:\/\/www.sinpro-rio.org.br\/principal\/wp-json\/wp\/v2\/posts\/27464","targetHints":{"allow":["GET"]}}],"collection":[{"href":"https:\/\/www.sinpro-rio.org.br\/principal\/wp-json\/wp\/v2\/posts"}],"about":[{"href":"https:\/\/www.sinpro-rio.org.br\/principal\/wp-json\/wp\/v2\/types\/post"}],"author":[{"embeddable":true,"href":"https:\/\/www.sinpro-rio.org.br\/principal\/wp-json\/wp\/v2\/users\/1"}],"replies":[{"embeddable":true,"href":"https:\/\/www.sinpro-rio.org.br\/principal\/wp-json\/wp\/v2\/comments?post=27464"}],"version-history":[{"count":3,"href":"https:\/\/www.sinpro-rio.org.br\/principal\/wp-json\/wp\/v2\/posts\/27464\/revisions"}],"predecessor-version":[{"id":27468,"href":"https:\/\/www.sinpro-rio.org.br\/principal\/wp-json\/wp\/v2\/posts\/27464\/revisions\/27468"}],"wp:featuredmedia":[{"embeddable":true,"href":"https:\/\/www.sinpro-rio.org.br\/principal\/wp-json\/wp\/v2\/media\/27465"}],"wp:attachment":[{"href":"https:\/\/www.sinpro-rio.org.br\/principal\/wp-json\/wp\/v2\/media?parent=27464"}],"wp:term":[{"taxonomy":"category","embeddable":true,"href":"https:\/\/www.sinpro-rio.org.br\/principal\/wp-json\/wp\/v2\/categories?post=27464"},{"taxonomy":"post_tag","embeddable":true,"href":"https:\/\/www.sinpro-rio.org.br\/principal\/wp-json\/wp\/v2\/tags?post=27464"}],"curies":[{"name":"wp","href":"https:\/\/api.w.org\/{rel}","templated":true}]}}