{"id":27357,"date":"2020-02-02T10:11:00","date_gmt":"2020-02-02T13:11:00","guid":{"rendered":"https:\/\/sinpro-rio.org.br\/principal\/?p=27357"},"modified":"2020-02-10T10:38:03","modified_gmt":"2020-02-10T13:38:03","slug":"curso-de-extensao-masculinidades-dialogos-contemporaneos-sobre-homens-raca-classe-e-sexualidade","status":"publish","type":"post","link":"https:\/\/www.sinpro-rio.org.br\/principal\/curso-de-extensao-masculinidades-dialogos-contemporaneos-sobre-homens-raca-classe-e-sexualidade\/","title":{"rendered":"CURSO DE EXTENS\u00c3O &#8211; MASCULINIDADES &#8211; DI\u00c1LOGOS CONTEMPOR\u00c2NEOS SOBRE HOMENS, RA\u00c7A, CLASSE E SEXUALIDADE"},"content":{"rendered":"\n<p class=\"has-text-align-center\"> Parceria ELAHP   <\/p>\n\n\n\n<p> <strong>S\u00e1bados, 23 de maio a 20 de Junho,  das 9 \u00e0s 13h, na Sede-Centro<\/strong><\/p>\n\n\n\n<p> <strong>Carga hor\u00e1ria<\/strong>: 20  Incri\u00e7\u00f5es pelo site: <a href=\"http:\/\/www.elahp.com.br\/\">www.elahp.com.br<\/a><\/p>\n\n\n\n<p> <strong>Valor:<\/strong> R$ 50,00<\/p>\n\n\n\n<p> <strong>Aulas avulsas:<\/strong>R$ 20,00<\/p>\n\n\n\n<p><strong>Ementa<\/strong><\/p>\n\n\n\n<p>Os Movimentos Feminista, Gay e Negro nos anos \u201960 e \u201870 come\u00e7aram a questionar e problematizar a hegemonia da masculinidade branca heterossexual nas suas discuss\u00f5es sobre sexo, g\u00eanero, ra\u00e7a e classe. Estes movimentos sociais\u00a0contribu\u00edram\u00a0tamb\u00e9m\u00a0com\u00a0mudan\u00e7as epistemol\u00f3gicas:\u00a0hoje, para amplos setores da popula\u00e7\u00e3o, n\u00e3o\u00a0reconhecer a vari\u00e1vel g\u00eanero na an\u00e1lise social \u00e9 t\u00e3o grave quanto n\u00e3o reconhecer classe social ou ra\u00e7a.  Isto fez com que, pela primeira vez no Ocidente, os homens se descobrissem como portadores de um g\u00eanero socialmente constru\u00eddo, neste contexto surgem os primeiros estudos acad\u00eamicos sobre a masculinidade. Assim, os estudos sobre homens e as masculinidades t\u00eam sido um campo em crescimento e interesse nos \u00faltimos anos, tanto no \u00e2mbito acad\u00eamico como no debate p\u00fablico. Se, em um primeiro momento, os estudos de g\u00eanero eram sin\u00f4nimo de feminino, e em menor grau masculinidades tidas como dissidentes, atualmente eles v\u00eam se debru\u00e7ando sobre uma diversidade de temas vinculadas ao masculino, como: afetividade, virilidade, ra\u00e7a\/etnia, sexualidade, viol\u00eancia, afetividade, masculinidades trans, sa\u00fade, pol\u00edticas p\u00fablicas, educa\u00e7\u00e3o, trabalho, dentre outros temas.<\/p>\n\n\n\n<p> <strong>Coordena\u00e7\u00e3o Pedag\u00f3gica:<\/strong> Leonardo Pe\u00e7anha e Rolf Malungo<\/p>\n\n\n\n<p> <strong>Professores:<\/strong> Leonardo Pe\u00e7anha e Rolf Malungo<\/p>\n","protected":false},"excerpt":{"rendered":"<p>Parceria ELAHP S\u00e1bados, 23 de maio a 20 de Junho, das 9 \u00e0s 13h, na Sede-Centro Carga hor\u00e1ria: 20 Incri\u00e7\u00f5es pelo site: www.elahp.com.br Valor: R$ 50,00 Aulas avulsas:R$ 20,00 Ementa Os Movimentos Feminista, Gay e Negro nos anos \u201960 e \u201870 come\u00e7aram a questionar e problematizar a hegemonia da masculinidade branca heterossexual nas suas discuss\u00f5es [&hellip;]<\/p>\n","protected":false},"author":8,"featured_media":27221,"comment_status":"closed","ping_status":"closed","sticky":false,"template":"","format":"standard","meta":{"footnotes":""},"categories":[446,34],"tags":[],"class_list":["post-27357","post","type-post","status-publish","format-standard","has-post-thumbnail","hentry","category-cursos","category-escola-do-professor"],"yoast_head":"<!-- This site is optimized with the Yoast SEO plugin v25.7 - https:\/\/yoast.com\/wordpress\/plugins\/seo\/ -->\n<title>CURSO DE EXTENS\u00c3O - MASCULINIDADES - DI\u00c1LOGOS CONTEMPOR\u00c2NEOS SOBRE HOMENS, RA\u00c7A, CLASSE E SEXUALIDADE - Sinpro-Rio<\/title>\n<meta name=\"robots\" content=\"index, follow, max-snippet:-1, max-image-preview:large, max-video-preview:-1\" \/>\n<link rel=\"canonical\" href=\"https:\/\/www.sinpro-rio.org.br\/principal\/curso-de-extensao-masculinidades-dialogos-contemporaneos-sobre-homens-raca-classe-e-sexualidade\/\" \/>\n<meta property=\"og:locale\" content=\"pt_BR\" \/>\n<meta property=\"og:type\" content=\"article\" \/>\n<meta property=\"og:title\" content=\"CURSO DE EXTENS\u00c3O - MASCULINIDADES - DI\u00c1LOGOS CONTEMPOR\u00c2NEOS SOBRE HOMENS, RA\u00c7A, CLASSE E SEXUALIDADE - Sinpro-Rio\" \/>\n<meta property=\"og:description\" content=\"Parceria ELAHP S\u00e1bados, 23 de maio a 20 de Junho, das 9 \u00e0s 13h, na Sede-Centro Carga hor\u00e1ria: 20 Incri\u00e7\u00f5es pelo site: www.elahp.com.br Valor: R$ 50,00 Aulas avulsas:R$ 20,00 Ementa Os Movimentos Feminista, Gay e Negro nos anos \u201960 e \u201870 come\u00e7aram a questionar e problematizar a hegemonia da masculinidade branca heterossexual nas suas discuss\u00f5es [&hellip;]\" \/>\n<meta property=\"og:url\" content=\"https:\/\/www.sinpro-rio.org.br\/principal\/curso-de-extensao-masculinidades-dialogos-contemporaneos-sobre-homens-raca-classe-e-sexualidade\/\" \/>\n<meta property=\"og:site_name\" content=\"Sinpro-Rio\" \/>\n<meta property=\"article:published_time\" content=\"2020-02-02T13:11:00+00:00\" \/>\n<meta property=\"article:modified_time\" content=\"2020-02-10T13:38:03+00:00\" \/>\n<meta property=\"og:image\" content=\"https:\/\/www.sinpro-rio.org.br\/principal\/wp-content\/uploads\/2020\/01\/Captura-de-tela_2020-01-03_09-54-38.png\" \/>\n\t<meta property=\"og:image:width\" content=\"802\" \/>\n\t<meta property=\"og:image:height\" content=\"412\" \/>\n\t<meta property=\"og:image:type\" content=\"image\/png\" \/>\n<meta name=\"author\" content=\"Rafael\" \/>\n<meta name=\"twitter:card\" content=\"summary_large_image\" \/>\n<meta name=\"twitter:label1\" content=\"Escrito por\" \/>\n\t<meta name=\"twitter:data1\" content=\"Rafael\" \/>\n\t<meta name=\"twitter:label2\" content=\"Est. tempo de leitura\" \/>\n\t<meta name=\"twitter:data2\" content=\"1 minuto\" \/>\n<script type=\"application\/ld+json\" class=\"yoast-schema-graph\">{\"@context\":\"https:\/\/schema.org\",\"@graph\":[{\"@type\":\"WebPage\",\"@id\":\"https:\/\/www.sinpro-rio.org.br\/principal\/curso-de-extensao-masculinidades-dialogos-contemporaneos-sobre-homens-raca-classe-e-sexualidade\/\",\"url\":\"https:\/\/www.sinpro-rio.org.br\/principal\/curso-de-extensao-masculinidades-dialogos-contemporaneos-sobre-homens-raca-classe-e-sexualidade\/\",\"name\":\"CURSO DE EXTENS\u00c3O - MASCULINIDADES - DI\u00c1LOGOS CONTEMPOR\u00c2NEOS SOBRE HOMENS, RA\u00c7A, CLASSE E SEXUALIDADE - Sinpro-Rio\",\"isPartOf\":{\"@id\":\"https:\/\/www.sinpro-rio.org.br\/principal\/#website\"},\"primaryImageOfPage\":{\"@id\":\"https:\/\/www.sinpro-rio.org.br\/principal\/curso-de-extensao-masculinidades-dialogos-contemporaneos-sobre-homens-raca-classe-e-sexualidade\/#primaryimage\"},\"image\":{\"@id\":\"https:\/\/www.sinpro-rio.org.br\/principal\/curso-de-extensao-masculinidades-dialogos-contemporaneos-sobre-homens-raca-classe-e-sexualidade\/#primaryimage\"},\"thumbnailUrl\":\"https:\/\/www.sinpro-rio.org.br\/principal\/wp-content\/uploads\/2020\/01\/Captura-de-tela_2020-01-03_09-54-38.png\",\"datePublished\":\"2020-02-02T13:11:00+00:00\",\"dateModified\":\"2020-02-10T13:38:03+00:00\",\"author\":{\"@id\":\"https:\/\/www.sinpro-rio.org.br\/principal\/#\/schema\/person\/513f6c0d98c231ae05be0b1f852773b1\"},\"breadcrumb\":{\"@id\":\"https:\/\/www.sinpro-rio.org.br\/principal\/curso-de-extensao-masculinidades-dialogos-contemporaneos-sobre-homens-raca-classe-e-sexualidade\/#breadcrumb\"},\"inLanguage\":\"pt-BR\",\"potentialAction\":[{\"@type\":\"ReadAction\",\"target\":[\"https:\/\/www.sinpro-rio.org.br\/principal\/curso-de-extensao-masculinidades-dialogos-contemporaneos-sobre-homens-raca-classe-e-sexualidade\/\"]}]},{\"@type\":\"ImageObject\",\"inLanguage\":\"pt-BR\",\"@id\":\"https:\/\/www.sinpro-rio.org.br\/principal\/curso-de-extensao-masculinidades-dialogos-contemporaneos-sobre-homens-raca-classe-e-sexualidade\/#primaryimage\",\"url\":\"https:\/\/www.sinpro-rio.org.br\/principal\/wp-content\/uploads\/2020\/01\/Captura-de-tela_2020-01-03_09-54-38.png\",\"contentUrl\":\"https:\/\/www.sinpro-rio.org.br\/principal\/wp-content\/uploads\/2020\/01\/Captura-de-tela_2020-01-03_09-54-38.png\",\"width\":802,\"height\":412},{\"@type\":\"BreadcrumbList\",\"@id\":\"https:\/\/www.sinpro-rio.org.br\/principal\/curso-de-extensao-masculinidades-dialogos-contemporaneos-sobre-homens-raca-classe-e-sexualidade\/#breadcrumb\",\"itemListElement\":[{\"@type\":\"ListItem\",\"position\":1,\"name\":\"In\u00edcio\",\"item\":\"https:\/\/www.sinpro-rio.org.br\/principal\/\"},{\"@type\":\"ListItem\",\"position\":2,\"name\":\"CURSO DE EXTENS\u00c3O &#8211; MASCULINIDADES &#8211; DI\u00c1LOGOS CONTEMPOR\u00c2NEOS SOBRE HOMENS, RA\u00c7A, CLASSE E SEXUALIDADE\"}]},{\"@type\":\"WebSite\",\"@id\":\"https:\/\/www.sinpro-rio.org.br\/principal\/#website\",\"url\":\"https:\/\/www.sinpro-rio.org.br\/principal\/\",\"name\":\"Sinpro-Rio\",\"description\":\"Sindicato dos Professores do Munic\u00edpio do Rio de Janeiro e Regi\u00e3o\",\"potentialAction\":[{\"@type\":\"SearchAction\",\"target\":{\"@type\":\"EntryPoint\",\"urlTemplate\":\"https:\/\/www.sinpro-rio.org.br\/principal\/?s={search_term_string}\"},\"query-input\":{\"@type\":\"PropertyValueSpecification\",\"valueRequired\":true,\"valueName\":\"search_term_string\"}}],\"inLanguage\":\"pt-BR\"},{\"@type\":\"Person\",\"@id\":\"https:\/\/www.sinpro-rio.org.br\/principal\/#\/schema\/person\/513f6c0d98c231ae05be0b1f852773b1\",\"name\":\"Rafael\",\"image\":{\"@type\":\"ImageObject\",\"inLanguage\":\"pt-BR\",\"@id\":\"https:\/\/www.sinpro-rio.org.br\/principal\/#\/schema\/person\/image\/\",\"url\":\"https:\/\/secure.gravatar.com\/avatar\/89b386dfdde3072f65f7acadfe00f325?s=96&d=mm&r=g\",\"contentUrl\":\"https:\/\/secure.gravatar.com\/avatar\/89b386dfdde3072f65f7acadfe00f325?s=96&d=mm&r=g\",\"caption\":\"Rafael\"},\"url\":\"https:\/\/www.sinpro-rio.org.br\/principal\/author\/rafael\/\"}]}<\/script>\n<!-- \/ Yoast SEO plugin. -->","yoast_head_json":{"title":"CURSO DE EXTENS\u00c3O - MASCULINIDADES - DI\u00c1LOGOS CONTEMPOR\u00c2NEOS SOBRE HOMENS, RA\u00c7A, CLASSE E SEXUALIDADE - Sinpro-Rio","robots":{"index":"index","follow":"follow","max-snippet":"max-snippet:-1","max-image-preview":"max-image-preview:large","max-video-preview":"max-video-preview:-1"},"canonical":"https:\/\/www.sinpro-rio.org.br\/principal\/curso-de-extensao-masculinidades-dialogos-contemporaneos-sobre-homens-raca-classe-e-sexualidade\/","og_locale":"pt_BR","og_type":"article","og_title":"CURSO DE EXTENS\u00c3O - MASCULINIDADES - DI\u00c1LOGOS CONTEMPOR\u00c2NEOS SOBRE HOMENS, RA\u00c7A, CLASSE E SEXUALIDADE - Sinpro-Rio","og_description":"Parceria ELAHP S\u00e1bados, 23 de maio a 20 de Junho, das 9 \u00e0s 13h, na Sede-Centro Carga hor\u00e1ria: 20 Incri\u00e7\u00f5es pelo site: www.elahp.com.br Valor: R$ 50,00 Aulas avulsas:R$ 20,00 Ementa Os Movimentos Feminista, Gay e Negro nos anos \u201960 e \u201870 come\u00e7aram a questionar e problematizar a hegemonia da masculinidade branca heterossexual nas suas discuss\u00f5es [&hellip;]","og_url":"https:\/\/www.sinpro-rio.org.br\/principal\/curso-de-extensao-masculinidades-dialogos-contemporaneos-sobre-homens-raca-classe-e-sexualidade\/","og_site_name":"Sinpro-Rio","article_published_time":"2020-02-02T13:11:00+00:00","article_modified_time":"2020-02-10T13:38:03+00:00","og_image":[{"width":802,"height":412,"url":"https:\/\/www.sinpro-rio.org.br\/principal\/wp-content\/uploads\/2020\/01\/Captura-de-tela_2020-01-03_09-54-38.png","type":"image\/png"}],"author":"Rafael","twitter_card":"summary_large_image","twitter_misc":{"Escrito por":"Rafael","Est. tempo de leitura":"1 minuto"},"schema":{"@context":"https:\/\/schema.org","@graph":[{"@type":"WebPage","@id":"https:\/\/www.sinpro-rio.org.br\/principal\/curso-de-extensao-masculinidades-dialogos-contemporaneos-sobre-homens-raca-classe-e-sexualidade\/","url":"https:\/\/www.sinpro-rio.org.br\/principal\/curso-de-extensao-masculinidades-dialogos-contemporaneos-sobre-homens-raca-classe-e-sexualidade\/","name":"CURSO DE EXTENS\u00c3O - MASCULINIDADES - DI\u00c1LOGOS CONTEMPOR\u00c2NEOS SOBRE HOMENS, RA\u00c7A, CLASSE E SEXUALIDADE - Sinpro-Rio","isPartOf":{"@id":"https:\/\/www.sinpro-rio.org.br\/principal\/#website"},"primaryImageOfPage":{"@id":"https:\/\/www.sinpro-rio.org.br\/principal\/curso-de-extensao-masculinidades-dialogos-contemporaneos-sobre-homens-raca-classe-e-sexualidade\/#primaryimage"},"image":{"@id":"https:\/\/www.sinpro-rio.org.br\/principal\/curso-de-extensao-masculinidades-dialogos-contemporaneos-sobre-homens-raca-classe-e-sexualidade\/#primaryimage"},"thumbnailUrl":"https:\/\/www.sinpro-rio.org.br\/principal\/wp-content\/uploads\/2020\/01\/Captura-de-tela_2020-01-03_09-54-38.png","datePublished":"2020-02-02T13:11:00+00:00","dateModified":"2020-02-10T13:38:03+00:00","author":{"@id":"https:\/\/www.sinpro-rio.org.br\/principal\/#\/schema\/person\/513f6c0d98c231ae05be0b1f852773b1"},"breadcrumb":{"@id":"https:\/\/www.sinpro-rio.org.br\/principal\/curso-de-extensao-masculinidades-dialogos-contemporaneos-sobre-homens-raca-classe-e-sexualidade\/#breadcrumb"},"inLanguage":"pt-BR","potentialAction":[{"@type":"ReadAction","target":["https:\/\/www.sinpro-rio.org.br\/principal\/curso-de-extensao-masculinidades-dialogos-contemporaneos-sobre-homens-raca-classe-e-sexualidade\/"]}]},{"@type":"ImageObject","inLanguage":"pt-BR","@id":"https:\/\/www.sinpro-rio.org.br\/principal\/curso-de-extensao-masculinidades-dialogos-contemporaneos-sobre-homens-raca-classe-e-sexualidade\/#primaryimage","url":"https:\/\/www.sinpro-rio.org.br\/principal\/wp-content\/uploads\/2020\/01\/Captura-de-tela_2020-01-03_09-54-38.png","contentUrl":"https:\/\/www.sinpro-rio.org.br\/principal\/wp-content\/uploads\/2020\/01\/Captura-de-tela_2020-01-03_09-54-38.png","width":802,"height":412},{"@type":"BreadcrumbList","@id":"https:\/\/www.sinpro-rio.org.br\/principal\/curso-de-extensao-masculinidades-dialogos-contemporaneos-sobre-homens-raca-classe-e-sexualidade\/#breadcrumb","itemListElement":[{"@type":"ListItem","position":1,"name":"In\u00edcio","item":"https:\/\/www.sinpro-rio.org.br\/principal\/"},{"@type":"ListItem","position":2,"name":"CURSO DE EXTENS\u00c3O &#8211; MASCULINIDADES &#8211; DI\u00c1LOGOS CONTEMPOR\u00c2NEOS SOBRE HOMENS, RA\u00c7A, CLASSE E SEXUALIDADE"}]},{"@type":"WebSite","@id":"https:\/\/www.sinpro-rio.org.br\/principal\/#website","url":"https:\/\/www.sinpro-rio.org.br\/principal\/","name":"Sinpro-Rio","description":"Sindicato dos Professores do Munic\u00edpio do Rio de Janeiro e Regi\u00e3o","potentialAction":[{"@type":"SearchAction","target":{"@type":"EntryPoint","urlTemplate":"https:\/\/www.sinpro-rio.org.br\/principal\/?s={search_term_string}"},"query-input":{"@type":"PropertyValueSpecification","valueRequired":true,"valueName":"search_term_string"}}],"inLanguage":"pt-BR"},{"@type":"Person","@id":"https:\/\/www.sinpro-rio.org.br\/principal\/#\/schema\/person\/513f6c0d98c231ae05be0b1f852773b1","name":"Rafael","image":{"@type":"ImageObject","inLanguage":"pt-BR","@id":"https:\/\/www.sinpro-rio.org.br\/principal\/#\/schema\/person\/image\/","url":"https:\/\/secure.gravatar.com\/avatar\/89b386dfdde3072f65f7acadfe00f325?s=96&d=mm&r=g","contentUrl":"https:\/\/secure.gravatar.com\/avatar\/89b386dfdde3072f65f7acadfe00f325?s=96&d=mm&r=g","caption":"Rafael"},"url":"https:\/\/www.sinpro-rio.org.br\/principal\/author\/rafael\/"}]}},"_links":{"self":[{"href":"https:\/\/www.sinpro-rio.org.br\/principal\/wp-json\/wp\/v2\/posts\/27357","targetHints":{"allow":["GET"]}}],"collection":[{"href":"https:\/\/www.sinpro-rio.org.br\/principal\/wp-json\/wp\/v2\/posts"}],"about":[{"href":"https:\/\/www.sinpro-rio.org.br\/principal\/wp-json\/wp\/v2\/types\/post"}],"author":[{"embeddable":true,"href":"https:\/\/www.sinpro-rio.org.br\/principal\/wp-json\/wp\/v2\/users\/8"}],"replies":[{"embeddable":true,"href":"https:\/\/www.sinpro-rio.org.br\/principal\/wp-json\/wp\/v2\/comments?post=27357"}],"version-history":[{"count":1,"href":"https:\/\/www.sinpro-rio.org.br\/principal\/wp-json\/wp\/v2\/posts\/27357\/revisions"}],"predecessor-version":[{"id":27359,"href":"https:\/\/www.sinpro-rio.org.br\/principal\/wp-json\/wp\/v2\/posts\/27357\/revisions\/27359"}],"wp:featuredmedia":[{"embeddable":true,"href":"https:\/\/www.sinpro-rio.org.br\/principal\/wp-json\/wp\/v2\/media\/27221"}],"wp:attachment":[{"href":"https:\/\/www.sinpro-rio.org.br\/principal\/wp-json\/wp\/v2\/media?parent=27357"}],"wp:term":[{"taxonomy":"category","embeddable":true,"href":"https:\/\/www.sinpro-rio.org.br\/principal\/wp-json\/wp\/v2\/categories?post=27357"},{"taxonomy":"post_tag","embeddable":true,"href":"https:\/\/www.sinpro-rio.org.br\/principal\/wp-json\/wp\/v2\/tags?post=27357"}],"curies":[{"name":"wp","href":"https:\/\/api.w.org\/{rel}","templated":true}]}}