{"id":27349,"date":"2020-02-07T10:40:00","date_gmt":"2020-02-07T13:40:00","guid":{"rendered":"https:\/\/sinpro-rio.org.br\/principal\/?p=27349"},"modified":"2020-02-10T10:22:06","modified_gmt":"2020-02-10T13:22:06","slug":"curso-de-frances-conversacao-le-plaisir-de-parler","status":"publish","type":"post","link":"https:\/\/www.sinpro-rio.org.br\/principal\/curso-de-frances-conversacao-le-plaisir-de-parler\/","title":{"rendered":"Curso de Franc\u00eas Conversa\u00e7\u00e3o &#8211; \u201cLe plaisir de parler\u201d"},"content":{"rendered":"\n<p><strong>Objetivo:<\/strong> Motivar a aprendizagem da l\u00edngua francesa em situa\u00e7\u00f5es do cotidiano e l\u00fadicas.<\/p>\n\n\n\n<p><strong>Ter\u00e7as-feiras, de 10 de mar\u00e7o a 23 de junho<\/strong><\/p>\n\n\n\n<p>Turma C \u2013 Intermedi\u00e1rio \u2013 das 10h\u00e0s 12h<\/p>\n\n\n\n<p>Turma A \u2013 Intermedi\u00e1rio\u2013 das 13h30 \u00e0s 15h30<\/p>\n\n\n\n<p>Turma B \u2013 Avan\u00e7ado \u2013 das 15h30 \u00e0s 17h30<\/p>\n\n\n\n<p><strong>Sextas-feiras,<\/strong> <strong>de 6 de mar\u00e7o a  10 de julho<\/strong><\/p>\n\n\n\n<p> Turma F \u2013 Avan\u00e7ado \u2013 das 10h \u00e0s 12h<\/p>\n\n\n\n<p> Turma G \u2013 Avan\u00e7ado \u2013 das 13h30 \u00e0s 15h30 (turma de teatro)<\/p>\n\n\n\n<p> <strong>Ana Sylvia Fernandes<\/strong> &#8211; Formada pela <em>Alliance Fran\u00e7aise<\/em> de Paris, graduada em Literatura Francesa pela Sorbonne.<\/p>\n\n\n\n<figure class=\"wp-block-image size-large\"><img fetchpriority=\"high\" decoding=\"async\" width=\"1024\" height=\"576\" src=\"https:\/\/sinpro-rio.org.br\/principal\/wp-content\/uploads\/2020\/02\/frances-1-1024x576-1.jpg\" alt=\"\" class=\"wp-image-27350\" srcset=\"https:\/\/www.sinpro-rio.org.br\/principal\/wp-content\/uploads\/2020\/02\/frances-1-1024x576-1.jpg 1024w, https:\/\/www.sinpro-rio.org.br\/principal\/wp-content\/uploads\/2020\/02\/frances-1-1024x576-1-533x300.jpg 533w, https:\/\/www.sinpro-rio.org.br\/principal\/wp-content\/uploads\/2020\/02\/frances-1-1024x576-1-178x100.jpg 178w, https:\/\/www.sinpro-rio.org.br\/principal\/wp-content\/uploads\/2020\/02\/frances-1-1024x576-1-768x432.jpg 768w\" sizes=\"(max-width: 1024px) 100vw, 1024px\" \/><\/figure>\n","protected":false},"excerpt":{"rendered":"<p>Ter\u00e7as-feiras, de 10 de mar\u00e7o a 23 de junho<br \/>\nSextas-feiras, de 6 de mar\u00e7o a  10 de julho<br \/>\nLocal: Sede-Centro<br \/>\nA partir de R$ 375,00 por semestre <\/p>\n","protected":false},"author":8,"featured_media":27353,"comment_status":"closed","ping_status":"closed","sticky":false,"template":"","format":"standard","meta":{"footnotes":""},"categories":[454,446,34],"tags":[],"class_list":["post-27349","post","type-post","status-publish","format-standard","has-post-thumbnail","hentry","category-curso-de-linguas","category-cursos","category-escola-do-professor"],"yoast_head":"<!-- This site is optimized with the Yoast SEO plugin v25.7 - https:\/\/yoast.com\/wordpress\/plugins\/seo\/ -->\n<title>Curso de Franc\u00eas Conversa\u00e7\u00e3o - \u201cLe plaisir de parler\u201d - Sinpro-Rio<\/title>\n<meta name=\"robots\" content=\"index, follow, max-snippet:-1, max-image-preview:large, max-video-preview:-1\" \/>\n<link rel=\"canonical\" href=\"https:\/\/www.sinpro-rio.org.br\/principal\/curso-de-frances-conversacao-le-plaisir-de-parler\/\" \/>\n<meta property=\"og:locale\" content=\"pt_BR\" \/>\n<meta property=\"og:type\" content=\"article\" \/>\n<meta property=\"og:title\" content=\"Curso de Franc\u00eas Conversa\u00e7\u00e3o - \u201cLe plaisir de parler\u201d - Sinpro-Rio\" \/>\n<meta property=\"og:description\" content=\"Ter\u00e7as-feiras, de 10 de mar\u00e7o a 23 de junho Sextas-feiras, de 6 de mar\u00e7o a 10 de julho Local: Sede-Centro A partir de R$ 375,00 por semestre\" \/>\n<meta property=\"og:url\" content=\"https:\/\/www.sinpro-rio.org.br\/principal\/curso-de-frances-conversacao-le-plaisir-de-parler\/\" \/>\n<meta property=\"og:site_name\" content=\"Sinpro-Rio\" \/>\n<meta property=\"article:published_time\" content=\"2020-02-07T13:40:00+00:00\" \/>\n<meta property=\"article:modified_time\" content=\"2020-02-10T13:22:06+00:00\" \/>\n<meta property=\"og:image\" content=\"https:\/\/www.sinpro-rio.org.br\/principal\/wp-content\/uploads\/2020\/02\/france-flag.jpg\" \/>\n\t<meta property=\"og:image:width\" content=\"600\" \/>\n\t<meta property=\"og:image:height\" content=\"337\" \/>\n\t<meta property=\"og:image:type\" content=\"image\/jpeg\" \/>\n<meta name=\"author\" content=\"Rafael\" \/>\n<meta name=\"twitter:card\" content=\"summary_large_image\" \/>\n<meta name=\"twitter:label1\" content=\"Escrito por\" \/>\n\t<meta name=\"twitter:data1\" content=\"Rafael\" \/>\n<script type=\"application\/ld+json\" class=\"yoast-schema-graph\">{\"@context\":\"https:\/\/schema.org\",\"@graph\":[{\"@type\":\"WebPage\",\"@id\":\"https:\/\/www.sinpro-rio.org.br\/principal\/curso-de-frances-conversacao-le-plaisir-de-parler\/\",\"url\":\"https:\/\/www.sinpro-rio.org.br\/principal\/curso-de-frances-conversacao-le-plaisir-de-parler\/\",\"name\":\"Curso de Franc\u00eas Conversa\u00e7\u00e3o - \u201cLe plaisir de parler\u201d - Sinpro-Rio\",\"isPartOf\":{\"@id\":\"https:\/\/www.sinpro-rio.org.br\/principal\/#website\"},\"primaryImageOfPage\":{\"@id\":\"https:\/\/www.sinpro-rio.org.br\/principal\/curso-de-frances-conversacao-le-plaisir-de-parler\/#primaryimage\"},\"image\":{\"@id\":\"https:\/\/www.sinpro-rio.org.br\/principal\/curso-de-frances-conversacao-le-plaisir-de-parler\/#primaryimage\"},\"thumbnailUrl\":\"https:\/\/www.sinpro-rio.org.br\/principal\/wp-content\/uploads\/2020\/02\/france-flag.jpg\",\"datePublished\":\"2020-02-07T13:40:00+00:00\",\"dateModified\":\"2020-02-10T13:22:06+00:00\",\"author\":{\"@id\":\"https:\/\/www.sinpro-rio.org.br\/principal\/#\/schema\/person\/513f6c0d98c231ae05be0b1f852773b1\"},\"breadcrumb\":{\"@id\":\"https:\/\/www.sinpro-rio.org.br\/principal\/curso-de-frances-conversacao-le-plaisir-de-parler\/#breadcrumb\"},\"inLanguage\":\"pt-BR\",\"potentialAction\":[{\"@type\":\"ReadAction\",\"target\":[\"https:\/\/www.sinpro-rio.org.br\/principal\/curso-de-frances-conversacao-le-plaisir-de-parler\/\"]}]},{\"@type\":\"ImageObject\",\"inLanguage\":\"pt-BR\",\"@id\":\"https:\/\/www.sinpro-rio.org.br\/principal\/curso-de-frances-conversacao-le-plaisir-de-parler\/#primaryimage\",\"url\":\"https:\/\/www.sinpro-rio.org.br\/principal\/wp-content\/uploads\/2020\/02\/france-flag.jpg\",\"contentUrl\":\"https:\/\/www.sinpro-rio.org.br\/principal\/wp-content\/uploads\/2020\/02\/france-flag.jpg\",\"width\":600,\"height\":337},{\"@type\":\"BreadcrumbList\",\"@id\":\"https:\/\/www.sinpro-rio.org.br\/principal\/curso-de-frances-conversacao-le-plaisir-de-parler\/#breadcrumb\",\"itemListElement\":[{\"@type\":\"ListItem\",\"position\":1,\"name\":\"In\u00edcio\",\"item\":\"https:\/\/www.sinpro-rio.org.br\/principal\/\"},{\"@type\":\"ListItem\",\"position\":2,\"name\":\"Curso de Franc\u00eas Conversa\u00e7\u00e3o &#8211; \u201cLe plaisir de parler\u201d\"}]},{\"@type\":\"WebSite\",\"@id\":\"https:\/\/www.sinpro-rio.org.br\/principal\/#website\",\"url\":\"https:\/\/www.sinpro-rio.org.br\/principal\/\",\"name\":\"Sinpro-Rio\",\"description\":\"Sindicato dos Professores do Munic\u00edpio do Rio de Janeiro e Regi\u00e3o\",\"potentialAction\":[{\"@type\":\"SearchAction\",\"target\":{\"@type\":\"EntryPoint\",\"urlTemplate\":\"https:\/\/www.sinpro-rio.org.br\/principal\/?s={search_term_string}\"},\"query-input\":{\"@type\":\"PropertyValueSpecification\",\"valueRequired\":true,\"valueName\":\"search_term_string\"}}],\"inLanguage\":\"pt-BR\"},{\"@type\":\"Person\",\"@id\":\"https:\/\/www.sinpro-rio.org.br\/principal\/#\/schema\/person\/513f6c0d98c231ae05be0b1f852773b1\",\"name\":\"Rafael\",\"image\":{\"@type\":\"ImageObject\",\"inLanguage\":\"pt-BR\",\"@id\":\"https:\/\/www.sinpro-rio.org.br\/principal\/#\/schema\/person\/image\/\",\"url\":\"https:\/\/secure.gravatar.com\/avatar\/89b386dfdde3072f65f7acadfe00f325?s=96&d=mm&r=g\",\"contentUrl\":\"https:\/\/secure.gravatar.com\/avatar\/89b386dfdde3072f65f7acadfe00f325?s=96&d=mm&r=g\",\"caption\":\"Rafael\"},\"url\":\"https:\/\/www.sinpro-rio.org.br\/principal\/author\/rafael\/\"}]}<\/script>\n<!-- \/ Yoast SEO plugin. -->","yoast_head_json":{"title":"Curso de Franc\u00eas Conversa\u00e7\u00e3o - \u201cLe plaisir de parler\u201d - Sinpro-Rio","robots":{"index":"index","follow":"follow","max-snippet":"max-snippet:-1","max-image-preview":"max-image-preview:large","max-video-preview":"max-video-preview:-1"},"canonical":"https:\/\/www.sinpro-rio.org.br\/principal\/curso-de-frances-conversacao-le-plaisir-de-parler\/","og_locale":"pt_BR","og_type":"article","og_title":"Curso de Franc\u00eas Conversa\u00e7\u00e3o - \u201cLe plaisir de parler\u201d - Sinpro-Rio","og_description":"Ter\u00e7as-feiras, de 10 de mar\u00e7o a 23 de junho Sextas-feiras, de 6 de mar\u00e7o a 10 de julho Local: Sede-Centro A partir de R$ 375,00 por semestre","og_url":"https:\/\/www.sinpro-rio.org.br\/principal\/curso-de-frances-conversacao-le-plaisir-de-parler\/","og_site_name":"Sinpro-Rio","article_published_time":"2020-02-07T13:40:00+00:00","article_modified_time":"2020-02-10T13:22:06+00:00","og_image":[{"width":600,"height":337,"url":"https:\/\/www.sinpro-rio.org.br\/principal\/wp-content\/uploads\/2020\/02\/france-flag.jpg","type":"image\/jpeg"}],"author":"Rafael","twitter_card":"summary_large_image","twitter_misc":{"Escrito por":"Rafael"},"schema":{"@context":"https:\/\/schema.org","@graph":[{"@type":"WebPage","@id":"https:\/\/www.sinpro-rio.org.br\/principal\/curso-de-frances-conversacao-le-plaisir-de-parler\/","url":"https:\/\/www.sinpro-rio.org.br\/principal\/curso-de-frances-conversacao-le-plaisir-de-parler\/","name":"Curso de Franc\u00eas Conversa\u00e7\u00e3o - \u201cLe plaisir de parler\u201d - Sinpro-Rio","isPartOf":{"@id":"https:\/\/www.sinpro-rio.org.br\/principal\/#website"},"primaryImageOfPage":{"@id":"https:\/\/www.sinpro-rio.org.br\/principal\/curso-de-frances-conversacao-le-plaisir-de-parler\/#primaryimage"},"image":{"@id":"https:\/\/www.sinpro-rio.org.br\/principal\/curso-de-frances-conversacao-le-plaisir-de-parler\/#primaryimage"},"thumbnailUrl":"https:\/\/www.sinpro-rio.org.br\/principal\/wp-content\/uploads\/2020\/02\/france-flag.jpg","datePublished":"2020-02-07T13:40:00+00:00","dateModified":"2020-02-10T13:22:06+00:00","author":{"@id":"https:\/\/www.sinpro-rio.org.br\/principal\/#\/schema\/person\/513f6c0d98c231ae05be0b1f852773b1"},"breadcrumb":{"@id":"https:\/\/www.sinpro-rio.org.br\/principal\/curso-de-frances-conversacao-le-plaisir-de-parler\/#breadcrumb"},"inLanguage":"pt-BR","potentialAction":[{"@type":"ReadAction","target":["https:\/\/www.sinpro-rio.org.br\/principal\/curso-de-frances-conversacao-le-plaisir-de-parler\/"]}]},{"@type":"ImageObject","inLanguage":"pt-BR","@id":"https:\/\/www.sinpro-rio.org.br\/principal\/curso-de-frances-conversacao-le-plaisir-de-parler\/#primaryimage","url":"https:\/\/www.sinpro-rio.org.br\/principal\/wp-content\/uploads\/2020\/02\/france-flag.jpg","contentUrl":"https:\/\/www.sinpro-rio.org.br\/principal\/wp-content\/uploads\/2020\/02\/france-flag.jpg","width":600,"height":337},{"@type":"BreadcrumbList","@id":"https:\/\/www.sinpro-rio.org.br\/principal\/curso-de-frances-conversacao-le-plaisir-de-parler\/#breadcrumb","itemListElement":[{"@type":"ListItem","position":1,"name":"In\u00edcio","item":"https:\/\/www.sinpro-rio.org.br\/principal\/"},{"@type":"ListItem","position":2,"name":"Curso de Franc\u00eas Conversa\u00e7\u00e3o &#8211; \u201cLe plaisir de parler\u201d"}]},{"@type":"WebSite","@id":"https:\/\/www.sinpro-rio.org.br\/principal\/#website","url":"https:\/\/www.sinpro-rio.org.br\/principal\/","name":"Sinpro-Rio","description":"Sindicato dos Professores do Munic\u00edpio do Rio de Janeiro e Regi\u00e3o","potentialAction":[{"@type":"SearchAction","target":{"@type":"EntryPoint","urlTemplate":"https:\/\/www.sinpro-rio.org.br\/principal\/?s={search_term_string}"},"query-input":{"@type":"PropertyValueSpecification","valueRequired":true,"valueName":"search_term_string"}}],"inLanguage":"pt-BR"},{"@type":"Person","@id":"https:\/\/www.sinpro-rio.org.br\/principal\/#\/schema\/person\/513f6c0d98c231ae05be0b1f852773b1","name":"Rafael","image":{"@type":"ImageObject","inLanguage":"pt-BR","@id":"https:\/\/www.sinpro-rio.org.br\/principal\/#\/schema\/person\/image\/","url":"https:\/\/secure.gravatar.com\/avatar\/89b386dfdde3072f65f7acadfe00f325?s=96&d=mm&r=g","contentUrl":"https:\/\/secure.gravatar.com\/avatar\/89b386dfdde3072f65f7acadfe00f325?s=96&d=mm&r=g","caption":"Rafael"},"url":"https:\/\/www.sinpro-rio.org.br\/principal\/author\/rafael\/"}]}},"_links":{"self":[{"href":"https:\/\/www.sinpro-rio.org.br\/principal\/wp-json\/wp\/v2\/posts\/27349","targetHints":{"allow":["GET"]}}],"collection":[{"href":"https:\/\/www.sinpro-rio.org.br\/principal\/wp-json\/wp\/v2\/posts"}],"about":[{"href":"https:\/\/www.sinpro-rio.org.br\/principal\/wp-json\/wp\/v2\/types\/post"}],"author":[{"embeddable":true,"href":"https:\/\/www.sinpro-rio.org.br\/principal\/wp-json\/wp\/v2\/users\/8"}],"replies":[{"embeddable":true,"href":"https:\/\/www.sinpro-rio.org.br\/principal\/wp-json\/wp\/v2\/comments?post=27349"}],"version-history":[{"count":2,"href":"https:\/\/www.sinpro-rio.org.br\/principal\/wp-json\/wp\/v2\/posts\/27349\/revisions"}],"predecessor-version":[{"id":27356,"href":"https:\/\/www.sinpro-rio.org.br\/principal\/wp-json\/wp\/v2\/posts\/27349\/revisions\/27356"}],"wp:featuredmedia":[{"embeddable":true,"href":"https:\/\/www.sinpro-rio.org.br\/principal\/wp-json\/wp\/v2\/media\/27353"}],"wp:attachment":[{"href":"https:\/\/www.sinpro-rio.org.br\/principal\/wp-json\/wp\/v2\/media?parent=27349"}],"wp:term":[{"taxonomy":"category","embeddable":true,"href":"https:\/\/www.sinpro-rio.org.br\/principal\/wp-json\/wp\/v2\/categories?post=27349"},{"taxonomy":"post_tag","embeddable":true,"href":"https:\/\/www.sinpro-rio.org.br\/principal\/wp-json\/wp\/v2\/tags?post=27349"}],"curies":[{"name":"wp","href":"https:\/\/api.w.org\/{rel}","templated":true}]}}