{"id":27269,"date":"2020-01-03T12:28:15","date_gmt":"2020-01-03T15:28:15","guid":{"rendered":"https:\/\/sinpro-rio.org.br\/principal\/?p=27269"},"modified":"2020-02-05T11:21:12","modified_gmt":"2020-02-05T14:21:12","slug":"passeios-e-viagens","status":"publish","type":"post","link":"https:\/\/www.sinpro-rio.org.br\/principal\/passeios-e-viagens\/","title":{"rendered":"Passeios e Viagens"},"content":{"rendered":"\n<p>\n<strong>Parceria\nSindTour\/Copap<\/strong><\/p>\n\n\n\n<p>\n<strong>Passeios\ne Viagens <\/strong>\n<\/p>\n\n\n\n<p>O <strong>SindTour<\/strong> inaugura este ano de 2020 parceria com a <strong>Comiss\u00e3o de Professores Aposentados<\/strong> <strong>\u2013 COPAP <\/strong>para a realiza\u00e7\u00e3o dos passeios e viagens antes promovidos separadamente. O objetivo \u00e9 fazer dos momentos das viagens e dos passeio a oportunidade de promover encontros de culturas,  conhecimentos e divers\u00e3o entre os  professores aposentados ou n\u00e3o.<\/p>\n\n\n\n<!--more-->\n\n\n\n<p>\n<strong>ABRIL\n<\/strong>\n<\/p>\n\n\n\n<p>\n<strong>DIA\n17 \u2013 Sexta-feira<\/strong>,<strong>\n\u00e0s 9h <\/strong>\n<\/p>\n\n\n\n<p>\n<strong>Passeio\nguiado ao Jardim Bot\u00e2nico &#8211; Hist\u00f3ria e paisagismo <\/strong>\n<\/p>\n\n\n\n<p>A\nhist\u00f3ria da cria\u00e7\u00e3o do Jardim Bot\u00e2nico, sua import\u00e2ncia\nambiental, caracter\u00edsticas bot\u00e2nicas de esp\u00e9cies do arboreto\n(incluindo o cact\u00e1rio, orquid\u00e1rio e bromeli\u00e1rio) e apresenta\u00e7\u00e3o\ndos elementos paisag\u00edsticos como: pontes, p\u00e9rgolas, portais, lagos,\nfontes e outros.<\/p>\n\n\n\n<p>Guiado\npela <strong>Professora\n<\/strong><strong>Elizabeth\nHofstetter Dias<\/strong>\n(Licenciatura e mestrado em Geografia PUC\/ Forma\u00e7\u00e3o em Paisagismo.<\/p>\n\n\n\n<p><strong>Reservas:\n<\/strong>Para\ngarantir a vaga,\n\u00e9 necess\u00e1rio efetuar o pagamento at\u00e9 10 dias antes do passeio.<\/p>\n\n\n\n<p><strong>Valor:\n<\/strong>\n<\/p>\n\n\n\n<p>Associado\na partir de 60 anos R$ 60,00 \u2013 Guia, transporte e ingresso.<\/p>\n\n\n\n<p>Associado\ncom menos de 60 anos R$ 67,00 &#8211; Guia, transporte e ingresso \n<\/p>\n\n\n\n<p>N\u00e3o\nAssociado R$ 70,00 \u2013 Guia, transporte e ingresso.<\/p>\n\n\n\n<p>Pagamento\nem cart\u00e3o de cr\u00e9dito R$ 80,00 \u2013 Guia, transporte e ingresso.<\/p>\n\n\n\n<p>VAN\nSAINDO DO LARGO DO MACHADO \u00c0S 08h<\/p>\n\n\n\n<p>\nVAGAS\nLIMITADAS \u2013 Reservas\/Pagamento at\u00e9 03\/04\/2020 na Escola do\nProfessor ou Plant\u00f5es da COPAP \u2013 3262-3440 \u2013 3262-3441 \u2013\nwhatsap: 9.9662-3238\/9.669-35773.<\/p>\n\n\n\n<p>\n<strong>MAIO<\/strong><\/p>\n\n\n\n<p>\n<strong>DIA\n08 &#8211; <\/strong>SEXTA-FEIRA,\n<strong>Viagem<\/strong>\n<strong>a<\/strong>\n<strong>\nPetr\u00f3polis<\/strong>\n\n<\/p>\n\n\n\n<p>\nVisita\nao Vale do Amor \u2013 Local destinado ao di\u00e1logo religioso, medicina\nespiritual e consci\u00eancia ambiental, onde se acredita que h\u00e1 v\u00e1rios\ncaminhos para vivenciar o sagrado e onde cada espa\u00e7o \u00e9 uma\noportunidade de experimentar esses caminhos dentro da reserva da Mata\nAtl\u00e2ntica. Caf\u00e9 da manh\u00e3 e almo\u00e7o opcionais.<\/p>\n\n\n\n<p>\n<strong>SA\u00cdDA:<\/strong>\nVan saindo \u00e0s 8h da manh\u00e3 do Largo do Machado<\/p>\n\n\n\n<p>\nVAGAS\nLIMITADAS<\/p>\n\n\n\n<p>\n<strong>Inscri\u00e7\u00f5es\nnos plant\u00f5es da COPAP at\u00e9 24\/04\/2020<\/strong><\/p>\n\n\n\n<p>\n<strong>Valores:<\/strong><\/p>\n\n\n\n<p>\nAssociados:\nR$ 72,00 Transporte mais entrada no parque.<\/p>\n\n\n\n<p>\nN\u00e3o\nAssociado: R$ 77,00 Transporte mais entrada no parque.<\/p>\n\n\n\n<p>\nPagamento\nem Cart\u00e3o de Cr\u00e9dito: R$ 87,00 Transporte mais entrada no Parque.<\/p>\n\n\n\n<p>\n<strong>JUNHO<\/strong><\/p>\n\n\n\n<p>\n<strong>DIA\n05 &#8211; <\/strong>SEXTA-FEIRA,\n\u00e0s\n10h \n<\/p>\n\n\n\n<p>\n<strong>Passeio\n\u00e0 Casa do Pontal,<\/strong>\nvisitando suas exposi\u00e7\u00f5es e almo\u00e7o em Barra de Guaratiba<\/p>\n\n\n\n<p>\nSa\u00edda:\nVan saindo \u00e0s 9h da manh\u00e3 do Largo do Machado<\/p>\n\n\n\n<p>\nVAGAS\nLIMITADAS \u2013 Reservas at\u00e9 22\/05\/2020 nos plant\u00f5es da COPAP<\/p>\n\n\n\n<p>\n<strong>Valores:<\/strong><\/p>\n\n\n\n<p>\nAssociados:\nR$ 50,00 Ingresso do Museu e Transporte \n<\/p>\n\n\n\n<p>\nN\u00e3o\ns\u00f3cio: R$ 55,00 Ingresso do Museu e Transporte<\/p>\n\n\n\n<p>\nPagamento\nno cart\u00e3o de cr\u00e9dito: R$ 65,00 Ingresso do Museu e Transporte<\/p>\n\n\n\n<p>\n<strong>DIA\n26 \u2013 <\/strong>SEXTA-FEIRA\n\u2013 <strong>Festa\nJunina em Cantagalo\/RJ<\/strong><\/p>\n\n\n\n<p>\n<strong>Sa\u00edda<\/strong>:\n26 de junho \u00e0 9h &#8211;  COPAP (Sinpro-Rio)<\/p>\n\n\n\n<p>\n<strong>Retorno:\n<\/strong>28\nde junho \u00e0 noite<\/p>\n\n\n\n<p>\n<strong>Hospedagem\n Hotel Fazenda da Gamela<\/strong><\/p>\n\n\n\n<p>\nViagem em luxuoso \u00d4nibus de Turismo com\npoltronas reclin\u00e1veis, ar refrigerado, televis\u00e3o, v\u00eddeo, suspens\u00e3o\na ar, toalete a bordo, servi\u00e7o de bordo, Guia acompanhante etc.<\/p>\n\n\n\n<p>O\nHotel oferece: Aptos confort\u00e1veis, duplos, triplos e qu\u00e1druplos,\ncom frigobar, banheiro privativo, ventilador de teto e TV. \n<\/p>\n\n\n\n<p>\nRefei\u00e7\u00f5es\nInclu\u00eddas:\tPens\u00e3o Completa<\/p>\n\n\n\n<p>\nSexta &#8211;\nJantar de boas vindas<\/p>\n\n\n\n<p>\nS\u00e1bado\t &#8211;\nCaf\u00e9 da Manh\u00e3, Almo\u00e7o e Jantar com Festa de S\u00e3o Jo\u00e3o.<\/p>\n\n\n\n<p>\nDomingo &#8211;\nCaf\u00e9 da Manh\u00e3 e Almo\u00e7o<\/p>\n\n\n\n<p>No\nhotel teremos: Recreadores, piscina ao ar livre e piscina t\u00e9rmica,\nsauna, imensa \u00e1rea verde, restaurante, bar, caminhadas, cavalgadas,\ncharretes, carro de boi, pescaria, quadras de t\u00eanis, campo de\nfutebol, quadra de v\u00f4lei, sal\u00f5es de jogos com sinuca, tot\u00f3,\npingue-pongue, jogo de dardos, carteado, xadrez e gam\u00e3o. \n<\/p>\n\n\n\n<p>Esportes\nradicais:\nRapel; cabo a\u00e9reo; muro de escalada; corrida de orienta\u00e7\u00e3o;\nskyboia; arco e flexa  (opcionais). \n<\/p>\n\n\n\n<p>\nNo S\u00e1bado \u00e0 noite acontece a  Festa Junina\ncom muita anima\u00e7\u00e3o, barracas, quadrilha, comidas e bebidas t\u00edpicas.\nVoc\u00ea\nter\u00e1 um final de semana  inesquec\u00edvel.<\/p>\n\n\n\n<p><strong>PRE\u00c7OS\n&#8211; CONDI\u00c7\u00d5ES DE RESERVA E PAGAMENTO EM 8 PARCELAS\t<\/strong><\/p>\n\n\n\n<p><strong>Adultos<\/strong>\n&#8211; Apto Duplo \u2014\n1\nx R$ 230,00 + 7x R$ 210,00  \u2014\nTotal  R$  1.700,00<\/p>\n\n\n\n<p>Apto\nTpl\/Qdp\t\u2014\n1\nx R$ 225,00 + 7x R$ 185,00   \u2014\nTotal\nR$ 1.520,00<\/p>\n\n\n\n<p>\n<strong>Crian\u00e7as<\/strong>\n \u2014\n<strong>3\na 6 anos<\/strong>\n\u2014\n1 x R$ 185,00 + 7x R$ 145,00  \u2014\nTotal R$ 1.200,00  (at\u00e9 10 anos com dois adt no apto).<\/p>\n\n\n\n<p>\n<strong>7\na 12 anos <\/strong>\u20141\nx R$ 205,00 + 7x R$ 165,00 \u2014Total\n R$  1.360,00  (at\u00e9 10 anos com dois adt no apto)<\/p>\n\n\n\n<p>\n<strong>Obaserva\u00e7\u00e3o:\n<\/strong>Associado\ndesconto de 5% = R$ 85,00 (apto Duplo) ou R$ 76,00 (apto Triplo)\n\u201cApresentando carteira de associado.\u201d \n<\/p>\n\n\n\n<p>\n<strong>1<\/strong><sup><strong>o<\/strong><\/sup><strong>\nPagto<\/strong>\n\u2013 Chq. p\/30Jan \/ <strong>2<\/strong><sup><strong>o<\/strong><\/sup><strong>\nPagto <\/strong>&#8211;\nChq. p\/29Fev \/ <strong>3<\/strong><sup><strong>o<\/strong><\/sup><strong>\nao 8\u00ba Pagto<\/strong>\n&#8211; Chq. p\/30Mar a 30Ago. \n<\/p>\n\n\n\n<p><strong>Informa\u00e7\u00f5es\ne Reservas: <\/strong>\n<\/p>\n\n\n\n<p>Dilson\u00b4s\nTour Viagens e Turismo Ltda.\n(Embratur: 19.009321.10.0001-0)<\/p>\n\n\n\n<p>Rua\nda Assembl\u00e9ia, 93 \/ 1605\n&#8211; CEP 20011-001   Centro  Rio de Janeiro  RJ<\/p>\n\n\n\n<p><strong>Fones:\n(21) 2517-0921 \/ 3185 (Fax)  \/  98105-8105<\/strong><\/p>\n\n\n\n<p><\/p>\n","protected":false},"excerpt":{"rendered":"<p>O SindTour inaugura este ano de 2020 parceria com a Comiss\u00e3o de Professores Aposentados \u2013 COPAP para a realiza\u00e7\u00e3o dos passeios e viagens antes promovidos separadamente.<\/p>\n","protected":false},"author":8,"featured_media":27221,"comment_status":"closed","ping_status":"closed","sticky":false,"template":"","format":"standard","meta":{"footnotes":""},"categories":[34,456],"tags":[],"class_list":["post-27269","post","type-post","status-publish","format-standard","has-post-thumbnail","hentry","category-escola-do-professor","category-sindtur"],"yoast_head":"<!-- This site is optimized with the Yoast SEO plugin v25.7 - https:\/\/yoast.com\/wordpress\/plugins\/seo\/ -->\n<title>Passeios e Viagens - Sinpro-Rio<\/title>\n<meta name=\"robots\" content=\"index, follow, max-snippet:-1, max-image-preview:large, max-video-preview:-1\" \/>\n<link rel=\"canonical\" href=\"https:\/\/www.sinpro-rio.org.br\/principal\/passeios-e-viagens\/\" \/>\n<meta property=\"og:locale\" content=\"pt_BR\" \/>\n<meta property=\"og:type\" content=\"article\" \/>\n<meta property=\"og:title\" content=\"Passeios e Viagens - Sinpro-Rio\" \/>\n<meta property=\"og:description\" content=\"O SindTour inaugura este ano de 2020 parceria com a Comiss\u00e3o de Professores Aposentados \u2013 COPAP para a realiza\u00e7\u00e3o dos passeios e viagens antes promovidos separadamente.\" \/>\n<meta property=\"og:url\" content=\"https:\/\/www.sinpro-rio.org.br\/principal\/passeios-e-viagens\/\" \/>\n<meta property=\"og:site_name\" content=\"Sinpro-Rio\" \/>\n<meta property=\"article:published_time\" content=\"2020-01-03T15:28:15+00:00\" \/>\n<meta property=\"article:modified_time\" content=\"2020-02-05T14:21:12+00:00\" \/>\n<meta property=\"og:image\" content=\"https:\/\/www.sinpro-rio.org.br\/principal\/wp-content\/uploads\/2020\/01\/Captura-de-tela_2020-01-03_09-54-38.png\" \/>\n\t<meta property=\"og:image:width\" content=\"802\" \/>\n\t<meta property=\"og:image:height\" content=\"412\" \/>\n\t<meta property=\"og:image:type\" content=\"image\/png\" \/>\n<meta name=\"author\" content=\"Rafael\" \/>\n<meta name=\"twitter:card\" content=\"summary_large_image\" \/>\n<meta name=\"twitter:label1\" content=\"Escrito por\" \/>\n\t<meta name=\"twitter:data1\" content=\"Rafael\" \/>\n\t<meta name=\"twitter:label2\" content=\"Est. tempo de leitura\" \/>\n\t<meta name=\"twitter:data2\" content=\"4 minutos\" \/>\n<script type=\"application\/ld+json\" class=\"yoast-schema-graph\">{\"@context\":\"https:\/\/schema.org\",\"@graph\":[{\"@type\":\"WebPage\",\"@id\":\"https:\/\/www.sinpro-rio.org.br\/principal\/passeios-e-viagens\/\",\"url\":\"https:\/\/www.sinpro-rio.org.br\/principal\/passeios-e-viagens\/\",\"name\":\"Passeios e Viagens - Sinpro-Rio\",\"isPartOf\":{\"@id\":\"https:\/\/www.sinpro-rio.org.br\/principal\/#website\"},\"primaryImageOfPage\":{\"@id\":\"https:\/\/www.sinpro-rio.org.br\/principal\/passeios-e-viagens\/#primaryimage\"},\"image\":{\"@id\":\"https:\/\/www.sinpro-rio.org.br\/principal\/passeios-e-viagens\/#primaryimage\"},\"thumbnailUrl\":\"https:\/\/www.sinpro-rio.org.br\/principal\/wp-content\/uploads\/2020\/01\/Captura-de-tela_2020-01-03_09-54-38.png\",\"datePublished\":\"2020-01-03T15:28:15+00:00\",\"dateModified\":\"2020-02-05T14:21:12+00:00\",\"author\":{\"@id\":\"https:\/\/www.sinpro-rio.org.br\/principal\/#\/schema\/person\/513f6c0d98c231ae05be0b1f852773b1\"},\"breadcrumb\":{\"@id\":\"https:\/\/www.sinpro-rio.org.br\/principal\/passeios-e-viagens\/#breadcrumb\"},\"inLanguage\":\"pt-BR\",\"potentialAction\":[{\"@type\":\"ReadAction\",\"target\":[\"https:\/\/www.sinpro-rio.org.br\/principal\/passeios-e-viagens\/\"]}]},{\"@type\":\"ImageObject\",\"inLanguage\":\"pt-BR\",\"@id\":\"https:\/\/www.sinpro-rio.org.br\/principal\/passeios-e-viagens\/#primaryimage\",\"url\":\"https:\/\/www.sinpro-rio.org.br\/principal\/wp-content\/uploads\/2020\/01\/Captura-de-tela_2020-01-03_09-54-38.png\",\"contentUrl\":\"https:\/\/www.sinpro-rio.org.br\/principal\/wp-content\/uploads\/2020\/01\/Captura-de-tela_2020-01-03_09-54-38.png\",\"width\":802,\"height\":412},{\"@type\":\"BreadcrumbList\",\"@id\":\"https:\/\/www.sinpro-rio.org.br\/principal\/passeios-e-viagens\/#breadcrumb\",\"itemListElement\":[{\"@type\":\"ListItem\",\"position\":1,\"name\":\"In\u00edcio\",\"item\":\"https:\/\/www.sinpro-rio.org.br\/principal\/\"},{\"@type\":\"ListItem\",\"position\":2,\"name\":\"Passeios e Viagens\"}]},{\"@type\":\"WebSite\",\"@id\":\"https:\/\/www.sinpro-rio.org.br\/principal\/#website\",\"url\":\"https:\/\/www.sinpro-rio.org.br\/principal\/\",\"name\":\"Sinpro-Rio\",\"description\":\"Sindicato dos Professores do Munic\u00edpio do Rio de Janeiro e Regi\u00e3o\",\"potentialAction\":[{\"@type\":\"SearchAction\",\"target\":{\"@type\":\"EntryPoint\",\"urlTemplate\":\"https:\/\/www.sinpro-rio.org.br\/principal\/?s={search_term_string}\"},\"query-input\":{\"@type\":\"PropertyValueSpecification\",\"valueRequired\":true,\"valueName\":\"search_term_string\"}}],\"inLanguage\":\"pt-BR\"},{\"@type\":\"Person\",\"@id\":\"https:\/\/www.sinpro-rio.org.br\/principal\/#\/schema\/person\/513f6c0d98c231ae05be0b1f852773b1\",\"name\":\"Rafael\",\"image\":{\"@type\":\"ImageObject\",\"inLanguage\":\"pt-BR\",\"@id\":\"https:\/\/www.sinpro-rio.org.br\/principal\/#\/schema\/person\/image\/\",\"url\":\"https:\/\/secure.gravatar.com\/avatar\/89b386dfdde3072f65f7acadfe00f325?s=96&d=mm&r=g\",\"contentUrl\":\"https:\/\/secure.gravatar.com\/avatar\/89b386dfdde3072f65f7acadfe00f325?s=96&d=mm&r=g\",\"caption\":\"Rafael\"},\"url\":\"https:\/\/www.sinpro-rio.org.br\/principal\/author\/rafael\/\"}]}<\/script>\n<!-- \/ Yoast SEO plugin. -->","yoast_head_json":{"title":"Passeios e Viagens - Sinpro-Rio","robots":{"index":"index","follow":"follow","max-snippet":"max-snippet:-1","max-image-preview":"max-image-preview:large","max-video-preview":"max-video-preview:-1"},"canonical":"https:\/\/www.sinpro-rio.org.br\/principal\/passeios-e-viagens\/","og_locale":"pt_BR","og_type":"article","og_title":"Passeios e Viagens - Sinpro-Rio","og_description":"O SindTour inaugura este ano de 2020 parceria com a Comiss\u00e3o de Professores Aposentados \u2013 COPAP para a realiza\u00e7\u00e3o dos passeios e viagens antes promovidos separadamente.","og_url":"https:\/\/www.sinpro-rio.org.br\/principal\/passeios-e-viagens\/","og_site_name":"Sinpro-Rio","article_published_time":"2020-01-03T15:28:15+00:00","article_modified_time":"2020-02-05T14:21:12+00:00","og_image":[{"width":802,"height":412,"url":"https:\/\/www.sinpro-rio.org.br\/principal\/wp-content\/uploads\/2020\/01\/Captura-de-tela_2020-01-03_09-54-38.png","type":"image\/png"}],"author":"Rafael","twitter_card":"summary_large_image","twitter_misc":{"Escrito por":"Rafael","Est. tempo de leitura":"4 minutos"},"schema":{"@context":"https:\/\/schema.org","@graph":[{"@type":"WebPage","@id":"https:\/\/www.sinpro-rio.org.br\/principal\/passeios-e-viagens\/","url":"https:\/\/www.sinpro-rio.org.br\/principal\/passeios-e-viagens\/","name":"Passeios e Viagens - Sinpro-Rio","isPartOf":{"@id":"https:\/\/www.sinpro-rio.org.br\/principal\/#website"},"primaryImageOfPage":{"@id":"https:\/\/www.sinpro-rio.org.br\/principal\/passeios-e-viagens\/#primaryimage"},"image":{"@id":"https:\/\/www.sinpro-rio.org.br\/principal\/passeios-e-viagens\/#primaryimage"},"thumbnailUrl":"https:\/\/www.sinpro-rio.org.br\/principal\/wp-content\/uploads\/2020\/01\/Captura-de-tela_2020-01-03_09-54-38.png","datePublished":"2020-01-03T15:28:15+00:00","dateModified":"2020-02-05T14:21:12+00:00","author":{"@id":"https:\/\/www.sinpro-rio.org.br\/principal\/#\/schema\/person\/513f6c0d98c231ae05be0b1f852773b1"},"breadcrumb":{"@id":"https:\/\/www.sinpro-rio.org.br\/principal\/passeios-e-viagens\/#breadcrumb"},"inLanguage":"pt-BR","potentialAction":[{"@type":"ReadAction","target":["https:\/\/www.sinpro-rio.org.br\/principal\/passeios-e-viagens\/"]}]},{"@type":"ImageObject","inLanguage":"pt-BR","@id":"https:\/\/www.sinpro-rio.org.br\/principal\/passeios-e-viagens\/#primaryimage","url":"https:\/\/www.sinpro-rio.org.br\/principal\/wp-content\/uploads\/2020\/01\/Captura-de-tela_2020-01-03_09-54-38.png","contentUrl":"https:\/\/www.sinpro-rio.org.br\/principal\/wp-content\/uploads\/2020\/01\/Captura-de-tela_2020-01-03_09-54-38.png","width":802,"height":412},{"@type":"BreadcrumbList","@id":"https:\/\/www.sinpro-rio.org.br\/principal\/passeios-e-viagens\/#breadcrumb","itemListElement":[{"@type":"ListItem","position":1,"name":"In\u00edcio","item":"https:\/\/www.sinpro-rio.org.br\/principal\/"},{"@type":"ListItem","position":2,"name":"Passeios e Viagens"}]},{"@type":"WebSite","@id":"https:\/\/www.sinpro-rio.org.br\/principal\/#website","url":"https:\/\/www.sinpro-rio.org.br\/principal\/","name":"Sinpro-Rio","description":"Sindicato dos Professores do Munic\u00edpio do Rio de Janeiro e Regi\u00e3o","potentialAction":[{"@type":"SearchAction","target":{"@type":"EntryPoint","urlTemplate":"https:\/\/www.sinpro-rio.org.br\/principal\/?s={search_term_string}"},"query-input":{"@type":"PropertyValueSpecification","valueRequired":true,"valueName":"search_term_string"}}],"inLanguage":"pt-BR"},{"@type":"Person","@id":"https:\/\/www.sinpro-rio.org.br\/principal\/#\/schema\/person\/513f6c0d98c231ae05be0b1f852773b1","name":"Rafael","image":{"@type":"ImageObject","inLanguage":"pt-BR","@id":"https:\/\/www.sinpro-rio.org.br\/principal\/#\/schema\/person\/image\/","url":"https:\/\/secure.gravatar.com\/avatar\/89b386dfdde3072f65f7acadfe00f325?s=96&d=mm&r=g","contentUrl":"https:\/\/secure.gravatar.com\/avatar\/89b386dfdde3072f65f7acadfe00f325?s=96&d=mm&r=g","caption":"Rafael"},"url":"https:\/\/www.sinpro-rio.org.br\/principal\/author\/rafael\/"}]}},"_links":{"self":[{"href":"https:\/\/www.sinpro-rio.org.br\/principal\/wp-json\/wp\/v2\/posts\/27269","targetHints":{"allow":["GET"]}}],"collection":[{"href":"https:\/\/www.sinpro-rio.org.br\/principal\/wp-json\/wp\/v2\/posts"}],"about":[{"href":"https:\/\/www.sinpro-rio.org.br\/principal\/wp-json\/wp\/v2\/types\/post"}],"author":[{"embeddable":true,"href":"https:\/\/www.sinpro-rio.org.br\/principal\/wp-json\/wp\/v2\/users\/8"}],"replies":[{"embeddable":true,"href":"https:\/\/www.sinpro-rio.org.br\/principal\/wp-json\/wp\/v2\/comments?post=27269"}],"version-history":[{"count":4,"href":"https:\/\/www.sinpro-rio.org.br\/principal\/wp-json\/wp\/v2\/posts\/27269\/revisions"}],"predecessor-version":[{"id":27309,"href":"https:\/\/www.sinpro-rio.org.br\/principal\/wp-json\/wp\/v2\/posts\/27269\/revisions\/27309"}],"wp:featuredmedia":[{"embeddable":true,"href":"https:\/\/www.sinpro-rio.org.br\/principal\/wp-json\/wp\/v2\/media\/27221"}],"wp:attachment":[{"href":"https:\/\/www.sinpro-rio.org.br\/principal\/wp-json\/wp\/v2\/media?parent=27269"}],"wp:term":[{"taxonomy":"category","embeddable":true,"href":"https:\/\/www.sinpro-rio.org.br\/principal\/wp-json\/wp\/v2\/categories?post=27269"},{"taxonomy":"post_tag","embeddable":true,"href":"https:\/\/www.sinpro-rio.org.br\/principal\/wp-json\/wp\/v2\/tags?post=27269"}],"curies":[{"name":"wp","href":"https:\/\/api.w.org\/{rel}","templated":true}]}}