{"id":27267,"date":"2020-01-03T12:29:26","date_gmt":"2020-01-03T15:29:26","guid":{"rendered":"https:\/\/sinpro-rio.org.br\/principal\/?p=27267"},"modified":"2020-02-05T11:19:31","modified_gmt":"2020-02-05T14:19:31","slug":"calendario-copap","status":"publish","type":"post","link":"https:\/\/www.sinpro-rio.org.br\/principal\/calendario-copap\/","title":{"rendered":"Calend\u00e1rio COPAP"},"content":{"rendered":"\n<p class=\"has-text-align-center\">\n<strong>COPAP<\/strong><\/p>\n\n\n\n<p class=\"has-text-align-center\">\n<strong>ATENDIMENTO\/PLANT\u00c3O<\/strong><\/p>\n\n\n\n<p>\nDe\nsegunda a sexta-feira a partir de 13h<\/p>\n\n\n\n<p>\nSubsede\nde Campo Grande \u00e0s Quarta-feiras &#8211;  das 9 \u00e0s 13h<\/p>\n\n\n\n<p>\n<strong>ATIVIDADES<\/strong><\/p>\n\n\n\n<p>\n<strong>MAR\u00c7O<\/strong><\/p>\n\n\n\n<p>\n<strong>DIA\n06 &#8211; <\/strong>SEXTA-FEIRA,\n\u00e0s 10h,na Sede Centro<\/p>\n\n\n\n<p>\nTROCANDO\nIDEIAS \u2013 RETORNO DAS ATIVIDADES \u2013 Propostas de Lutas para 2020<\/p>\n\n\n\n<p><strong>DIA\n13 &#8211; <\/strong>SEXTA-FEIRA,\n\u00e0s 10h, na Sede Centro \u2013 Palestra: ASTROLOGIA NA POL\u00cdTICA<\/p>\n\n\n\n<p>Como\ninfluencia, como se orientar, cabe a n\u00f3s seguir ou n\u00e3o o que \u201cas\nplacas indicam\u201d?<\/p>\n\n\n\n<p>Heber\nFernandes da Silva &#8211; Astr\u00f3logo, graduado em Direito pela UFRJ,\np\u00f3s-graduado em Administra\u00e7\u00e3o P\u00fablica.<\/p>\n\n\n\n<p>\n<strong>DIA\n20 &#8211; <\/strong>SEXTA-FEIRA,\n\u00e0s 10h, na Sede Centro<\/p>\n\n\n\n<p>\nCinema\ncom pipoca<\/p>\n\n\n\n<p>\n<strong>ABRIL\n<\/strong>\n<\/p>\n\n\n\n<p>\n<strong>DIA\n17 \u2013 Sexta-feira<\/strong>,<strong>\n\u00e0s 9h <\/strong>\n<\/p>\n\n\n\n<p>\n<strong>Passeio\nguiado ao Jardim Bot\u00e2nico &#8211; Hist\u00f3ria e paisagismo <\/strong>\n<\/p>\n\n\n\n<p>\nver\nna se\u00e7\u00e3o passeios e viagens<\/p>\n\n\n\n<p>\n<strong>MAIO<\/strong><\/p>\n\n\n\n<p>\n<strong>DIA\n08 &#8211; <\/strong>SEXTA-FEIRA,\n<strong>Passeio\na Petr\u00f3polis<\/strong>\n\n<\/p>\n\n\n\n<p>\nver\nna se\u00e7\u00e3o passeios e viagens<\/p>\n\n\n\n<p>\n<strong>DIA\n22 &#8211; <\/strong>SEXTA-FEIRA,\n\u00e0s 10h,\nna\nSede Centro<\/p>\n\n\n\n<p>\n<strong>Palestra\n<\/strong>&#8211;\nAS CRISES DO MUNDO MODERNO, EM ESPECIAL A CRISE \u00c9TICA.<\/p>\n\n\n\n<p>\u201cConscientizar-se\ndos valores \u00e9ticos, sem moralismo e vi\u00e9s ideol\u00f3gico, significa\ncontribuir para um mundo mais pac\u00edfico, justo e menos desigual.\u201d<\/p>\n\n\n\n<p>\n<strong>Professor\nAntonio Bonif\u00e1cio de Souza<\/strong>\n\u2013 Mestre em Educa\u00e7\u00e3o, autor de livros sobre Educa\u00e7\u00e3o e\nFilosofia.<\/p>\n\n\n\n<p>\n<strong>DIA\n29 &#8211; <\/strong>SEXTA-FEIRA,\n\u00e0s\n10h,\nna\nSede Centro<\/p>\n\n\n\n<p>\nTROCANDO\nIDEIAS<\/p>\n\n\n\n<p>\nRecebimento\ndas primeiras propostas para a programa\u00e7\u00e3o do segundo semestre de\n2020.<\/p>\n\n\n\n<p>\n<strong>JUNHO<\/strong><\/p>\n\n\n\n<p>\n<strong>DIA\n05 &#8211; <\/strong>SEXTA-FEIRA,\n\u00e0s\n10h \n<\/p>\n\n\n\n<p>\n<strong>Passeio\n\u00e0 Casa do Pontal,<\/strong>\nvisitando suas exposi\u00e7\u00f5es e almo\u00e7o em Barra de Guaratiba<\/p>\n\n\n\n<p>ver\nna se\u00e7\u00e3o passeios e viagens<\/p>\n\n\n\n<p>\n<strong>DIA\n26 \u2013 <\/strong>SEXTA-FEIRA\n\u2013<strong>\nFesta de S\u00e3o Jo\u00e3o em Cantagalo\/RJ<\/strong><\/p>\n\n\n\n<p>\nver\nna se\u00e7\u00e3o passeios e viagens<\/p>\n\n\n\n<p>\n<strong>JULHO<\/strong><\/p>\n\n\n\n<p>\n<strong>DIA\n03 &#8211; <\/strong>SEXTA-FEIRA,\n\u00e0s 10h,\nna\nSede Centro<\/p>\n\n\n\n<p>\n<strong>ANARRI\u00ca,\nl\u00e1 vem as f\u00e9rias..<\/strong>.<\/p>\n","protected":false},"excerpt":{"rendered":"<p>ATENDIMENTO\/PLANT\u00c3O<\/p>\n","protected":false},"author":8,"featured_media":27221,"comment_status":"closed","ping_status":"closed","sticky":false,"template":"","format":"standard","meta":{"footnotes":""},"categories":[34],"tags":[],"class_list":["post-27267","post","type-post","status-publish","format-standard","has-post-thumbnail","hentry","category-escola-do-professor"],"yoast_head":"<!-- This site is optimized with the Yoast SEO plugin v25.7 - https:\/\/yoast.com\/wordpress\/plugins\/seo\/ -->\n<title>Calend\u00e1rio COPAP - Sinpro-Rio<\/title>\n<meta name=\"robots\" content=\"index, follow, max-snippet:-1, max-image-preview:large, max-video-preview:-1\" \/>\n<link rel=\"canonical\" href=\"https:\/\/www.sinpro-rio.org.br\/principal\/calendario-copap\/\" \/>\n<meta property=\"og:locale\" content=\"pt_BR\" \/>\n<meta property=\"og:type\" content=\"article\" \/>\n<meta property=\"og:title\" content=\"Calend\u00e1rio COPAP - Sinpro-Rio\" \/>\n<meta property=\"og:description\" content=\"ATENDIMENTO\/PLANT\u00c3O\" \/>\n<meta property=\"og:url\" content=\"https:\/\/www.sinpro-rio.org.br\/principal\/calendario-copap\/\" \/>\n<meta property=\"og:site_name\" content=\"Sinpro-Rio\" \/>\n<meta property=\"article:published_time\" content=\"2020-01-03T15:29:26+00:00\" \/>\n<meta property=\"article:modified_time\" content=\"2020-02-05T14:19:31+00:00\" \/>\n<meta property=\"og:image\" content=\"https:\/\/www.sinpro-rio.org.br\/principal\/wp-content\/uploads\/2020\/01\/Captura-de-tela_2020-01-03_09-54-38.png\" \/>\n\t<meta property=\"og:image:width\" content=\"802\" \/>\n\t<meta property=\"og:image:height\" content=\"412\" \/>\n\t<meta property=\"og:image:type\" content=\"image\/png\" \/>\n<meta name=\"author\" content=\"Rafael\" \/>\n<meta name=\"twitter:card\" content=\"summary_large_image\" \/>\n<meta name=\"twitter:label1\" content=\"Escrito por\" \/>\n\t<meta name=\"twitter:data1\" content=\"Rafael\" \/>\n\t<meta name=\"twitter:label2\" content=\"Est. tempo de leitura\" \/>\n\t<meta name=\"twitter:data2\" content=\"1 minuto\" \/>\n<script type=\"application\/ld+json\" class=\"yoast-schema-graph\">{\"@context\":\"https:\/\/schema.org\",\"@graph\":[{\"@type\":\"WebPage\",\"@id\":\"https:\/\/www.sinpro-rio.org.br\/principal\/calendario-copap\/\",\"url\":\"https:\/\/www.sinpro-rio.org.br\/principal\/calendario-copap\/\",\"name\":\"Calend\u00e1rio COPAP - Sinpro-Rio\",\"isPartOf\":{\"@id\":\"https:\/\/www.sinpro-rio.org.br\/principal\/#website\"},\"primaryImageOfPage\":{\"@id\":\"https:\/\/www.sinpro-rio.org.br\/principal\/calendario-copap\/#primaryimage\"},\"image\":{\"@id\":\"https:\/\/www.sinpro-rio.org.br\/principal\/calendario-copap\/#primaryimage\"},\"thumbnailUrl\":\"https:\/\/www.sinpro-rio.org.br\/principal\/wp-content\/uploads\/2020\/01\/Captura-de-tela_2020-01-03_09-54-38.png\",\"datePublished\":\"2020-01-03T15:29:26+00:00\",\"dateModified\":\"2020-02-05T14:19:31+00:00\",\"author\":{\"@id\":\"https:\/\/www.sinpro-rio.org.br\/principal\/#\/schema\/person\/513f6c0d98c231ae05be0b1f852773b1\"},\"breadcrumb\":{\"@id\":\"https:\/\/www.sinpro-rio.org.br\/principal\/calendario-copap\/#breadcrumb\"},\"inLanguage\":\"pt-BR\",\"potentialAction\":[{\"@type\":\"ReadAction\",\"target\":[\"https:\/\/www.sinpro-rio.org.br\/principal\/calendario-copap\/\"]}]},{\"@type\":\"ImageObject\",\"inLanguage\":\"pt-BR\",\"@id\":\"https:\/\/www.sinpro-rio.org.br\/principal\/calendario-copap\/#primaryimage\",\"url\":\"https:\/\/www.sinpro-rio.org.br\/principal\/wp-content\/uploads\/2020\/01\/Captura-de-tela_2020-01-03_09-54-38.png\",\"contentUrl\":\"https:\/\/www.sinpro-rio.org.br\/principal\/wp-content\/uploads\/2020\/01\/Captura-de-tela_2020-01-03_09-54-38.png\",\"width\":802,\"height\":412},{\"@type\":\"BreadcrumbList\",\"@id\":\"https:\/\/www.sinpro-rio.org.br\/principal\/calendario-copap\/#breadcrumb\",\"itemListElement\":[{\"@type\":\"ListItem\",\"position\":1,\"name\":\"In\u00edcio\",\"item\":\"https:\/\/www.sinpro-rio.org.br\/principal\/\"},{\"@type\":\"ListItem\",\"position\":2,\"name\":\"Calend\u00e1rio COPAP\"}]},{\"@type\":\"WebSite\",\"@id\":\"https:\/\/www.sinpro-rio.org.br\/principal\/#website\",\"url\":\"https:\/\/www.sinpro-rio.org.br\/principal\/\",\"name\":\"Sinpro-Rio\",\"description\":\"Sindicato dos Professores do Munic\u00edpio do Rio de Janeiro e Regi\u00e3o\",\"potentialAction\":[{\"@type\":\"SearchAction\",\"target\":{\"@type\":\"EntryPoint\",\"urlTemplate\":\"https:\/\/www.sinpro-rio.org.br\/principal\/?s={search_term_string}\"},\"query-input\":{\"@type\":\"PropertyValueSpecification\",\"valueRequired\":true,\"valueName\":\"search_term_string\"}}],\"inLanguage\":\"pt-BR\"},{\"@type\":\"Person\",\"@id\":\"https:\/\/www.sinpro-rio.org.br\/principal\/#\/schema\/person\/513f6c0d98c231ae05be0b1f852773b1\",\"name\":\"Rafael\",\"image\":{\"@type\":\"ImageObject\",\"inLanguage\":\"pt-BR\",\"@id\":\"https:\/\/www.sinpro-rio.org.br\/principal\/#\/schema\/person\/image\/\",\"url\":\"https:\/\/secure.gravatar.com\/avatar\/89b386dfdde3072f65f7acadfe00f325?s=96&d=mm&r=g\",\"contentUrl\":\"https:\/\/secure.gravatar.com\/avatar\/89b386dfdde3072f65f7acadfe00f325?s=96&d=mm&r=g\",\"caption\":\"Rafael\"},\"url\":\"https:\/\/www.sinpro-rio.org.br\/principal\/author\/rafael\/\"}]}<\/script>\n<!-- \/ Yoast SEO plugin. -->","yoast_head_json":{"title":"Calend\u00e1rio COPAP - Sinpro-Rio","robots":{"index":"index","follow":"follow","max-snippet":"max-snippet:-1","max-image-preview":"max-image-preview:large","max-video-preview":"max-video-preview:-1"},"canonical":"https:\/\/www.sinpro-rio.org.br\/principal\/calendario-copap\/","og_locale":"pt_BR","og_type":"article","og_title":"Calend\u00e1rio COPAP - Sinpro-Rio","og_description":"ATENDIMENTO\/PLANT\u00c3O","og_url":"https:\/\/www.sinpro-rio.org.br\/principal\/calendario-copap\/","og_site_name":"Sinpro-Rio","article_published_time":"2020-01-03T15:29:26+00:00","article_modified_time":"2020-02-05T14:19:31+00:00","og_image":[{"width":802,"height":412,"url":"https:\/\/www.sinpro-rio.org.br\/principal\/wp-content\/uploads\/2020\/01\/Captura-de-tela_2020-01-03_09-54-38.png","type":"image\/png"}],"author":"Rafael","twitter_card":"summary_large_image","twitter_misc":{"Escrito por":"Rafael","Est. tempo de leitura":"1 minuto"},"schema":{"@context":"https:\/\/schema.org","@graph":[{"@type":"WebPage","@id":"https:\/\/www.sinpro-rio.org.br\/principal\/calendario-copap\/","url":"https:\/\/www.sinpro-rio.org.br\/principal\/calendario-copap\/","name":"Calend\u00e1rio COPAP - Sinpro-Rio","isPartOf":{"@id":"https:\/\/www.sinpro-rio.org.br\/principal\/#website"},"primaryImageOfPage":{"@id":"https:\/\/www.sinpro-rio.org.br\/principal\/calendario-copap\/#primaryimage"},"image":{"@id":"https:\/\/www.sinpro-rio.org.br\/principal\/calendario-copap\/#primaryimage"},"thumbnailUrl":"https:\/\/www.sinpro-rio.org.br\/principal\/wp-content\/uploads\/2020\/01\/Captura-de-tela_2020-01-03_09-54-38.png","datePublished":"2020-01-03T15:29:26+00:00","dateModified":"2020-02-05T14:19:31+00:00","author":{"@id":"https:\/\/www.sinpro-rio.org.br\/principal\/#\/schema\/person\/513f6c0d98c231ae05be0b1f852773b1"},"breadcrumb":{"@id":"https:\/\/www.sinpro-rio.org.br\/principal\/calendario-copap\/#breadcrumb"},"inLanguage":"pt-BR","potentialAction":[{"@type":"ReadAction","target":["https:\/\/www.sinpro-rio.org.br\/principal\/calendario-copap\/"]}]},{"@type":"ImageObject","inLanguage":"pt-BR","@id":"https:\/\/www.sinpro-rio.org.br\/principal\/calendario-copap\/#primaryimage","url":"https:\/\/www.sinpro-rio.org.br\/principal\/wp-content\/uploads\/2020\/01\/Captura-de-tela_2020-01-03_09-54-38.png","contentUrl":"https:\/\/www.sinpro-rio.org.br\/principal\/wp-content\/uploads\/2020\/01\/Captura-de-tela_2020-01-03_09-54-38.png","width":802,"height":412},{"@type":"BreadcrumbList","@id":"https:\/\/www.sinpro-rio.org.br\/principal\/calendario-copap\/#breadcrumb","itemListElement":[{"@type":"ListItem","position":1,"name":"In\u00edcio","item":"https:\/\/www.sinpro-rio.org.br\/principal\/"},{"@type":"ListItem","position":2,"name":"Calend\u00e1rio COPAP"}]},{"@type":"WebSite","@id":"https:\/\/www.sinpro-rio.org.br\/principal\/#website","url":"https:\/\/www.sinpro-rio.org.br\/principal\/","name":"Sinpro-Rio","description":"Sindicato dos Professores do Munic\u00edpio do Rio de Janeiro e Regi\u00e3o","potentialAction":[{"@type":"SearchAction","target":{"@type":"EntryPoint","urlTemplate":"https:\/\/www.sinpro-rio.org.br\/principal\/?s={search_term_string}"},"query-input":{"@type":"PropertyValueSpecification","valueRequired":true,"valueName":"search_term_string"}}],"inLanguage":"pt-BR"},{"@type":"Person","@id":"https:\/\/www.sinpro-rio.org.br\/principal\/#\/schema\/person\/513f6c0d98c231ae05be0b1f852773b1","name":"Rafael","image":{"@type":"ImageObject","inLanguage":"pt-BR","@id":"https:\/\/www.sinpro-rio.org.br\/principal\/#\/schema\/person\/image\/","url":"https:\/\/secure.gravatar.com\/avatar\/89b386dfdde3072f65f7acadfe00f325?s=96&d=mm&r=g","contentUrl":"https:\/\/secure.gravatar.com\/avatar\/89b386dfdde3072f65f7acadfe00f325?s=96&d=mm&r=g","caption":"Rafael"},"url":"https:\/\/www.sinpro-rio.org.br\/principal\/author\/rafael\/"}]}},"_links":{"self":[{"href":"https:\/\/www.sinpro-rio.org.br\/principal\/wp-json\/wp\/v2\/posts\/27267","targetHints":{"allow":["GET"]}}],"collection":[{"href":"https:\/\/www.sinpro-rio.org.br\/principal\/wp-json\/wp\/v2\/posts"}],"about":[{"href":"https:\/\/www.sinpro-rio.org.br\/principal\/wp-json\/wp\/v2\/types\/post"}],"author":[{"embeddable":true,"href":"https:\/\/www.sinpro-rio.org.br\/principal\/wp-json\/wp\/v2\/users\/8"}],"replies":[{"embeddable":true,"href":"https:\/\/www.sinpro-rio.org.br\/principal\/wp-json\/wp\/v2\/comments?post=27267"}],"version-history":[{"count":3,"href":"https:\/\/www.sinpro-rio.org.br\/principal\/wp-json\/wp\/v2\/posts\/27267\/revisions"}],"predecessor-version":[{"id":27308,"href":"https:\/\/www.sinpro-rio.org.br\/principal\/wp-json\/wp\/v2\/posts\/27267\/revisions\/27308"}],"wp:featuredmedia":[{"embeddable":true,"href":"https:\/\/www.sinpro-rio.org.br\/principal\/wp-json\/wp\/v2\/media\/27221"}],"wp:attachment":[{"href":"https:\/\/www.sinpro-rio.org.br\/principal\/wp-json\/wp\/v2\/media?parent=27267"}],"wp:term":[{"taxonomy":"category","embeddable":true,"href":"https:\/\/www.sinpro-rio.org.br\/principal\/wp-json\/wp\/v2\/categories?post=27267"},{"taxonomy":"post_tag","embeddable":true,"href":"https:\/\/www.sinpro-rio.org.br\/principal\/wp-json\/wp\/v2\/tags?post=27267"}],"curies":[{"name":"wp","href":"https:\/\/api.w.org\/{rel}","templated":true}]}}