{"id":27249,"date":"2020-02-07T10:26:00","date_gmt":"2020-02-07T13:26:00","guid":{"rendered":"https:\/\/sinpro-rio.org.br\/principal\/?p=27249"},"modified":"2020-02-07T12:31:37","modified_gmt":"2020-02-07T15:31:37","slug":"como-trabalhar-o-tema-da-sustentabilidade-com-as-criancas","status":"publish","type":"post","link":"https:\/\/www.sinpro-rio.org.br\/principal\/como-trabalhar-o-tema-da-sustentabilidade-com-as-criancas\/","title":{"rendered":"Como trabalhar o tema da sustentabilidade com as crian\u00e7as"},"content":{"rendered":"\n<p>\n<strong>S\u00e1bado,\n<\/strong>30\nde maio, das 9h \u00e0s 13h<\/p>\n\n\n\n<p><strong>Local:\n<\/strong>Sede\nCentro<\/p>\n\n\n\n<p><strong>Carga\nhor\u00e1ria: <\/strong>4\nhoras<strong>\tVagas:\n<\/strong>25<\/p>\n\n\n\n<p><strong>Valor:\n<\/strong>\n<\/p>\n\n\n\n<p>Sindicalizado\/a\ne dependente: R$ 23<\/p>\n\n\n\n<p>\nN\u00e3o\nsindicalizado\/a: R$ 45<br>\nAssociado\/a de outra entidade de\nprofessor\/a ou maior de 60 anos: R$ 34<\/p>\n\n\n\n<p><strong>Objetivos<\/strong>:\n\n<\/p>\n\n\n\n<p><strong>.\n<\/strong>Aprofundar\ne ampliar o conceito de sustentabilidade, explorando suas dimens\u00f5es.\n\n<\/p>\n\n\n\n<p><strong>.\n<\/strong>Trazer\na tem\u00e1tica da sustentabilidade para quest\u00f5es pr\u00e1ticas da vida das\ncrian\u00e7as. \n<\/p>\n\n\n\n<p>\n<strong>Val\u00e9ria\nSilva Bernardo<\/strong>\n\u2013 Pedagoga\ne psicopedagoga. \n<\/p>\n\n\n\n<p>\n<strong>Nat\u00e1lia\nGon\u00e7alves de Moraes<\/strong>\n&#8211; Mestre\nem Planejamento Energ\u00e9tico, especialista em Sustentabilidade. \n<\/p>\n","protected":false},"excerpt":{"rendered":"<p>S\u00e1bado, 30 de maio, das 9h \u00e0s 13h<br \/>\nLocal: Sede Centro<br \/>\nCarga hor\u00e1ria: 4 horas Vagas: 25<br \/>\nValor: Sindicalizado\/a e dependente: R$ 23<br \/>\nN\u00e3o sindicalizado\/a: R$ 45<br \/>\nAssociado\/a de outra entidade de professor\/a ou maior de 60 anos: R$ 34<\/p>\n","protected":false},"author":8,"featured_media":27221,"comment_status":"closed","ping_status":"closed","sticky":false,"template":"","format":"standard","meta":{"footnotes":""},"categories":[34,450],"tags":[],"class_list":["post-27249","post","type-post","status-publish","format-standard","has-post-thumbnail","hentry","category-escola-do-professor","category-oficinas"],"yoast_head":"<!-- This site is optimized with the Yoast SEO plugin v25.7 - https:\/\/yoast.com\/wordpress\/plugins\/seo\/ -->\n<title>Como trabalhar o tema da sustentabilidade com as crian\u00e7as - Sinpro-Rio<\/title>\n<meta name=\"robots\" content=\"index, follow, max-snippet:-1, max-image-preview:large, max-video-preview:-1\" \/>\n<link rel=\"canonical\" href=\"https:\/\/www.sinpro-rio.org.br\/principal\/como-trabalhar-o-tema-da-sustentabilidade-com-as-criancas\/\" \/>\n<meta property=\"og:locale\" content=\"pt_BR\" \/>\n<meta property=\"og:type\" content=\"article\" \/>\n<meta property=\"og:title\" content=\"Como trabalhar o tema da sustentabilidade com as crian\u00e7as - Sinpro-Rio\" \/>\n<meta property=\"og:description\" content=\"S\u00e1bado, 30 de maio, das 9h \u00e0s 13h Local: Sede Centro Carga hor\u00e1ria: 4 horas Vagas: 25 Valor: Sindicalizado\/a e dependente: R$ 23 N\u00e3o sindicalizado\/a: R$ 45 Associado\/a de outra entidade de professor\/a ou maior de 60 anos: R$ 34\" \/>\n<meta property=\"og:url\" content=\"https:\/\/www.sinpro-rio.org.br\/principal\/como-trabalhar-o-tema-da-sustentabilidade-com-as-criancas\/\" \/>\n<meta property=\"og:site_name\" content=\"Sinpro-Rio\" \/>\n<meta property=\"article:published_time\" content=\"2020-02-07T13:26:00+00:00\" \/>\n<meta property=\"article:modified_time\" content=\"2020-02-07T15:31:37+00:00\" \/>\n<meta property=\"og:image\" content=\"https:\/\/www.sinpro-rio.org.br\/principal\/wp-content\/uploads\/2020\/01\/Captura-de-tela_2020-01-03_09-54-38.png\" \/>\n\t<meta property=\"og:image:width\" content=\"802\" \/>\n\t<meta property=\"og:image:height\" content=\"412\" \/>\n\t<meta property=\"og:image:type\" content=\"image\/png\" \/>\n<meta name=\"author\" content=\"Rafael\" \/>\n<meta name=\"twitter:card\" content=\"summary_large_image\" \/>\n<meta name=\"twitter:label1\" content=\"Escrito por\" \/>\n\t<meta name=\"twitter:data1\" content=\"Rafael\" \/>\n<script type=\"application\/ld+json\" class=\"yoast-schema-graph\">{\"@context\":\"https:\/\/schema.org\",\"@graph\":[{\"@type\":\"WebPage\",\"@id\":\"https:\/\/www.sinpro-rio.org.br\/principal\/como-trabalhar-o-tema-da-sustentabilidade-com-as-criancas\/\",\"url\":\"https:\/\/www.sinpro-rio.org.br\/principal\/como-trabalhar-o-tema-da-sustentabilidade-com-as-criancas\/\",\"name\":\"Como trabalhar o tema da sustentabilidade com as crian\u00e7as - Sinpro-Rio\",\"isPartOf\":{\"@id\":\"https:\/\/www.sinpro-rio.org.br\/principal\/#website\"},\"primaryImageOfPage\":{\"@id\":\"https:\/\/www.sinpro-rio.org.br\/principal\/como-trabalhar-o-tema-da-sustentabilidade-com-as-criancas\/#primaryimage\"},\"image\":{\"@id\":\"https:\/\/www.sinpro-rio.org.br\/principal\/como-trabalhar-o-tema-da-sustentabilidade-com-as-criancas\/#primaryimage\"},\"thumbnailUrl\":\"https:\/\/www.sinpro-rio.org.br\/principal\/wp-content\/uploads\/2020\/01\/Captura-de-tela_2020-01-03_09-54-38.png\",\"datePublished\":\"2020-02-07T13:26:00+00:00\",\"dateModified\":\"2020-02-07T15:31:37+00:00\",\"author\":{\"@id\":\"https:\/\/www.sinpro-rio.org.br\/principal\/#\/schema\/person\/513f6c0d98c231ae05be0b1f852773b1\"},\"breadcrumb\":{\"@id\":\"https:\/\/www.sinpro-rio.org.br\/principal\/como-trabalhar-o-tema-da-sustentabilidade-com-as-criancas\/#breadcrumb\"},\"inLanguage\":\"pt-BR\",\"potentialAction\":[{\"@type\":\"ReadAction\",\"target\":[\"https:\/\/www.sinpro-rio.org.br\/principal\/como-trabalhar-o-tema-da-sustentabilidade-com-as-criancas\/\"]}]},{\"@type\":\"ImageObject\",\"inLanguage\":\"pt-BR\",\"@id\":\"https:\/\/www.sinpro-rio.org.br\/principal\/como-trabalhar-o-tema-da-sustentabilidade-com-as-criancas\/#primaryimage\",\"url\":\"https:\/\/www.sinpro-rio.org.br\/principal\/wp-content\/uploads\/2020\/01\/Captura-de-tela_2020-01-03_09-54-38.png\",\"contentUrl\":\"https:\/\/www.sinpro-rio.org.br\/principal\/wp-content\/uploads\/2020\/01\/Captura-de-tela_2020-01-03_09-54-38.png\",\"width\":802,\"height\":412},{\"@type\":\"BreadcrumbList\",\"@id\":\"https:\/\/www.sinpro-rio.org.br\/principal\/como-trabalhar-o-tema-da-sustentabilidade-com-as-criancas\/#breadcrumb\",\"itemListElement\":[{\"@type\":\"ListItem\",\"position\":1,\"name\":\"In\u00edcio\",\"item\":\"https:\/\/www.sinpro-rio.org.br\/principal\/\"},{\"@type\":\"ListItem\",\"position\":2,\"name\":\"Como trabalhar o tema da sustentabilidade com as crian\u00e7as\"}]},{\"@type\":\"WebSite\",\"@id\":\"https:\/\/www.sinpro-rio.org.br\/principal\/#website\",\"url\":\"https:\/\/www.sinpro-rio.org.br\/principal\/\",\"name\":\"Sinpro-Rio\",\"description\":\"Sindicato dos Professores do Munic\u00edpio do Rio de Janeiro e Regi\u00e3o\",\"potentialAction\":[{\"@type\":\"SearchAction\",\"target\":{\"@type\":\"EntryPoint\",\"urlTemplate\":\"https:\/\/www.sinpro-rio.org.br\/principal\/?s={search_term_string}\"},\"query-input\":{\"@type\":\"PropertyValueSpecification\",\"valueRequired\":true,\"valueName\":\"search_term_string\"}}],\"inLanguage\":\"pt-BR\"},{\"@type\":\"Person\",\"@id\":\"https:\/\/www.sinpro-rio.org.br\/principal\/#\/schema\/person\/513f6c0d98c231ae05be0b1f852773b1\",\"name\":\"Rafael\",\"image\":{\"@type\":\"ImageObject\",\"inLanguage\":\"pt-BR\",\"@id\":\"https:\/\/www.sinpro-rio.org.br\/principal\/#\/schema\/person\/image\/\",\"url\":\"https:\/\/secure.gravatar.com\/avatar\/89b386dfdde3072f65f7acadfe00f325?s=96&d=mm&r=g\",\"contentUrl\":\"https:\/\/secure.gravatar.com\/avatar\/89b386dfdde3072f65f7acadfe00f325?s=96&d=mm&r=g\",\"caption\":\"Rafael\"},\"url\":\"https:\/\/www.sinpro-rio.org.br\/principal\/author\/rafael\/\"}]}<\/script>\n<!-- \/ Yoast SEO plugin. -->","yoast_head_json":{"title":"Como trabalhar o tema da sustentabilidade com as crian\u00e7as - Sinpro-Rio","robots":{"index":"index","follow":"follow","max-snippet":"max-snippet:-1","max-image-preview":"max-image-preview:large","max-video-preview":"max-video-preview:-1"},"canonical":"https:\/\/www.sinpro-rio.org.br\/principal\/como-trabalhar-o-tema-da-sustentabilidade-com-as-criancas\/","og_locale":"pt_BR","og_type":"article","og_title":"Como trabalhar o tema da sustentabilidade com as crian\u00e7as - Sinpro-Rio","og_description":"S\u00e1bado, 30 de maio, das 9h \u00e0s 13h Local: Sede Centro Carga hor\u00e1ria: 4 horas Vagas: 25 Valor: Sindicalizado\/a e dependente: R$ 23 N\u00e3o sindicalizado\/a: R$ 45 Associado\/a de outra entidade de professor\/a ou maior de 60 anos: R$ 34","og_url":"https:\/\/www.sinpro-rio.org.br\/principal\/como-trabalhar-o-tema-da-sustentabilidade-com-as-criancas\/","og_site_name":"Sinpro-Rio","article_published_time":"2020-02-07T13:26:00+00:00","article_modified_time":"2020-02-07T15:31:37+00:00","og_image":[{"width":802,"height":412,"url":"https:\/\/www.sinpro-rio.org.br\/principal\/wp-content\/uploads\/2020\/01\/Captura-de-tela_2020-01-03_09-54-38.png","type":"image\/png"}],"author":"Rafael","twitter_card":"summary_large_image","twitter_misc":{"Escrito por":"Rafael"},"schema":{"@context":"https:\/\/schema.org","@graph":[{"@type":"WebPage","@id":"https:\/\/www.sinpro-rio.org.br\/principal\/como-trabalhar-o-tema-da-sustentabilidade-com-as-criancas\/","url":"https:\/\/www.sinpro-rio.org.br\/principal\/como-trabalhar-o-tema-da-sustentabilidade-com-as-criancas\/","name":"Como trabalhar o tema da sustentabilidade com as crian\u00e7as - Sinpro-Rio","isPartOf":{"@id":"https:\/\/www.sinpro-rio.org.br\/principal\/#website"},"primaryImageOfPage":{"@id":"https:\/\/www.sinpro-rio.org.br\/principal\/como-trabalhar-o-tema-da-sustentabilidade-com-as-criancas\/#primaryimage"},"image":{"@id":"https:\/\/www.sinpro-rio.org.br\/principal\/como-trabalhar-o-tema-da-sustentabilidade-com-as-criancas\/#primaryimage"},"thumbnailUrl":"https:\/\/www.sinpro-rio.org.br\/principal\/wp-content\/uploads\/2020\/01\/Captura-de-tela_2020-01-03_09-54-38.png","datePublished":"2020-02-07T13:26:00+00:00","dateModified":"2020-02-07T15:31:37+00:00","author":{"@id":"https:\/\/www.sinpro-rio.org.br\/principal\/#\/schema\/person\/513f6c0d98c231ae05be0b1f852773b1"},"breadcrumb":{"@id":"https:\/\/www.sinpro-rio.org.br\/principal\/como-trabalhar-o-tema-da-sustentabilidade-com-as-criancas\/#breadcrumb"},"inLanguage":"pt-BR","potentialAction":[{"@type":"ReadAction","target":["https:\/\/www.sinpro-rio.org.br\/principal\/como-trabalhar-o-tema-da-sustentabilidade-com-as-criancas\/"]}]},{"@type":"ImageObject","inLanguage":"pt-BR","@id":"https:\/\/www.sinpro-rio.org.br\/principal\/como-trabalhar-o-tema-da-sustentabilidade-com-as-criancas\/#primaryimage","url":"https:\/\/www.sinpro-rio.org.br\/principal\/wp-content\/uploads\/2020\/01\/Captura-de-tela_2020-01-03_09-54-38.png","contentUrl":"https:\/\/www.sinpro-rio.org.br\/principal\/wp-content\/uploads\/2020\/01\/Captura-de-tela_2020-01-03_09-54-38.png","width":802,"height":412},{"@type":"BreadcrumbList","@id":"https:\/\/www.sinpro-rio.org.br\/principal\/como-trabalhar-o-tema-da-sustentabilidade-com-as-criancas\/#breadcrumb","itemListElement":[{"@type":"ListItem","position":1,"name":"In\u00edcio","item":"https:\/\/www.sinpro-rio.org.br\/principal\/"},{"@type":"ListItem","position":2,"name":"Como trabalhar o tema da sustentabilidade com as crian\u00e7as"}]},{"@type":"WebSite","@id":"https:\/\/www.sinpro-rio.org.br\/principal\/#website","url":"https:\/\/www.sinpro-rio.org.br\/principal\/","name":"Sinpro-Rio","description":"Sindicato dos Professores do Munic\u00edpio do Rio de Janeiro e Regi\u00e3o","potentialAction":[{"@type":"SearchAction","target":{"@type":"EntryPoint","urlTemplate":"https:\/\/www.sinpro-rio.org.br\/principal\/?s={search_term_string}"},"query-input":{"@type":"PropertyValueSpecification","valueRequired":true,"valueName":"search_term_string"}}],"inLanguage":"pt-BR"},{"@type":"Person","@id":"https:\/\/www.sinpro-rio.org.br\/principal\/#\/schema\/person\/513f6c0d98c231ae05be0b1f852773b1","name":"Rafael","image":{"@type":"ImageObject","inLanguage":"pt-BR","@id":"https:\/\/www.sinpro-rio.org.br\/principal\/#\/schema\/person\/image\/","url":"https:\/\/secure.gravatar.com\/avatar\/89b386dfdde3072f65f7acadfe00f325?s=96&d=mm&r=g","contentUrl":"https:\/\/secure.gravatar.com\/avatar\/89b386dfdde3072f65f7acadfe00f325?s=96&d=mm&r=g","caption":"Rafael"},"url":"https:\/\/www.sinpro-rio.org.br\/principal\/author\/rafael\/"}]}},"_links":{"self":[{"href":"https:\/\/www.sinpro-rio.org.br\/principal\/wp-json\/wp\/v2\/posts\/27249","targetHints":{"allow":["GET"]}}],"collection":[{"href":"https:\/\/www.sinpro-rio.org.br\/principal\/wp-json\/wp\/v2\/posts"}],"about":[{"href":"https:\/\/www.sinpro-rio.org.br\/principal\/wp-json\/wp\/v2\/types\/post"}],"author":[{"embeddable":true,"href":"https:\/\/www.sinpro-rio.org.br\/principal\/wp-json\/wp\/v2\/users\/8"}],"replies":[{"embeddable":true,"href":"https:\/\/www.sinpro-rio.org.br\/principal\/wp-json\/wp\/v2\/comments?post=27249"}],"version-history":[{"count":2,"href":"https:\/\/www.sinpro-rio.org.br\/principal\/wp-json\/wp\/v2\/posts\/27249\/revisions"}],"predecessor-version":[{"id":27317,"href":"https:\/\/www.sinpro-rio.org.br\/principal\/wp-json\/wp\/v2\/posts\/27249\/revisions\/27317"}],"wp:featuredmedia":[{"embeddable":true,"href":"https:\/\/www.sinpro-rio.org.br\/principal\/wp-json\/wp\/v2\/media\/27221"}],"wp:attachment":[{"href":"https:\/\/www.sinpro-rio.org.br\/principal\/wp-json\/wp\/v2\/media?parent=27249"}],"wp:term":[{"taxonomy":"category","embeddable":true,"href":"https:\/\/www.sinpro-rio.org.br\/principal\/wp-json\/wp\/v2\/categories?post=27249"},{"taxonomy":"post_tag","embeddable":true,"href":"https:\/\/www.sinpro-rio.org.br\/principal\/wp-json\/wp\/v2\/tags?post=27249"}],"curies":[{"name":"wp","href":"https:\/\/api.w.org\/{rel}","templated":true}]}}