{"id":27241,"date":"2020-01-03T10:40:13","date_gmt":"2020-01-03T13:40:13","guid":{"rendered":"https:\/\/sinpro-rio.org.br\/principal\/?p=27241"},"modified":"2020-02-05T12:11:09","modified_gmt":"2020-02-05T15:11:09","slug":"a-questao-etica-e-o-saber-cientifico","status":"publish","type":"post","link":"https:\/\/www.sinpro-rio.org.br\/principal\/a-questao-etica-e-o-saber-cientifico\/","title":{"rendered":"A quest\u00e3o \u00e9tica e o saber cient\u00edfico"},"content":{"rendered":"\n<p class=\"has-text-align-center\"> <strong>\u00c9tica e Ci\u00eancia<\/strong><\/p>\n\n\n\n<p><strong>Quintas-feiras,\n<\/strong>30\nde abril, 7, 14, 21 e 28 de maio,das\n14 \u00e0s 16h<\/p>\n\n\n\n<p><strong>Local:\n<\/strong>Sede\nCentro<\/p>\n\n\n\n<p><strong>Carga\nhor\u00e1ria: <\/strong>10\nhoras <strong>\tVagas:\n<\/strong>25<\/p>\n\n\n\n<p><strong>Valor:\n<\/strong>\n<\/p>\n\n\n\n<p>Sindicalizado\/a\ne dependente: R$ 90,00<\/p>\n\n\n\n<p>N\u00e3o\nsindicalizado\/a: R$ 180,00<br>\nAssociado\/a de outra entidade de\nprofessor\/a ou maior de 60 anos: R$ 130,00<\/p>\n\n\n\n<p><strong>Objetivo:<\/strong>\nConduzir uma reflex\u00e3o cr\u00edtica sobre a inst\u00e2ncia \u00e9tica no fazer\ncient\u00edfico da contemporaneidade.<\/p>\n\n\n\n<p><strong>Conte\u00fado:\n<\/strong>\n<\/p>\n\n\n\n<p>1\u00aa\naula: At\u00e9 onde a liberdade do homem existe frente aos valores da\nsociedade. \n<\/p>\n\n\n\n<p>2\u00aa\naula: O nascimento da Ci\u00eancia como princ\u00edpio de verdade e de\ncerteza para o homem moderno.<\/p>\n\n\n\n<p>3\u00aa\naula: A \u00e9tica da objetividade e da materialidade na ci\u00eancia\nmoderna: a quest\u00e3o da competitividade e do desejo na sociedade\ncient\u00edfica e tecnol\u00f3gica.<\/p>\n\n\n\n<p>\n4\u00aa\naula: O sentido da ci\u00eancia na  atualidade: a nova ci\u00eancia qu\u00e2ntica\ne o desfazer do mundo dos objetos.<\/p>\n\n\n\n<p>5\u00aa\naula: O desvio da atual \u201csociedade l\u00edquida\u201dsegundo a filosofia\nde Zygmunt Bauman\nde,\ne a \u00e9tica do \u201cdescarte\u201d dos valores humanos.<\/p>\n\n\n\n<p>\n<strong>Tania\nMaria Marinho Sampaio \u2013 <\/strong>Professora\ndoutora em Filosofia e professora livre docente em Filosofia da\nEduca\u00e7\u00e3o.<\/p>\n","protected":false},"excerpt":{"rendered":"<p>Quintas-feiras, 30 de abril, 7, 14, 21 e 28 de maio,das 14 \u00e0s 16h<br \/>\nLocal: Sede Centro<br \/>\nCarga hor\u00e1ria: 10 horas  Vagas: 25<br \/>\nValor: Sindicalizado\/a e dependente: R$ 90,00<br \/>\nN\u00e3o sindicalizado\/a: R$ 180,00<br \/>\nAssociado\/a de outra entidade de professor\/a ou maior de 60 anos: R$ 130,00<\/p>\n","protected":false},"author":8,"featured_media":27221,"comment_status":"closed","ping_status":"closed","sticky":false,"template":"","format":"standard","meta":{"footnotes":""},"categories":[446,34],"tags":[],"class_list":["post-27241","post","type-post","status-publish","format-standard","has-post-thumbnail","hentry","category-cursos","category-escola-do-professor"],"yoast_head":"<!-- This site is optimized with the Yoast SEO plugin v25.7 - https:\/\/yoast.com\/wordpress\/plugins\/seo\/ -->\n<title>A quest\u00e3o \u00e9tica e o saber cient\u00edfico - Sinpro-Rio<\/title>\n<meta name=\"robots\" content=\"index, follow, max-snippet:-1, max-image-preview:large, max-video-preview:-1\" \/>\n<link rel=\"canonical\" href=\"https:\/\/www.sinpro-rio.org.br\/principal\/a-questao-etica-e-o-saber-cientifico\/\" \/>\n<meta property=\"og:locale\" content=\"pt_BR\" \/>\n<meta property=\"og:type\" content=\"article\" \/>\n<meta property=\"og:title\" content=\"A quest\u00e3o \u00e9tica e o saber cient\u00edfico - Sinpro-Rio\" \/>\n<meta property=\"og:description\" content=\"Quintas-feiras, 30 de abril, 7, 14, 21 e 28 de maio,das 14 \u00e0s 16h Local: Sede Centro Carga hor\u00e1ria: 10 horas Vagas: 25 Valor: Sindicalizado\/a e dependente: R$ 90,00 N\u00e3o sindicalizado\/a: R$ 180,00 Associado\/a de outra entidade de professor\/a ou maior de 60 anos: R$ 130,00\" \/>\n<meta property=\"og:url\" content=\"https:\/\/www.sinpro-rio.org.br\/principal\/a-questao-etica-e-o-saber-cientifico\/\" \/>\n<meta property=\"og:site_name\" content=\"Sinpro-Rio\" \/>\n<meta property=\"article:published_time\" content=\"2020-01-03T13:40:13+00:00\" \/>\n<meta property=\"article:modified_time\" content=\"2020-02-05T15:11:09+00:00\" \/>\n<meta property=\"og:image\" content=\"https:\/\/www.sinpro-rio.org.br\/principal\/wp-content\/uploads\/2020\/01\/Captura-de-tela_2020-01-03_09-54-38.png\" \/>\n\t<meta property=\"og:image:width\" content=\"802\" \/>\n\t<meta property=\"og:image:height\" content=\"412\" \/>\n\t<meta property=\"og:image:type\" content=\"image\/png\" \/>\n<meta name=\"author\" content=\"Rafael\" \/>\n<meta name=\"twitter:card\" content=\"summary_large_image\" \/>\n<meta name=\"twitter:label1\" content=\"Escrito por\" \/>\n\t<meta name=\"twitter:data1\" content=\"Rafael\" \/>\n\t<meta name=\"twitter:label2\" content=\"Est. tempo de leitura\" \/>\n\t<meta name=\"twitter:data2\" content=\"1 minuto\" \/>\n<script type=\"application\/ld+json\" class=\"yoast-schema-graph\">{\"@context\":\"https:\/\/schema.org\",\"@graph\":[{\"@type\":\"WebPage\",\"@id\":\"https:\/\/www.sinpro-rio.org.br\/principal\/a-questao-etica-e-o-saber-cientifico\/\",\"url\":\"https:\/\/www.sinpro-rio.org.br\/principal\/a-questao-etica-e-o-saber-cientifico\/\",\"name\":\"A quest\u00e3o \u00e9tica e o saber cient\u00edfico - Sinpro-Rio\",\"isPartOf\":{\"@id\":\"https:\/\/www.sinpro-rio.org.br\/principal\/#website\"},\"primaryImageOfPage\":{\"@id\":\"https:\/\/www.sinpro-rio.org.br\/principal\/a-questao-etica-e-o-saber-cientifico\/#primaryimage\"},\"image\":{\"@id\":\"https:\/\/www.sinpro-rio.org.br\/principal\/a-questao-etica-e-o-saber-cientifico\/#primaryimage\"},\"thumbnailUrl\":\"https:\/\/www.sinpro-rio.org.br\/principal\/wp-content\/uploads\/2020\/01\/Captura-de-tela_2020-01-03_09-54-38.png\",\"datePublished\":\"2020-01-03T13:40:13+00:00\",\"dateModified\":\"2020-02-05T15:11:09+00:00\",\"author\":{\"@id\":\"https:\/\/www.sinpro-rio.org.br\/principal\/#\/schema\/person\/513f6c0d98c231ae05be0b1f852773b1\"},\"breadcrumb\":{\"@id\":\"https:\/\/www.sinpro-rio.org.br\/principal\/a-questao-etica-e-o-saber-cientifico\/#breadcrumb\"},\"inLanguage\":\"pt-BR\",\"potentialAction\":[{\"@type\":\"ReadAction\",\"target\":[\"https:\/\/www.sinpro-rio.org.br\/principal\/a-questao-etica-e-o-saber-cientifico\/\"]}]},{\"@type\":\"ImageObject\",\"inLanguage\":\"pt-BR\",\"@id\":\"https:\/\/www.sinpro-rio.org.br\/principal\/a-questao-etica-e-o-saber-cientifico\/#primaryimage\",\"url\":\"https:\/\/www.sinpro-rio.org.br\/principal\/wp-content\/uploads\/2020\/01\/Captura-de-tela_2020-01-03_09-54-38.png\",\"contentUrl\":\"https:\/\/www.sinpro-rio.org.br\/principal\/wp-content\/uploads\/2020\/01\/Captura-de-tela_2020-01-03_09-54-38.png\",\"width\":802,\"height\":412},{\"@type\":\"BreadcrumbList\",\"@id\":\"https:\/\/www.sinpro-rio.org.br\/principal\/a-questao-etica-e-o-saber-cientifico\/#breadcrumb\",\"itemListElement\":[{\"@type\":\"ListItem\",\"position\":1,\"name\":\"In\u00edcio\",\"item\":\"https:\/\/www.sinpro-rio.org.br\/principal\/\"},{\"@type\":\"ListItem\",\"position\":2,\"name\":\"A quest\u00e3o \u00e9tica e o saber cient\u00edfico\"}]},{\"@type\":\"WebSite\",\"@id\":\"https:\/\/www.sinpro-rio.org.br\/principal\/#website\",\"url\":\"https:\/\/www.sinpro-rio.org.br\/principal\/\",\"name\":\"Sinpro-Rio\",\"description\":\"Sindicato dos Professores do Munic\u00edpio do Rio de Janeiro e Regi\u00e3o\",\"potentialAction\":[{\"@type\":\"SearchAction\",\"target\":{\"@type\":\"EntryPoint\",\"urlTemplate\":\"https:\/\/www.sinpro-rio.org.br\/principal\/?s={search_term_string}\"},\"query-input\":{\"@type\":\"PropertyValueSpecification\",\"valueRequired\":true,\"valueName\":\"search_term_string\"}}],\"inLanguage\":\"pt-BR\"},{\"@type\":\"Person\",\"@id\":\"https:\/\/www.sinpro-rio.org.br\/principal\/#\/schema\/person\/513f6c0d98c231ae05be0b1f852773b1\",\"name\":\"Rafael\",\"image\":{\"@type\":\"ImageObject\",\"inLanguage\":\"pt-BR\",\"@id\":\"https:\/\/www.sinpro-rio.org.br\/principal\/#\/schema\/person\/image\/\",\"url\":\"https:\/\/secure.gravatar.com\/avatar\/89b386dfdde3072f65f7acadfe00f325?s=96&d=mm&r=g\",\"contentUrl\":\"https:\/\/secure.gravatar.com\/avatar\/89b386dfdde3072f65f7acadfe00f325?s=96&d=mm&r=g\",\"caption\":\"Rafael\"},\"url\":\"https:\/\/www.sinpro-rio.org.br\/principal\/author\/rafael\/\"}]}<\/script>\n<!-- \/ Yoast SEO plugin. -->","yoast_head_json":{"title":"A quest\u00e3o \u00e9tica e o saber cient\u00edfico - Sinpro-Rio","robots":{"index":"index","follow":"follow","max-snippet":"max-snippet:-1","max-image-preview":"max-image-preview:large","max-video-preview":"max-video-preview:-1"},"canonical":"https:\/\/www.sinpro-rio.org.br\/principal\/a-questao-etica-e-o-saber-cientifico\/","og_locale":"pt_BR","og_type":"article","og_title":"A quest\u00e3o \u00e9tica e o saber cient\u00edfico - Sinpro-Rio","og_description":"Quintas-feiras, 30 de abril, 7, 14, 21 e 28 de maio,das 14 \u00e0s 16h Local: Sede Centro Carga hor\u00e1ria: 10 horas Vagas: 25 Valor: Sindicalizado\/a e dependente: R$ 90,00 N\u00e3o sindicalizado\/a: R$ 180,00 Associado\/a de outra entidade de professor\/a ou maior de 60 anos: R$ 130,00","og_url":"https:\/\/www.sinpro-rio.org.br\/principal\/a-questao-etica-e-o-saber-cientifico\/","og_site_name":"Sinpro-Rio","article_published_time":"2020-01-03T13:40:13+00:00","article_modified_time":"2020-02-05T15:11:09+00:00","og_image":[{"width":802,"height":412,"url":"https:\/\/www.sinpro-rio.org.br\/principal\/wp-content\/uploads\/2020\/01\/Captura-de-tela_2020-01-03_09-54-38.png","type":"image\/png"}],"author":"Rafael","twitter_card":"summary_large_image","twitter_misc":{"Escrito por":"Rafael","Est. tempo de leitura":"1 minuto"},"schema":{"@context":"https:\/\/schema.org","@graph":[{"@type":"WebPage","@id":"https:\/\/www.sinpro-rio.org.br\/principal\/a-questao-etica-e-o-saber-cientifico\/","url":"https:\/\/www.sinpro-rio.org.br\/principal\/a-questao-etica-e-o-saber-cientifico\/","name":"A quest\u00e3o \u00e9tica e o saber cient\u00edfico - Sinpro-Rio","isPartOf":{"@id":"https:\/\/www.sinpro-rio.org.br\/principal\/#website"},"primaryImageOfPage":{"@id":"https:\/\/www.sinpro-rio.org.br\/principal\/a-questao-etica-e-o-saber-cientifico\/#primaryimage"},"image":{"@id":"https:\/\/www.sinpro-rio.org.br\/principal\/a-questao-etica-e-o-saber-cientifico\/#primaryimage"},"thumbnailUrl":"https:\/\/www.sinpro-rio.org.br\/principal\/wp-content\/uploads\/2020\/01\/Captura-de-tela_2020-01-03_09-54-38.png","datePublished":"2020-01-03T13:40:13+00:00","dateModified":"2020-02-05T15:11:09+00:00","author":{"@id":"https:\/\/www.sinpro-rio.org.br\/principal\/#\/schema\/person\/513f6c0d98c231ae05be0b1f852773b1"},"breadcrumb":{"@id":"https:\/\/www.sinpro-rio.org.br\/principal\/a-questao-etica-e-o-saber-cientifico\/#breadcrumb"},"inLanguage":"pt-BR","potentialAction":[{"@type":"ReadAction","target":["https:\/\/www.sinpro-rio.org.br\/principal\/a-questao-etica-e-o-saber-cientifico\/"]}]},{"@type":"ImageObject","inLanguage":"pt-BR","@id":"https:\/\/www.sinpro-rio.org.br\/principal\/a-questao-etica-e-o-saber-cientifico\/#primaryimage","url":"https:\/\/www.sinpro-rio.org.br\/principal\/wp-content\/uploads\/2020\/01\/Captura-de-tela_2020-01-03_09-54-38.png","contentUrl":"https:\/\/www.sinpro-rio.org.br\/principal\/wp-content\/uploads\/2020\/01\/Captura-de-tela_2020-01-03_09-54-38.png","width":802,"height":412},{"@type":"BreadcrumbList","@id":"https:\/\/www.sinpro-rio.org.br\/principal\/a-questao-etica-e-o-saber-cientifico\/#breadcrumb","itemListElement":[{"@type":"ListItem","position":1,"name":"In\u00edcio","item":"https:\/\/www.sinpro-rio.org.br\/principal\/"},{"@type":"ListItem","position":2,"name":"A quest\u00e3o \u00e9tica e o saber cient\u00edfico"}]},{"@type":"WebSite","@id":"https:\/\/www.sinpro-rio.org.br\/principal\/#website","url":"https:\/\/www.sinpro-rio.org.br\/principal\/","name":"Sinpro-Rio","description":"Sindicato dos Professores do Munic\u00edpio do Rio de Janeiro e Regi\u00e3o","potentialAction":[{"@type":"SearchAction","target":{"@type":"EntryPoint","urlTemplate":"https:\/\/www.sinpro-rio.org.br\/principal\/?s={search_term_string}"},"query-input":{"@type":"PropertyValueSpecification","valueRequired":true,"valueName":"search_term_string"}}],"inLanguage":"pt-BR"},{"@type":"Person","@id":"https:\/\/www.sinpro-rio.org.br\/principal\/#\/schema\/person\/513f6c0d98c231ae05be0b1f852773b1","name":"Rafael","image":{"@type":"ImageObject","inLanguage":"pt-BR","@id":"https:\/\/www.sinpro-rio.org.br\/principal\/#\/schema\/person\/image\/","url":"https:\/\/secure.gravatar.com\/avatar\/89b386dfdde3072f65f7acadfe00f325?s=96&d=mm&r=g","contentUrl":"https:\/\/secure.gravatar.com\/avatar\/89b386dfdde3072f65f7acadfe00f325?s=96&d=mm&r=g","caption":"Rafael"},"url":"https:\/\/www.sinpro-rio.org.br\/principal\/author\/rafael\/"}]}},"_links":{"self":[{"href":"https:\/\/www.sinpro-rio.org.br\/principal\/wp-json\/wp\/v2\/posts\/27241","targetHints":{"allow":["GET"]}}],"collection":[{"href":"https:\/\/www.sinpro-rio.org.br\/principal\/wp-json\/wp\/v2\/posts"}],"about":[{"href":"https:\/\/www.sinpro-rio.org.br\/principal\/wp-json\/wp\/v2\/types\/post"}],"author":[{"embeddable":true,"href":"https:\/\/www.sinpro-rio.org.br\/principal\/wp-json\/wp\/v2\/users\/8"}],"replies":[{"embeddable":true,"href":"https:\/\/www.sinpro-rio.org.br\/principal\/wp-json\/wp\/v2\/comments?post=27241"}],"version-history":[{"count":2,"href":"https:\/\/www.sinpro-rio.org.br\/principal\/wp-json\/wp\/v2\/posts\/27241\/revisions"}],"predecessor-version":[{"id":27321,"href":"https:\/\/www.sinpro-rio.org.br\/principal\/wp-json\/wp\/v2\/posts\/27241\/revisions\/27321"}],"wp:featuredmedia":[{"embeddable":true,"href":"https:\/\/www.sinpro-rio.org.br\/principal\/wp-json\/wp\/v2\/media\/27221"}],"wp:attachment":[{"href":"https:\/\/www.sinpro-rio.org.br\/principal\/wp-json\/wp\/v2\/media?parent=27241"}],"wp:term":[{"taxonomy":"category","embeddable":true,"href":"https:\/\/www.sinpro-rio.org.br\/principal\/wp-json\/wp\/v2\/categories?post=27241"},{"taxonomy":"post_tag","embeddable":true,"href":"https:\/\/www.sinpro-rio.org.br\/principal\/wp-json\/wp\/v2\/tags?post=27241"}],"curies":[{"name":"wp","href":"https:\/\/api.w.org\/{rel}","templated":true}]}}