{"id":27235,"date":"2020-02-02T10:08:00","date_gmt":"2020-02-02T13:08:00","guid":{"rendered":"https:\/\/sinpro-rio.org.br\/principal\/?p=27235"},"modified":"2020-02-07T11:38:14","modified_gmt":"2020-02-07T14:38:14","slug":"a-questao-de-genero-na-atualidade-classe-genero-e-raca","status":"publish","type":"post","link":"https:\/\/www.sinpro-rio.org.br\/principal\/a-questao-de-genero-na-atualidade-classe-genero-e-raca\/","title":{"rendered":"A Quest\u00e3o de g\u00eanero na atualidade: classe, g\u00eanero e ra\u00e7a"},"content":{"rendered":"\n<p class=\"has-text-align-center\">\numa\nvis\u00e3o transversal e interseccional da pol\u00edtica, do trabalho, \n<\/p>\n\n\n\n<p class=\"has-text-align-center\">\nda\neduca\u00e7\u00e3o e da viol\u00eancia<\/p>\n\n\n\n<p><strong>Quinta-feira,<\/strong>\n26 de mar\u00e7o, 30 de abril, 28 de maio, 25 de junho e 9 de julho das\n18h \u00e0s 20h<\/p>\n\n\n\n<p>\n<strong>Local:<\/strong>\nSede Centro<\/p>\n\n\n\n<p>\nInscri\u00e7\u00f5es\ngratuitas: escola@sinpro-rio.org.br<\/p>\n\n\n\n<p><strong>Carga\nhor\u00e1ria: <\/strong>10<strong>\tVagas:\n<\/strong>30<\/p>\n\n\n\n<p>\n<strong>Objetivos:<\/strong>1.\nIntroduzir os pressupostos da quest\u00e3o de g\u00eanero numa vis\u00e3o\ninterseccional classe, g\u00eanero e ra\u00e7a; 2. Abordar a evolu\u00e7\u00e3o das\nconquistas das mulheres e apontar os desafios  a serem superados\nsobretudo  no \u00e2mbito da pol\u00edtica, do trabalho, da educa\u00e7\u00e3o e da\nviol\u00eancia;<\/p>\n\n\n\n<p>\n 3.\nO impacto da crise do capitalismo e  da onda conservadora nas\nconquistas das mulheres e a resist\u00eancia necess\u00e1ria .<\/p>\n\n\n\n<p><strong>Conte\u00fados:\n<\/strong>\n1.\nAfinal o que \u00e9 g\u00eanero&#8230;.;  2 .O por que da subrepresenta\u00e7\u00e3o\npol\u00edtica feminina; 3. Autonomia econ\u00f4mica e a desigualdade no mundo\ndo trabalho; 4. O combate aos estere\u00f3tipos de g\u00eanero na educa\u00e7\u00e3o;\n5. Os desafios do combate \u00e0 Viol\u00eancia de G\u00eanero e o impacto da\nonda conservadora sobre as conquistas das mulheres&#8230;<\/p>\n\n\n\n<p>\n<strong>Ana\nMaria Santos Rocha<\/strong>\n&#8211; Psic\u00f3loga,\nJornalista, Especialista em Pol\u00edticas P\u00fablicas, Mestra em Servi\u00e7o\nSocial\/UERJ, \u00e1rea de  Mulher e Trabalho, Ex-Secret\u00e1ria da Mulher da\nPrefeitura do Rio de 2013 a 2016;  Fundadora e Editora da Revista\nPresen\u00e7a da Mulher por 6 anos; Coordenadora do Centro de Estudos e\nPesquisa  da UBM(Uni\u00e3o Brasileira de Mulheres); Assessora de G\u00eanero\ndo Sindicato dos Comerci\u00e1rios do Rio.<\/p>\n","protected":false},"excerpt":{"rendered":"<p>Quinta-feira, 26 de mar\u00e7o, 30 de abril, 28 de maio, 25 de junho e 9 de julho das 18h \u00e0s 20h<br \/>\nLocal: Sede Centro<br \/>\nInscri\u00e7\u00f5es gratuitas: escola@sinpro-rio.org.br<br \/>\nCarga hor\u00e1ria: 10 Vagas: 30<\/p>\n","protected":false},"author":8,"featured_media":27221,"comment_status":"closed","ping_status":"closed","sticky":false,"template":"","format":"standard","meta":{"footnotes":""},"categories":[446,34],"tags":[],"class_list":["post-27235","post","type-post","status-publish","format-standard","has-post-thumbnail","hentry","category-cursos","category-escola-do-professor"],"yoast_head":"<!-- This site is optimized with the Yoast SEO plugin v25.7 - https:\/\/yoast.com\/wordpress\/plugins\/seo\/ -->\n<title>A Quest\u00e3o de g\u00eanero na atualidade: classe, g\u00eanero e ra\u00e7a - Sinpro-Rio<\/title>\n<meta name=\"robots\" content=\"index, follow, max-snippet:-1, max-image-preview:large, max-video-preview:-1\" \/>\n<link rel=\"canonical\" href=\"https:\/\/www.sinpro-rio.org.br\/principal\/a-questao-de-genero-na-atualidade-classe-genero-e-raca\/\" \/>\n<meta property=\"og:locale\" content=\"pt_BR\" \/>\n<meta property=\"og:type\" content=\"article\" \/>\n<meta property=\"og:title\" content=\"A Quest\u00e3o de g\u00eanero na atualidade: classe, g\u00eanero e ra\u00e7a - Sinpro-Rio\" \/>\n<meta property=\"og:description\" content=\"Quinta-feira, 26 de mar\u00e7o, 30 de abril, 28 de maio, 25 de junho e 9 de julho das 18h \u00e0s 20h Local: Sede Centro Inscri\u00e7\u00f5es gratuitas: escola@sinpro-rio.org.br Carga hor\u00e1ria: 10 Vagas: 30\" \/>\n<meta property=\"og:url\" content=\"https:\/\/www.sinpro-rio.org.br\/principal\/a-questao-de-genero-na-atualidade-classe-genero-e-raca\/\" \/>\n<meta property=\"og:site_name\" content=\"Sinpro-Rio\" \/>\n<meta property=\"article:published_time\" content=\"2020-02-02T13:08:00+00:00\" \/>\n<meta property=\"article:modified_time\" content=\"2020-02-07T14:38:14+00:00\" \/>\n<meta property=\"og:image\" content=\"https:\/\/www.sinpro-rio.org.br\/principal\/wp-content\/uploads\/2020\/01\/Captura-de-tela_2020-01-03_09-54-38.png\" \/>\n\t<meta property=\"og:image:width\" content=\"802\" \/>\n\t<meta property=\"og:image:height\" content=\"412\" \/>\n\t<meta property=\"og:image:type\" content=\"image\/png\" \/>\n<meta name=\"author\" content=\"Rafael\" \/>\n<meta name=\"twitter:card\" content=\"summary_large_image\" \/>\n<meta name=\"twitter:label1\" content=\"Escrito por\" \/>\n\t<meta name=\"twitter:data1\" content=\"Rafael\" \/>\n\t<meta name=\"twitter:label2\" content=\"Est. tempo de leitura\" \/>\n\t<meta name=\"twitter:data2\" content=\"1 minuto\" \/>\n<script type=\"application\/ld+json\" class=\"yoast-schema-graph\">{\"@context\":\"https:\/\/schema.org\",\"@graph\":[{\"@type\":\"WebPage\",\"@id\":\"https:\/\/www.sinpro-rio.org.br\/principal\/a-questao-de-genero-na-atualidade-classe-genero-e-raca\/\",\"url\":\"https:\/\/www.sinpro-rio.org.br\/principal\/a-questao-de-genero-na-atualidade-classe-genero-e-raca\/\",\"name\":\"A Quest\u00e3o de g\u00eanero na atualidade: classe, g\u00eanero e ra\u00e7a - Sinpro-Rio\",\"isPartOf\":{\"@id\":\"https:\/\/www.sinpro-rio.org.br\/principal\/#website\"},\"primaryImageOfPage\":{\"@id\":\"https:\/\/www.sinpro-rio.org.br\/principal\/a-questao-de-genero-na-atualidade-classe-genero-e-raca\/#primaryimage\"},\"image\":{\"@id\":\"https:\/\/www.sinpro-rio.org.br\/principal\/a-questao-de-genero-na-atualidade-classe-genero-e-raca\/#primaryimage\"},\"thumbnailUrl\":\"https:\/\/www.sinpro-rio.org.br\/principal\/wp-content\/uploads\/2020\/01\/Captura-de-tela_2020-01-03_09-54-38.png\",\"datePublished\":\"2020-02-02T13:08:00+00:00\",\"dateModified\":\"2020-02-07T14:38:14+00:00\",\"author\":{\"@id\":\"https:\/\/www.sinpro-rio.org.br\/principal\/#\/schema\/person\/513f6c0d98c231ae05be0b1f852773b1\"},\"breadcrumb\":{\"@id\":\"https:\/\/www.sinpro-rio.org.br\/principal\/a-questao-de-genero-na-atualidade-classe-genero-e-raca\/#breadcrumb\"},\"inLanguage\":\"pt-BR\",\"potentialAction\":[{\"@type\":\"ReadAction\",\"target\":[\"https:\/\/www.sinpro-rio.org.br\/principal\/a-questao-de-genero-na-atualidade-classe-genero-e-raca\/\"]}]},{\"@type\":\"ImageObject\",\"inLanguage\":\"pt-BR\",\"@id\":\"https:\/\/www.sinpro-rio.org.br\/principal\/a-questao-de-genero-na-atualidade-classe-genero-e-raca\/#primaryimage\",\"url\":\"https:\/\/www.sinpro-rio.org.br\/principal\/wp-content\/uploads\/2020\/01\/Captura-de-tela_2020-01-03_09-54-38.png\",\"contentUrl\":\"https:\/\/www.sinpro-rio.org.br\/principal\/wp-content\/uploads\/2020\/01\/Captura-de-tela_2020-01-03_09-54-38.png\",\"width\":802,\"height\":412},{\"@type\":\"BreadcrumbList\",\"@id\":\"https:\/\/www.sinpro-rio.org.br\/principal\/a-questao-de-genero-na-atualidade-classe-genero-e-raca\/#breadcrumb\",\"itemListElement\":[{\"@type\":\"ListItem\",\"position\":1,\"name\":\"In\u00edcio\",\"item\":\"https:\/\/www.sinpro-rio.org.br\/principal\/\"},{\"@type\":\"ListItem\",\"position\":2,\"name\":\"A Quest\u00e3o de g\u00eanero na atualidade: classe, g\u00eanero e ra\u00e7a\"}]},{\"@type\":\"WebSite\",\"@id\":\"https:\/\/www.sinpro-rio.org.br\/principal\/#website\",\"url\":\"https:\/\/www.sinpro-rio.org.br\/principal\/\",\"name\":\"Sinpro-Rio\",\"description\":\"Sindicato dos Professores do Munic\u00edpio do Rio de Janeiro e Regi\u00e3o\",\"potentialAction\":[{\"@type\":\"SearchAction\",\"target\":{\"@type\":\"EntryPoint\",\"urlTemplate\":\"https:\/\/www.sinpro-rio.org.br\/principal\/?s={search_term_string}\"},\"query-input\":{\"@type\":\"PropertyValueSpecification\",\"valueRequired\":true,\"valueName\":\"search_term_string\"}}],\"inLanguage\":\"pt-BR\"},{\"@type\":\"Person\",\"@id\":\"https:\/\/www.sinpro-rio.org.br\/principal\/#\/schema\/person\/513f6c0d98c231ae05be0b1f852773b1\",\"name\":\"Rafael\",\"image\":{\"@type\":\"ImageObject\",\"inLanguage\":\"pt-BR\",\"@id\":\"https:\/\/www.sinpro-rio.org.br\/principal\/#\/schema\/person\/image\/\",\"url\":\"https:\/\/secure.gravatar.com\/avatar\/89b386dfdde3072f65f7acadfe00f325?s=96&d=mm&r=g\",\"contentUrl\":\"https:\/\/secure.gravatar.com\/avatar\/89b386dfdde3072f65f7acadfe00f325?s=96&d=mm&r=g\",\"caption\":\"Rafael\"},\"url\":\"https:\/\/www.sinpro-rio.org.br\/principal\/author\/rafael\/\"}]}<\/script>\n<!-- \/ Yoast SEO plugin. -->","yoast_head_json":{"title":"A Quest\u00e3o de g\u00eanero na atualidade: classe, g\u00eanero e ra\u00e7a - Sinpro-Rio","robots":{"index":"index","follow":"follow","max-snippet":"max-snippet:-1","max-image-preview":"max-image-preview:large","max-video-preview":"max-video-preview:-1"},"canonical":"https:\/\/www.sinpro-rio.org.br\/principal\/a-questao-de-genero-na-atualidade-classe-genero-e-raca\/","og_locale":"pt_BR","og_type":"article","og_title":"A Quest\u00e3o de g\u00eanero na atualidade: classe, g\u00eanero e ra\u00e7a - Sinpro-Rio","og_description":"Quinta-feira, 26 de mar\u00e7o, 30 de abril, 28 de maio, 25 de junho e 9 de julho das 18h \u00e0s 20h Local: Sede Centro Inscri\u00e7\u00f5es gratuitas: escola@sinpro-rio.org.br Carga hor\u00e1ria: 10 Vagas: 30","og_url":"https:\/\/www.sinpro-rio.org.br\/principal\/a-questao-de-genero-na-atualidade-classe-genero-e-raca\/","og_site_name":"Sinpro-Rio","article_published_time":"2020-02-02T13:08:00+00:00","article_modified_time":"2020-02-07T14:38:14+00:00","og_image":[{"width":802,"height":412,"url":"https:\/\/www.sinpro-rio.org.br\/principal\/wp-content\/uploads\/2020\/01\/Captura-de-tela_2020-01-03_09-54-38.png","type":"image\/png"}],"author":"Rafael","twitter_card":"summary_large_image","twitter_misc":{"Escrito por":"Rafael","Est. tempo de leitura":"1 minuto"},"schema":{"@context":"https:\/\/schema.org","@graph":[{"@type":"WebPage","@id":"https:\/\/www.sinpro-rio.org.br\/principal\/a-questao-de-genero-na-atualidade-classe-genero-e-raca\/","url":"https:\/\/www.sinpro-rio.org.br\/principal\/a-questao-de-genero-na-atualidade-classe-genero-e-raca\/","name":"A Quest\u00e3o de g\u00eanero na atualidade: classe, g\u00eanero e ra\u00e7a - Sinpro-Rio","isPartOf":{"@id":"https:\/\/www.sinpro-rio.org.br\/principal\/#website"},"primaryImageOfPage":{"@id":"https:\/\/www.sinpro-rio.org.br\/principal\/a-questao-de-genero-na-atualidade-classe-genero-e-raca\/#primaryimage"},"image":{"@id":"https:\/\/www.sinpro-rio.org.br\/principal\/a-questao-de-genero-na-atualidade-classe-genero-e-raca\/#primaryimage"},"thumbnailUrl":"https:\/\/www.sinpro-rio.org.br\/principal\/wp-content\/uploads\/2020\/01\/Captura-de-tela_2020-01-03_09-54-38.png","datePublished":"2020-02-02T13:08:00+00:00","dateModified":"2020-02-07T14:38:14+00:00","author":{"@id":"https:\/\/www.sinpro-rio.org.br\/principal\/#\/schema\/person\/513f6c0d98c231ae05be0b1f852773b1"},"breadcrumb":{"@id":"https:\/\/www.sinpro-rio.org.br\/principal\/a-questao-de-genero-na-atualidade-classe-genero-e-raca\/#breadcrumb"},"inLanguage":"pt-BR","potentialAction":[{"@type":"ReadAction","target":["https:\/\/www.sinpro-rio.org.br\/principal\/a-questao-de-genero-na-atualidade-classe-genero-e-raca\/"]}]},{"@type":"ImageObject","inLanguage":"pt-BR","@id":"https:\/\/www.sinpro-rio.org.br\/principal\/a-questao-de-genero-na-atualidade-classe-genero-e-raca\/#primaryimage","url":"https:\/\/www.sinpro-rio.org.br\/principal\/wp-content\/uploads\/2020\/01\/Captura-de-tela_2020-01-03_09-54-38.png","contentUrl":"https:\/\/www.sinpro-rio.org.br\/principal\/wp-content\/uploads\/2020\/01\/Captura-de-tela_2020-01-03_09-54-38.png","width":802,"height":412},{"@type":"BreadcrumbList","@id":"https:\/\/www.sinpro-rio.org.br\/principal\/a-questao-de-genero-na-atualidade-classe-genero-e-raca\/#breadcrumb","itemListElement":[{"@type":"ListItem","position":1,"name":"In\u00edcio","item":"https:\/\/www.sinpro-rio.org.br\/principal\/"},{"@type":"ListItem","position":2,"name":"A Quest\u00e3o de g\u00eanero na atualidade: classe, g\u00eanero e ra\u00e7a"}]},{"@type":"WebSite","@id":"https:\/\/www.sinpro-rio.org.br\/principal\/#website","url":"https:\/\/www.sinpro-rio.org.br\/principal\/","name":"Sinpro-Rio","description":"Sindicato dos Professores do Munic\u00edpio do Rio de Janeiro e Regi\u00e3o","potentialAction":[{"@type":"SearchAction","target":{"@type":"EntryPoint","urlTemplate":"https:\/\/www.sinpro-rio.org.br\/principal\/?s={search_term_string}"},"query-input":{"@type":"PropertyValueSpecification","valueRequired":true,"valueName":"search_term_string"}}],"inLanguage":"pt-BR"},{"@type":"Person","@id":"https:\/\/www.sinpro-rio.org.br\/principal\/#\/schema\/person\/513f6c0d98c231ae05be0b1f852773b1","name":"Rafael","image":{"@type":"ImageObject","inLanguage":"pt-BR","@id":"https:\/\/www.sinpro-rio.org.br\/principal\/#\/schema\/person\/image\/","url":"https:\/\/secure.gravatar.com\/avatar\/89b386dfdde3072f65f7acadfe00f325?s=96&d=mm&r=g","contentUrl":"https:\/\/secure.gravatar.com\/avatar\/89b386dfdde3072f65f7acadfe00f325?s=96&d=mm&r=g","caption":"Rafael"},"url":"https:\/\/www.sinpro-rio.org.br\/principal\/author\/rafael\/"}]}},"_links":{"self":[{"href":"https:\/\/www.sinpro-rio.org.br\/principal\/wp-json\/wp\/v2\/posts\/27235","targetHints":{"allow":["GET"]}}],"collection":[{"href":"https:\/\/www.sinpro-rio.org.br\/principal\/wp-json\/wp\/v2\/posts"}],"about":[{"href":"https:\/\/www.sinpro-rio.org.br\/principal\/wp-json\/wp\/v2\/types\/post"}],"author":[{"embeddable":true,"href":"https:\/\/www.sinpro-rio.org.br\/principal\/wp-json\/wp\/v2\/users\/8"}],"replies":[{"embeddable":true,"href":"https:\/\/www.sinpro-rio.org.br\/principal\/wp-json\/wp\/v2\/comments?post=27235"}],"version-history":[{"count":2,"href":"https:\/\/www.sinpro-rio.org.br\/principal\/wp-json\/wp\/v2\/posts\/27235\/revisions"}],"predecessor-version":[{"id":27326,"href":"https:\/\/www.sinpro-rio.org.br\/principal\/wp-json\/wp\/v2\/posts\/27235\/revisions\/27326"}],"wp:featuredmedia":[{"embeddable":true,"href":"https:\/\/www.sinpro-rio.org.br\/principal\/wp-json\/wp\/v2\/media\/27221"}],"wp:attachment":[{"href":"https:\/\/www.sinpro-rio.org.br\/principal\/wp-json\/wp\/v2\/media?parent=27235"}],"wp:term":[{"taxonomy":"category","embeddable":true,"href":"https:\/\/www.sinpro-rio.org.br\/principal\/wp-json\/wp\/v2\/categories?post=27235"},{"taxonomy":"post_tag","embeddable":true,"href":"https:\/\/www.sinpro-rio.org.br\/principal\/wp-json\/wp\/v2\/tags?post=27235"}],"curies":[{"name":"wp","href":"https:\/\/api.w.org\/{rel}","templated":true}]}}