{"id":27233,"date":"2020-02-02T10:09:00","date_gmt":"2020-02-02T13:09:00","guid":{"rendered":"https:\/\/sinpro-rio.org.br\/principal\/?p=27233"},"modified":"2020-02-07T17:22:10","modified_gmt":"2020-02-07T20:22:10","slug":"educacao-antirracista","status":"publish","type":"post","link":"https:\/\/www.sinpro-rio.org.br\/principal\/educacao-antirracista\/","title":{"rendered":"Educa\u00e7\u00e3o Antirracista"},"content":{"rendered":"\n<p class=\"has-text-align-center\">\n<strong>Curso\nde extens\u00e3o <\/strong>\n<\/p>\n\n\n\n<p class=\"has-text-align-center\"> Parceria &#8211; <strong>Gepear\/UFRJ<\/strong> (<strong>Grupo de Estudos e Pesquisas em Educa\u00e7\u00e3o Antirracista)<\/strong><\/p>\n\n\n\n<p>\nO\nCurso de Extens\u00e3o em Educa\u00e7\u00e3o Antirracista, oferecido pelo\nGepear-UFRJ em parceria com o SINPRO-Rio, ser\u00e1 um espa\u00e7o de\nconstru\u00e7\u00e3o coletiva de reflex\u00f5es e de estrat\u00e9gias pedag\u00f3gicas\npara a consolida\u00e7\u00e3o de uma Educa\u00e7\u00e3o Antirracista e Democr\u00e1tica\nem nosso pa\u00eds. Foram selecionados, para as 10 aulas presenciais,\ntemas considerados fundamentais para a compreens\u00e3o da tem\u00e1tica\nampla a ser trabalhada ao longo do curso. \n<\/p>\n\n\n\n<p><strong>S\u00e1bados,<\/strong>\nde 21 de mar\u00e7o a 11 de julho, das 9 \u00e0s 13h, na sede Centro<\/p>\n\n\n\n<p><strong>Carga\nhor\u00e1ria<\/strong>:\n60 horas \n<\/p>\n\n\n\n<p>(40\nhoras\/aula presenciais, divididas em 10 encontros + 20 horas de\natividades n\u00e3o presenciais<\/p>\n\n\n\n<p><strong>Vagas:\n<\/strong>30\n(prioridade para professores\/as sindicalizados\/as)<\/p>\n\n\n\n<p><strong>Inscri\u00e7\u00f5es\ngratuitas pelo link: <\/strong><a href=\"https:\/\/forms.gle\/DeF5PAudrWiYgc9c6\">https:\/\/forms.gle\/DeF5PAudrWiYgc9c6<\/a><\/p>\n\n\n\n<p><strong>Certifica\u00e7\u00e3o\n<\/strong>como\n\u201ccurso de extens\u00e3o\u201d, pela Faculdade de Educa\u00e7\u00e3o da UFRJ, desde\nque o aluno complete ao menos 75% da carga hor\u00e1ria presencial e\nrealize todas as atividades n\u00e3o presenciais.<\/p>\n","protected":false},"excerpt":{"rendered":"<p>S\u00e1bados, de 21 de mar\u00e7o a 11 de julho, das 9 \u00e0s 13h, na sede Centro<br \/>\nCarga hor\u00e1ria: 60 horas<br \/>\n(40 horas\/aula presenciais, divididas em 10 encontros + 20 horas de atividades n\u00e3o presenciais)<br \/>\nVagas: 30 (prioridade para professores\/as sindicalizados\/as)<\/p>\n","protected":false},"author":8,"featured_media":27221,"comment_status":"closed","ping_status":"closed","sticky":false,"template":"","format":"standard","meta":{"footnotes":""},"categories":[446,455,34],"tags":[],"class_list":["post-27233","post","type-post","status-publish","format-standard","has-post-thumbnail","hentry","category-cursos","category-destaque-escola-do-professor","category-escola-do-professor"],"yoast_head":"<!-- This site is optimized with the Yoast SEO plugin v25.7 - https:\/\/yoast.com\/wordpress\/plugins\/seo\/ -->\n<title>Educa\u00e7\u00e3o Antirracista - Sinpro-Rio<\/title>\n<meta name=\"robots\" content=\"index, follow, max-snippet:-1, max-image-preview:large, max-video-preview:-1\" \/>\n<link rel=\"canonical\" href=\"https:\/\/www.sinpro-rio.org.br\/principal\/educacao-antirracista\/\" \/>\n<meta property=\"og:locale\" content=\"pt_BR\" \/>\n<meta property=\"og:type\" content=\"article\" \/>\n<meta property=\"og:title\" content=\"Educa\u00e7\u00e3o Antirracista - Sinpro-Rio\" \/>\n<meta property=\"og:description\" content=\"S\u00e1bados, de 21 de mar\u00e7o a 11 de julho, das 9 \u00e0s 13h, na sede Centro Carga hor\u00e1ria: 60 horas (40 horas\/aula presenciais, divididas em 10 encontros + 20 horas de atividades n\u00e3o presenciais) Vagas: 30 (prioridade para professores\/as sindicalizados\/as)\" \/>\n<meta property=\"og:url\" content=\"https:\/\/www.sinpro-rio.org.br\/principal\/educacao-antirracista\/\" \/>\n<meta property=\"og:site_name\" content=\"Sinpro-Rio\" \/>\n<meta property=\"article:published_time\" content=\"2020-02-02T13:09:00+00:00\" \/>\n<meta property=\"article:modified_time\" content=\"2020-02-07T20:22:10+00:00\" \/>\n<meta property=\"og:image\" content=\"https:\/\/www.sinpro-rio.org.br\/principal\/wp-content\/uploads\/2020\/01\/Captura-de-tela_2020-01-03_09-54-38.png\" \/>\n\t<meta property=\"og:image:width\" content=\"802\" \/>\n\t<meta property=\"og:image:height\" content=\"412\" \/>\n\t<meta property=\"og:image:type\" content=\"image\/png\" \/>\n<meta name=\"author\" content=\"Rafael\" \/>\n<meta name=\"twitter:card\" content=\"summary_large_image\" \/>\n<meta name=\"twitter:label1\" content=\"Escrito por\" \/>\n\t<meta name=\"twitter:data1\" content=\"Rafael\" \/>\n\t<meta name=\"twitter:label2\" content=\"Est. tempo de leitura\" \/>\n\t<meta name=\"twitter:data2\" content=\"1 minuto\" \/>\n<script type=\"application\/ld+json\" class=\"yoast-schema-graph\">{\"@context\":\"https:\/\/schema.org\",\"@graph\":[{\"@type\":\"WebPage\",\"@id\":\"https:\/\/www.sinpro-rio.org.br\/principal\/educacao-antirracista\/\",\"url\":\"https:\/\/www.sinpro-rio.org.br\/principal\/educacao-antirracista\/\",\"name\":\"Educa\u00e7\u00e3o Antirracista - Sinpro-Rio\",\"isPartOf\":{\"@id\":\"https:\/\/www.sinpro-rio.org.br\/principal\/#website\"},\"primaryImageOfPage\":{\"@id\":\"https:\/\/www.sinpro-rio.org.br\/principal\/educacao-antirracista\/#primaryimage\"},\"image\":{\"@id\":\"https:\/\/www.sinpro-rio.org.br\/principal\/educacao-antirracista\/#primaryimage\"},\"thumbnailUrl\":\"https:\/\/www.sinpro-rio.org.br\/principal\/wp-content\/uploads\/2020\/01\/Captura-de-tela_2020-01-03_09-54-38.png\",\"datePublished\":\"2020-02-02T13:09:00+00:00\",\"dateModified\":\"2020-02-07T20:22:10+00:00\",\"author\":{\"@id\":\"https:\/\/www.sinpro-rio.org.br\/principal\/#\/schema\/person\/513f6c0d98c231ae05be0b1f852773b1\"},\"breadcrumb\":{\"@id\":\"https:\/\/www.sinpro-rio.org.br\/principal\/educacao-antirracista\/#breadcrumb\"},\"inLanguage\":\"pt-BR\",\"potentialAction\":[{\"@type\":\"ReadAction\",\"target\":[\"https:\/\/www.sinpro-rio.org.br\/principal\/educacao-antirracista\/\"]}]},{\"@type\":\"ImageObject\",\"inLanguage\":\"pt-BR\",\"@id\":\"https:\/\/www.sinpro-rio.org.br\/principal\/educacao-antirracista\/#primaryimage\",\"url\":\"https:\/\/www.sinpro-rio.org.br\/principal\/wp-content\/uploads\/2020\/01\/Captura-de-tela_2020-01-03_09-54-38.png\",\"contentUrl\":\"https:\/\/www.sinpro-rio.org.br\/principal\/wp-content\/uploads\/2020\/01\/Captura-de-tela_2020-01-03_09-54-38.png\",\"width\":802,\"height\":412},{\"@type\":\"BreadcrumbList\",\"@id\":\"https:\/\/www.sinpro-rio.org.br\/principal\/educacao-antirracista\/#breadcrumb\",\"itemListElement\":[{\"@type\":\"ListItem\",\"position\":1,\"name\":\"In\u00edcio\",\"item\":\"https:\/\/www.sinpro-rio.org.br\/principal\/\"},{\"@type\":\"ListItem\",\"position\":2,\"name\":\"Educa\u00e7\u00e3o Antirracista\"}]},{\"@type\":\"WebSite\",\"@id\":\"https:\/\/www.sinpro-rio.org.br\/principal\/#website\",\"url\":\"https:\/\/www.sinpro-rio.org.br\/principal\/\",\"name\":\"Sinpro-Rio\",\"description\":\"Sindicato dos Professores do Munic\u00edpio do Rio de Janeiro e Regi\u00e3o\",\"potentialAction\":[{\"@type\":\"SearchAction\",\"target\":{\"@type\":\"EntryPoint\",\"urlTemplate\":\"https:\/\/www.sinpro-rio.org.br\/principal\/?s={search_term_string}\"},\"query-input\":{\"@type\":\"PropertyValueSpecification\",\"valueRequired\":true,\"valueName\":\"search_term_string\"}}],\"inLanguage\":\"pt-BR\"},{\"@type\":\"Person\",\"@id\":\"https:\/\/www.sinpro-rio.org.br\/principal\/#\/schema\/person\/513f6c0d98c231ae05be0b1f852773b1\",\"name\":\"Rafael\",\"image\":{\"@type\":\"ImageObject\",\"inLanguage\":\"pt-BR\",\"@id\":\"https:\/\/www.sinpro-rio.org.br\/principal\/#\/schema\/person\/image\/\",\"url\":\"https:\/\/secure.gravatar.com\/avatar\/89b386dfdde3072f65f7acadfe00f325?s=96&d=mm&r=g\",\"contentUrl\":\"https:\/\/secure.gravatar.com\/avatar\/89b386dfdde3072f65f7acadfe00f325?s=96&d=mm&r=g\",\"caption\":\"Rafael\"},\"url\":\"https:\/\/www.sinpro-rio.org.br\/principal\/author\/rafael\/\"}]}<\/script>\n<!-- \/ Yoast SEO plugin. -->","yoast_head_json":{"title":"Educa\u00e7\u00e3o Antirracista - Sinpro-Rio","robots":{"index":"index","follow":"follow","max-snippet":"max-snippet:-1","max-image-preview":"max-image-preview:large","max-video-preview":"max-video-preview:-1"},"canonical":"https:\/\/www.sinpro-rio.org.br\/principal\/educacao-antirracista\/","og_locale":"pt_BR","og_type":"article","og_title":"Educa\u00e7\u00e3o Antirracista - Sinpro-Rio","og_description":"S\u00e1bados, de 21 de mar\u00e7o a 11 de julho, das 9 \u00e0s 13h, na sede Centro Carga hor\u00e1ria: 60 horas (40 horas\/aula presenciais, divididas em 10 encontros + 20 horas de atividades n\u00e3o presenciais) Vagas: 30 (prioridade para professores\/as sindicalizados\/as)","og_url":"https:\/\/www.sinpro-rio.org.br\/principal\/educacao-antirracista\/","og_site_name":"Sinpro-Rio","article_published_time":"2020-02-02T13:09:00+00:00","article_modified_time":"2020-02-07T20:22:10+00:00","og_image":[{"width":802,"height":412,"url":"https:\/\/www.sinpro-rio.org.br\/principal\/wp-content\/uploads\/2020\/01\/Captura-de-tela_2020-01-03_09-54-38.png","type":"image\/png"}],"author":"Rafael","twitter_card":"summary_large_image","twitter_misc":{"Escrito por":"Rafael","Est. tempo de leitura":"1 minuto"},"schema":{"@context":"https:\/\/schema.org","@graph":[{"@type":"WebPage","@id":"https:\/\/www.sinpro-rio.org.br\/principal\/educacao-antirracista\/","url":"https:\/\/www.sinpro-rio.org.br\/principal\/educacao-antirracista\/","name":"Educa\u00e7\u00e3o Antirracista - Sinpro-Rio","isPartOf":{"@id":"https:\/\/www.sinpro-rio.org.br\/principal\/#website"},"primaryImageOfPage":{"@id":"https:\/\/www.sinpro-rio.org.br\/principal\/educacao-antirracista\/#primaryimage"},"image":{"@id":"https:\/\/www.sinpro-rio.org.br\/principal\/educacao-antirracista\/#primaryimage"},"thumbnailUrl":"https:\/\/www.sinpro-rio.org.br\/principal\/wp-content\/uploads\/2020\/01\/Captura-de-tela_2020-01-03_09-54-38.png","datePublished":"2020-02-02T13:09:00+00:00","dateModified":"2020-02-07T20:22:10+00:00","author":{"@id":"https:\/\/www.sinpro-rio.org.br\/principal\/#\/schema\/person\/513f6c0d98c231ae05be0b1f852773b1"},"breadcrumb":{"@id":"https:\/\/www.sinpro-rio.org.br\/principal\/educacao-antirracista\/#breadcrumb"},"inLanguage":"pt-BR","potentialAction":[{"@type":"ReadAction","target":["https:\/\/www.sinpro-rio.org.br\/principal\/educacao-antirracista\/"]}]},{"@type":"ImageObject","inLanguage":"pt-BR","@id":"https:\/\/www.sinpro-rio.org.br\/principal\/educacao-antirracista\/#primaryimage","url":"https:\/\/www.sinpro-rio.org.br\/principal\/wp-content\/uploads\/2020\/01\/Captura-de-tela_2020-01-03_09-54-38.png","contentUrl":"https:\/\/www.sinpro-rio.org.br\/principal\/wp-content\/uploads\/2020\/01\/Captura-de-tela_2020-01-03_09-54-38.png","width":802,"height":412},{"@type":"BreadcrumbList","@id":"https:\/\/www.sinpro-rio.org.br\/principal\/educacao-antirracista\/#breadcrumb","itemListElement":[{"@type":"ListItem","position":1,"name":"In\u00edcio","item":"https:\/\/www.sinpro-rio.org.br\/principal\/"},{"@type":"ListItem","position":2,"name":"Educa\u00e7\u00e3o Antirracista"}]},{"@type":"WebSite","@id":"https:\/\/www.sinpro-rio.org.br\/principal\/#website","url":"https:\/\/www.sinpro-rio.org.br\/principal\/","name":"Sinpro-Rio","description":"Sindicato dos Professores do Munic\u00edpio do Rio de Janeiro e Regi\u00e3o","potentialAction":[{"@type":"SearchAction","target":{"@type":"EntryPoint","urlTemplate":"https:\/\/www.sinpro-rio.org.br\/principal\/?s={search_term_string}"},"query-input":{"@type":"PropertyValueSpecification","valueRequired":true,"valueName":"search_term_string"}}],"inLanguage":"pt-BR"},{"@type":"Person","@id":"https:\/\/www.sinpro-rio.org.br\/principal\/#\/schema\/person\/513f6c0d98c231ae05be0b1f852773b1","name":"Rafael","image":{"@type":"ImageObject","inLanguage":"pt-BR","@id":"https:\/\/www.sinpro-rio.org.br\/principal\/#\/schema\/person\/image\/","url":"https:\/\/secure.gravatar.com\/avatar\/89b386dfdde3072f65f7acadfe00f325?s=96&d=mm&r=g","contentUrl":"https:\/\/secure.gravatar.com\/avatar\/89b386dfdde3072f65f7acadfe00f325?s=96&d=mm&r=g","caption":"Rafael"},"url":"https:\/\/www.sinpro-rio.org.br\/principal\/author\/rafael\/"}]}},"_links":{"self":[{"href":"https:\/\/www.sinpro-rio.org.br\/principal\/wp-json\/wp\/v2\/posts\/27233","targetHints":{"allow":["GET"]}}],"collection":[{"href":"https:\/\/www.sinpro-rio.org.br\/principal\/wp-json\/wp\/v2\/posts"}],"about":[{"href":"https:\/\/www.sinpro-rio.org.br\/principal\/wp-json\/wp\/v2\/types\/post"}],"author":[{"embeddable":true,"href":"https:\/\/www.sinpro-rio.org.br\/principal\/wp-json\/wp\/v2\/users\/8"}],"replies":[{"embeddable":true,"href":"https:\/\/www.sinpro-rio.org.br\/principal\/wp-json\/wp\/v2\/comments?post=27233"}],"version-history":[{"count":3,"href":"https:\/\/www.sinpro-rio.org.br\/principal\/wp-json\/wp\/v2\/posts\/27233\/revisions"}],"predecessor-version":[{"id":27328,"href":"https:\/\/www.sinpro-rio.org.br\/principal\/wp-json\/wp\/v2\/posts\/27233\/revisions\/27328"}],"wp:featuredmedia":[{"embeddable":true,"href":"https:\/\/www.sinpro-rio.org.br\/principal\/wp-json\/wp\/v2\/media\/27221"}],"wp:attachment":[{"href":"https:\/\/www.sinpro-rio.org.br\/principal\/wp-json\/wp\/v2\/media?parent=27233"}],"wp:term":[{"taxonomy":"category","embeddable":true,"href":"https:\/\/www.sinpro-rio.org.br\/principal\/wp-json\/wp\/v2\/categories?post=27233"},{"taxonomy":"post_tag","embeddable":true,"href":"https:\/\/www.sinpro-rio.org.br\/principal\/wp-json\/wp\/v2\/tags?post=27233"}],"curies":[{"name":"wp","href":"https:\/\/api.w.org\/{rel}","templated":true}]}}