{"id":27230,"date":"2020-02-02T10:10:00","date_gmt":"2020-02-02T13:10:00","guid":{"rendered":"https:\/\/sinpro-rio.org.br\/principal\/?p=27230"},"modified":"2020-02-07T11:30:21","modified_gmt":"2020-02-07T14:30:21","slug":"curso-basico-de-formacao-politica-marielle-franco","status":"publish","type":"post","link":"https:\/\/www.sinpro-rio.org.br\/principal\/curso-basico-de-formacao-politica-marielle-franco\/","title":{"rendered":"Curso B\u00e1sico de Forma\u00e7\u00e2o Pol\u00edtica Marielle Franco"},"content":{"rendered":"\n<p class=\"has-text-align-center\"> Parceria: Coletivo de Educa\u00e7\u00e3o Popular Margarida Maria Alves<\/p>\n\n\n\n<p>\nEntrada\nFranca \n<\/p>\n\n\n\n<p><strong>S\u00e1bados,\nde 14 de mar\u00e7o a 11 de julho <\/strong>,\ndas 9h \u00e0s 12h, \n<\/p>\n\n\n\n<p><strong>Local:<\/strong>\n Subsede Campo Grande (Rua Mana\u00ed, 180 \u2013 Pr\u00f3ximo a Faculdade\nMoacyr Bastos)<\/p>\n\n\n\n<p><strong>Coordena\u00e7\u00e3o:<\/strong>\nProf\u00ba Dr\u00ba William Vieira \u2013 Doutor em Mem\u00f3ria Socail\/UNIRIO,\nProfessor da SME\/Rio<\/p>\n\n\n\n<p><strong>Carga hor\u00e1ria<\/strong> \u2013 15 horas  <strong>Vagas: <\/strong>50<\/p>\n\n\n\n<p>\n<strong>Objetivos:<\/strong><\/p>\n\n\n\n<p>Proporcionar uma forma\u00e7\u00e3o no campo da pol\u00edtica, economia, cultura e hist\u00f3ria do Brasil;<\/p>\n\n\n\n<p>\nContribuir\npara a compreens\u00e3o da realidade brasileira a partir de uma an\u00e1lise\ncr\u00edtica e participativa;<\/p>\n\n\n\n<p>Apresentar\naos participantes elementos que os auxiliem na constru\u00e7\u00e3o de um\npensamento cr\u00edtico e aut\u00f4nomo.<\/p>\n\n\n\n<p><strong>Conte\u00fados:\n<\/strong>\n<\/p>\n\n\n\n<p><strong>M\u00f3dulo\n3<\/strong><\/p>\n\n\n\n<ul class=\"wp-block-list\"><li>\n\n\t<strong>14\n\tde mar\u00e7o&nbsp;&#8211; <\/strong>Mas\n\tafinal, o que \u00e9 pol\u00edtica (an\u00e1lise de conjuntura e a import\u00e2ncia\n\tda forma\u00e7\u00e3o e do trabalho de base).&nbsp;\n\t<\/li><li>\n\n\t<strong>18\n\tde abril<\/strong>\n\t&#8211; Hist\u00f3ria e Mem\u00f3ria das Lutas Sociais na Zona Oeste.\n\t<\/li><li>\n\n\t<strong>16\n\tde maio &#8211; <\/strong>Socialismo\n\tX Capitalismo.&nbsp;\n\t<\/li><li>\n\n\t<strong>20\n\tde junho &#8211; <\/strong>A\n\tForma\u00e7\u00e3o do Pensamento Social e Pol\u00edtico Brasileiro.\n\t<\/li><li>\n\n\t<strong>11\n\tde julho &#8211; <\/strong>Movimentos\n\tSociais, Participa\u00e7\u00e3o Pol\u00edtica e Poder Popular.&nbsp;\n<\/li><\/ul>\n","protected":false},"excerpt":{"rendered":"<p>Entrada Franca<br \/>\nS\u00e1bados, de 14 de mar\u00e7o a 11 de julho , das 9h \u00e0s 12h<br \/>\nLocal:  Subsede Campo Grande (Rua Mana\u00ed, 180 \u2013 Pr\u00f3ximo a Faculdade Moacyr Bastos)<br \/>\nCoordena\u00e7\u00e3o: Prof\u00ba Dr\u00ba William Vieira \u2013 Doutor em Mem\u00f3ria Socail\/UNIRIO, Professor da SME\/Rio<\/p>\n<p>Carga hor\u00e1ria \u2013 15 horas  Vagas: 50<\/p>\n","protected":false},"author":8,"featured_media":27221,"comment_status":"closed","ping_status":"closed","sticky":false,"template":"","format":"standard","meta":{"footnotes":""},"categories":[446,34],"tags":[],"class_list":["post-27230","post","type-post","status-publish","format-standard","has-post-thumbnail","hentry","category-cursos","category-escola-do-professor"],"yoast_head":"<!-- This site is optimized with the Yoast SEO plugin v25.7 - https:\/\/yoast.com\/wordpress\/plugins\/seo\/ -->\n<title>Curso B\u00e1sico de Forma\u00e7\u00e2o Pol\u00edtica Marielle Franco - Sinpro-Rio<\/title>\n<meta name=\"robots\" content=\"index, follow, max-snippet:-1, max-image-preview:large, max-video-preview:-1\" \/>\n<link rel=\"canonical\" href=\"https:\/\/www.sinpro-rio.org.br\/principal\/curso-basico-de-formacao-politica-marielle-franco\/\" \/>\n<meta property=\"og:locale\" content=\"pt_BR\" \/>\n<meta property=\"og:type\" content=\"article\" \/>\n<meta property=\"og:title\" content=\"Curso B\u00e1sico de Forma\u00e7\u00e2o Pol\u00edtica Marielle Franco - Sinpro-Rio\" \/>\n<meta property=\"og:description\" content=\"Entrada Franca  S\u00e1bados, de 14 de mar\u00e7o a 11 de julho , das 9h \u00e0s 12h Local: Subsede Campo Grande (Rua Mana\u00ed, 180 \u2013 Pr\u00f3ximo a Faculdade Moacyr Bastos) Coordena\u00e7\u00e3o: Prof\u00ba Dr\u00ba William Vieira \u2013 Doutor em Mem\u00f3ria Socail\/UNIRIO, Professor da SME\/Rio Carga hor\u00e1ria \u2013 15 horas Vagas: 50\" \/>\n<meta property=\"og:url\" content=\"https:\/\/www.sinpro-rio.org.br\/principal\/curso-basico-de-formacao-politica-marielle-franco\/\" \/>\n<meta property=\"og:site_name\" content=\"Sinpro-Rio\" \/>\n<meta property=\"article:published_time\" content=\"2020-02-02T13:10:00+00:00\" \/>\n<meta property=\"article:modified_time\" content=\"2020-02-07T14:30:21+00:00\" \/>\n<meta property=\"og:image\" content=\"https:\/\/www.sinpro-rio.org.br\/principal\/wp-content\/uploads\/2020\/01\/Captura-de-tela_2020-01-03_09-54-38.png\" \/>\n\t<meta property=\"og:image:width\" content=\"802\" \/>\n\t<meta property=\"og:image:height\" content=\"412\" \/>\n\t<meta property=\"og:image:type\" content=\"image\/png\" \/>\n<meta name=\"author\" content=\"Rafael\" \/>\n<meta name=\"twitter:card\" content=\"summary_large_image\" \/>\n<meta name=\"twitter:label1\" content=\"Escrito por\" \/>\n\t<meta name=\"twitter:data1\" content=\"Rafael\" \/>\n\t<meta name=\"twitter:label2\" content=\"Est. tempo de leitura\" \/>\n\t<meta name=\"twitter:data2\" content=\"1 minuto\" \/>\n<script type=\"application\/ld+json\" class=\"yoast-schema-graph\">{\"@context\":\"https:\/\/schema.org\",\"@graph\":[{\"@type\":\"WebPage\",\"@id\":\"https:\/\/www.sinpro-rio.org.br\/principal\/curso-basico-de-formacao-politica-marielle-franco\/\",\"url\":\"https:\/\/www.sinpro-rio.org.br\/principal\/curso-basico-de-formacao-politica-marielle-franco\/\",\"name\":\"Curso B\u00e1sico de Forma\u00e7\u00e2o Pol\u00edtica Marielle Franco - Sinpro-Rio\",\"isPartOf\":{\"@id\":\"https:\/\/www.sinpro-rio.org.br\/principal\/#website\"},\"primaryImageOfPage\":{\"@id\":\"https:\/\/www.sinpro-rio.org.br\/principal\/curso-basico-de-formacao-politica-marielle-franco\/#primaryimage\"},\"image\":{\"@id\":\"https:\/\/www.sinpro-rio.org.br\/principal\/curso-basico-de-formacao-politica-marielle-franco\/#primaryimage\"},\"thumbnailUrl\":\"https:\/\/www.sinpro-rio.org.br\/principal\/wp-content\/uploads\/2020\/01\/Captura-de-tela_2020-01-03_09-54-38.png\",\"datePublished\":\"2020-02-02T13:10:00+00:00\",\"dateModified\":\"2020-02-07T14:30:21+00:00\",\"author\":{\"@id\":\"https:\/\/www.sinpro-rio.org.br\/principal\/#\/schema\/person\/513f6c0d98c231ae05be0b1f852773b1\"},\"breadcrumb\":{\"@id\":\"https:\/\/www.sinpro-rio.org.br\/principal\/curso-basico-de-formacao-politica-marielle-franco\/#breadcrumb\"},\"inLanguage\":\"pt-BR\",\"potentialAction\":[{\"@type\":\"ReadAction\",\"target\":[\"https:\/\/www.sinpro-rio.org.br\/principal\/curso-basico-de-formacao-politica-marielle-franco\/\"]}]},{\"@type\":\"ImageObject\",\"inLanguage\":\"pt-BR\",\"@id\":\"https:\/\/www.sinpro-rio.org.br\/principal\/curso-basico-de-formacao-politica-marielle-franco\/#primaryimage\",\"url\":\"https:\/\/www.sinpro-rio.org.br\/principal\/wp-content\/uploads\/2020\/01\/Captura-de-tela_2020-01-03_09-54-38.png\",\"contentUrl\":\"https:\/\/www.sinpro-rio.org.br\/principal\/wp-content\/uploads\/2020\/01\/Captura-de-tela_2020-01-03_09-54-38.png\",\"width\":802,\"height\":412},{\"@type\":\"BreadcrumbList\",\"@id\":\"https:\/\/www.sinpro-rio.org.br\/principal\/curso-basico-de-formacao-politica-marielle-franco\/#breadcrumb\",\"itemListElement\":[{\"@type\":\"ListItem\",\"position\":1,\"name\":\"In\u00edcio\",\"item\":\"https:\/\/www.sinpro-rio.org.br\/principal\/\"},{\"@type\":\"ListItem\",\"position\":2,\"name\":\"Curso B\u00e1sico de Forma\u00e7\u00e2o Pol\u00edtica Marielle Franco\"}]},{\"@type\":\"WebSite\",\"@id\":\"https:\/\/www.sinpro-rio.org.br\/principal\/#website\",\"url\":\"https:\/\/www.sinpro-rio.org.br\/principal\/\",\"name\":\"Sinpro-Rio\",\"description\":\"Sindicato dos Professores do Munic\u00edpio do Rio de Janeiro e Regi\u00e3o\",\"potentialAction\":[{\"@type\":\"SearchAction\",\"target\":{\"@type\":\"EntryPoint\",\"urlTemplate\":\"https:\/\/www.sinpro-rio.org.br\/principal\/?s={search_term_string}\"},\"query-input\":{\"@type\":\"PropertyValueSpecification\",\"valueRequired\":true,\"valueName\":\"search_term_string\"}}],\"inLanguage\":\"pt-BR\"},{\"@type\":\"Person\",\"@id\":\"https:\/\/www.sinpro-rio.org.br\/principal\/#\/schema\/person\/513f6c0d98c231ae05be0b1f852773b1\",\"name\":\"Rafael\",\"image\":{\"@type\":\"ImageObject\",\"inLanguage\":\"pt-BR\",\"@id\":\"https:\/\/www.sinpro-rio.org.br\/principal\/#\/schema\/person\/image\/\",\"url\":\"https:\/\/secure.gravatar.com\/avatar\/89b386dfdde3072f65f7acadfe00f325?s=96&d=mm&r=g\",\"contentUrl\":\"https:\/\/secure.gravatar.com\/avatar\/89b386dfdde3072f65f7acadfe00f325?s=96&d=mm&r=g\",\"caption\":\"Rafael\"},\"url\":\"https:\/\/www.sinpro-rio.org.br\/principal\/author\/rafael\/\"}]}<\/script>\n<!-- \/ Yoast SEO plugin. -->","yoast_head_json":{"title":"Curso B\u00e1sico de Forma\u00e7\u00e2o Pol\u00edtica Marielle Franco - Sinpro-Rio","robots":{"index":"index","follow":"follow","max-snippet":"max-snippet:-1","max-image-preview":"max-image-preview:large","max-video-preview":"max-video-preview:-1"},"canonical":"https:\/\/www.sinpro-rio.org.br\/principal\/curso-basico-de-formacao-politica-marielle-franco\/","og_locale":"pt_BR","og_type":"article","og_title":"Curso B\u00e1sico de Forma\u00e7\u00e2o Pol\u00edtica Marielle Franco - Sinpro-Rio","og_description":"Entrada Franca  S\u00e1bados, de 14 de mar\u00e7o a 11 de julho , das 9h \u00e0s 12h Local: Subsede Campo Grande (Rua Mana\u00ed, 180 \u2013 Pr\u00f3ximo a Faculdade Moacyr Bastos) Coordena\u00e7\u00e3o: Prof\u00ba Dr\u00ba William Vieira \u2013 Doutor em Mem\u00f3ria Socail\/UNIRIO, Professor da SME\/Rio Carga hor\u00e1ria \u2013 15 horas Vagas: 50","og_url":"https:\/\/www.sinpro-rio.org.br\/principal\/curso-basico-de-formacao-politica-marielle-franco\/","og_site_name":"Sinpro-Rio","article_published_time":"2020-02-02T13:10:00+00:00","article_modified_time":"2020-02-07T14:30:21+00:00","og_image":[{"width":802,"height":412,"url":"https:\/\/www.sinpro-rio.org.br\/principal\/wp-content\/uploads\/2020\/01\/Captura-de-tela_2020-01-03_09-54-38.png","type":"image\/png"}],"author":"Rafael","twitter_card":"summary_large_image","twitter_misc":{"Escrito por":"Rafael","Est. tempo de leitura":"1 minuto"},"schema":{"@context":"https:\/\/schema.org","@graph":[{"@type":"WebPage","@id":"https:\/\/www.sinpro-rio.org.br\/principal\/curso-basico-de-formacao-politica-marielle-franco\/","url":"https:\/\/www.sinpro-rio.org.br\/principal\/curso-basico-de-formacao-politica-marielle-franco\/","name":"Curso B\u00e1sico de Forma\u00e7\u00e2o Pol\u00edtica Marielle Franco - Sinpro-Rio","isPartOf":{"@id":"https:\/\/www.sinpro-rio.org.br\/principal\/#website"},"primaryImageOfPage":{"@id":"https:\/\/www.sinpro-rio.org.br\/principal\/curso-basico-de-formacao-politica-marielle-franco\/#primaryimage"},"image":{"@id":"https:\/\/www.sinpro-rio.org.br\/principal\/curso-basico-de-formacao-politica-marielle-franco\/#primaryimage"},"thumbnailUrl":"https:\/\/www.sinpro-rio.org.br\/principal\/wp-content\/uploads\/2020\/01\/Captura-de-tela_2020-01-03_09-54-38.png","datePublished":"2020-02-02T13:10:00+00:00","dateModified":"2020-02-07T14:30:21+00:00","author":{"@id":"https:\/\/www.sinpro-rio.org.br\/principal\/#\/schema\/person\/513f6c0d98c231ae05be0b1f852773b1"},"breadcrumb":{"@id":"https:\/\/www.sinpro-rio.org.br\/principal\/curso-basico-de-formacao-politica-marielle-franco\/#breadcrumb"},"inLanguage":"pt-BR","potentialAction":[{"@type":"ReadAction","target":["https:\/\/www.sinpro-rio.org.br\/principal\/curso-basico-de-formacao-politica-marielle-franco\/"]}]},{"@type":"ImageObject","inLanguage":"pt-BR","@id":"https:\/\/www.sinpro-rio.org.br\/principal\/curso-basico-de-formacao-politica-marielle-franco\/#primaryimage","url":"https:\/\/www.sinpro-rio.org.br\/principal\/wp-content\/uploads\/2020\/01\/Captura-de-tela_2020-01-03_09-54-38.png","contentUrl":"https:\/\/www.sinpro-rio.org.br\/principal\/wp-content\/uploads\/2020\/01\/Captura-de-tela_2020-01-03_09-54-38.png","width":802,"height":412},{"@type":"BreadcrumbList","@id":"https:\/\/www.sinpro-rio.org.br\/principal\/curso-basico-de-formacao-politica-marielle-franco\/#breadcrumb","itemListElement":[{"@type":"ListItem","position":1,"name":"In\u00edcio","item":"https:\/\/www.sinpro-rio.org.br\/principal\/"},{"@type":"ListItem","position":2,"name":"Curso B\u00e1sico de Forma\u00e7\u00e2o Pol\u00edtica Marielle Franco"}]},{"@type":"WebSite","@id":"https:\/\/www.sinpro-rio.org.br\/principal\/#website","url":"https:\/\/www.sinpro-rio.org.br\/principal\/","name":"Sinpro-Rio","description":"Sindicato dos Professores do Munic\u00edpio do Rio de Janeiro e Regi\u00e3o","potentialAction":[{"@type":"SearchAction","target":{"@type":"EntryPoint","urlTemplate":"https:\/\/www.sinpro-rio.org.br\/principal\/?s={search_term_string}"},"query-input":{"@type":"PropertyValueSpecification","valueRequired":true,"valueName":"search_term_string"}}],"inLanguage":"pt-BR"},{"@type":"Person","@id":"https:\/\/www.sinpro-rio.org.br\/principal\/#\/schema\/person\/513f6c0d98c231ae05be0b1f852773b1","name":"Rafael","image":{"@type":"ImageObject","inLanguage":"pt-BR","@id":"https:\/\/www.sinpro-rio.org.br\/principal\/#\/schema\/person\/image\/","url":"https:\/\/secure.gravatar.com\/avatar\/89b386dfdde3072f65f7acadfe00f325?s=96&d=mm&r=g","contentUrl":"https:\/\/secure.gravatar.com\/avatar\/89b386dfdde3072f65f7acadfe00f325?s=96&d=mm&r=g","caption":"Rafael"},"url":"https:\/\/www.sinpro-rio.org.br\/principal\/author\/rafael\/"}]}},"_links":{"self":[{"href":"https:\/\/www.sinpro-rio.org.br\/principal\/wp-json\/wp\/v2\/posts\/27230","targetHints":{"allow":["GET"]}}],"collection":[{"href":"https:\/\/www.sinpro-rio.org.br\/principal\/wp-json\/wp\/v2\/posts"}],"about":[{"href":"https:\/\/www.sinpro-rio.org.br\/principal\/wp-json\/wp\/v2\/types\/post"}],"author":[{"embeddable":true,"href":"https:\/\/www.sinpro-rio.org.br\/principal\/wp-json\/wp\/v2\/users\/8"}],"replies":[{"embeddable":true,"href":"https:\/\/www.sinpro-rio.org.br\/principal\/wp-json\/wp\/v2\/comments?post=27230"}],"version-history":[{"count":2,"href":"https:\/\/www.sinpro-rio.org.br\/principal\/wp-json\/wp\/v2\/posts\/27230\/revisions"}],"predecessor-version":[{"id":27329,"href":"https:\/\/www.sinpro-rio.org.br\/principal\/wp-json\/wp\/v2\/posts\/27230\/revisions\/27329"}],"wp:featuredmedia":[{"embeddable":true,"href":"https:\/\/www.sinpro-rio.org.br\/principal\/wp-json\/wp\/v2\/media\/27221"}],"wp:attachment":[{"href":"https:\/\/www.sinpro-rio.org.br\/principal\/wp-json\/wp\/v2\/media?parent=27230"}],"wp:term":[{"taxonomy":"category","embeddable":true,"href":"https:\/\/www.sinpro-rio.org.br\/principal\/wp-json\/wp\/v2\/categories?post=27230"},{"taxonomy":"post_tag","embeddable":true,"href":"https:\/\/www.sinpro-rio.org.br\/principal\/wp-json\/wp\/v2\/tags?post=27230"}],"curies":[{"name":"wp","href":"https:\/\/api.w.org\/{rel}","templated":true}]}}