{"id":27227,"date":"2020-02-02T10:11:00","date_gmt":"2020-02-02T13:11:00","guid":{"rendered":"https:\/\/sinpro-rio.org.br\/principal\/?p=27227"},"modified":"2020-02-10T10:52:12","modified_gmt":"2020-02-10T13:52:12","slug":"cursos-de-extensao","status":"publish","type":"post","link":"https:\/\/www.sinpro-rio.org.br\/principal\/cursos-de-extensao\/","title":{"rendered":"CURSO DE EXTENS\u00c3O &#8211; FEMINISMOS, RESIST\u00caNCIA E LUTAS NO BRASIL DOS RETROCESSOS"},"content":{"rendered":"\n<p class=\"has-text-align-center\"> Parceria ELAHP   <\/p>\n\n\n\n<p>\n<strong>De\n14 de mar\u00e7o a 16 de maio<\/strong><\/p>\n\n\n\n<p>\n<strong>S\u00e1bados,\ndas 9 \u00e0s 13h, na Sede Centro<\/strong><\/p>\n\n\n\n<p>\n<strong>Carga\nhor\u00e1ria<\/strong>:\n28 horas \t\tIncri\u00e7\u00f5es pelo site: <a href=\"http:\/\/www.elahp.com.br\/\">www.elahp.com.br<\/a><\/p>\n\n\n\n<p>\n<strong>Valor:<\/strong>\nR$ 70,00<\/p>\n\n\n\n<p><strong>Aulas\navulsas:<\/strong>\nR$ 20,00<\/p>\n\n\n\n<p>\n<strong>Ementa<\/strong><\/p>\n\n\n\n<p>\nIntroduzir\nna discuss\u00e3o te\u00f3rico-metodol\u00f3gica de diferentes linhas de\npensamento e a\u00e7\u00e3o feministas, contextualizadas pelas pr\u00e1ticas de\nmulheres feministas. Fundamenta\u00e7\u00e3o te\u00f3rica b\u00e1sica e aplica\u00e7\u00f5es\npr\u00e1ticas do Feminismo, com foco nos feminismos de terceira onda e\ncontempor\u00e2neos, considerando a conjuntura de lutas feministas local,\nnacional e global. De que maneira os pensamentos feministas foram se\nconstruindo. Processos hist\u00f3ricos e a disputa por uma constru\u00e7\u00e3o\nanti-imperialista, anti-racista e anti-liberal do pensamento e a\u00e7\u00e3o\nfeministas. Feminismo e a luta pelo socialismo.<\/p>\n\n\n\n<p>\nDentro\nda l\u00f3gica dicot\u00f4mica e hier\u00e1rquica do pensamento&nbsp;hegem\u00f4nico\nnos pa\u00edses imperialistas, aqueles que foram assinalados como \u201csul\u201d\n\u2013 colonizado e \u201csubdesenvolvido\u201d \u2013 s\u00f3 existem em oposi\u00e7\u00e3o\nao \u201cnorte\u201d&nbsp;-imperialista e &#8220;desenvolvido&#8221; -, que\nconstantemente \u00e9 o \u00fanico legitimado como produtor de conhecimento.\nEssa l\u00f3gica divis\u00e3o&nbsp;hier\u00e1rquica se estende&nbsp;tamb\u00e9m a\noutras constru\u00e7\u00f5es sociais: classe, ra\u00e7a, g\u00eanero e sexualidade\ns\u00e3o alguns dos atravessamentos que influenciam as experi\u00eancias\ndas\/os sujeitas\/os em suas viv\u00eancias.<\/p>\n\n\n\n<p><strong>Coordena\u00e7\u00e3o\nGeral dos Cursos ELAHP RJ <\/strong>\u2013\nElisa Guaran\u00e1 de Castro e Lucas Ramos<\/p>\n\n\n\n<p>\n<strong>Coordena\u00e7\u00e3o\nPedag\u00f3gica: <\/strong>Jaqueline\nGomes e Roberta Calixto<\/p>\n\n\n\n<p> <strong>Professoras: <\/strong>Elisa Guaran\u00e1, Jaqueline de Jesus, Luena Pereira, Moema Guedes, Roberta Calixto    <\/p>\n","protected":false},"excerpt":{"rendered":"<p>Parceria ELAHP<\/p>\n","protected":false},"author":8,"featured_media":27221,"comment_status":"closed","ping_status":"closed","sticky":false,"template":"","format":"standard","meta":{"footnotes":""},"categories":[446,455,34],"tags":[],"class_list":["post-27227","post","type-post","status-publish","format-standard","has-post-thumbnail","hentry","category-cursos","category-destaque-escola-do-professor","category-escola-do-professor"],"yoast_head":"<!-- This site is optimized with the Yoast SEO plugin v25.7 - https:\/\/yoast.com\/wordpress\/plugins\/seo\/ -->\n<title>CURSO DE EXTENS\u00c3O - FEMINISMOS, RESIST\u00caNCIA E LUTAS NO BRASIL DOS RETROCESSOS - Sinpro-Rio<\/title>\n<meta name=\"robots\" content=\"index, follow, max-snippet:-1, max-image-preview:large, max-video-preview:-1\" \/>\n<link rel=\"canonical\" href=\"https:\/\/www.sinpro-rio.org.br\/principal\/cursos-de-extensao\/\" \/>\n<meta property=\"og:locale\" content=\"pt_BR\" \/>\n<meta property=\"og:type\" content=\"article\" \/>\n<meta property=\"og:title\" content=\"CURSO DE EXTENS\u00c3O - FEMINISMOS, RESIST\u00caNCIA E LUTAS NO BRASIL DOS RETROCESSOS - Sinpro-Rio\" \/>\n<meta property=\"og:description\" content=\"Parceria ELAHP\" \/>\n<meta property=\"og:url\" content=\"https:\/\/www.sinpro-rio.org.br\/principal\/cursos-de-extensao\/\" \/>\n<meta property=\"og:site_name\" content=\"Sinpro-Rio\" \/>\n<meta property=\"article:published_time\" content=\"2020-02-02T13:11:00+00:00\" \/>\n<meta property=\"article:modified_time\" content=\"2020-02-10T13:52:12+00:00\" \/>\n<meta property=\"og:image\" content=\"https:\/\/www.sinpro-rio.org.br\/principal\/wp-content\/uploads\/2020\/01\/Captura-de-tela_2020-01-03_09-54-38.png\" \/>\n\t<meta property=\"og:image:width\" content=\"802\" \/>\n\t<meta property=\"og:image:height\" content=\"412\" \/>\n\t<meta property=\"og:image:type\" content=\"image\/png\" \/>\n<meta name=\"author\" content=\"Rafael\" \/>\n<meta name=\"twitter:card\" content=\"summary_large_image\" \/>\n<meta name=\"twitter:label1\" content=\"Escrito por\" \/>\n\t<meta name=\"twitter:data1\" content=\"Rafael\" \/>\n\t<meta name=\"twitter:label2\" content=\"Est. tempo de leitura\" \/>\n\t<meta name=\"twitter:data2\" content=\"1 minuto\" \/>\n<script type=\"application\/ld+json\" class=\"yoast-schema-graph\">{\"@context\":\"https:\/\/schema.org\",\"@graph\":[{\"@type\":\"WebPage\",\"@id\":\"https:\/\/www.sinpro-rio.org.br\/principal\/cursos-de-extensao\/\",\"url\":\"https:\/\/www.sinpro-rio.org.br\/principal\/cursos-de-extensao\/\",\"name\":\"CURSO DE EXTENS\u00c3O - FEMINISMOS, RESIST\u00caNCIA E LUTAS NO BRASIL DOS RETROCESSOS - Sinpro-Rio\",\"isPartOf\":{\"@id\":\"https:\/\/www.sinpro-rio.org.br\/principal\/#website\"},\"primaryImageOfPage\":{\"@id\":\"https:\/\/www.sinpro-rio.org.br\/principal\/cursos-de-extensao\/#primaryimage\"},\"image\":{\"@id\":\"https:\/\/www.sinpro-rio.org.br\/principal\/cursos-de-extensao\/#primaryimage\"},\"thumbnailUrl\":\"https:\/\/www.sinpro-rio.org.br\/principal\/wp-content\/uploads\/2020\/01\/Captura-de-tela_2020-01-03_09-54-38.png\",\"datePublished\":\"2020-02-02T13:11:00+00:00\",\"dateModified\":\"2020-02-10T13:52:12+00:00\",\"author\":{\"@id\":\"https:\/\/www.sinpro-rio.org.br\/principal\/#\/schema\/person\/513f6c0d98c231ae05be0b1f852773b1\"},\"breadcrumb\":{\"@id\":\"https:\/\/www.sinpro-rio.org.br\/principal\/cursos-de-extensao\/#breadcrumb\"},\"inLanguage\":\"pt-BR\",\"potentialAction\":[{\"@type\":\"ReadAction\",\"target\":[\"https:\/\/www.sinpro-rio.org.br\/principal\/cursos-de-extensao\/\"]}]},{\"@type\":\"ImageObject\",\"inLanguage\":\"pt-BR\",\"@id\":\"https:\/\/www.sinpro-rio.org.br\/principal\/cursos-de-extensao\/#primaryimage\",\"url\":\"https:\/\/www.sinpro-rio.org.br\/principal\/wp-content\/uploads\/2020\/01\/Captura-de-tela_2020-01-03_09-54-38.png\",\"contentUrl\":\"https:\/\/www.sinpro-rio.org.br\/principal\/wp-content\/uploads\/2020\/01\/Captura-de-tela_2020-01-03_09-54-38.png\",\"width\":802,\"height\":412},{\"@type\":\"BreadcrumbList\",\"@id\":\"https:\/\/www.sinpro-rio.org.br\/principal\/cursos-de-extensao\/#breadcrumb\",\"itemListElement\":[{\"@type\":\"ListItem\",\"position\":1,\"name\":\"In\u00edcio\",\"item\":\"https:\/\/www.sinpro-rio.org.br\/principal\/\"},{\"@type\":\"ListItem\",\"position\":2,\"name\":\"CURSO DE EXTENS\u00c3O &#8211; FEMINISMOS, RESIST\u00caNCIA E LUTAS NO BRASIL DOS RETROCESSOS\"}]},{\"@type\":\"WebSite\",\"@id\":\"https:\/\/www.sinpro-rio.org.br\/principal\/#website\",\"url\":\"https:\/\/www.sinpro-rio.org.br\/principal\/\",\"name\":\"Sinpro-Rio\",\"description\":\"Sindicato dos Professores do Munic\u00edpio do Rio de Janeiro e Regi\u00e3o\",\"potentialAction\":[{\"@type\":\"SearchAction\",\"target\":{\"@type\":\"EntryPoint\",\"urlTemplate\":\"https:\/\/www.sinpro-rio.org.br\/principal\/?s={search_term_string}\"},\"query-input\":{\"@type\":\"PropertyValueSpecification\",\"valueRequired\":true,\"valueName\":\"search_term_string\"}}],\"inLanguage\":\"pt-BR\"},{\"@type\":\"Person\",\"@id\":\"https:\/\/www.sinpro-rio.org.br\/principal\/#\/schema\/person\/513f6c0d98c231ae05be0b1f852773b1\",\"name\":\"Rafael\",\"image\":{\"@type\":\"ImageObject\",\"inLanguage\":\"pt-BR\",\"@id\":\"https:\/\/www.sinpro-rio.org.br\/principal\/#\/schema\/person\/image\/\",\"url\":\"https:\/\/secure.gravatar.com\/avatar\/89b386dfdde3072f65f7acadfe00f325?s=96&d=mm&r=g\",\"contentUrl\":\"https:\/\/secure.gravatar.com\/avatar\/89b386dfdde3072f65f7acadfe00f325?s=96&d=mm&r=g\",\"caption\":\"Rafael\"},\"url\":\"https:\/\/www.sinpro-rio.org.br\/principal\/author\/rafael\/\"}]}<\/script>\n<!-- \/ Yoast SEO plugin. -->","yoast_head_json":{"title":"CURSO DE EXTENS\u00c3O - FEMINISMOS, RESIST\u00caNCIA E LUTAS NO BRASIL DOS RETROCESSOS - Sinpro-Rio","robots":{"index":"index","follow":"follow","max-snippet":"max-snippet:-1","max-image-preview":"max-image-preview:large","max-video-preview":"max-video-preview:-1"},"canonical":"https:\/\/www.sinpro-rio.org.br\/principal\/cursos-de-extensao\/","og_locale":"pt_BR","og_type":"article","og_title":"CURSO DE EXTENS\u00c3O - FEMINISMOS, RESIST\u00caNCIA E LUTAS NO BRASIL DOS RETROCESSOS - Sinpro-Rio","og_description":"Parceria ELAHP","og_url":"https:\/\/www.sinpro-rio.org.br\/principal\/cursos-de-extensao\/","og_site_name":"Sinpro-Rio","article_published_time":"2020-02-02T13:11:00+00:00","article_modified_time":"2020-02-10T13:52:12+00:00","og_image":[{"width":802,"height":412,"url":"https:\/\/www.sinpro-rio.org.br\/principal\/wp-content\/uploads\/2020\/01\/Captura-de-tela_2020-01-03_09-54-38.png","type":"image\/png"}],"author":"Rafael","twitter_card":"summary_large_image","twitter_misc":{"Escrito por":"Rafael","Est. tempo de leitura":"1 minuto"},"schema":{"@context":"https:\/\/schema.org","@graph":[{"@type":"WebPage","@id":"https:\/\/www.sinpro-rio.org.br\/principal\/cursos-de-extensao\/","url":"https:\/\/www.sinpro-rio.org.br\/principal\/cursos-de-extensao\/","name":"CURSO DE EXTENS\u00c3O - FEMINISMOS, RESIST\u00caNCIA E LUTAS NO BRASIL DOS RETROCESSOS - Sinpro-Rio","isPartOf":{"@id":"https:\/\/www.sinpro-rio.org.br\/principal\/#website"},"primaryImageOfPage":{"@id":"https:\/\/www.sinpro-rio.org.br\/principal\/cursos-de-extensao\/#primaryimage"},"image":{"@id":"https:\/\/www.sinpro-rio.org.br\/principal\/cursos-de-extensao\/#primaryimage"},"thumbnailUrl":"https:\/\/www.sinpro-rio.org.br\/principal\/wp-content\/uploads\/2020\/01\/Captura-de-tela_2020-01-03_09-54-38.png","datePublished":"2020-02-02T13:11:00+00:00","dateModified":"2020-02-10T13:52:12+00:00","author":{"@id":"https:\/\/www.sinpro-rio.org.br\/principal\/#\/schema\/person\/513f6c0d98c231ae05be0b1f852773b1"},"breadcrumb":{"@id":"https:\/\/www.sinpro-rio.org.br\/principal\/cursos-de-extensao\/#breadcrumb"},"inLanguage":"pt-BR","potentialAction":[{"@type":"ReadAction","target":["https:\/\/www.sinpro-rio.org.br\/principal\/cursos-de-extensao\/"]}]},{"@type":"ImageObject","inLanguage":"pt-BR","@id":"https:\/\/www.sinpro-rio.org.br\/principal\/cursos-de-extensao\/#primaryimage","url":"https:\/\/www.sinpro-rio.org.br\/principal\/wp-content\/uploads\/2020\/01\/Captura-de-tela_2020-01-03_09-54-38.png","contentUrl":"https:\/\/www.sinpro-rio.org.br\/principal\/wp-content\/uploads\/2020\/01\/Captura-de-tela_2020-01-03_09-54-38.png","width":802,"height":412},{"@type":"BreadcrumbList","@id":"https:\/\/www.sinpro-rio.org.br\/principal\/cursos-de-extensao\/#breadcrumb","itemListElement":[{"@type":"ListItem","position":1,"name":"In\u00edcio","item":"https:\/\/www.sinpro-rio.org.br\/principal\/"},{"@type":"ListItem","position":2,"name":"CURSO DE EXTENS\u00c3O &#8211; FEMINISMOS, RESIST\u00caNCIA E LUTAS NO BRASIL DOS RETROCESSOS"}]},{"@type":"WebSite","@id":"https:\/\/www.sinpro-rio.org.br\/principal\/#website","url":"https:\/\/www.sinpro-rio.org.br\/principal\/","name":"Sinpro-Rio","description":"Sindicato dos Professores do Munic\u00edpio do Rio de Janeiro e Regi\u00e3o","potentialAction":[{"@type":"SearchAction","target":{"@type":"EntryPoint","urlTemplate":"https:\/\/www.sinpro-rio.org.br\/principal\/?s={search_term_string}"},"query-input":{"@type":"PropertyValueSpecification","valueRequired":true,"valueName":"search_term_string"}}],"inLanguage":"pt-BR"},{"@type":"Person","@id":"https:\/\/www.sinpro-rio.org.br\/principal\/#\/schema\/person\/513f6c0d98c231ae05be0b1f852773b1","name":"Rafael","image":{"@type":"ImageObject","inLanguage":"pt-BR","@id":"https:\/\/www.sinpro-rio.org.br\/principal\/#\/schema\/person\/image\/","url":"https:\/\/secure.gravatar.com\/avatar\/89b386dfdde3072f65f7acadfe00f325?s=96&d=mm&r=g","contentUrl":"https:\/\/secure.gravatar.com\/avatar\/89b386dfdde3072f65f7acadfe00f325?s=96&d=mm&r=g","caption":"Rafael"},"url":"https:\/\/www.sinpro-rio.org.br\/principal\/author\/rafael\/"}]}},"_links":{"self":[{"href":"https:\/\/www.sinpro-rio.org.br\/principal\/wp-json\/wp\/v2\/posts\/27227","targetHints":{"allow":["GET"]}}],"collection":[{"href":"https:\/\/www.sinpro-rio.org.br\/principal\/wp-json\/wp\/v2\/posts"}],"about":[{"href":"https:\/\/www.sinpro-rio.org.br\/principal\/wp-json\/wp\/v2\/types\/post"}],"author":[{"embeddable":true,"href":"https:\/\/www.sinpro-rio.org.br\/principal\/wp-json\/wp\/v2\/users\/8"}],"replies":[{"embeddable":true,"href":"https:\/\/www.sinpro-rio.org.br\/principal\/wp-json\/wp\/v2\/comments?post=27227"}],"version-history":[{"count":5,"href":"https:\/\/www.sinpro-rio.org.br\/principal\/wp-json\/wp\/v2\/posts\/27227\/revisions"}],"predecessor-version":[{"id":27363,"href":"https:\/\/www.sinpro-rio.org.br\/principal\/wp-json\/wp\/v2\/posts\/27227\/revisions\/27363"}],"wp:featuredmedia":[{"embeddable":true,"href":"https:\/\/www.sinpro-rio.org.br\/principal\/wp-json\/wp\/v2\/media\/27221"}],"wp:attachment":[{"href":"https:\/\/www.sinpro-rio.org.br\/principal\/wp-json\/wp\/v2\/media?parent=27227"}],"wp:term":[{"taxonomy":"category","embeddable":true,"href":"https:\/\/www.sinpro-rio.org.br\/principal\/wp-json\/wp\/v2\/categories?post=27227"},{"taxonomy":"post_tag","embeddable":true,"href":"https:\/\/www.sinpro-rio.org.br\/principal\/wp-json\/wp\/v2\/tags?post=27227"}],"curies":[{"name":"wp","href":"https:\/\/api.w.org\/{rel}","templated":true}]}}