{"id":26951,"date":"2019-10-11T11:01:17","date_gmt":"2019-10-11T14:01:17","guid":{"rendered":"https:\/\/sinpro-rio.org.br\/principal\/?p=26951"},"modified":"2020-01-02T09:44:41","modified_gmt":"2020-01-02T12:44:41","slug":"fortes-de-niteroi-santa-cruz-e-sao-luiz","status":"publish","type":"post","link":"https:\/\/www.sinpro-rio.org.br\/principal\/fortes-de-niteroi-santa-cruz-e-sao-luiz\/","title":{"rendered":"Visita aos Fortes de Niter\u00f3i: Santa Cruz e S\u00e3o Luiz"},"content":{"rendered":"\n<p class=\"has-text-align-center\">PASSEIO<\/p>\n\n\n\n<p><strong>Data:<\/strong> S\u00e1bado, 7 de dezembro, Sa\u00edda \u00e0s 8h<\/p>\n\n\n\n<p><strong>Ponto de encontro: <\/strong>Pra\u00e7a do Professor, em frente ao Sinpro-Rio \u2013 Rua Pedro Lessa, 35, \u00e0s 7h40<\/p>\n\n\n\n<div class=\"wp-block-image\"><figure class=\"aligncenter\"><img fetchpriority=\"high\" decoding=\"async\" width=\"759\" height=\"551\" src=\"https:\/\/sinpro-rio.org.br\/principal\/wp-content\/uploads\/2019\/11\/Captura-de-tela_2019-11-11_11-14-26-1.png\" alt=\"\" class=\"wp-image-27010\" srcset=\"https:\/\/www.sinpro-rio.org.br\/principal\/wp-content\/uploads\/2019\/11\/Captura-de-tela_2019-11-11_11-14-26-1.png 759w, https:\/\/www.sinpro-rio.org.br\/principal\/wp-content\/uploads\/2019\/11\/Captura-de-tela_2019-11-11_11-14-26-1-138x100.png 138w, https:\/\/www.sinpro-rio.org.br\/principal\/wp-content\/uploads\/2019\/11\/Captura-de-tela_2019-11-11_11-14-26-1-413x300.png 413w\" sizes=\"(max-width: 759px) 100vw, 759px\" \/><\/figure><\/div>\n\n\n\n<blockquote class=\"wp-block-quote is-layout-flow wp-block-quote-is-layout-flow\"><p>As muralhas da Fortaleza de Santa Cruz da Barra foram erguidas em 1555 com pedras cortadas e assentadas \u00e0 m\u00e3o. Localizada ao lado do canal de entrada da Ba\u00eda de Guanabara, possui um acervo de 45 canh\u00f5es dos s\u00e9culos XVIII e XIX, al\u00e9m de uma capela de 1612, com uma imagem de Santa B\u00e1rbara do s\u00e9culo XVIII. A obra Forte S\u00e3o Luiz teve conclus\u00e3o em 1775 e apresenta diversos tipos de canh\u00f5es dos mais variados calibres utilizados na 2\u00aa Guerra Mundial e trazidos para o Brasil como trof\u00e9us da guerra.<\/p><\/blockquote>\n\n\n\n<p> <strong>Reservas<\/strong>: Para garantir a vaga, \u00e9 necess\u00e1rio efetuar o pagamento at\u00e9 10 dias antes.<\/p>\n\n\n\n<p> <strong>Inscri\u00e7\u00f5es:<\/strong> Sinpro-Rio<\/p>\n\n\n\n<p> <strong>Valor: <\/strong>R$ 34<\/p>\n\n\n\n<p> <strong>Vagas:<\/strong> 15<\/p>\n\n\n\n<p> <strong>Observa\u00e7\u00e3o:<\/strong> Ingressos para os fortes e almo\u00e7o s\u00e3o de responsabilidade individual.<\/p>\n","protected":false},"excerpt":{"rendered":"<p>PASSEIO Data: S\u00e1bado, 7 de dezembro, Sa\u00edda \u00e0s 8h Ponto de encontro: Pra\u00e7a do Professor, em frente ao Sinpro-Rio \u2013 Rua Pedro Lessa, 35, \u00e0s 7h40 As muralhas da Fortaleza de Santa Cruz da Barra foram erguidas em 1555 com pedras cortadas e assentadas \u00e0 m\u00e3o. Localizada ao lado do canal de entrada da Ba\u00eda [&hellip;]<\/p>\n","protected":false},"author":8,"featured_media":26954,"comment_status":"closed","ping_status":"closed","sticky":false,"template":"","format":"standard","meta":{"footnotes":""},"categories":[34,456],"tags":[],"class_list":["post-26951","post","type-post","status-publish","format-standard","has-post-thumbnail","hentry","category-escola-do-professor","category-sindtur"],"yoast_head":"<!-- This site is optimized with the Yoast SEO plugin v25.7 - https:\/\/yoast.com\/wordpress\/plugins\/seo\/ -->\n<title>Visita aos Fortes de Niter\u00f3i: Santa Cruz e S\u00e3o Luiz - Sinpro-Rio<\/title>\n<meta name=\"robots\" content=\"index, follow, max-snippet:-1, max-image-preview:large, max-video-preview:-1\" \/>\n<link rel=\"canonical\" href=\"https:\/\/www.sinpro-rio.org.br\/principal\/fortes-de-niteroi-santa-cruz-e-sao-luiz\/\" \/>\n<meta property=\"og:locale\" content=\"pt_BR\" \/>\n<meta property=\"og:type\" content=\"article\" \/>\n<meta property=\"og:title\" content=\"Visita aos Fortes de Niter\u00f3i: Santa Cruz e S\u00e3o Luiz - Sinpro-Rio\" \/>\n<meta property=\"og:description\" content=\"PASSEIO Data: S\u00e1bado, 7 de dezembro, Sa\u00edda \u00e0s 8h Ponto de encontro: Pra\u00e7a do Professor, em frente ao Sinpro-Rio \u2013 Rua Pedro Lessa, 35, \u00e0s 7h40 As muralhas da Fortaleza de Santa Cruz da Barra foram erguidas em 1555 com pedras cortadas e assentadas \u00e0 m\u00e3o. Localizada ao lado do canal de entrada da Ba\u00eda [&hellip;]\" \/>\n<meta property=\"og:url\" content=\"https:\/\/www.sinpro-rio.org.br\/principal\/fortes-de-niteroi-santa-cruz-e-sao-luiz\/\" \/>\n<meta property=\"og:site_name\" content=\"Sinpro-Rio\" \/>\n<meta property=\"article:published_time\" content=\"2019-10-11T14:01:17+00:00\" \/>\n<meta property=\"article:modified_time\" content=\"2020-01-02T12:44:41+00:00\" \/>\n<meta property=\"og:image\" content=\"https:\/\/www.sinpro-rio.org.br\/principal\/wp-content\/uploads\/2019\/11\/sintur1.png\" \/>\n\t<meta property=\"og:image:width\" content=\"300\" \/>\n\t<meta property=\"og:image:height\" content=\"200\" \/>\n\t<meta property=\"og:image:type\" content=\"image\/png\" \/>\n<meta name=\"author\" content=\"Rafael\" \/>\n<meta name=\"twitter:card\" content=\"summary_large_image\" \/>\n<meta name=\"twitter:label1\" content=\"Escrito por\" \/>\n\t<meta name=\"twitter:data1\" content=\"Rafael\" \/>\n\t<meta name=\"twitter:label2\" content=\"Est. tempo de leitura\" \/>\n\t<meta name=\"twitter:data2\" content=\"1 minuto\" \/>\n<script type=\"application\/ld+json\" class=\"yoast-schema-graph\">{\"@context\":\"https:\/\/schema.org\",\"@graph\":[{\"@type\":\"WebPage\",\"@id\":\"https:\/\/www.sinpro-rio.org.br\/principal\/fortes-de-niteroi-santa-cruz-e-sao-luiz\/\",\"url\":\"https:\/\/www.sinpro-rio.org.br\/principal\/fortes-de-niteroi-santa-cruz-e-sao-luiz\/\",\"name\":\"Visita aos Fortes de Niter\u00f3i: Santa Cruz e S\u00e3o Luiz - Sinpro-Rio\",\"isPartOf\":{\"@id\":\"https:\/\/www.sinpro-rio.org.br\/principal\/#website\"},\"primaryImageOfPage\":{\"@id\":\"https:\/\/www.sinpro-rio.org.br\/principal\/fortes-de-niteroi-santa-cruz-e-sao-luiz\/#primaryimage\"},\"image\":{\"@id\":\"https:\/\/www.sinpro-rio.org.br\/principal\/fortes-de-niteroi-santa-cruz-e-sao-luiz\/#primaryimage\"},\"thumbnailUrl\":\"https:\/\/www.sinpro-rio.org.br\/principal\/wp-content\/uploads\/2019\/11\/sintur1.png\",\"datePublished\":\"2019-10-11T14:01:17+00:00\",\"dateModified\":\"2020-01-02T12:44:41+00:00\",\"author\":{\"@id\":\"https:\/\/www.sinpro-rio.org.br\/principal\/#\/schema\/person\/513f6c0d98c231ae05be0b1f852773b1\"},\"breadcrumb\":{\"@id\":\"https:\/\/www.sinpro-rio.org.br\/principal\/fortes-de-niteroi-santa-cruz-e-sao-luiz\/#breadcrumb\"},\"inLanguage\":\"pt-BR\",\"potentialAction\":[{\"@type\":\"ReadAction\",\"target\":[\"https:\/\/www.sinpro-rio.org.br\/principal\/fortes-de-niteroi-santa-cruz-e-sao-luiz\/\"]}]},{\"@type\":\"ImageObject\",\"inLanguage\":\"pt-BR\",\"@id\":\"https:\/\/www.sinpro-rio.org.br\/principal\/fortes-de-niteroi-santa-cruz-e-sao-luiz\/#primaryimage\",\"url\":\"https:\/\/www.sinpro-rio.org.br\/principal\/wp-content\/uploads\/2019\/11\/sintur1.png\",\"contentUrl\":\"https:\/\/www.sinpro-rio.org.br\/principal\/wp-content\/uploads\/2019\/11\/sintur1.png\",\"width\":300,\"height\":200},{\"@type\":\"BreadcrumbList\",\"@id\":\"https:\/\/www.sinpro-rio.org.br\/principal\/fortes-de-niteroi-santa-cruz-e-sao-luiz\/#breadcrumb\",\"itemListElement\":[{\"@type\":\"ListItem\",\"position\":1,\"name\":\"In\u00edcio\",\"item\":\"https:\/\/www.sinpro-rio.org.br\/principal\/\"},{\"@type\":\"ListItem\",\"position\":2,\"name\":\"Visita aos Fortes de Niter\u00f3i: Santa Cruz e S\u00e3o Luiz\"}]},{\"@type\":\"WebSite\",\"@id\":\"https:\/\/www.sinpro-rio.org.br\/principal\/#website\",\"url\":\"https:\/\/www.sinpro-rio.org.br\/principal\/\",\"name\":\"Sinpro-Rio\",\"description\":\"Sindicato dos Professores do Munic\u00edpio do Rio de Janeiro e Regi\u00e3o\",\"potentialAction\":[{\"@type\":\"SearchAction\",\"target\":{\"@type\":\"EntryPoint\",\"urlTemplate\":\"https:\/\/www.sinpro-rio.org.br\/principal\/?s={search_term_string}\"},\"query-input\":{\"@type\":\"PropertyValueSpecification\",\"valueRequired\":true,\"valueName\":\"search_term_string\"}}],\"inLanguage\":\"pt-BR\"},{\"@type\":\"Person\",\"@id\":\"https:\/\/www.sinpro-rio.org.br\/principal\/#\/schema\/person\/513f6c0d98c231ae05be0b1f852773b1\",\"name\":\"Rafael\",\"image\":{\"@type\":\"ImageObject\",\"inLanguage\":\"pt-BR\",\"@id\":\"https:\/\/www.sinpro-rio.org.br\/principal\/#\/schema\/person\/image\/\",\"url\":\"https:\/\/secure.gravatar.com\/avatar\/89b386dfdde3072f65f7acadfe00f325?s=96&d=mm&r=g\",\"contentUrl\":\"https:\/\/secure.gravatar.com\/avatar\/89b386dfdde3072f65f7acadfe00f325?s=96&d=mm&r=g\",\"caption\":\"Rafael\"},\"url\":\"https:\/\/www.sinpro-rio.org.br\/principal\/author\/rafael\/\"}]}<\/script>\n<!-- \/ Yoast SEO plugin. -->","yoast_head_json":{"title":"Visita aos Fortes de Niter\u00f3i: Santa Cruz e S\u00e3o Luiz - Sinpro-Rio","robots":{"index":"index","follow":"follow","max-snippet":"max-snippet:-1","max-image-preview":"max-image-preview:large","max-video-preview":"max-video-preview:-1"},"canonical":"https:\/\/www.sinpro-rio.org.br\/principal\/fortes-de-niteroi-santa-cruz-e-sao-luiz\/","og_locale":"pt_BR","og_type":"article","og_title":"Visita aos Fortes de Niter\u00f3i: Santa Cruz e S\u00e3o Luiz - Sinpro-Rio","og_description":"PASSEIO Data: S\u00e1bado, 7 de dezembro, Sa\u00edda \u00e0s 8h Ponto de encontro: Pra\u00e7a do Professor, em frente ao Sinpro-Rio \u2013 Rua Pedro Lessa, 35, \u00e0s 7h40 As muralhas da Fortaleza de Santa Cruz da Barra foram erguidas em 1555 com pedras cortadas e assentadas \u00e0 m\u00e3o. Localizada ao lado do canal de entrada da Ba\u00eda [&hellip;]","og_url":"https:\/\/www.sinpro-rio.org.br\/principal\/fortes-de-niteroi-santa-cruz-e-sao-luiz\/","og_site_name":"Sinpro-Rio","article_published_time":"2019-10-11T14:01:17+00:00","article_modified_time":"2020-01-02T12:44:41+00:00","og_image":[{"width":300,"height":200,"url":"https:\/\/www.sinpro-rio.org.br\/principal\/wp-content\/uploads\/2019\/11\/sintur1.png","type":"image\/png"}],"author":"Rafael","twitter_card":"summary_large_image","twitter_misc":{"Escrito por":"Rafael","Est. tempo de leitura":"1 minuto"},"schema":{"@context":"https:\/\/schema.org","@graph":[{"@type":"WebPage","@id":"https:\/\/www.sinpro-rio.org.br\/principal\/fortes-de-niteroi-santa-cruz-e-sao-luiz\/","url":"https:\/\/www.sinpro-rio.org.br\/principal\/fortes-de-niteroi-santa-cruz-e-sao-luiz\/","name":"Visita aos Fortes de Niter\u00f3i: Santa Cruz e S\u00e3o Luiz - Sinpro-Rio","isPartOf":{"@id":"https:\/\/www.sinpro-rio.org.br\/principal\/#website"},"primaryImageOfPage":{"@id":"https:\/\/www.sinpro-rio.org.br\/principal\/fortes-de-niteroi-santa-cruz-e-sao-luiz\/#primaryimage"},"image":{"@id":"https:\/\/www.sinpro-rio.org.br\/principal\/fortes-de-niteroi-santa-cruz-e-sao-luiz\/#primaryimage"},"thumbnailUrl":"https:\/\/www.sinpro-rio.org.br\/principal\/wp-content\/uploads\/2019\/11\/sintur1.png","datePublished":"2019-10-11T14:01:17+00:00","dateModified":"2020-01-02T12:44:41+00:00","author":{"@id":"https:\/\/www.sinpro-rio.org.br\/principal\/#\/schema\/person\/513f6c0d98c231ae05be0b1f852773b1"},"breadcrumb":{"@id":"https:\/\/www.sinpro-rio.org.br\/principal\/fortes-de-niteroi-santa-cruz-e-sao-luiz\/#breadcrumb"},"inLanguage":"pt-BR","potentialAction":[{"@type":"ReadAction","target":["https:\/\/www.sinpro-rio.org.br\/principal\/fortes-de-niteroi-santa-cruz-e-sao-luiz\/"]}]},{"@type":"ImageObject","inLanguage":"pt-BR","@id":"https:\/\/www.sinpro-rio.org.br\/principal\/fortes-de-niteroi-santa-cruz-e-sao-luiz\/#primaryimage","url":"https:\/\/www.sinpro-rio.org.br\/principal\/wp-content\/uploads\/2019\/11\/sintur1.png","contentUrl":"https:\/\/www.sinpro-rio.org.br\/principal\/wp-content\/uploads\/2019\/11\/sintur1.png","width":300,"height":200},{"@type":"BreadcrumbList","@id":"https:\/\/www.sinpro-rio.org.br\/principal\/fortes-de-niteroi-santa-cruz-e-sao-luiz\/#breadcrumb","itemListElement":[{"@type":"ListItem","position":1,"name":"In\u00edcio","item":"https:\/\/www.sinpro-rio.org.br\/principal\/"},{"@type":"ListItem","position":2,"name":"Visita aos Fortes de Niter\u00f3i: Santa Cruz e S\u00e3o Luiz"}]},{"@type":"WebSite","@id":"https:\/\/www.sinpro-rio.org.br\/principal\/#website","url":"https:\/\/www.sinpro-rio.org.br\/principal\/","name":"Sinpro-Rio","description":"Sindicato dos Professores do Munic\u00edpio do Rio de Janeiro e Regi\u00e3o","potentialAction":[{"@type":"SearchAction","target":{"@type":"EntryPoint","urlTemplate":"https:\/\/www.sinpro-rio.org.br\/principal\/?s={search_term_string}"},"query-input":{"@type":"PropertyValueSpecification","valueRequired":true,"valueName":"search_term_string"}}],"inLanguage":"pt-BR"},{"@type":"Person","@id":"https:\/\/www.sinpro-rio.org.br\/principal\/#\/schema\/person\/513f6c0d98c231ae05be0b1f852773b1","name":"Rafael","image":{"@type":"ImageObject","inLanguage":"pt-BR","@id":"https:\/\/www.sinpro-rio.org.br\/principal\/#\/schema\/person\/image\/","url":"https:\/\/secure.gravatar.com\/avatar\/89b386dfdde3072f65f7acadfe00f325?s=96&d=mm&r=g","contentUrl":"https:\/\/secure.gravatar.com\/avatar\/89b386dfdde3072f65f7acadfe00f325?s=96&d=mm&r=g","caption":"Rafael"},"url":"https:\/\/www.sinpro-rio.org.br\/principal\/author\/rafael\/"}]}},"_links":{"self":[{"href":"https:\/\/www.sinpro-rio.org.br\/principal\/wp-json\/wp\/v2\/posts\/26951","targetHints":{"allow":["GET"]}}],"collection":[{"href":"https:\/\/www.sinpro-rio.org.br\/principal\/wp-json\/wp\/v2\/posts"}],"about":[{"href":"https:\/\/www.sinpro-rio.org.br\/principal\/wp-json\/wp\/v2\/types\/post"}],"author":[{"embeddable":true,"href":"https:\/\/www.sinpro-rio.org.br\/principal\/wp-json\/wp\/v2\/users\/8"}],"replies":[{"embeddable":true,"href":"https:\/\/www.sinpro-rio.org.br\/principal\/wp-json\/wp\/v2\/comments?post=26951"}],"version-history":[{"count":9,"href":"https:\/\/www.sinpro-rio.org.br\/principal\/wp-json\/wp\/v2\/posts\/26951\/revisions"}],"predecessor-version":[{"id":27213,"href":"https:\/\/www.sinpro-rio.org.br\/principal\/wp-json\/wp\/v2\/posts\/26951\/revisions\/27213"}],"wp:featuredmedia":[{"embeddable":true,"href":"https:\/\/www.sinpro-rio.org.br\/principal\/wp-json\/wp\/v2\/media\/26954"}],"wp:attachment":[{"href":"https:\/\/www.sinpro-rio.org.br\/principal\/wp-json\/wp\/v2\/media?parent=26951"}],"wp:term":[{"taxonomy":"category","embeddable":true,"href":"https:\/\/www.sinpro-rio.org.br\/principal\/wp-json\/wp\/v2\/categories?post=26951"},{"taxonomy":"post_tag","embeddable":true,"href":"https:\/\/www.sinpro-rio.org.br\/principal\/wp-json\/wp\/v2\/tags?post=26951"}],"curies":[{"name":"wp","href":"https:\/\/api.w.org\/{rel}","templated":true}]}}