{"id":26331,"date":"2017-11-08T10:49:41","date_gmt":"2017-11-08T12:49:41","guid":{"rendered":"http:\/\/sinpro-rio.org.br\/principal\/site\/?p=22960"},"modified":"2017-11-08T10:49:41","modified_gmt":"2017-11-08T12:49:41","slug":"etica-historia-de-nelson-levy%ef%bb%bf-2","status":"publish","type":"post","link":"https:\/\/www.sinpro-rio.org.br\/principal\/etica-historia-de-nelson-levy%ef%bb%bf-2\/","title":{"rendered":"\u00c9tica &amp; Hist\u00f3ria de Nelson Levy?"},"content":{"rendered":"\n<h3 class=\"wp-block-heading\"><br \/><\/h3>\n\n\n<p>Quais os crit\u00e9rios da Vida Boa? Nada nos angustia e nos mobiliza mais do que esta quest\u00e3o. E, quando cessa a ang\u00fastia, a din\u00e2mica vital aprisiona-se aos mecanismos imediatos do h\u00e1bito e do real. A rigor, esse \u00e9 o ciclo inevit\u00e1vel da hist\u00f3ria individual e coletiva. Definimos, antes, os nossos sentidos existenciais, os nossos crit\u00e9rios do bem e do mal, e passamos a viver objetivamente para eles como se nos tivessem sido dados para sempre. De repente, visualizamos a possibilidade de nos experimentar em novos modos de ser e de existir, e tudo recome\u00e7a&#8230;<\/p>\n\n\n<p>S\u00e3o a din\u00e2mica e a est\u00e1tica da vida humana que se expressam, diferentes a cada \u00e9poca, no curso da hist\u00f3ria. Redirecionamos o fluxo das nossas vidas em busca de novos padr\u00f5es de felicidade, depois nos alienamos a eles por um tempo indeterminado. N\u00e3o que isso seja bom ou ruim: \u00e9 apenas a condi\u00e7\u00e3o da nossa historicidade e da nossa realidade.<\/p>\n\n\n<p>Longe de oferecer um receitu\u00e1rio da Vida Boa, este livro tenta demonstrar, na esteira de uma determinada tradi\u00e7\u00e3o hist\u00f3rico-filos\u00f3fica, que a rela\u00e7\u00e3o humana com o bem e com a felicidade \u00e9, ao mesmo tempo, a quest\u00e3o-chave da \u00e9tica e da hist\u00f3ria. E mais. Pretende ainda propor que \u2013 longe de qualquer imposi\u00e7\u00e3o natural ou divina &#8211; respondemos sempre a essa quest\u00e3o na condi\u00e7\u00e3o de sujeitos livres e criativos.<\/p>\n\n\n<p>Se, de fato, a vida humana carece de um sentido pr\u00e9vio, ent\u00e3o estamos liberados para imaginar uma finalidade qualquer, para eleg\u00ea-la como crit\u00e9rio do bem e objeto de desejo e, em seguida, adot\u00e1-la como fundamento do nosso ser e do nosso existir concretos. Tudo transcorre assim, na vida e na hist\u00f3ria, sob o est\u00edmulo dessa luta incessante do sujeito para criar um sentido e realiz\u00e1-lo no mundo humano.<\/p>\n\n\n<p>Nelson Levy<\/p>\n\n\n<h4 class=\"wp-block-heading\">Onde encontrar ?<\/h4>\n\n\n<p><strong>Editora&nbsp;<\/strong>Relume Dumar\u00e1&nbsp;<br \/><strong>E-mail:<\/strong>&nbsp;<a href=\"mailto:vendas@relumedumara.com.br\">vendas@relumedumara.com.br<br \/><\/a><strong>Endere\u00e7o:<\/strong>&nbsp;Rua Nova Jerusal\u00e9m 345 Bonsucesso &#8211; 21042-235 Rio de Janeiro RJ &#8211; Brasil<br \/><strong>Telefone:<\/strong>&nbsp;(21) 2564-6869<\/p>\n","protected":false},"excerpt":{"rendered":"<p>Quais os crit\u00e9rios da Vida Boa? Nada nos angustia e nos mobiliza mais do que esta quest\u00e3o. E, quando cessa a ang\u00fastia, a din\u00e2mica vital aprisiona-se aos mecanismos imediatos do h\u00e1bito e do real. A rigor, esse \u00e9 o ciclo inevit\u00e1vel da hist\u00f3ria individual e coletiva. Definimos, antes, os nossos sentidos existenciais, os nossos crit\u00e9rios [&hellip;]<\/p>\n","protected":false},"author":1,"featured_media":22961,"comment_status":"open","ping_status":"open","sticky":false,"template":"","format":"standard","meta":{"footnotes":""},"categories":[31,13],"tags":[378,377,376],"class_list":["post-26331","post","type-post","status-publish","format-standard","has-post-thumbnail","hentry","category-estante-do-professor","category-publicac-es","tag-378","tag-nelson-levy","tag-relume-dumara"],"yoast_head":"<!-- This site is optimized with the Yoast SEO plugin v25.7 - https:\/\/yoast.com\/wordpress\/plugins\/seo\/ -->\n<title>\u00c9tica &amp; Hist\u00f3ria de Nelson Levy? - Sinpro-Rio<\/title>\n<meta name=\"robots\" content=\"index, follow, max-snippet:-1, max-image-preview:large, max-video-preview:-1\" \/>\n<link rel=\"canonical\" href=\"https:\/\/www.sinpro-rio.org.br\/principal\/etica-historia-de-nelson-levy\ufeff-2\/\" \/>\n<meta property=\"og:locale\" content=\"pt_BR\" \/>\n<meta property=\"og:type\" content=\"article\" \/>\n<meta property=\"og:title\" content=\"\u00c9tica &amp; Hist\u00f3ria de Nelson Levy? - Sinpro-Rio\" \/>\n<meta property=\"og:description\" content=\"Quais os crit\u00e9rios da Vida Boa? Nada nos angustia e nos mobiliza mais do que esta quest\u00e3o. E, quando cessa a ang\u00fastia, a din\u00e2mica vital aprisiona-se aos mecanismos imediatos do h\u00e1bito e do real. A rigor, esse \u00e9 o ciclo inevit\u00e1vel da hist\u00f3ria individual e coletiva. Definimos, antes, os nossos sentidos existenciais, os nossos crit\u00e9rios [&hellip;]\" \/>\n<meta property=\"og:url\" content=\"https:\/\/www.sinpro-rio.org.br\/principal\/etica-historia-de-nelson-levy\ufeff-2\/\" \/>\n<meta property=\"og:site_name\" content=\"Sinpro-Rio\" \/>\n<meta property=\"article:published_time\" content=\"2017-11-08T12:49:41+00:00\" \/>\n<meta property=\"og:image\" content=\"https:\/\/www.sinpro-rio.org.br\/principal\/wp-content\/uploads\/2018\/11\/20-etica-historia.gif\" \/>\n\t<meta property=\"og:image:width\" content=\"100\" \/>\n\t<meta property=\"og:image:height\" content=\"144\" \/>\n\t<meta property=\"og:image:type\" content=\"image\/gif\" \/>\n<meta name=\"author\" content=\"rafaelrjp\" \/>\n<meta name=\"twitter:card\" content=\"summary_large_image\" \/>\n<meta name=\"twitter:label1\" content=\"Escrito por\" \/>\n\t<meta name=\"twitter:data1\" content=\"rafaelrjp\" \/>\n\t<meta name=\"twitter:label2\" content=\"Est. tempo de leitura\" \/>\n\t<meta name=\"twitter:data2\" content=\"2 minutos\" \/>\n<script type=\"application\/ld+json\" class=\"yoast-schema-graph\">{\"@context\":\"https:\/\/schema.org\",\"@graph\":[{\"@type\":\"WebPage\",\"@id\":\"https:\/\/www.sinpro-rio.org.br\/principal\/etica-historia-de-nelson-levy%ef%bb%bf-2\/\",\"url\":\"https:\/\/www.sinpro-rio.org.br\/principal\/etica-historia-de-nelson-levy%ef%bb%bf-2\/\",\"name\":\"\u00c9tica &amp; Hist\u00f3ria de Nelson Levy? - Sinpro-Rio\",\"isPartOf\":{\"@id\":\"https:\/\/www.sinpro-rio.org.br\/principal\/#website\"},\"primaryImageOfPage\":{\"@id\":\"https:\/\/www.sinpro-rio.org.br\/principal\/etica-historia-de-nelson-levy%ef%bb%bf-2\/#primaryimage\"},\"image\":{\"@id\":\"https:\/\/www.sinpro-rio.org.br\/principal\/etica-historia-de-nelson-levy%ef%bb%bf-2\/#primaryimage\"},\"thumbnailUrl\":\"https:\/\/www.sinpro-rio.org.br\/principal\/wp-content\/uploads\/2018\/11\/20-etica-historia.gif\",\"datePublished\":\"2017-11-08T12:49:41+00:00\",\"author\":{\"@id\":\"https:\/\/www.sinpro-rio.org.br\/principal\/#\/schema\/person\/49feb585a2f57a31a6bd9f16f78e5be6\"},\"breadcrumb\":{\"@id\":\"https:\/\/www.sinpro-rio.org.br\/principal\/etica-historia-de-nelson-levy%ef%bb%bf-2\/#breadcrumb\"},\"inLanguage\":\"pt-BR\",\"potentialAction\":[{\"@type\":\"ReadAction\",\"target\":[\"https:\/\/www.sinpro-rio.org.br\/principal\/etica-historia-de-nelson-levy%ef%bb%bf-2\/\"]}]},{\"@type\":\"ImageObject\",\"inLanguage\":\"pt-BR\",\"@id\":\"https:\/\/www.sinpro-rio.org.br\/principal\/etica-historia-de-nelson-levy%ef%bb%bf-2\/#primaryimage\",\"url\":\"https:\/\/www.sinpro-rio.org.br\/principal\/wp-content\/uploads\/2018\/11\/20-etica-historia.gif\",\"contentUrl\":\"https:\/\/www.sinpro-rio.org.br\/principal\/wp-content\/uploads\/2018\/11\/20-etica-historia.gif\",\"width\":100,\"height\":144},{\"@type\":\"BreadcrumbList\",\"@id\":\"https:\/\/www.sinpro-rio.org.br\/principal\/etica-historia-de-nelson-levy%ef%bb%bf-2\/#breadcrumb\",\"itemListElement\":[{\"@type\":\"ListItem\",\"position\":1,\"name\":\"In\u00edcio\",\"item\":\"https:\/\/www.sinpro-rio.org.br\/principal\/\"},{\"@type\":\"ListItem\",\"position\":2,\"name\":\"\u00c9tica &amp; Hist\u00f3ria de Nelson Levy?\"}]},{\"@type\":\"WebSite\",\"@id\":\"https:\/\/www.sinpro-rio.org.br\/principal\/#website\",\"url\":\"https:\/\/www.sinpro-rio.org.br\/principal\/\",\"name\":\"Sinpro-Rio\",\"description\":\"Sindicato dos Professores do Munic\u00edpio do Rio de Janeiro e Regi\u00e3o\",\"potentialAction\":[{\"@type\":\"SearchAction\",\"target\":{\"@type\":\"EntryPoint\",\"urlTemplate\":\"https:\/\/www.sinpro-rio.org.br\/principal\/?s={search_term_string}\"},\"query-input\":{\"@type\":\"PropertyValueSpecification\",\"valueRequired\":true,\"valueName\":\"search_term_string\"}}],\"inLanguage\":\"pt-BR\"},{\"@type\":\"Person\",\"@id\":\"https:\/\/www.sinpro-rio.org.br\/principal\/#\/schema\/person\/49feb585a2f57a31a6bd9f16f78e5be6\",\"name\":\"rafaelrjp\",\"image\":{\"@type\":\"ImageObject\",\"inLanguage\":\"pt-BR\",\"@id\":\"https:\/\/www.sinpro-rio.org.br\/principal\/#\/schema\/person\/image\/\",\"url\":\"https:\/\/secure.gravatar.com\/avatar\/489371a0ba4655c340b519882c68cf68?s=96&d=mm&r=g\",\"contentUrl\":\"https:\/\/secure.gravatar.com\/avatar\/489371a0ba4655c340b519882c68cf68?s=96&d=mm&r=g\",\"caption\":\"rafaelrjp\"},\"url\":\"https:\/\/www.sinpro-rio.org.br\/principal\/author\/rafaelrjp\/\"}]}<\/script>\n<!-- \/ Yoast SEO plugin. -->","yoast_head_json":{"title":"\u00c9tica &amp; Hist\u00f3ria de Nelson Levy? - Sinpro-Rio","robots":{"index":"index","follow":"follow","max-snippet":"max-snippet:-1","max-image-preview":"max-image-preview:large","max-video-preview":"max-video-preview:-1"},"canonical":"https:\/\/www.sinpro-rio.org.br\/principal\/etica-historia-de-nelson-levy\ufeff-2\/","og_locale":"pt_BR","og_type":"article","og_title":"\u00c9tica &amp; Hist\u00f3ria de Nelson Levy? - Sinpro-Rio","og_description":"Quais os crit\u00e9rios da Vida Boa? Nada nos angustia e nos mobiliza mais do que esta quest\u00e3o. E, quando cessa a ang\u00fastia, a din\u00e2mica vital aprisiona-se aos mecanismos imediatos do h\u00e1bito e do real. A rigor, esse \u00e9 o ciclo inevit\u00e1vel da hist\u00f3ria individual e coletiva. Definimos, antes, os nossos sentidos existenciais, os nossos crit\u00e9rios [&hellip;]","og_url":"https:\/\/www.sinpro-rio.org.br\/principal\/etica-historia-de-nelson-levy\ufeff-2\/","og_site_name":"Sinpro-Rio","article_published_time":"2017-11-08T12:49:41+00:00","og_image":[{"width":100,"height":144,"url":"https:\/\/www.sinpro-rio.org.br\/principal\/wp-content\/uploads\/2018\/11\/20-etica-historia.gif","type":"image\/gif"}],"author":"rafaelrjp","twitter_card":"summary_large_image","twitter_misc":{"Escrito por":"rafaelrjp","Est. tempo de leitura":"2 minutos"},"schema":{"@context":"https:\/\/schema.org","@graph":[{"@type":"WebPage","@id":"https:\/\/www.sinpro-rio.org.br\/principal\/etica-historia-de-nelson-levy%ef%bb%bf-2\/","url":"https:\/\/www.sinpro-rio.org.br\/principal\/etica-historia-de-nelson-levy%ef%bb%bf-2\/","name":"\u00c9tica &amp; Hist\u00f3ria de Nelson Levy? - Sinpro-Rio","isPartOf":{"@id":"https:\/\/www.sinpro-rio.org.br\/principal\/#website"},"primaryImageOfPage":{"@id":"https:\/\/www.sinpro-rio.org.br\/principal\/etica-historia-de-nelson-levy%ef%bb%bf-2\/#primaryimage"},"image":{"@id":"https:\/\/www.sinpro-rio.org.br\/principal\/etica-historia-de-nelson-levy%ef%bb%bf-2\/#primaryimage"},"thumbnailUrl":"https:\/\/www.sinpro-rio.org.br\/principal\/wp-content\/uploads\/2018\/11\/20-etica-historia.gif","datePublished":"2017-11-08T12:49:41+00:00","author":{"@id":"https:\/\/www.sinpro-rio.org.br\/principal\/#\/schema\/person\/49feb585a2f57a31a6bd9f16f78e5be6"},"breadcrumb":{"@id":"https:\/\/www.sinpro-rio.org.br\/principal\/etica-historia-de-nelson-levy%ef%bb%bf-2\/#breadcrumb"},"inLanguage":"pt-BR","potentialAction":[{"@type":"ReadAction","target":["https:\/\/www.sinpro-rio.org.br\/principal\/etica-historia-de-nelson-levy%ef%bb%bf-2\/"]}]},{"@type":"ImageObject","inLanguage":"pt-BR","@id":"https:\/\/www.sinpro-rio.org.br\/principal\/etica-historia-de-nelson-levy%ef%bb%bf-2\/#primaryimage","url":"https:\/\/www.sinpro-rio.org.br\/principal\/wp-content\/uploads\/2018\/11\/20-etica-historia.gif","contentUrl":"https:\/\/www.sinpro-rio.org.br\/principal\/wp-content\/uploads\/2018\/11\/20-etica-historia.gif","width":100,"height":144},{"@type":"BreadcrumbList","@id":"https:\/\/www.sinpro-rio.org.br\/principal\/etica-historia-de-nelson-levy%ef%bb%bf-2\/#breadcrumb","itemListElement":[{"@type":"ListItem","position":1,"name":"In\u00edcio","item":"https:\/\/www.sinpro-rio.org.br\/principal\/"},{"@type":"ListItem","position":2,"name":"\u00c9tica &amp; Hist\u00f3ria de Nelson Levy?"}]},{"@type":"WebSite","@id":"https:\/\/www.sinpro-rio.org.br\/principal\/#website","url":"https:\/\/www.sinpro-rio.org.br\/principal\/","name":"Sinpro-Rio","description":"Sindicato dos Professores do Munic\u00edpio do Rio de Janeiro e Regi\u00e3o","potentialAction":[{"@type":"SearchAction","target":{"@type":"EntryPoint","urlTemplate":"https:\/\/www.sinpro-rio.org.br\/principal\/?s={search_term_string}"},"query-input":{"@type":"PropertyValueSpecification","valueRequired":true,"valueName":"search_term_string"}}],"inLanguage":"pt-BR"},{"@type":"Person","@id":"https:\/\/www.sinpro-rio.org.br\/principal\/#\/schema\/person\/49feb585a2f57a31a6bd9f16f78e5be6","name":"rafaelrjp","image":{"@type":"ImageObject","inLanguage":"pt-BR","@id":"https:\/\/www.sinpro-rio.org.br\/principal\/#\/schema\/person\/image\/","url":"https:\/\/secure.gravatar.com\/avatar\/489371a0ba4655c340b519882c68cf68?s=96&d=mm&r=g","contentUrl":"https:\/\/secure.gravatar.com\/avatar\/489371a0ba4655c340b519882c68cf68?s=96&d=mm&r=g","caption":"rafaelrjp"},"url":"https:\/\/www.sinpro-rio.org.br\/principal\/author\/rafaelrjp\/"}]}},"_links":{"self":[{"href":"https:\/\/www.sinpro-rio.org.br\/principal\/wp-json\/wp\/v2\/posts\/26331","targetHints":{"allow":["GET"]}}],"collection":[{"href":"https:\/\/www.sinpro-rio.org.br\/principal\/wp-json\/wp\/v2\/posts"}],"about":[{"href":"https:\/\/www.sinpro-rio.org.br\/principal\/wp-json\/wp\/v2\/types\/post"}],"author":[{"embeddable":true,"href":"https:\/\/www.sinpro-rio.org.br\/principal\/wp-json\/wp\/v2\/users\/1"}],"replies":[{"embeddable":true,"href":"https:\/\/www.sinpro-rio.org.br\/principal\/wp-json\/wp\/v2\/comments?post=26331"}],"version-history":[{"count":0,"href":"https:\/\/www.sinpro-rio.org.br\/principal\/wp-json\/wp\/v2\/posts\/26331\/revisions"}],"wp:featuredmedia":[{"embeddable":true,"href":"https:\/\/www.sinpro-rio.org.br\/principal\/wp-json\/wp\/v2\/media\/22961"}],"wp:attachment":[{"href":"https:\/\/www.sinpro-rio.org.br\/principal\/wp-json\/wp\/v2\/media?parent=26331"}],"wp:term":[{"taxonomy":"category","embeddable":true,"href":"https:\/\/www.sinpro-rio.org.br\/principal\/wp-json\/wp\/v2\/categories?post=26331"},{"taxonomy":"post_tag","embeddable":true,"href":"https:\/\/www.sinpro-rio.org.br\/principal\/wp-json\/wp\/v2\/tags?post=26331"}],"curies":[{"name":"wp","href":"https:\/\/api.w.org\/{rel}","templated":true}]}}