{"id":26305,"date":"2015-12-11T00:00:00","date_gmt":"2015-12-11T00:00:00","guid":{"rendered":"https:\/\/sinpro-rio.org.br\/principal\/quot-le-plaisir-de-parler-quot-alunos-do-curso-de-franc-s-apresentam-peca-no-sindicato-2\/"},"modified":"2015-12-11T00:00:00","modified_gmt":"2015-12-11T00:00:00","slug":"quot-le-plaisir-de-parler-quot-alunos-do-curso-de-franc-s-apresentam-peca-no-sindicato-2","status":"publish","type":"post","link":"https:\/\/www.sinpro-rio.org.br\/principal\/quot-le-plaisir-de-parler-quot-alunos-do-curso-de-franc-s-apresentam-peca-no-sindicato-2\/","title":{"rendered":"&#034;Le plaisir de parler&#034;: alunos do curso de franc\u00eas apresentam pe\u00e7a no Sindicato"},"content":{"rendered":"\n<p>\n <em><br \/>\n  11\/12\/2015<br \/>\n <\/em>\n<\/p>\n<p>\n <img decoding=\"async\" align=\"right\" alt=\"foto\" src=\"http:\/\/www.sinprorio.pro.br\/site_antigo\/imagens\/noticia\/2015\/frances1012.JPG\" width=\"400\"\/>\n<\/p>\n<p>\n Como em todos os anos, os alunos do curso de franc\u00eas da Escola do Professor, da professora Ana Sylvia, classe de teatro, elaboraram uma pe\u00e7a, que foi<br \/>\napresentada nesta quinta, dia 10 de dezembro, com entrada franca.<\/p>\n<p>\n  A apresenta\u00e7\u00e3o \u00e9 uma maneira l\u00fadica de aprender<br \/>\na l\u00edngua e de unir todos num s\u00f3 objetivo: o aprendizado da l\u00edngua francesa.<\/p>\n<p>\n   Veja as fotos da apresenta\u00e7\u00e3o<br \/>\n   <a href=\"https:\/\/www.facebook.com\/media\/set\/?set=a.1156179617744170.1073741873.298247816870692&amp;type=3&amp;uploaded=50\"><br \/>\n    aqui<br \/>\n   <\/a><br \/>\n   .\n  <\/p>\n<\/p>\n<p>\n A apresenta\u00e7\u00e3o \u00e9 uma maneira l\u00fadica de aprender<br \/>\na l\u00edngua e de unir todos num s\u00f3 objetivo: o aprendizado da l\u00edngua francesa.<\/p>\n<p>\n  Veja as fotos da apresenta\u00e7\u00e3o<br \/>\n  <a href=\"https:\/\/www.facebook.com\/media\/set\/?set=a.1156179617744170.1073741873.298247816870692&amp;type=3&amp;uploaded=50\"><br \/>\n   aqui<br \/>\n  <\/a><br \/>\n  .\n <\/p>\n<\/p>\n<p>\n Veja as fotos da apresenta\u00e7\u00e3o<br \/>\n <a href=\"https:\/\/www.facebook.com\/media\/set\/?set=a.1156179617744170.1073741873.298247816870692&amp;type=3&amp;uploaded=50\"><br \/>\n  aqui<br \/>\n <\/a><br \/>\n .<\/p>\n","protected":false},"excerpt":{"rendered":"<p>11\/12\/2015 Como em todos os anos, os alunos do curso de franc\u00eas da Escola do Professor, da professora Ana Sylvia, classe de teatro, elaboraram uma pe\u00e7a, que foi apresentada nesta quinta, dia 10 de dezembro, com entrada franca. A apresenta\u00e7\u00e3o \u00e9 uma maneira l\u00fadica de aprender a l\u00edngua e de unir todos num s\u00f3 objetivo: [&hellip;]<\/p>\n","protected":false},"author":1,"featured_media":0,"comment_status":"closed","ping_status":"open","sticky":false,"template":"","format":"standard","meta":{"footnotes":""},"categories":[1],"tags":[],"class_list":["post-26305","post","type-post","status-publish","format-standard","hentry","category-noticias"],"yoast_head":"<!-- This site is optimized with the Yoast SEO plugin v25.7 - https:\/\/yoast.com\/wordpress\/plugins\/seo\/ -->\n<title>&#034;Le plaisir de parler&#034;: alunos do curso de franc\u00eas apresentam pe\u00e7a no Sindicato - Sinpro-Rio<\/title>\n<meta name=\"robots\" content=\"index, follow, max-snippet:-1, max-image-preview:large, max-video-preview:-1\" \/>\n<link rel=\"canonical\" href=\"https:\/\/www.sinpro-rio.org.br\/principal\/quot-le-plaisir-de-parler-quot-alunos-do-curso-de-franc-s-apresentam-peca-no-sindicato-2\/\" \/>\n<meta property=\"og:locale\" content=\"pt_BR\" \/>\n<meta property=\"og:type\" content=\"article\" \/>\n<meta property=\"og:title\" content=\"&#034;Le plaisir de parler&#034;: alunos do curso de franc\u00eas apresentam pe\u00e7a no Sindicato - Sinpro-Rio\" \/>\n<meta property=\"og:description\" content=\"11\/12\/2015 Como em todos os anos, os alunos do curso de franc\u00eas da Escola do Professor, da professora Ana Sylvia, classe de teatro, elaboraram uma pe\u00e7a, que foi apresentada nesta quinta, dia 10 de dezembro, com entrada franca. A apresenta\u00e7\u00e3o \u00e9 uma maneira l\u00fadica de aprender a l\u00edngua e de unir todos num s\u00f3 objetivo: [&hellip;]\" \/>\n<meta property=\"og:url\" content=\"https:\/\/www.sinpro-rio.org.br\/principal\/quot-le-plaisir-de-parler-quot-alunos-do-curso-de-franc-s-apresentam-peca-no-sindicato-2\/\" \/>\n<meta property=\"og:site_name\" content=\"Sinpro-Rio\" \/>\n<meta property=\"article:published_time\" content=\"2015-12-11T00:00:00+00:00\" \/>\n<meta property=\"og:image\" content=\"http:\/\/www.sinprorio.pro.br\/site_antigo\/imagens\/noticia\/2015\/frances1012.JPG\" \/>\n<meta name=\"author\" content=\"rafaelrjp\" \/>\n<meta name=\"twitter:card\" content=\"summary_large_image\" \/>\n<meta name=\"twitter:label1\" content=\"Escrito por\" \/>\n\t<meta name=\"twitter:data1\" content=\"rafaelrjp\" \/>\n\t<meta name=\"twitter:label2\" content=\"Est. tempo de leitura\" \/>\n\t<meta name=\"twitter:data2\" content=\"1 minuto\" \/>\n<script type=\"application\/ld+json\" class=\"yoast-schema-graph\">{\"@context\":\"https:\/\/schema.org\",\"@graph\":[{\"@type\":\"WebPage\",\"@id\":\"https:\/\/www.sinpro-rio.org.br\/principal\/quot-le-plaisir-de-parler-quot-alunos-do-curso-de-franc-s-apresentam-peca-no-sindicato-2\/\",\"url\":\"https:\/\/www.sinpro-rio.org.br\/principal\/quot-le-plaisir-de-parler-quot-alunos-do-curso-de-franc-s-apresentam-peca-no-sindicato-2\/\",\"name\":\"&#034;Le plaisir de parler&#034;: alunos do curso de franc\u00eas apresentam pe\u00e7a no Sindicato - Sinpro-Rio\",\"isPartOf\":{\"@id\":\"https:\/\/www.sinpro-rio.org.br\/principal\/#website\"},\"primaryImageOfPage\":{\"@id\":\"https:\/\/www.sinpro-rio.org.br\/principal\/quot-le-plaisir-de-parler-quot-alunos-do-curso-de-franc-s-apresentam-peca-no-sindicato-2\/#primaryimage\"},\"image\":{\"@id\":\"https:\/\/www.sinpro-rio.org.br\/principal\/quot-le-plaisir-de-parler-quot-alunos-do-curso-de-franc-s-apresentam-peca-no-sindicato-2\/#primaryimage\"},\"thumbnailUrl\":\"http:\/\/www.sinprorio.pro.br\/site_antigo\/imagens\/noticia\/2015\/frances1012.JPG\",\"datePublished\":\"2015-12-11T00:00:00+00:00\",\"author\":{\"@id\":\"https:\/\/www.sinpro-rio.org.br\/principal\/#\/schema\/person\/49feb585a2f57a31a6bd9f16f78e5be6\"},\"breadcrumb\":{\"@id\":\"https:\/\/www.sinpro-rio.org.br\/principal\/quot-le-plaisir-de-parler-quot-alunos-do-curso-de-franc-s-apresentam-peca-no-sindicato-2\/#breadcrumb\"},\"inLanguage\":\"pt-BR\",\"potentialAction\":[{\"@type\":\"ReadAction\",\"target\":[\"https:\/\/www.sinpro-rio.org.br\/principal\/quot-le-plaisir-de-parler-quot-alunos-do-curso-de-franc-s-apresentam-peca-no-sindicato-2\/\"]}]},{\"@type\":\"ImageObject\",\"inLanguage\":\"pt-BR\",\"@id\":\"https:\/\/www.sinpro-rio.org.br\/principal\/quot-le-plaisir-de-parler-quot-alunos-do-curso-de-franc-s-apresentam-peca-no-sindicato-2\/#primaryimage\",\"url\":\"http:\/\/www.sinprorio.pro.br\/site_antigo\/imagens\/noticia\/2015\/frances1012.JPG\",\"contentUrl\":\"http:\/\/www.sinprorio.pro.br\/site_antigo\/imagens\/noticia\/2015\/frances1012.JPG\"},{\"@type\":\"BreadcrumbList\",\"@id\":\"https:\/\/www.sinpro-rio.org.br\/principal\/quot-le-plaisir-de-parler-quot-alunos-do-curso-de-franc-s-apresentam-peca-no-sindicato-2\/#breadcrumb\",\"itemListElement\":[{\"@type\":\"ListItem\",\"position\":1,\"name\":\"In\u00edcio\",\"item\":\"https:\/\/www.sinpro-rio.org.br\/principal\/\"},{\"@type\":\"ListItem\",\"position\":2,\"name\":\"&#034;Le plaisir de parler&#034;: alunos do curso de franc\u00eas apresentam pe\u00e7a no Sindicato\"}]},{\"@type\":\"WebSite\",\"@id\":\"https:\/\/www.sinpro-rio.org.br\/principal\/#website\",\"url\":\"https:\/\/www.sinpro-rio.org.br\/principal\/\",\"name\":\"Sinpro-Rio\",\"description\":\"Sindicato dos Professores do Munic\u00edpio do Rio de Janeiro e Regi\u00e3o\",\"potentialAction\":[{\"@type\":\"SearchAction\",\"target\":{\"@type\":\"EntryPoint\",\"urlTemplate\":\"https:\/\/www.sinpro-rio.org.br\/principal\/?s={search_term_string}\"},\"query-input\":{\"@type\":\"PropertyValueSpecification\",\"valueRequired\":true,\"valueName\":\"search_term_string\"}}],\"inLanguage\":\"pt-BR\"},{\"@type\":\"Person\",\"@id\":\"https:\/\/www.sinpro-rio.org.br\/principal\/#\/schema\/person\/49feb585a2f57a31a6bd9f16f78e5be6\",\"name\":\"rafaelrjp\",\"image\":{\"@type\":\"ImageObject\",\"inLanguage\":\"pt-BR\",\"@id\":\"https:\/\/www.sinpro-rio.org.br\/principal\/#\/schema\/person\/image\/\",\"url\":\"https:\/\/secure.gravatar.com\/avatar\/489371a0ba4655c340b519882c68cf68?s=96&d=mm&r=g\",\"contentUrl\":\"https:\/\/secure.gravatar.com\/avatar\/489371a0ba4655c340b519882c68cf68?s=96&d=mm&r=g\",\"caption\":\"rafaelrjp\"},\"url\":\"https:\/\/www.sinpro-rio.org.br\/principal\/author\/rafaelrjp\/\"}]}<\/script>\n<!-- \/ Yoast SEO plugin. -->","yoast_head_json":{"title":"&#034;Le plaisir de parler&#034;: alunos do curso de franc\u00eas apresentam pe\u00e7a no Sindicato - Sinpro-Rio","robots":{"index":"index","follow":"follow","max-snippet":"max-snippet:-1","max-image-preview":"max-image-preview:large","max-video-preview":"max-video-preview:-1"},"canonical":"https:\/\/www.sinpro-rio.org.br\/principal\/quot-le-plaisir-de-parler-quot-alunos-do-curso-de-franc-s-apresentam-peca-no-sindicato-2\/","og_locale":"pt_BR","og_type":"article","og_title":"&#034;Le plaisir de parler&#034;: alunos do curso de franc\u00eas apresentam pe\u00e7a no Sindicato - Sinpro-Rio","og_description":"11\/12\/2015 Como em todos os anos, os alunos do curso de franc\u00eas da Escola do Professor, da professora Ana Sylvia, classe de teatro, elaboraram uma pe\u00e7a, que foi apresentada nesta quinta, dia 10 de dezembro, com entrada franca. A apresenta\u00e7\u00e3o \u00e9 uma maneira l\u00fadica de aprender a l\u00edngua e de unir todos num s\u00f3 objetivo: [&hellip;]","og_url":"https:\/\/www.sinpro-rio.org.br\/principal\/quot-le-plaisir-de-parler-quot-alunos-do-curso-de-franc-s-apresentam-peca-no-sindicato-2\/","og_site_name":"Sinpro-Rio","article_published_time":"2015-12-11T00:00:00+00:00","og_image":[{"url":"http:\/\/www.sinprorio.pro.br\/site_antigo\/imagens\/noticia\/2015\/frances1012.JPG","type":"","width":"","height":""}],"author":"rafaelrjp","twitter_card":"summary_large_image","twitter_misc":{"Escrito por":"rafaelrjp","Est. tempo de leitura":"1 minuto"},"schema":{"@context":"https:\/\/schema.org","@graph":[{"@type":"WebPage","@id":"https:\/\/www.sinpro-rio.org.br\/principal\/quot-le-plaisir-de-parler-quot-alunos-do-curso-de-franc-s-apresentam-peca-no-sindicato-2\/","url":"https:\/\/www.sinpro-rio.org.br\/principal\/quot-le-plaisir-de-parler-quot-alunos-do-curso-de-franc-s-apresentam-peca-no-sindicato-2\/","name":"&#034;Le plaisir de parler&#034;: alunos do curso de franc\u00eas apresentam pe\u00e7a no Sindicato - Sinpro-Rio","isPartOf":{"@id":"https:\/\/www.sinpro-rio.org.br\/principal\/#website"},"primaryImageOfPage":{"@id":"https:\/\/www.sinpro-rio.org.br\/principal\/quot-le-plaisir-de-parler-quot-alunos-do-curso-de-franc-s-apresentam-peca-no-sindicato-2\/#primaryimage"},"image":{"@id":"https:\/\/www.sinpro-rio.org.br\/principal\/quot-le-plaisir-de-parler-quot-alunos-do-curso-de-franc-s-apresentam-peca-no-sindicato-2\/#primaryimage"},"thumbnailUrl":"http:\/\/www.sinprorio.pro.br\/site_antigo\/imagens\/noticia\/2015\/frances1012.JPG","datePublished":"2015-12-11T00:00:00+00:00","author":{"@id":"https:\/\/www.sinpro-rio.org.br\/principal\/#\/schema\/person\/49feb585a2f57a31a6bd9f16f78e5be6"},"breadcrumb":{"@id":"https:\/\/www.sinpro-rio.org.br\/principal\/quot-le-plaisir-de-parler-quot-alunos-do-curso-de-franc-s-apresentam-peca-no-sindicato-2\/#breadcrumb"},"inLanguage":"pt-BR","potentialAction":[{"@type":"ReadAction","target":["https:\/\/www.sinpro-rio.org.br\/principal\/quot-le-plaisir-de-parler-quot-alunos-do-curso-de-franc-s-apresentam-peca-no-sindicato-2\/"]}]},{"@type":"ImageObject","inLanguage":"pt-BR","@id":"https:\/\/www.sinpro-rio.org.br\/principal\/quot-le-plaisir-de-parler-quot-alunos-do-curso-de-franc-s-apresentam-peca-no-sindicato-2\/#primaryimage","url":"http:\/\/www.sinprorio.pro.br\/site_antigo\/imagens\/noticia\/2015\/frances1012.JPG","contentUrl":"http:\/\/www.sinprorio.pro.br\/site_antigo\/imagens\/noticia\/2015\/frances1012.JPG"},{"@type":"BreadcrumbList","@id":"https:\/\/www.sinpro-rio.org.br\/principal\/quot-le-plaisir-de-parler-quot-alunos-do-curso-de-franc-s-apresentam-peca-no-sindicato-2\/#breadcrumb","itemListElement":[{"@type":"ListItem","position":1,"name":"In\u00edcio","item":"https:\/\/www.sinpro-rio.org.br\/principal\/"},{"@type":"ListItem","position":2,"name":"&#034;Le plaisir de parler&#034;: alunos do curso de franc\u00eas apresentam pe\u00e7a no Sindicato"}]},{"@type":"WebSite","@id":"https:\/\/www.sinpro-rio.org.br\/principal\/#website","url":"https:\/\/www.sinpro-rio.org.br\/principal\/","name":"Sinpro-Rio","description":"Sindicato dos Professores do Munic\u00edpio do Rio de Janeiro e Regi\u00e3o","potentialAction":[{"@type":"SearchAction","target":{"@type":"EntryPoint","urlTemplate":"https:\/\/www.sinpro-rio.org.br\/principal\/?s={search_term_string}"},"query-input":{"@type":"PropertyValueSpecification","valueRequired":true,"valueName":"search_term_string"}}],"inLanguage":"pt-BR"},{"@type":"Person","@id":"https:\/\/www.sinpro-rio.org.br\/principal\/#\/schema\/person\/49feb585a2f57a31a6bd9f16f78e5be6","name":"rafaelrjp","image":{"@type":"ImageObject","inLanguage":"pt-BR","@id":"https:\/\/www.sinpro-rio.org.br\/principal\/#\/schema\/person\/image\/","url":"https:\/\/secure.gravatar.com\/avatar\/489371a0ba4655c340b519882c68cf68?s=96&d=mm&r=g","contentUrl":"https:\/\/secure.gravatar.com\/avatar\/489371a0ba4655c340b519882c68cf68?s=96&d=mm&r=g","caption":"rafaelrjp"},"url":"https:\/\/www.sinpro-rio.org.br\/principal\/author\/rafaelrjp\/"}]}},"_links":{"self":[{"href":"https:\/\/www.sinpro-rio.org.br\/principal\/wp-json\/wp\/v2\/posts\/26305","targetHints":{"allow":["GET"]}}],"collection":[{"href":"https:\/\/www.sinpro-rio.org.br\/principal\/wp-json\/wp\/v2\/posts"}],"about":[{"href":"https:\/\/www.sinpro-rio.org.br\/principal\/wp-json\/wp\/v2\/types\/post"}],"author":[{"embeddable":true,"href":"https:\/\/www.sinpro-rio.org.br\/principal\/wp-json\/wp\/v2\/users\/1"}],"replies":[{"embeddable":true,"href":"https:\/\/www.sinpro-rio.org.br\/principal\/wp-json\/wp\/v2\/comments?post=26305"}],"version-history":[{"count":0,"href":"https:\/\/www.sinpro-rio.org.br\/principal\/wp-json\/wp\/v2\/posts\/26305\/revisions"}],"wp:attachment":[{"href":"https:\/\/www.sinpro-rio.org.br\/principal\/wp-json\/wp\/v2\/media?parent=26305"}],"wp:term":[{"taxonomy":"category","embeddable":true,"href":"https:\/\/www.sinpro-rio.org.br\/principal\/wp-json\/wp\/v2\/categories?post=26305"},{"taxonomy":"post_tag","embeddable":true,"href":"https:\/\/www.sinpro-rio.org.br\/principal\/wp-json\/wp\/v2\/tags?post=26305"}],"curies":[{"name":"wp","href":"https:\/\/api.w.org\/{rel}","templated":true}]}}