{"id":26263,"date":"2014-12-05T00:00:00","date_gmt":"2014-12-05T00:00:00","guid":{"rendered":"https:\/\/sinpro-rio.org.br\/principal\/sinpro-rio-escola-do-professor-convidam-festa-de-fim-de-ano-dos-alunos-do-curso-de-franc-s-quot-le-plaisir-de-parler-quot-2\/"},"modified":"2014-12-05T00:00:00","modified_gmt":"2014-12-05T00:00:00","slug":"sinpro-rio-escola-do-professor-convidam-festa-de-fim-de-ano-dos-alunos-do-curso-de-franc-s-quot-le-plaisir-de-parler-quot-2","status":"publish","type":"post","link":"https:\/\/www.sinpro-rio.org.br\/principal\/sinpro-rio-escola-do-professor-convidam-festa-de-fim-de-ano-dos-alunos-do-curso-de-franc-s-quot-le-plaisir-de-parler-quot-2\/","title":{"rendered":"Sinpro-Rio &amp; Escola do Professor convidam: Festa de fim de ano dos alunos do curso de franc\u00eas &#034;Le plaisir de parler&#034;"},"content":{"rendered":"\n<p>\n <em><br \/>\n  05\/12\/2014<br \/>\n <\/em>\n<\/p>\n<p>\n Como todos os anos, os alunos do curso de franc\u00eas da Escola do Professor, da professora Ana Sylvia, classe de teatro, elaboram uma pe\u00e7a que \u00e9 apresentada no fim do ano. \u00c9<br \/>\numa maneira l\u00fadica de aprender a l\u00edngua e de unir todos num s\u00f3 objetivo: o aprendizado da l\u00edngua francesa.<\/p>\n<p>\n  A apresenta\u00e7\u00e3o ter\u00e1 entrada gratuida dia 11\/12, \u00e0s 14h, no audit\u00f3rio do Sinpro-Rio (R. Pedro Lessa, 35 \/ 2\u00ba andar).\n <\/p>\n<\/p>\n<p>\n A apresenta\u00e7\u00e3o ter\u00e1 entrada gratuida dia 11\/12, \u00e0s 14h, no audit\u00f3rio do Sinpro-Rio (R. Pedro Lessa, 35 \/ 2\u00ba andar).<\/p>\n","protected":false},"excerpt":{"rendered":"<p>05\/12\/2014 Como todos os anos, os alunos do curso de franc\u00eas da Escola do Professor, da professora Ana Sylvia, classe de teatro, elaboram uma pe\u00e7a que \u00e9 apresentada no fim do ano. \u00c9 uma maneira l\u00fadica de aprender a l\u00edngua e de unir todos num s\u00f3 objetivo: o aprendizado da l\u00edngua francesa. A apresenta\u00e7\u00e3o ter\u00e1 [&hellip;]<\/p>\n","protected":false},"author":1,"featured_media":0,"comment_status":"closed","ping_status":"open","sticky":false,"template":"","format":"standard","meta":{"footnotes":""},"categories":[1],"tags":[],"class_list":["post-26263","post","type-post","status-publish","format-standard","hentry","category-noticias"],"yoast_head":"<!-- This site is optimized with the Yoast SEO plugin v25.7 - https:\/\/yoast.com\/wordpress\/plugins\/seo\/ -->\n<title>Sinpro-Rio &amp; Escola do Professor convidam: Festa de fim de ano dos alunos do curso de franc\u00eas &#034;Le plaisir de parler&#034; - Sinpro-Rio<\/title>\n<meta name=\"robots\" content=\"index, follow, max-snippet:-1, max-image-preview:large, max-video-preview:-1\" \/>\n<link rel=\"canonical\" href=\"https:\/\/www.sinpro-rio.org.br\/principal\/sinpro-rio-escola-do-professor-convidam-festa-de-fim-de-ano-dos-alunos-do-curso-de-franc-s-quot-le-plaisir-de-parler-quot-2\/\" \/>\n<meta property=\"og:locale\" content=\"pt_BR\" \/>\n<meta property=\"og:type\" content=\"article\" \/>\n<meta property=\"og:title\" content=\"Sinpro-Rio &amp; Escola do Professor convidam: Festa de fim de ano dos alunos do curso de franc\u00eas &#034;Le plaisir de parler&#034; - Sinpro-Rio\" \/>\n<meta property=\"og:description\" content=\"05\/12\/2014 Como todos os anos, os alunos do curso de franc\u00eas da Escola do Professor, da professora Ana Sylvia, classe de teatro, elaboram uma pe\u00e7a que \u00e9 apresentada no fim do ano. \u00c9 uma maneira l\u00fadica de aprender a l\u00edngua e de unir todos num s\u00f3 objetivo: o aprendizado da l\u00edngua francesa. A apresenta\u00e7\u00e3o ter\u00e1 [&hellip;]\" \/>\n<meta property=\"og:url\" content=\"https:\/\/www.sinpro-rio.org.br\/principal\/sinpro-rio-escola-do-professor-convidam-festa-de-fim-de-ano-dos-alunos-do-curso-de-franc-s-quot-le-plaisir-de-parler-quot-2\/\" \/>\n<meta property=\"og:site_name\" content=\"Sinpro-Rio\" \/>\n<meta property=\"article:published_time\" content=\"2014-12-05T00:00:00+00:00\" \/>\n<meta name=\"author\" content=\"rafaelrjp\" \/>\n<meta name=\"twitter:card\" content=\"summary_large_image\" \/>\n<meta name=\"twitter:label1\" content=\"Escrito por\" \/>\n\t<meta name=\"twitter:data1\" content=\"rafaelrjp\" \/>\n<script type=\"application\/ld+json\" class=\"yoast-schema-graph\">{\"@context\":\"https:\/\/schema.org\",\"@graph\":[{\"@type\":\"WebPage\",\"@id\":\"https:\/\/www.sinpro-rio.org.br\/principal\/sinpro-rio-escola-do-professor-convidam-festa-de-fim-de-ano-dos-alunos-do-curso-de-franc-s-quot-le-plaisir-de-parler-quot-2\/\",\"url\":\"https:\/\/www.sinpro-rio.org.br\/principal\/sinpro-rio-escola-do-professor-convidam-festa-de-fim-de-ano-dos-alunos-do-curso-de-franc-s-quot-le-plaisir-de-parler-quot-2\/\",\"name\":\"Sinpro-Rio &amp; Escola do Professor convidam: Festa de fim de ano dos alunos do curso de franc\u00eas &#034;Le plaisir de parler&#034; - Sinpro-Rio\",\"isPartOf\":{\"@id\":\"https:\/\/www.sinpro-rio.org.br\/principal\/#website\"},\"datePublished\":\"2014-12-05T00:00:00+00:00\",\"author\":{\"@id\":\"https:\/\/www.sinpro-rio.org.br\/principal\/#\/schema\/person\/49feb585a2f57a31a6bd9f16f78e5be6\"},\"breadcrumb\":{\"@id\":\"https:\/\/www.sinpro-rio.org.br\/principal\/sinpro-rio-escola-do-professor-convidam-festa-de-fim-de-ano-dos-alunos-do-curso-de-franc-s-quot-le-plaisir-de-parler-quot-2\/#breadcrumb\"},\"inLanguage\":\"pt-BR\",\"potentialAction\":[{\"@type\":\"ReadAction\",\"target\":[\"https:\/\/www.sinpro-rio.org.br\/principal\/sinpro-rio-escola-do-professor-convidam-festa-de-fim-de-ano-dos-alunos-do-curso-de-franc-s-quot-le-plaisir-de-parler-quot-2\/\"]}]},{\"@type\":\"BreadcrumbList\",\"@id\":\"https:\/\/www.sinpro-rio.org.br\/principal\/sinpro-rio-escola-do-professor-convidam-festa-de-fim-de-ano-dos-alunos-do-curso-de-franc-s-quot-le-plaisir-de-parler-quot-2\/#breadcrumb\",\"itemListElement\":[{\"@type\":\"ListItem\",\"position\":1,\"name\":\"In\u00edcio\",\"item\":\"https:\/\/www.sinpro-rio.org.br\/principal\/\"},{\"@type\":\"ListItem\",\"position\":2,\"name\":\"Sinpro-Rio &amp; Escola do Professor convidam: Festa de fim de ano dos alunos do curso de franc\u00eas &#034;Le plaisir de parler&#034;\"}]},{\"@type\":\"WebSite\",\"@id\":\"https:\/\/www.sinpro-rio.org.br\/principal\/#website\",\"url\":\"https:\/\/www.sinpro-rio.org.br\/principal\/\",\"name\":\"Sinpro-Rio\",\"description\":\"Sindicato dos Professores do Munic\u00edpio do Rio de Janeiro e Regi\u00e3o\",\"potentialAction\":[{\"@type\":\"SearchAction\",\"target\":{\"@type\":\"EntryPoint\",\"urlTemplate\":\"https:\/\/www.sinpro-rio.org.br\/principal\/?s={search_term_string}\"},\"query-input\":{\"@type\":\"PropertyValueSpecification\",\"valueRequired\":true,\"valueName\":\"search_term_string\"}}],\"inLanguage\":\"pt-BR\"},{\"@type\":\"Person\",\"@id\":\"https:\/\/www.sinpro-rio.org.br\/principal\/#\/schema\/person\/49feb585a2f57a31a6bd9f16f78e5be6\",\"name\":\"rafaelrjp\",\"image\":{\"@type\":\"ImageObject\",\"inLanguage\":\"pt-BR\",\"@id\":\"https:\/\/www.sinpro-rio.org.br\/principal\/#\/schema\/person\/image\/\",\"url\":\"https:\/\/secure.gravatar.com\/avatar\/489371a0ba4655c340b519882c68cf68?s=96&d=mm&r=g\",\"contentUrl\":\"https:\/\/secure.gravatar.com\/avatar\/489371a0ba4655c340b519882c68cf68?s=96&d=mm&r=g\",\"caption\":\"rafaelrjp\"},\"url\":\"https:\/\/www.sinpro-rio.org.br\/principal\/author\/rafaelrjp\/\"}]}<\/script>\n<!-- \/ Yoast SEO plugin. -->","yoast_head_json":{"title":"Sinpro-Rio &amp; Escola do Professor convidam: Festa de fim de ano dos alunos do curso de franc\u00eas &#034;Le plaisir de parler&#034; - Sinpro-Rio","robots":{"index":"index","follow":"follow","max-snippet":"max-snippet:-1","max-image-preview":"max-image-preview:large","max-video-preview":"max-video-preview:-1"},"canonical":"https:\/\/www.sinpro-rio.org.br\/principal\/sinpro-rio-escola-do-professor-convidam-festa-de-fim-de-ano-dos-alunos-do-curso-de-franc-s-quot-le-plaisir-de-parler-quot-2\/","og_locale":"pt_BR","og_type":"article","og_title":"Sinpro-Rio &amp; Escola do Professor convidam: Festa de fim de ano dos alunos do curso de franc\u00eas &#034;Le plaisir de parler&#034; - Sinpro-Rio","og_description":"05\/12\/2014 Como todos os anos, os alunos do curso de franc\u00eas da Escola do Professor, da professora Ana Sylvia, classe de teatro, elaboram uma pe\u00e7a que \u00e9 apresentada no fim do ano. \u00c9 uma maneira l\u00fadica de aprender a l\u00edngua e de unir todos num s\u00f3 objetivo: o aprendizado da l\u00edngua francesa. A apresenta\u00e7\u00e3o ter\u00e1 [&hellip;]","og_url":"https:\/\/www.sinpro-rio.org.br\/principal\/sinpro-rio-escola-do-professor-convidam-festa-de-fim-de-ano-dos-alunos-do-curso-de-franc-s-quot-le-plaisir-de-parler-quot-2\/","og_site_name":"Sinpro-Rio","article_published_time":"2014-12-05T00:00:00+00:00","author":"rafaelrjp","twitter_card":"summary_large_image","twitter_misc":{"Escrito por":"rafaelrjp"},"schema":{"@context":"https:\/\/schema.org","@graph":[{"@type":"WebPage","@id":"https:\/\/www.sinpro-rio.org.br\/principal\/sinpro-rio-escola-do-professor-convidam-festa-de-fim-de-ano-dos-alunos-do-curso-de-franc-s-quot-le-plaisir-de-parler-quot-2\/","url":"https:\/\/www.sinpro-rio.org.br\/principal\/sinpro-rio-escola-do-professor-convidam-festa-de-fim-de-ano-dos-alunos-do-curso-de-franc-s-quot-le-plaisir-de-parler-quot-2\/","name":"Sinpro-Rio &amp; Escola do Professor convidam: Festa de fim de ano dos alunos do curso de franc\u00eas &#034;Le plaisir de parler&#034; - Sinpro-Rio","isPartOf":{"@id":"https:\/\/www.sinpro-rio.org.br\/principal\/#website"},"datePublished":"2014-12-05T00:00:00+00:00","author":{"@id":"https:\/\/www.sinpro-rio.org.br\/principal\/#\/schema\/person\/49feb585a2f57a31a6bd9f16f78e5be6"},"breadcrumb":{"@id":"https:\/\/www.sinpro-rio.org.br\/principal\/sinpro-rio-escola-do-professor-convidam-festa-de-fim-de-ano-dos-alunos-do-curso-de-franc-s-quot-le-plaisir-de-parler-quot-2\/#breadcrumb"},"inLanguage":"pt-BR","potentialAction":[{"@type":"ReadAction","target":["https:\/\/www.sinpro-rio.org.br\/principal\/sinpro-rio-escola-do-professor-convidam-festa-de-fim-de-ano-dos-alunos-do-curso-de-franc-s-quot-le-plaisir-de-parler-quot-2\/"]}]},{"@type":"BreadcrumbList","@id":"https:\/\/www.sinpro-rio.org.br\/principal\/sinpro-rio-escola-do-professor-convidam-festa-de-fim-de-ano-dos-alunos-do-curso-de-franc-s-quot-le-plaisir-de-parler-quot-2\/#breadcrumb","itemListElement":[{"@type":"ListItem","position":1,"name":"In\u00edcio","item":"https:\/\/www.sinpro-rio.org.br\/principal\/"},{"@type":"ListItem","position":2,"name":"Sinpro-Rio &amp; Escola do Professor convidam: Festa de fim de ano dos alunos do curso de franc\u00eas &#034;Le plaisir de parler&#034;"}]},{"@type":"WebSite","@id":"https:\/\/www.sinpro-rio.org.br\/principal\/#website","url":"https:\/\/www.sinpro-rio.org.br\/principal\/","name":"Sinpro-Rio","description":"Sindicato dos Professores do Munic\u00edpio do Rio de Janeiro e Regi\u00e3o","potentialAction":[{"@type":"SearchAction","target":{"@type":"EntryPoint","urlTemplate":"https:\/\/www.sinpro-rio.org.br\/principal\/?s={search_term_string}"},"query-input":{"@type":"PropertyValueSpecification","valueRequired":true,"valueName":"search_term_string"}}],"inLanguage":"pt-BR"},{"@type":"Person","@id":"https:\/\/www.sinpro-rio.org.br\/principal\/#\/schema\/person\/49feb585a2f57a31a6bd9f16f78e5be6","name":"rafaelrjp","image":{"@type":"ImageObject","inLanguage":"pt-BR","@id":"https:\/\/www.sinpro-rio.org.br\/principal\/#\/schema\/person\/image\/","url":"https:\/\/secure.gravatar.com\/avatar\/489371a0ba4655c340b519882c68cf68?s=96&d=mm&r=g","contentUrl":"https:\/\/secure.gravatar.com\/avatar\/489371a0ba4655c340b519882c68cf68?s=96&d=mm&r=g","caption":"rafaelrjp"},"url":"https:\/\/www.sinpro-rio.org.br\/principal\/author\/rafaelrjp\/"}]}},"_links":{"self":[{"href":"https:\/\/www.sinpro-rio.org.br\/principal\/wp-json\/wp\/v2\/posts\/26263","targetHints":{"allow":["GET"]}}],"collection":[{"href":"https:\/\/www.sinpro-rio.org.br\/principal\/wp-json\/wp\/v2\/posts"}],"about":[{"href":"https:\/\/www.sinpro-rio.org.br\/principal\/wp-json\/wp\/v2\/types\/post"}],"author":[{"embeddable":true,"href":"https:\/\/www.sinpro-rio.org.br\/principal\/wp-json\/wp\/v2\/users\/1"}],"replies":[{"embeddable":true,"href":"https:\/\/www.sinpro-rio.org.br\/principal\/wp-json\/wp\/v2\/comments?post=26263"}],"version-history":[{"count":0,"href":"https:\/\/www.sinpro-rio.org.br\/principal\/wp-json\/wp\/v2\/posts\/26263\/revisions"}],"wp:attachment":[{"href":"https:\/\/www.sinpro-rio.org.br\/principal\/wp-json\/wp\/v2\/media?parent=26263"}],"wp:term":[{"taxonomy":"category","embeddable":true,"href":"https:\/\/www.sinpro-rio.org.br\/principal\/wp-json\/wp\/v2\/categories?post=26263"},{"taxonomy":"post_tag","embeddable":true,"href":"https:\/\/www.sinpro-rio.org.br\/principal\/wp-json\/wp\/v2\/tags?post=26263"}],"curies":[{"name":"wp","href":"https:\/\/api.w.org\/{rel}","templated":true}]}}