{"id":26249,"date":"2010-01-01T00:00:00","date_gmt":"2010-01-01T00:00:00","guid":{"rendered":"https:\/\/sinpro-rio.org.br\/principal\/um-ano-da-campanha-quot-condic-es-de-trabalho-e-saude-do-professor-2\/"},"modified":"2010-01-01T00:00:00","modified_gmt":"2010-01-01T00:00:00","slug":"um-ano-da-campanha-quot-condic-es-de-trabalho-e-saude-do-professor-2","status":"publish","type":"post","link":"https:\/\/www.sinpro-rio.org.br\/principal\/um-ano-da-campanha-quot-condic-es-de-trabalho-e-saude-do-professor-2\/","title":{"rendered":"Um ano da campanha &#034;Condi\u00e7?es de Trabalho e Sa\u00fade do Professor"},"content":{"rendered":"<div class=\"alvo1\">\n<p>Neste m\u00eas de mar\u00e7o a campanha &#8220;Condi\u00e7\u00f5es de Trabalho e Sa\u00fade do Professor&#8221;, do Sinpro-Rio, completa um ano. Durante este per\u00edodo foi divulgada atrav\u00e9s de mais de 300 outdoors e 35 busdoors espalhados pela cidade, al\u00e9m de v\u00eddeo institucional exibido em mais de 700 salas de cinema, e da distribui\u00e7\u00e3o de 60 mil Cartilhas de Burnout.<\/p>\n<p>A campanha foi lan\u00e7ada na sede e nas subsedes, e foi apresentada nos conselhos Municipal e Estadual de Educa\u00e7\u00e3o; no 9\u00ba Congresso da Feteerj, no 7\u00ba Congresso da Contee entre outros locais.<\/p>\n<p>Na C\u00e2mara dos Vereadores e na Assembleia Legislativa do Estado (Alerj) foram apresentados projetos de lei que propuseram o calend\u00e1rio escolar unificado. Em ambas, foi aprovado por unanimidade pelos vereadores e deputados, mas, mesmo assim, foram vetados pelo prefeito e pelo governador, respectivamente. No caso da Alerj, continua em aguardo o retorno do veto \u00e0 plen\u00e1ria da Casa para nova aprecia\u00e7\u00e3o dos parlamentares.<\/p>\n<p>Este ano, a assembleia de pauta da Educa\u00e7?o B\u00e1sica aprovou a cola\u00e7\u00e3o, pelo segundo ano consecutivo, da reivindica\u00e7\u00e3o de um Calend&amp;aacuterio; Unificado de refer\u00eancia, com a concomit\u00e2ncia das f\u00e9rias escolares no m\u00eas de janeiro e do recesso de meio de ano, em julho.<\/p>\n<p>A campanha tamb\u00e9m promoveu abaixo-assinados: um, em apoio ao Projeto de Lei 1.128\/03, do deputado Carlos Abicalil, que tem como objetivo a cria\u00e7?o do Programa Nacional de Sa\u00fade Vocal do Professor (PNSVP); e outro, pelas f\u00e9rias em janeiro. Contamos com mais de cinco mil assinaturas, encaminhadas aos autores do projeto e casas legislativas.<\/p>\n<p>O site (www.saudedoprofessor.com.br), online desde fevereiro de 2009 j\u00e1 teve mais de 45 mil acessos, e teve como temas mais acessados a S\u00edndrome de Burnout, as f\u00e9rias em janeiro, a voz e o ass\u00e9dio moral, o que demonstra um interesse n?o s\u00f3 da categoria como da sociedade, e faz com que a campanha ganhe vulto de utilidade p\u00fablica e interesse social geral.<\/p>\n<p>Quarenta psic\u00f3logos, terapeutas e psicanalistas foram selecionados e qualificados atrav\u00e9s de um curso de prepara\u00e7\u00e3o, oferecido pelo Sinpro-Rio, para participares das oficinas nas escolas, iniciadas em setembro de 2009. Para saber mais sobre o funcionamento das oficinas e como agendar na sua escola, acesse: www.saudedoprofessor.com.br\/oficina.html<\/p>\n<p>Tamb\u00e9m foram firmados conv\u00eanios com psic\u00f3logos, para atendimento em seus consult\u00f3rios (a lista se encontra dispon\u00edvel no site), para atendimento dos professores sindicalizados, a pre\u00e7os sociais, para avalia\u00e7\u00e3o e acompanhamento da sa\u00fade emocional da categoria.<\/p>\n<p>Em 2010 continuaremos com as oficinas, lan\u00e7aremos uma nova cartilha, agora tendo o Ass\u00e9dio Moral como tema, e tamb\u00e9m uma nova edi\u00e7?o da Revista Sinpro-Rio sobre as condi\u00e7\u00f5es de trabalho e a sa\u00fade do professor.<\/p>\n<p>Para que possamos continuar nosso trabalho e ouvir as demandas da categoria, pedimos que preencham uma pesquisa, especialmente desenvolvida para a Campanha, no site: www.saudedoprofessor.com.br\/questionario.html     <\/p>\n<\/div>\n","protected":false},"excerpt":{"rendered":"<p>Neste m\u00eas de mar\u00e7o a campanha &#8220;Condi\u00e7\u00f5es de Trabalho e Sa\u00fade do Professor&#8221;, do Sinpro-Rio, completa um ano. Durante este per\u00edodo foi divulgada atrav\u00e9s de mais de 300 outdoors e 35 busdoors espalhados pela cidade, al\u00e9m de v\u00eddeo institucional exibido em mais de 700 salas de cinema, e da distribui\u00e7\u00e3o de 60 mil Cartilhas de [&hellip;]<\/p>\n","protected":false},"author":1,"featured_media":0,"comment_status":"closed","ping_status":"open","sticky":false,"template":"","format":"standard","meta":{"footnotes":""},"categories":[1],"tags":[],"class_list":["post-26249","post","type-post","status-publish","format-standard","hentry","category-noticias"],"yoast_head":"<!-- This site is optimized with the Yoast SEO plugin v25.7 - https:\/\/yoast.com\/wordpress\/plugins\/seo\/ -->\n<title>Um ano da campanha &#034;Condi\u00e7?es de Trabalho e Sa\u00fade do Professor - Sinpro-Rio<\/title>\n<meta name=\"robots\" content=\"index, follow, max-snippet:-1, max-image-preview:large, max-video-preview:-1\" \/>\n<link rel=\"canonical\" href=\"https:\/\/www.sinpro-rio.org.br\/principal\/um-ano-da-campanha-quot-condic-es-de-trabalho-e-saude-do-professor-2\/\" \/>\n<meta property=\"og:locale\" content=\"pt_BR\" \/>\n<meta property=\"og:type\" content=\"article\" \/>\n<meta property=\"og:title\" content=\"Um ano da campanha &#034;Condi\u00e7?es de Trabalho e Sa\u00fade do Professor - Sinpro-Rio\" \/>\n<meta property=\"og:description\" content=\"Neste m\u00eas de mar\u00e7o a campanha &#8220;Condi\u00e7\u00f5es de Trabalho e Sa\u00fade do Professor&#8221;, do Sinpro-Rio, completa um ano. Durante este per\u00edodo foi divulgada atrav\u00e9s de mais de 300 outdoors e 35 busdoors espalhados pela cidade, al\u00e9m de v\u00eddeo institucional exibido em mais de 700 salas de cinema, e da distribui\u00e7\u00e3o de 60 mil Cartilhas de [&hellip;]\" \/>\n<meta property=\"og:url\" content=\"https:\/\/www.sinpro-rio.org.br\/principal\/um-ano-da-campanha-quot-condic-es-de-trabalho-e-saude-do-professor-2\/\" \/>\n<meta property=\"og:site_name\" content=\"Sinpro-Rio\" \/>\n<meta property=\"article:published_time\" content=\"2010-01-01T00:00:00+00:00\" \/>\n<meta name=\"author\" content=\"rafaelrjp\" \/>\n<meta name=\"twitter:card\" content=\"summary_large_image\" \/>\n<meta name=\"twitter:label1\" content=\"Escrito por\" \/>\n\t<meta name=\"twitter:data1\" content=\"rafaelrjp\" \/>\n\t<meta name=\"twitter:label2\" content=\"Est. tempo de leitura\" \/>\n\t<meta name=\"twitter:data2\" content=\"3 minutos\" \/>\n<script type=\"application\/ld+json\" class=\"yoast-schema-graph\">{\"@context\":\"https:\/\/schema.org\",\"@graph\":[{\"@type\":\"WebPage\",\"@id\":\"https:\/\/www.sinpro-rio.org.br\/principal\/um-ano-da-campanha-quot-condic-es-de-trabalho-e-saude-do-professor-2\/\",\"url\":\"https:\/\/www.sinpro-rio.org.br\/principal\/um-ano-da-campanha-quot-condic-es-de-trabalho-e-saude-do-professor-2\/\",\"name\":\"Um ano da campanha &#034;Condi\u00e7?es de Trabalho e Sa\u00fade do Professor - Sinpro-Rio\",\"isPartOf\":{\"@id\":\"https:\/\/www.sinpro-rio.org.br\/principal\/#website\"},\"datePublished\":\"2010-01-01T00:00:00+00:00\",\"author\":{\"@id\":\"https:\/\/www.sinpro-rio.org.br\/principal\/#\/schema\/person\/49feb585a2f57a31a6bd9f16f78e5be6\"},\"breadcrumb\":{\"@id\":\"https:\/\/www.sinpro-rio.org.br\/principal\/um-ano-da-campanha-quot-condic-es-de-trabalho-e-saude-do-professor-2\/#breadcrumb\"},\"inLanguage\":\"pt-BR\",\"potentialAction\":[{\"@type\":\"ReadAction\",\"target\":[\"https:\/\/www.sinpro-rio.org.br\/principal\/um-ano-da-campanha-quot-condic-es-de-trabalho-e-saude-do-professor-2\/\"]}]},{\"@type\":\"BreadcrumbList\",\"@id\":\"https:\/\/www.sinpro-rio.org.br\/principal\/um-ano-da-campanha-quot-condic-es-de-trabalho-e-saude-do-professor-2\/#breadcrumb\",\"itemListElement\":[{\"@type\":\"ListItem\",\"position\":1,\"name\":\"In\u00edcio\",\"item\":\"https:\/\/www.sinpro-rio.org.br\/principal\/\"},{\"@type\":\"ListItem\",\"position\":2,\"name\":\"Um ano da campanha &#034;Condi\u00e7?es de Trabalho e Sa\u00fade do Professor\"}]},{\"@type\":\"WebSite\",\"@id\":\"https:\/\/www.sinpro-rio.org.br\/principal\/#website\",\"url\":\"https:\/\/www.sinpro-rio.org.br\/principal\/\",\"name\":\"Sinpro-Rio\",\"description\":\"Sindicato dos Professores do Munic\u00edpio do Rio de Janeiro e Regi\u00e3o\",\"potentialAction\":[{\"@type\":\"SearchAction\",\"target\":{\"@type\":\"EntryPoint\",\"urlTemplate\":\"https:\/\/www.sinpro-rio.org.br\/principal\/?s={search_term_string}\"},\"query-input\":{\"@type\":\"PropertyValueSpecification\",\"valueRequired\":true,\"valueName\":\"search_term_string\"}}],\"inLanguage\":\"pt-BR\"},{\"@type\":\"Person\",\"@id\":\"https:\/\/www.sinpro-rio.org.br\/principal\/#\/schema\/person\/49feb585a2f57a31a6bd9f16f78e5be6\",\"name\":\"rafaelrjp\",\"image\":{\"@type\":\"ImageObject\",\"inLanguage\":\"pt-BR\",\"@id\":\"https:\/\/www.sinpro-rio.org.br\/principal\/#\/schema\/person\/image\/\",\"url\":\"https:\/\/secure.gravatar.com\/avatar\/489371a0ba4655c340b519882c68cf68?s=96&d=mm&r=g\",\"contentUrl\":\"https:\/\/secure.gravatar.com\/avatar\/489371a0ba4655c340b519882c68cf68?s=96&d=mm&r=g\",\"caption\":\"rafaelrjp\"},\"url\":\"https:\/\/www.sinpro-rio.org.br\/principal\/author\/rafaelrjp\/\"}]}<\/script>\n<!-- \/ Yoast SEO plugin. -->","yoast_head_json":{"title":"Um ano da campanha &#034;Condi\u00e7?es de Trabalho e Sa\u00fade do Professor - Sinpro-Rio","robots":{"index":"index","follow":"follow","max-snippet":"max-snippet:-1","max-image-preview":"max-image-preview:large","max-video-preview":"max-video-preview:-1"},"canonical":"https:\/\/www.sinpro-rio.org.br\/principal\/um-ano-da-campanha-quot-condic-es-de-trabalho-e-saude-do-professor-2\/","og_locale":"pt_BR","og_type":"article","og_title":"Um ano da campanha &#034;Condi\u00e7?es de Trabalho e Sa\u00fade do Professor - Sinpro-Rio","og_description":"Neste m\u00eas de mar\u00e7o a campanha &#8220;Condi\u00e7\u00f5es de Trabalho e Sa\u00fade do Professor&#8221;, do Sinpro-Rio, completa um ano. Durante este per\u00edodo foi divulgada atrav\u00e9s de mais de 300 outdoors e 35 busdoors espalhados pela cidade, al\u00e9m de v\u00eddeo institucional exibido em mais de 700 salas de cinema, e da distribui\u00e7\u00e3o de 60 mil Cartilhas de [&hellip;]","og_url":"https:\/\/www.sinpro-rio.org.br\/principal\/um-ano-da-campanha-quot-condic-es-de-trabalho-e-saude-do-professor-2\/","og_site_name":"Sinpro-Rio","article_published_time":"2010-01-01T00:00:00+00:00","author":"rafaelrjp","twitter_card":"summary_large_image","twitter_misc":{"Escrito por":"rafaelrjp","Est. tempo de leitura":"3 minutos"},"schema":{"@context":"https:\/\/schema.org","@graph":[{"@type":"WebPage","@id":"https:\/\/www.sinpro-rio.org.br\/principal\/um-ano-da-campanha-quot-condic-es-de-trabalho-e-saude-do-professor-2\/","url":"https:\/\/www.sinpro-rio.org.br\/principal\/um-ano-da-campanha-quot-condic-es-de-trabalho-e-saude-do-professor-2\/","name":"Um ano da campanha &#034;Condi\u00e7?es de Trabalho e Sa\u00fade do Professor - Sinpro-Rio","isPartOf":{"@id":"https:\/\/www.sinpro-rio.org.br\/principal\/#website"},"datePublished":"2010-01-01T00:00:00+00:00","author":{"@id":"https:\/\/www.sinpro-rio.org.br\/principal\/#\/schema\/person\/49feb585a2f57a31a6bd9f16f78e5be6"},"breadcrumb":{"@id":"https:\/\/www.sinpro-rio.org.br\/principal\/um-ano-da-campanha-quot-condic-es-de-trabalho-e-saude-do-professor-2\/#breadcrumb"},"inLanguage":"pt-BR","potentialAction":[{"@type":"ReadAction","target":["https:\/\/www.sinpro-rio.org.br\/principal\/um-ano-da-campanha-quot-condic-es-de-trabalho-e-saude-do-professor-2\/"]}]},{"@type":"BreadcrumbList","@id":"https:\/\/www.sinpro-rio.org.br\/principal\/um-ano-da-campanha-quot-condic-es-de-trabalho-e-saude-do-professor-2\/#breadcrumb","itemListElement":[{"@type":"ListItem","position":1,"name":"In\u00edcio","item":"https:\/\/www.sinpro-rio.org.br\/principal\/"},{"@type":"ListItem","position":2,"name":"Um ano da campanha &#034;Condi\u00e7?es de Trabalho e Sa\u00fade do Professor"}]},{"@type":"WebSite","@id":"https:\/\/www.sinpro-rio.org.br\/principal\/#website","url":"https:\/\/www.sinpro-rio.org.br\/principal\/","name":"Sinpro-Rio","description":"Sindicato dos Professores do Munic\u00edpio do Rio de Janeiro e Regi\u00e3o","potentialAction":[{"@type":"SearchAction","target":{"@type":"EntryPoint","urlTemplate":"https:\/\/www.sinpro-rio.org.br\/principal\/?s={search_term_string}"},"query-input":{"@type":"PropertyValueSpecification","valueRequired":true,"valueName":"search_term_string"}}],"inLanguage":"pt-BR"},{"@type":"Person","@id":"https:\/\/www.sinpro-rio.org.br\/principal\/#\/schema\/person\/49feb585a2f57a31a6bd9f16f78e5be6","name":"rafaelrjp","image":{"@type":"ImageObject","inLanguage":"pt-BR","@id":"https:\/\/www.sinpro-rio.org.br\/principal\/#\/schema\/person\/image\/","url":"https:\/\/secure.gravatar.com\/avatar\/489371a0ba4655c340b519882c68cf68?s=96&d=mm&r=g","contentUrl":"https:\/\/secure.gravatar.com\/avatar\/489371a0ba4655c340b519882c68cf68?s=96&d=mm&r=g","caption":"rafaelrjp"},"url":"https:\/\/www.sinpro-rio.org.br\/principal\/author\/rafaelrjp\/"}]}},"_links":{"self":[{"href":"https:\/\/www.sinpro-rio.org.br\/principal\/wp-json\/wp\/v2\/posts\/26249","targetHints":{"allow":["GET"]}}],"collection":[{"href":"https:\/\/www.sinpro-rio.org.br\/principal\/wp-json\/wp\/v2\/posts"}],"about":[{"href":"https:\/\/www.sinpro-rio.org.br\/principal\/wp-json\/wp\/v2\/types\/post"}],"author":[{"embeddable":true,"href":"https:\/\/www.sinpro-rio.org.br\/principal\/wp-json\/wp\/v2\/users\/1"}],"replies":[{"embeddable":true,"href":"https:\/\/www.sinpro-rio.org.br\/principal\/wp-json\/wp\/v2\/comments?post=26249"}],"version-history":[{"count":0,"href":"https:\/\/www.sinpro-rio.org.br\/principal\/wp-json\/wp\/v2\/posts\/26249\/revisions"}],"wp:attachment":[{"href":"https:\/\/www.sinpro-rio.org.br\/principal\/wp-json\/wp\/v2\/media?parent=26249"}],"wp:term":[{"taxonomy":"category","embeddable":true,"href":"https:\/\/www.sinpro-rio.org.br\/principal\/wp-json\/wp\/v2\/categories?post=26249"},{"taxonomy":"post_tag","embeddable":true,"href":"https:\/\/www.sinpro-rio.org.br\/principal\/wp-json\/wp\/v2\/tags?post=26249"}],"curies":[{"name":"wp","href":"https:\/\/api.w.org\/{rel}","templated":true}]}}