{"id":26248,"date":"2010-01-01T00:00:00","date_gmt":"2010-01-01T00:00:00","guid":{"rendered":"https:\/\/sinpro-rio.org.br\/principal\/abertas-as-inscric-es-para-os-concursos-da-campanha-quot-o-petroleo-tem-que-ser-nosso-quot-2\/"},"modified":"2010-01-01T00:00:00","modified_gmt":"2010-01-01T00:00:00","slug":"abertas-as-inscric-es-para-os-concursos-da-campanha-quot-o-petroleo-tem-que-ser-nosso-quot-2","status":"publish","type":"post","link":"https:\/\/www.sinpro-rio.org.br\/principal\/abertas-as-inscric-es-para-os-concursos-da-campanha-quot-o-petroleo-tem-que-ser-nosso-quot-2\/","title":{"rendered":"Abertas as inscri\u00e7?es para os concursos da campanha &#034;O Petr\u00f3leo Tem que Ser Nosso!&#034;"},"content":{"rendered":"<div class=\"alvo1\">\n<p>Entre os dias 24 de mar\u00e7o e 07 de junho de 2010 estar?o abertas as inscri\u00e7?es para o 1\u00b0 Concurso Nacional de Trabalhos Universit\u00e1rios e o 1\u00b0 Concurso Estadual de Texto e Imagem para a Educa\u00e7?o B\u00e1sica, ambos da campanha &#8220;O Petr\u00f3leo Tem que Ser Nosso!&#8221;.<\/p>\n<p>A proposta \u00e9 estimular a produ\u00e7?o de conhecimento cr\u00edtico e reflexivo atrav\u00e9s da premia\u00e7?o de trabalhos diversos, de reda\u00e7?o a desenho, passando por v\u00eddeos, poesias, fotografias, artigos acad\u00eamicos e diversos outros.<\/p>\n<p>Os primeiros colocados de cada modalidade receber?o computadores. Os segundos e terceiros ganhar?o vale-livros com valores de R$1000,00 e R$ 500,00 para universit\u00e1rios e de R$500,00 e R$250,00 para estudantes da educa\u00e7?o b\u00e1sica. As escolas e col\u00e9gios dos melhores trabalhos tamb\u00e9m ser?o premiados.<\/p>\n<p>Para mais informa\u00e7?es, acesse: <a href=\"http:\/\/www.concursopetroleo.org.br\" target=\"_blank\" rel=\"noopener noreferrer\">www.concursopetroleo.org.br<\/a> <\/p>\n<\/div>\n","protected":false},"excerpt":{"rendered":"<p>Entre os dias 24 de mar\u00e7o e 07 de junho de 2010 estar?o abertas as inscri\u00e7?es para o 1\u00b0 Concurso Nacional de Trabalhos Universit\u00e1rios e o 1\u00b0 Concurso Estadual de Texto e Imagem para a Educa\u00e7?o B\u00e1sica, ambos da campanha &#8220;O Petr\u00f3leo Tem que Ser Nosso!&#8221;. A proposta \u00e9 estimular a produ\u00e7?o de conhecimento cr\u00edtico [&hellip;]<\/p>\n","protected":false},"author":1,"featured_media":0,"comment_status":"closed","ping_status":"open","sticky":false,"template":"","format":"standard","meta":{"footnotes":""},"categories":[1],"tags":[],"class_list":["post-26248","post","type-post","status-publish","format-standard","hentry","category-noticias"],"yoast_head":"<!-- This site is optimized with the Yoast SEO plugin v25.7 - https:\/\/yoast.com\/wordpress\/plugins\/seo\/ -->\n<title>Abertas as inscri\u00e7?es para os concursos da campanha &#034;O Petr\u00f3leo Tem que Ser Nosso!&#034; - Sinpro-Rio<\/title>\n<meta name=\"robots\" content=\"index, follow, max-snippet:-1, max-image-preview:large, max-video-preview:-1\" \/>\n<link rel=\"canonical\" href=\"https:\/\/www.sinpro-rio.org.br\/principal\/abertas-as-inscric-es-para-os-concursos-da-campanha-quot-o-petroleo-tem-que-ser-nosso-quot-2\/\" \/>\n<meta property=\"og:locale\" content=\"pt_BR\" \/>\n<meta property=\"og:type\" content=\"article\" \/>\n<meta property=\"og:title\" content=\"Abertas as inscri\u00e7?es para os concursos da campanha &#034;O Petr\u00f3leo Tem que Ser Nosso!&#034; - Sinpro-Rio\" \/>\n<meta property=\"og:description\" content=\"Entre os dias 24 de mar\u00e7o e 07 de junho de 2010 estar?o abertas as inscri\u00e7?es para o 1\u00b0 Concurso Nacional de Trabalhos Universit\u00e1rios e o 1\u00b0 Concurso Estadual de Texto e Imagem para a Educa\u00e7?o B\u00e1sica, ambos da campanha &#8220;O Petr\u00f3leo Tem que Ser Nosso!&#8221;. A proposta \u00e9 estimular a produ\u00e7?o de conhecimento cr\u00edtico [&hellip;]\" \/>\n<meta property=\"og:url\" content=\"https:\/\/www.sinpro-rio.org.br\/principal\/abertas-as-inscric-es-para-os-concursos-da-campanha-quot-o-petroleo-tem-que-ser-nosso-quot-2\/\" \/>\n<meta property=\"og:site_name\" content=\"Sinpro-Rio\" \/>\n<meta property=\"article:published_time\" content=\"2010-01-01T00:00:00+00:00\" \/>\n<meta name=\"author\" content=\"rafaelrjp\" \/>\n<meta name=\"twitter:card\" content=\"summary_large_image\" \/>\n<meta name=\"twitter:label1\" content=\"Escrito por\" \/>\n\t<meta name=\"twitter:data1\" content=\"rafaelrjp\" \/>\n\t<meta name=\"twitter:label2\" content=\"Est. tempo de leitura\" \/>\n\t<meta name=\"twitter:data2\" content=\"1 minuto\" \/>\n<script type=\"application\/ld+json\" class=\"yoast-schema-graph\">{\"@context\":\"https:\/\/schema.org\",\"@graph\":[{\"@type\":\"WebPage\",\"@id\":\"https:\/\/www.sinpro-rio.org.br\/principal\/abertas-as-inscric-es-para-os-concursos-da-campanha-quot-o-petroleo-tem-que-ser-nosso-quot-2\/\",\"url\":\"https:\/\/www.sinpro-rio.org.br\/principal\/abertas-as-inscric-es-para-os-concursos-da-campanha-quot-o-petroleo-tem-que-ser-nosso-quot-2\/\",\"name\":\"Abertas as inscri\u00e7?es para os concursos da campanha &#034;O Petr\u00f3leo Tem que Ser Nosso!&#034; - Sinpro-Rio\",\"isPartOf\":{\"@id\":\"https:\/\/www.sinpro-rio.org.br\/principal\/#website\"},\"datePublished\":\"2010-01-01T00:00:00+00:00\",\"author\":{\"@id\":\"https:\/\/www.sinpro-rio.org.br\/principal\/#\/schema\/person\/49feb585a2f57a31a6bd9f16f78e5be6\"},\"breadcrumb\":{\"@id\":\"https:\/\/www.sinpro-rio.org.br\/principal\/abertas-as-inscric-es-para-os-concursos-da-campanha-quot-o-petroleo-tem-que-ser-nosso-quot-2\/#breadcrumb\"},\"inLanguage\":\"pt-BR\",\"potentialAction\":[{\"@type\":\"ReadAction\",\"target\":[\"https:\/\/www.sinpro-rio.org.br\/principal\/abertas-as-inscric-es-para-os-concursos-da-campanha-quot-o-petroleo-tem-que-ser-nosso-quot-2\/\"]}]},{\"@type\":\"BreadcrumbList\",\"@id\":\"https:\/\/www.sinpro-rio.org.br\/principal\/abertas-as-inscric-es-para-os-concursos-da-campanha-quot-o-petroleo-tem-que-ser-nosso-quot-2\/#breadcrumb\",\"itemListElement\":[{\"@type\":\"ListItem\",\"position\":1,\"name\":\"In\u00edcio\",\"item\":\"https:\/\/www.sinpro-rio.org.br\/principal\/\"},{\"@type\":\"ListItem\",\"position\":2,\"name\":\"Abertas as inscri\u00e7?es para os concursos da campanha &#034;O Petr\u00f3leo Tem que Ser Nosso!&#034;\"}]},{\"@type\":\"WebSite\",\"@id\":\"https:\/\/www.sinpro-rio.org.br\/principal\/#website\",\"url\":\"https:\/\/www.sinpro-rio.org.br\/principal\/\",\"name\":\"Sinpro-Rio\",\"description\":\"Sindicato dos Professores do Munic\u00edpio do Rio de Janeiro e Regi\u00e3o\",\"potentialAction\":[{\"@type\":\"SearchAction\",\"target\":{\"@type\":\"EntryPoint\",\"urlTemplate\":\"https:\/\/www.sinpro-rio.org.br\/principal\/?s={search_term_string}\"},\"query-input\":{\"@type\":\"PropertyValueSpecification\",\"valueRequired\":true,\"valueName\":\"search_term_string\"}}],\"inLanguage\":\"pt-BR\"},{\"@type\":\"Person\",\"@id\":\"https:\/\/www.sinpro-rio.org.br\/principal\/#\/schema\/person\/49feb585a2f57a31a6bd9f16f78e5be6\",\"name\":\"rafaelrjp\",\"image\":{\"@type\":\"ImageObject\",\"inLanguage\":\"pt-BR\",\"@id\":\"https:\/\/www.sinpro-rio.org.br\/principal\/#\/schema\/person\/image\/\",\"url\":\"https:\/\/secure.gravatar.com\/avatar\/489371a0ba4655c340b519882c68cf68?s=96&d=mm&r=g\",\"contentUrl\":\"https:\/\/secure.gravatar.com\/avatar\/489371a0ba4655c340b519882c68cf68?s=96&d=mm&r=g\",\"caption\":\"rafaelrjp\"},\"url\":\"https:\/\/www.sinpro-rio.org.br\/principal\/author\/rafaelrjp\/\"}]}<\/script>\n<!-- \/ Yoast SEO plugin. -->","yoast_head_json":{"title":"Abertas as inscri\u00e7?es para os concursos da campanha &#034;O Petr\u00f3leo Tem que Ser Nosso!&#034; - Sinpro-Rio","robots":{"index":"index","follow":"follow","max-snippet":"max-snippet:-1","max-image-preview":"max-image-preview:large","max-video-preview":"max-video-preview:-1"},"canonical":"https:\/\/www.sinpro-rio.org.br\/principal\/abertas-as-inscric-es-para-os-concursos-da-campanha-quot-o-petroleo-tem-que-ser-nosso-quot-2\/","og_locale":"pt_BR","og_type":"article","og_title":"Abertas as inscri\u00e7?es para os concursos da campanha &#034;O Petr\u00f3leo Tem que Ser Nosso!&#034; - Sinpro-Rio","og_description":"Entre os dias 24 de mar\u00e7o e 07 de junho de 2010 estar?o abertas as inscri\u00e7?es para o 1\u00b0 Concurso Nacional de Trabalhos Universit\u00e1rios e o 1\u00b0 Concurso Estadual de Texto e Imagem para a Educa\u00e7?o B\u00e1sica, ambos da campanha &#8220;O Petr\u00f3leo Tem que Ser Nosso!&#8221;. A proposta \u00e9 estimular a produ\u00e7?o de conhecimento cr\u00edtico [&hellip;]","og_url":"https:\/\/www.sinpro-rio.org.br\/principal\/abertas-as-inscric-es-para-os-concursos-da-campanha-quot-o-petroleo-tem-que-ser-nosso-quot-2\/","og_site_name":"Sinpro-Rio","article_published_time":"2010-01-01T00:00:00+00:00","author":"rafaelrjp","twitter_card":"summary_large_image","twitter_misc":{"Escrito por":"rafaelrjp","Est. tempo de leitura":"1 minuto"},"schema":{"@context":"https:\/\/schema.org","@graph":[{"@type":"WebPage","@id":"https:\/\/www.sinpro-rio.org.br\/principal\/abertas-as-inscric-es-para-os-concursos-da-campanha-quot-o-petroleo-tem-que-ser-nosso-quot-2\/","url":"https:\/\/www.sinpro-rio.org.br\/principal\/abertas-as-inscric-es-para-os-concursos-da-campanha-quot-o-petroleo-tem-que-ser-nosso-quot-2\/","name":"Abertas as inscri\u00e7?es para os concursos da campanha &#034;O Petr\u00f3leo Tem que Ser Nosso!&#034; - Sinpro-Rio","isPartOf":{"@id":"https:\/\/www.sinpro-rio.org.br\/principal\/#website"},"datePublished":"2010-01-01T00:00:00+00:00","author":{"@id":"https:\/\/www.sinpro-rio.org.br\/principal\/#\/schema\/person\/49feb585a2f57a31a6bd9f16f78e5be6"},"breadcrumb":{"@id":"https:\/\/www.sinpro-rio.org.br\/principal\/abertas-as-inscric-es-para-os-concursos-da-campanha-quot-o-petroleo-tem-que-ser-nosso-quot-2\/#breadcrumb"},"inLanguage":"pt-BR","potentialAction":[{"@type":"ReadAction","target":["https:\/\/www.sinpro-rio.org.br\/principal\/abertas-as-inscric-es-para-os-concursos-da-campanha-quot-o-petroleo-tem-que-ser-nosso-quot-2\/"]}]},{"@type":"BreadcrumbList","@id":"https:\/\/www.sinpro-rio.org.br\/principal\/abertas-as-inscric-es-para-os-concursos-da-campanha-quot-o-petroleo-tem-que-ser-nosso-quot-2\/#breadcrumb","itemListElement":[{"@type":"ListItem","position":1,"name":"In\u00edcio","item":"https:\/\/www.sinpro-rio.org.br\/principal\/"},{"@type":"ListItem","position":2,"name":"Abertas as inscri\u00e7?es para os concursos da campanha &#034;O Petr\u00f3leo Tem que Ser Nosso!&#034;"}]},{"@type":"WebSite","@id":"https:\/\/www.sinpro-rio.org.br\/principal\/#website","url":"https:\/\/www.sinpro-rio.org.br\/principal\/","name":"Sinpro-Rio","description":"Sindicato dos Professores do Munic\u00edpio do Rio de Janeiro e Regi\u00e3o","potentialAction":[{"@type":"SearchAction","target":{"@type":"EntryPoint","urlTemplate":"https:\/\/www.sinpro-rio.org.br\/principal\/?s={search_term_string}"},"query-input":{"@type":"PropertyValueSpecification","valueRequired":true,"valueName":"search_term_string"}}],"inLanguage":"pt-BR"},{"@type":"Person","@id":"https:\/\/www.sinpro-rio.org.br\/principal\/#\/schema\/person\/49feb585a2f57a31a6bd9f16f78e5be6","name":"rafaelrjp","image":{"@type":"ImageObject","inLanguage":"pt-BR","@id":"https:\/\/www.sinpro-rio.org.br\/principal\/#\/schema\/person\/image\/","url":"https:\/\/secure.gravatar.com\/avatar\/489371a0ba4655c340b519882c68cf68?s=96&d=mm&r=g","contentUrl":"https:\/\/secure.gravatar.com\/avatar\/489371a0ba4655c340b519882c68cf68?s=96&d=mm&r=g","caption":"rafaelrjp"},"url":"https:\/\/www.sinpro-rio.org.br\/principal\/author\/rafaelrjp\/"}]}},"_links":{"self":[{"href":"https:\/\/www.sinpro-rio.org.br\/principal\/wp-json\/wp\/v2\/posts\/26248","targetHints":{"allow":["GET"]}}],"collection":[{"href":"https:\/\/www.sinpro-rio.org.br\/principal\/wp-json\/wp\/v2\/posts"}],"about":[{"href":"https:\/\/www.sinpro-rio.org.br\/principal\/wp-json\/wp\/v2\/types\/post"}],"author":[{"embeddable":true,"href":"https:\/\/www.sinpro-rio.org.br\/principal\/wp-json\/wp\/v2\/users\/1"}],"replies":[{"embeddable":true,"href":"https:\/\/www.sinpro-rio.org.br\/principal\/wp-json\/wp\/v2\/comments?post=26248"}],"version-history":[{"count":0,"href":"https:\/\/www.sinpro-rio.org.br\/principal\/wp-json\/wp\/v2\/posts\/26248\/revisions"}],"wp:attachment":[{"href":"https:\/\/www.sinpro-rio.org.br\/principal\/wp-json\/wp\/v2\/media?parent=26248"}],"wp:term":[{"taxonomy":"category","embeddable":true,"href":"https:\/\/www.sinpro-rio.org.br\/principal\/wp-json\/wp\/v2\/categories?post=26248"},{"taxonomy":"post_tag","embeddable":true,"href":"https:\/\/www.sinpro-rio.org.br\/principal\/wp-json\/wp\/v2\/tags?post=26248"}],"curies":[{"name":"wp","href":"https:\/\/api.w.org\/{rel}","templated":true}]}}