{"id":26233,"date":"2009-01-01T00:00:00","date_gmt":"2009-01-01T00:00:00","guid":{"rendered":"https:\/\/sinpro-rio.org.br\/principal\/sinpro-rio-lanca-campanha-quot-saude-do-professor-quot-em-sua-sede-2\/"},"modified":"2009-01-01T00:00:00","modified_gmt":"2009-01-01T00:00:00","slug":"sinpro-rio-lanca-campanha-quot-saude-do-professor-quot-em-sua-sede-2","status":"publish","type":"post","link":"https:\/\/www.sinpro-rio.org.br\/principal\/sinpro-rio-lanca-campanha-quot-saude-do-professor-quot-em-sua-sede-2\/","title":{"rendered":"Sinpro-Rio lan\u00e7a campanha &#034;Sa\u00fade do Professor&#034; em sua sede"},"content":{"rendered":"<div class=\"alvo1\">\n<p>No dia 18 de mar\u00e7o o Sinpro-Rio realizou o lan\u00e7amento da campanha &#8220;Sa\u00fade do Professor&#8221; em sua sede, no Centro.<\/p>\n<p>A cerim\u00f4nia teve in\u00edcio com o presidente Wanderley Qu\u00eado, reafirmando a postura do Sinpro-Rio como um sindicato cidad\u00e3o, que trabalha o ano inteiro, ativamente, e que procura trazer para a categoria mais conhecimento sobre seus direitos, lutas e tamb\u00e9m de condi\u00e7\u00f5es de trabalho e sa\u00fade.<\/p>\n<p>Wanderley apresentou a campanha e seus principais temas: s\u00edndrome de Burnout, uso da voz em sala de aula, a quest\u00e3o do atendimento on-line, a defesa das f\u00e9rias em janeiro e de um calend\u00e1rio \u00fanico, a luta contra a viol\u00eancia f\u00edsica e o ass\u00e9dio moral, e a exaust\u00e3o emocional. Finalizando, o presidente afirmou que a campanha pretende dar um salto de qualidade na vida da categoria, passando, primeiro, pelas condi\u00e7\u00f5es salariais e, depois, pelas de trabalho e de sa\u00fade.<\/p>\n<p>Ap\u00f3s a abertura, as assessoras t\u00e9cnicas da campanha, as psic\u00f3logas Elaine Juncken e Sandra Korman, falaram sobre a s\u00edndrome de Burnout, o cotidiano e as dificuldades da categoria, a mobiliza\u00e7\u00e3o dos professores e da sociedade, e como um projeto de vida profissional pode ajudar na autoestima.<\/p>\n<p>Elaine Juncken destacou as agruras dos professores, como a press\u00e3o sofrida por diretores e pais de alunos; a defici\u00eancia do aprimoramento profissional por falta de tempo e dinheiro; o desacato dos alunos, etc. A psic\u00f3loga falou sobre a s\u00edndrome de Burnout e suas caracter\u00edsticas: o contato frio, ir\u00f4nico e c\u00ednico com os alunos; o esgotamento f\u00edsico e emocional; dist\u00farbio do sono; sensa\u00e7\u00e3o de fracasso; dores musculares; e baixa autoestima, dentre outros<\/p>\n<p>&#8211; A s\u00edndrome \u00e9 uma &#8220;cronifica\u00e7\u00e3o&#8221; do estresse laborial. \u00c9 um estresse relativo ao trabalho que \u00e9 tratado erroneamente como um estresse comum &#8211; declarou, acrescentando que &#8220;o professor \u00e9 o protagonista da educa\u00e7\u00e3o. Sem ele n\u00e3o educa\u00e7\u00e3o e sem educa\u00e7\u00e3o n\u00e3o h\u00e1 futuro&#8221;.<\/p>\n<p>Sandra Korman avaliou que &#8220;a campanha tem um car\u00e1ter de mobiliza\u00e7\u00e3o pela mudan\u00e7a da educa\u00e7\u00e3o, mesmo esta sendo um conceito abstrato&#8221;.<\/p>\n<p>Ela analisou a sociedade atual como individualista e privada, em que todos est\u00e3o condenados a se sentirem faltosos, com o conhecimento, com a ang\u00fastia de ficar aqu\u00e9m da sociedade:<\/p>\n<p>&#8211; Por isso, h\u00e1 de haver uma reflex\u00e3o sobre a quest\u00e3o; e, por conta disso, o projeto de vida profissional se faz ainda mais necess\u00e1rio &#8211; resumiu.<\/p>\n<p>Sandra encerrou dizendo estar muito feliz em fazer parte desta campanha, que ela considera uma mobiliza\u00e7\u00e3o.<\/p>\n<p>O evento contou com a presen\u00e7a de representantes do Conselho de Fonoaudiologia, do Sinpro Niter\u00f3i, do Col\u00e9gio Pedro II e da Sociedade Brasileira de Psicomotricidade.<\/p>\n<p>Por fim, Wanderley Qu\u00eado mostrou o abaixo assinado on-line que o Sinpro-Rio est\u00e1 fazendo, em defesa das f\u00e9rias em janeiro, e deu a assinatura inaugural. Tamb\u00e9m foram distribu\u00eddas cartilhas sobre s\u00edndrome de Burnout e, para encerrar, todos participaram de um coquetel de confraterniza\u00e7\u00e3o.<\/p>\n<p>Veja as fotos aqui <\/p>\n<\/div>\n","protected":false},"excerpt":{"rendered":"<p>No dia 18 de mar\u00e7o o Sinpro-Rio realizou o lan\u00e7amento da campanha &#8220;Sa\u00fade do Professor&#8221; em sua sede, no Centro. A cerim\u00f4nia teve in\u00edcio com o presidente Wanderley Qu\u00eado, reafirmando a postura do Sinpro-Rio como um sindicato cidad\u00e3o, que trabalha o ano inteiro, ativamente, e que procura trazer para a categoria mais conhecimento sobre seus [&hellip;]<\/p>\n","protected":false},"author":1,"featured_media":0,"comment_status":"closed","ping_status":"open","sticky":false,"template":"","format":"standard","meta":{"footnotes":""},"categories":[1],"tags":[],"class_list":["post-26233","post","type-post","status-publish","format-standard","hentry","category-noticias"],"yoast_head":"<!-- This site is optimized with the Yoast SEO plugin v25.7 - https:\/\/yoast.com\/wordpress\/plugins\/seo\/ -->\n<title>Sinpro-Rio lan\u00e7a campanha &#034;Sa\u00fade do Professor&#034; em sua sede - Sinpro-Rio<\/title>\n<meta name=\"robots\" content=\"index, follow, max-snippet:-1, max-image-preview:large, max-video-preview:-1\" \/>\n<link rel=\"canonical\" href=\"https:\/\/www.sinpro-rio.org.br\/principal\/sinpro-rio-lanca-campanha-quot-saude-do-professor-quot-em-sua-sede-2\/\" \/>\n<meta property=\"og:locale\" content=\"pt_BR\" \/>\n<meta property=\"og:type\" content=\"article\" \/>\n<meta property=\"og:title\" content=\"Sinpro-Rio lan\u00e7a campanha &#034;Sa\u00fade do Professor&#034; em sua sede - Sinpro-Rio\" \/>\n<meta property=\"og:description\" content=\"No dia 18 de mar\u00e7o o Sinpro-Rio realizou o lan\u00e7amento da campanha &#8220;Sa\u00fade do Professor&#8221; em sua sede, no Centro. A cerim\u00f4nia teve in\u00edcio com o presidente Wanderley Qu\u00eado, reafirmando a postura do Sinpro-Rio como um sindicato cidad\u00e3o, que trabalha o ano inteiro, ativamente, e que procura trazer para a categoria mais conhecimento sobre seus [&hellip;]\" \/>\n<meta property=\"og:url\" content=\"https:\/\/www.sinpro-rio.org.br\/principal\/sinpro-rio-lanca-campanha-quot-saude-do-professor-quot-em-sua-sede-2\/\" \/>\n<meta property=\"og:site_name\" content=\"Sinpro-Rio\" \/>\n<meta property=\"article:published_time\" content=\"2009-01-01T00:00:00+00:00\" \/>\n<meta name=\"author\" content=\"rafaelrjp\" \/>\n<meta name=\"twitter:card\" content=\"summary_large_image\" \/>\n<meta name=\"twitter:label1\" content=\"Escrito por\" \/>\n\t<meta name=\"twitter:data1\" content=\"rafaelrjp\" \/>\n\t<meta name=\"twitter:label2\" content=\"Est. tempo de leitura\" \/>\n\t<meta name=\"twitter:data2\" content=\"3 minutos\" \/>\n<script type=\"application\/ld+json\" class=\"yoast-schema-graph\">{\"@context\":\"https:\/\/schema.org\",\"@graph\":[{\"@type\":\"WebPage\",\"@id\":\"https:\/\/www.sinpro-rio.org.br\/principal\/sinpro-rio-lanca-campanha-quot-saude-do-professor-quot-em-sua-sede-2\/\",\"url\":\"https:\/\/www.sinpro-rio.org.br\/principal\/sinpro-rio-lanca-campanha-quot-saude-do-professor-quot-em-sua-sede-2\/\",\"name\":\"Sinpro-Rio lan\u00e7a campanha &#034;Sa\u00fade do Professor&#034; em sua sede - Sinpro-Rio\",\"isPartOf\":{\"@id\":\"https:\/\/www.sinpro-rio.org.br\/principal\/#website\"},\"datePublished\":\"2009-01-01T00:00:00+00:00\",\"author\":{\"@id\":\"https:\/\/www.sinpro-rio.org.br\/principal\/#\/schema\/person\/49feb585a2f57a31a6bd9f16f78e5be6\"},\"breadcrumb\":{\"@id\":\"https:\/\/www.sinpro-rio.org.br\/principal\/sinpro-rio-lanca-campanha-quot-saude-do-professor-quot-em-sua-sede-2\/#breadcrumb\"},\"inLanguage\":\"pt-BR\",\"potentialAction\":[{\"@type\":\"ReadAction\",\"target\":[\"https:\/\/www.sinpro-rio.org.br\/principal\/sinpro-rio-lanca-campanha-quot-saude-do-professor-quot-em-sua-sede-2\/\"]}]},{\"@type\":\"BreadcrumbList\",\"@id\":\"https:\/\/www.sinpro-rio.org.br\/principal\/sinpro-rio-lanca-campanha-quot-saude-do-professor-quot-em-sua-sede-2\/#breadcrumb\",\"itemListElement\":[{\"@type\":\"ListItem\",\"position\":1,\"name\":\"In\u00edcio\",\"item\":\"https:\/\/www.sinpro-rio.org.br\/principal\/\"},{\"@type\":\"ListItem\",\"position\":2,\"name\":\"Sinpro-Rio lan\u00e7a campanha &#034;Sa\u00fade do Professor&#034; em sua sede\"}]},{\"@type\":\"WebSite\",\"@id\":\"https:\/\/www.sinpro-rio.org.br\/principal\/#website\",\"url\":\"https:\/\/www.sinpro-rio.org.br\/principal\/\",\"name\":\"Sinpro-Rio\",\"description\":\"Sindicato dos Professores do Munic\u00edpio do Rio de Janeiro e Regi\u00e3o\",\"potentialAction\":[{\"@type\":\"SearchAction\",\"target\":{\"@type\":\"EntryPoint\",\"urlTemplate\":\"https:\/\/www.sinpro-rio.org.br\/principal\/?s={search_term_string}\"},\"query-input\":{\"@type\":\"PropertyValueSpecification\",\"valueRequired\":true,\"valueName\":\"search_term_string\"}}],\"inLanguage\":\"pt-BR\"},{\"@type\":\"Person\",\"@id\":\"https:\/\/www.sinpro-rio.org.br\/principal\/#\/schema\/person\/49feb585a2f57a31a6bd9f16f78e5be6\",\"name\":\"rafaelrjp\",\"image\":{\"@type\":\"ImageObject\",\"inLanguage\":\"pt-BR\",\"@id\":\"https:\/\/www.sinpro-rio.org.br\/principal\/#\/schema\/person\/image\/\",\"url\":\"https:\/\/secure.gravatar.com\/avatar\/489371a0ba4655c340b519882c68cf68?s=96&d=mm&r=g\",\"contentUrl\":\"https:\/\/secure.gravatar.com\/avatar\/489371a0ba4655c340b519882c68cf68?s=96&d=mm&r=g\",\"caption\":\"rafaelrjp\"},\"url\":\"https:\/\/www.sinpro-rio.org.br\/principal\/author\/rafaelrjp\/\"}]}<\/script>\n<!-- \/ Yoast SEO plugin. -->","yoast_head_json":{"title":"Sinpro-Rio lan\u00e7a campanha &#034;Sa\u00fade do Professor&#034; em sua sede - Sinpro-Rio","robots":{"index":"index","follow":"follow","max-snippet":"max-snippet:-1","max-image-preview":"max-image-preview:large","max-video-preview":"max-video-preview:-1"},"canonical":"https:\/\/www.sinpro-rio.org.br\/principal\/sinpro-rio-lanca-campanha-quot-saude-do-professor-quot-em-sua-sede-2\/","og_locale":"pt_BR","og_type":"article","og_title":"Sinpro-Rio lan\u00e7a campanha &#034;Sa\u00fade do Professor&#034; em sua sede - Sinpro-Rio","og_description":"No dia 18 de mar\u00e7o o Sinpro-Rio realizou o lan\u00e7amento da campanha &#8220;Sa\u00fade do Professor&#8221; em sua sede, no Centro. A cerim\u00f4nia teve in\u00edcio com o presidente Wanderley Qu\u00eado, reafirmando a postura do Sinpro-Rio como um sindicato cidad\u00e3o, que trabalha o ano inteiro, ativamente, e que procura trazer para a categoria mais conhecimento sobre seus [&hellip;]","og_url":"https:\/\/www.sinpro-rio.org.br\/principal\/sinpro-rio-lanca-campanha-quot-saude-do-professor-quot-em-sua-sede-2\/","og_site_name":"Sinpro-Rio","article_published_time":"2009-01-01T00:00:00+00:00","author":"rafaelrjp","twitter_card":"summary_large_image","twitter_misc":{"Escrito por":"rafaelrjp","Est. tempo de leitura":"3 minutos"},"schema":{"@context":"https:\/\/schema.org","@graph":[{"@type":"WebPage","@id":"https:\/\/www.sinpro-rio.org.br\/principal\/sinpro-rio-lanca-campanha-quot-saude-do-professor-quot-em-sua-sede-2\/","url":"https:\/\/www.sinpro-rio.org.br\/principal\/sinpro-rio-lanca-campanha-quot-saude-do-professor-quot-em-sua-sede-2\/","name":"Sinpro-Rio lan\u00e7a campanha &#034;Sa\u00fade do Professor&#034; em sua sede - Sinpro-Rio","isPartOf":{"@id":"https:\/\/www.sinpro-rio.org.br\/principal\/#website"},"datePublished":"2009-01-01T00:00:00+00:00","author":{"@id":"https:\/\/www.sinpro-rio.org.br\/principal\/#\/schema\/person\/49feb585a2f57a31a6bd9f16f78e5be6"},"breadcrumb":{"@id":"https:\/\/www.sinpro-rio.org.br\/principal\/sinpro-rio-lanca-campanha-quot-saude-do-professor-quot-em-sua-sede-2\/#breadcrumb"},"inLanguage":"pt-BR","potentialAction":[{"@type":"ReadAction","target":["https:\/\/www.sinpro-rio.org.br\/principal\/sinpro-rio-lanca-campanha-quot-saude-do-professor-quot-em-sua-sede-2\/"]}]},{"@type":"BreadcrumbList","@id":"https:\/\/www.sinpro-rio.org.br\/principal\/sinpro-rio-lanca-campanha-quot-saude-do-professor-quot-em-sua-sede-2\/#breadcrumb","itemListElement":[{"@type":"ListItem","position":1,"name":"In\u00edcio","item":"https:\/\/www.sinpro-rio.org.br\/principal\/"},{"@type":"ListItem","position":2,"name":"Sinpro-Rio lan\u00e7a campanha &#034;Sa\u00fade do Professor&#034; em sua sede"}]},{"@type":"WebSite","@id":"https:\/\/www.sinpro-rio.org.br\/principal\/#website","url":"https:\/\/www.sinpro-rio.org.br\/principal\/","name":"Sinpro-Rio","description":"Sindicato dos Professores do Munic\u00edpio do Rio de Janeiro e Regi\u00e3o","potentialAction":[{"@type":"SearchAction","target":{"@type":"EntryPoint","urlTemplate":"https:\/\/www.sinpro-rio.org.br\/principal\/?s={search_term_string}"},"query-input":{"@type":"PropertyValueSpecification","valueRequired":true,"valueName":"search_term_string"}}],"inLanguage":"pt-BR"},{"@type":"Person","@id":"https:\/\/www.sinpro-rio.org.br\/principal\/#\/schema\/person\/49feb585a2f57a31a6bd9f16f78e5be6","name":"rafaelrjp","image":{"@type":"ImageObject","inLanguage":"pt-BR","@id":"https:\/\/www.sinpro-rio.org.br\/principal\/#\/schema\/person\/image\/","url":"https:\/\/secure.gravatar.com\/avatar\/489371a0ba4655c340b519882c68cf68?s=96&d=mm&r=g","contentUrl":"https:\/\/secure.gravatar.com\/avatar\/489371a0ba4655c340b519882c68cf68?s=96&d=mm&r=g","caption":"rafaelrjp"},"url":"https:\/\/www.sinpro-rio.org.br\/principal\/author\/rafaelrjp\/"}]}},"_links":{"self":[{"href":"https:\/\/www.sinpro-rio.org.br\/principal\/wp-json\/wp\/v2\/posts\/26233","targetHints":{"allow":["GET"]}}],"collection":[{"href":"https:\/\/www.sinpro-rio.org.br\/principal\/wp-json\/wp\/v2\/posts"}],"about":[{"href":"https:\/\/www.sinpro-rio.org.br\/principal\/wp-json\/wp\/v2\/types\/post"}],"author":[{"embeddable":true,"href":"https:\/\/www.sinpro-rio.org.br\/principal\/wp-json\/wp\/v2\/users\/1"}],"replies":[{"embeddable":true,"href":"https:\/\/www.sinpro-rio.org.br\/principal\/wp-json\/wp\/v2\/comments?post=26233"}],"version-history":[{"count":0,"href":"https:\/\/www.sinpro-rio.org.br\/principal\/wp-json\/wp\/v2\/posts\/26233\/revisions"}],"wp:attachment":[{"href":"https:\/\/www.sinpro-rio.org.br\/principal\/wp-json\/wp\/v2\/media?parent=26233"}],"wp:term":[{"taxonomy":"category","embeddable":true,"href":"https:\/\/www.sinpro-rio.org.br\/principal\/wp-json\/wp\/v2\/categories?post=26233"},{"taxonomy":"post_tag","embeddable":true,"href":"https:\/\/www.sinpro-rio.org.br\/principal\/wp-json\/wp\/v2\/tags?post=26233"}],"curies":[{"name":"wp","href":"https:\/\/api.w.org\/{rel}","templated":true}]}}