{"id":26227,"date":"2009-01-01T00:00:00","date_gmt":"2009-01-01T00:00:00","guid":{"rendered":"https:\/\/sinpro-rio.org.br\/principal\/quot-saude-do-professor-quot-e-apresentada-no-conselho-estadual-de-educac-o\/"},"modified":"2009-01-01T00:00:00","modified_gmt":"2009-01-01T00:00:00","slug":"quot-saude-do-professor-quot-e-apresentada-no-conselho-estadual-de-educac-o","status":"publish","type":"post","link":"https:\/\/www.sinpro-rio.org.br\/principal\/quot-saude-do-professor-quot-e-apresentada-no-conselho-estadual-de-educac-o\/","title":{"rendered":"&#034;Sa\u00fade do Professor&#034; \u00e9 apresentada no Conselho Estadual de Educa\u00e7\u00e3o"},"content":{"rendered":"<div class=\"alvo1\">\n<p>No dia 7 de julho, o Conselho Estadual de Educa\u00e7\u00e3o &#8211; em sess\u00e3o mediada por seu presidente, professor Paulo Alcantara Gomes &#8211; recebeu o presidente do Sinpro-Rio, Wanderley Qu\u00eado, para a apresenta\u00e7\u00e3o da campanha &#8220;Condi\u00e7\u00f5es de Trabalho e Sa\u00fade do Professor&#8221;.<\/p>\n<p>Wanderley explicou que tudo teve in\u00edcio com a Campanha da Voz, que esteve em mais de 440 escolas e contou com a participa\u00e7\u00e3o de mais de 10 mil professores. Foi constatado que 45% dos docentes tinham problemas vocais e que, na maioria das vezes, a causa era emocional. Assim, o Sinpro-Rio entendeu que era preciso cuidar n\u00e3o s\u00f3 da voz, mas tamb\u00e9m da sa\u00fade emocional, que passa tamb\u00e9m pelas suas condi\u00e7\u00f5es de trabalho.<\/p>\n<p>Sendo assim, o Sindicato resolveu trabalhar oito quest\u00f5es que, nos \u00faltimos tempos, vem chamando a aten\u00e7\u00e3o n\u00e3o s\u00f3 do Departamento Jur\u00eddico, mas tamb\u00e9m de todos os outros diretores: S\u00edndrome de Burnout; uso da voz em sala de aula; a quest\u00e3o do atendimento online; a defesa das f\u00e9rias em janeiro e de um calend\u00e1rio \u00fanico; a luta contra a viol\u00eancia f\u00edsica e o ass\u00e9dio moral; e a exaust\u00e3o emocional.<\/p>\n<p>Finalizando, Wanderley destacou que quando a sociedade come\u00e7a a pautar os problemas dos professores, \u00e9 sinal de que metade do caminho para a solu\u00e7\u00e3o j\u00e1 foi andado; e encerrou agradecendo pelo espa\u00e7o e pela possibilidade de, num primeiro momento, discutir o calend\u00e1rio \u00fanico no Conselho.<\/p>\n<p>Encerrando a participa\u00e7\u00e3o do Sinpro-Rio na reuni\u00e3o, o ex-reitor da Uerj, Nival Nunes Almeida disse estar orgulhoso, como professor, da forma como o Sindicato est\u00e1 negociando as pautas com o Conselho e com a sociedade.<\/p>\n<p>Clique aqui para conferir algumas fotos da sess\u00e3o. \n<\/p>\n<\/div>\n","protected":false},"excerpt":{"rendered":"<p>No dia 7 de julho, o Conselho Estadual de Educa\u00e7\u00e3o &#8211; em sess\u00e3o mediada por seu presidente, professor Paulo Alcantara Gomes &#8211; recebeu o presidente do Sinpro-Rio, Wanderley Qu\u00eado, para a apresenta\u00e7\u00e3o da campanha &#8220;Condi\u00e7\u00f5es de Trabalho e Sa\u00fade do Professor&#8221;. Wanderley explicou que tudo teve in\u00edcio com a Campanha da Voz, que esteve em [&hellip;]<\/p>\n","protected":false},"author":1,"featured_media":0,"comment_status":"closed","ping_status":"open","sticky":false,"template":"","format":"standard","meta":{"footnotes":""},"categories":[1],"tags":[],"class_list":["post-26227","post","type-post","status-publish","format-standard","hentry","category-noticias"],"yoast_head":"<!-- This site is optimized with the Yoast SEO plugin v25.7 - https:\/\/yoast.com\/wordpress\/plugins\/seo\/ -->\n<title>&#034;Sa\u00fade do Professor&#034; \u00e9 apresentada no Conselho Estadual de Educa\u00e7\u00e3o - Sinpro-Rio<\/title>\n<meta name=\"robots\" content=\"index, follow, max-snippet:-1, max-image-preview:large, max-video-preview:-1\" \/>\n<link rel=\"canonical\" href=\"https:\/\/www.sinpro-rio.org.br\/principal\/quot-saude-do-professor-quot-e-apresentada-no-conselho-estadual-de-educac-o\/\" \/>\n<meta property=\"og:locale\" content=\"pt_BR\" \/>\n<meta property=\"og:type\" content=\"article\" \/>\n<meta property=\"og:title\" content=\"&#034;Sa\u00fade do Professor&#034; \u00e9 apresentada no Conselho Estadual de Educa\u00e7\u00e3o - Sinpro-Rio\" \/>\n<meta property=\"og:description\" content=\"No dia 7 de julho, o Conselho Estadual de Educa\u00e7\u00e3o &#8211; em sess\u00e3o mediada por seu presidente, professor Paulo Alcantara Gomes &#8211; recebeu o presidente do Sinpro-Rio, Wanderley Qu\u00eado, para a apresenta\u00e7\u00e3o da campanha &#8220;Condi\u00e7\u00f5es de Trabalho e Sa\u00fade do Professor&#8221;. Wanderley explicou que tudo teve in\u00edcio com a Campanha da Voz, que esteve em [&hellip;]\" \/>\n<meta property=\"og:url\" content=\"https:\/\/www.sinpro-rio.org.br\/principal\/quot-saude-do-professor-quot-e-apresentada-no-conselho-estadual-de-educac-o\/\" \/>\n<meta property=\"og:site_name\" content=\"Sinpro-Rio\" \/>\n<meta property=\"article:published_time\" content=\"2009-01-01T00:00:00+00:00\" \/>\n<meta name=\"author\" content=\"rafaelrjp\" \/>\n<meta name=\"twitter:card\" content=\"summary_large_image\" \/>\n<meta name=\"twitter:label1\" content=\"Escrito por\" \/>\n\t<meta name=\"twitter:data1\" content=\"rafaelrjp\" \/>\n\t<meta name=\"twitter:label2\" content=\"Est. tempo de leitura\" \/>\n\t<meta name=\"twitter:data2\" content=\"1 minuto\" \/>\n<script type=\"application\/ld+json\" class=\"yoast-schema-graph\">{\"@context\":\"https:\/\/schema.org\",\"@graph\":[{\"@type\":\"WebPage\",\"@id\":\"https:\/\/www.sinpro-rio.org.br\/principal\/quot-saude-do-professor-quot-e-apresentada-no-conselho-estadual-de-educac-o\/\",\"url\":\"https:\/\/www.sinpro-rio.org.br\/principal\/quot-saude-do-professor-quot-e-apresentada-no-conselho-estadual-de-educac-o\/\",\"name\":\"&#034;Sa\u00fade do Professor&#034; \u00e9 apresentada no Conselho Estadual de Educa\u00e7\u00e3o - Sinpro-Rio\",\"isPartOf\":{\"@id\":\"https:\/\/www.sinpro-rio.org.br\/principal\/#website\"},\"datePublished\":\"2009-01-01T00:00:00+00:00\",\"author\":{\"@id\":\"https:\/\/www.sinpro-rio.org.br\/principal\/#\/schema\/person\/49feb585a2f57a31a6bd9f16f78e5be6\"},\"breadcrumb\":{\"@id\":\"https:\/\/www.sinpro-rio.org.br\/principal\/quot-saude-do-professor-quot-e-apresentada-no-conselho-estadual-de-educac-o\/#breadcrumb\"},\"inLanguage\":\"pt-BR\",\"potentialAction\":[{\"@type\":\"ReadAction\",\"target\":[\"https:\/\/www.sinpro-rio.org.br\/principal\/quot-saude-do-professor-quot-e-apresentada-no-conselho-estadual-de-educac-o\/\"]}]},{\"@type\":\"BreadcrumbList\",\"@id\":\"https:\/\/www.sinpro-rio.org.br\/principal\/quot-saude-do-professor-quot-e-apresentada-no-conselho-estadual-de-educac-o\/#breadcrumb\",\"itemListElement\":[{\"@type\":\"ListItem\",\"position\":1,\"name\":\"In\u00edcio\",\"item\":\"https:\/\/www.sinpro-rio.org.br\/principal\/\"},{\"@type\":\"ListItem\",\"position\":2,\"name\":\"&#034;Sa\u00fade do Professor&#034; \u00e9 apresentada no Conselho Estadual de Educa\u00e7\u00e3o\"}]},{\"@type\":\"WebSite\",\"@id\":\"https:\/\/www.sinpro-rio.org.br\/principal\/#website\",\"url\":\"https:\/\/www.sinpro-rio.org.br\/principal\/\",\"name\":\"Sinpro-Rio\",\"description\":\"Sindicato dos Professores do Munic\u00edpio do Rio de Janeiro e Regi\u00e3o\",\"potentialAction\":[{\"@type\":\"SearchAction\",\"target\":{\"@type\":\"EntryPoint\",\"urlTemplate\":\"https:\/\/www.sinpro-rio.org.br\/principal\/?s={search_term_string}\"},\"query-input\":{\"@type\":\"PropertyValueSpecification\",\"valueRequired\":true,\"valueName\":\"search_term_string\"}}],\"inLanguage\":\"pt-BR\"},{\"@type\":\"Person\",\"@id\":\"https:\/\/www.sinpro-rio.org.br\/principal\/#\/schema\/person\/49feb585a2f57a31a6bd9f16f78e5be6\",\"name\":\"rafaelrjp\",\"image\":{\"@type\":\"ImageObject\",\"inLanguage\":\"pt-BR\",\"@id\":\"https:\/\/www.sinpro-rio.org.br\/principal\/#\/schema\/person\/image\/\",\"url\":\"https:\/\/secure.gravatar.com\/avatar\/489371a0ba4655c340b519882c68cf68?s=96&d=mm&r=g\",\"contentUrl\":\"https:\/\/secure.gravatar.com\/avatar\/489371a0ba4655c340b519882c68cf68?s=96&d=mm&r=g\",\"caption\":\"rafaelrjp\"},\"url\":\"https:\/\/www.sinpro-rio.org.br\/principal\/author\/rafaelrjp\/\"}]}<\/script>\n<!-- \/ Yoast SEO plugin. -->","yoast_head_json":{"title":"&#034;Sa\u00fade do Professor&#034; \u00e9 apresentada no Conselho Estadual de Educa\u00e7\u00e3o - Sinpro-Rio","robots":{"index":"index","follow":"follow","max-snippet":"max-snippet:-1","max-image-preview":"max-image-preview:large","max-video-preview":"max-video-preview:-1"},"canonical":"https:\/\/www.sinpro-rio.org.br\/principal\/quot-saude-do-professor-quot-e-apresentada-no-conselho-estadual-de-educac-o\/","og_locale":"pt_BR","og_type":"article","og_title":"&#034;Sa\u00fade do Professor&#034; \u00e9 apresentada no Conselho Estadual de Educa\u00e7\u00e3o - Sinpro-Rio","og_description":"No dia 7 de julho, o Conselho Estadual de Educa\u00e7\u00e3o &#8211; em sess\u00e3o mediada por seu presidente, professor Paulo Alcantara Gomes &#8211; recebeu o presidente do Sinpro-Rio, Wanderley Qu\u00eado, para a apresenta\u00e7\u00e3o da campanha &#8220;Condi\u00e7\u00f5es de Trabalho e Sa\u00fade do Professor&#8221;. Wanderley explicou que tudo teve in\u00edcio com a Campanha da Voz, que esteve em [&hellip;]","og_url":"https:\/\/www.sinpro-rio.org.br\/principal\/quot-saude-do-professor-quot-e-apresentada-no-conselho-estadual-de-educac-o\/","og_site_name":"Sinpro-Rio","article_published_time":"2009-01-01T00:00:00+00:00","author":"rafaelrjp","twitter_card":"summary_large_image","twitter_misc":{"Escrito por":"rafaelrjp","Est. tempo de leitura":"1 minuto"},"schema":{"@context":"https:\/\/schema.org","@graph":[{"@type":"WebPage","@id":"https:\/\/www.sinpro-rio.org.br\/principal\/quot-saude-do-professor-quot-e-apresentada-no-conselho-estadual-de-educac-o\/","url":"https:\/\/www.sinpro-rio.org.br\/principal\/quot-saude-do-professor-quot-e-apresentada-no-conselho-estadual-de-educac-o\/","name":"&#034;Sa\u00fade do Professor&#034; \u00e9 apresentada no Conselho Estadual de Educa\u00e7\u00e3o - Sinpro-Rio","isPartOf":{"@id":"https:\/\/www.sinpro-rio.org.br\/principal\/#website"},"datePublished":"2009-01-01T00:00:00+00:00","author":{"@id":"https:\/\/www.sinpro-rio.org.br\/principal\/#\/schema\/person\/49feb585a2f57a31a6bd9f16f78e5be6"},"breadcrumb":{"@id":"https:\/\/www.sinpro-rio.org.br\/principal\/quot-saude-do-professor-quot-e-apresentada-no-conselho-estadual-de-educac-o\/#breadcrumb"},"inLanguage":"pt-BR","potentialAction":[{"@type":"ReadAction","target":["https:\/\/www.sinpro-rio.org.br\/principal\/quot-saude-do-professor-quot-e-apresentada-no-conselho-estadual-de-educac-o\/"]}]},{"@type":"BreadcrumbList","@id":"https:\/\/www.sinpro-rio.org.br\/principal\/quot-saude-do-professor-quot-e-apresentada-no-conselho-estadual-de-educac-o\/#breadcrumb","itemListElement":[{"@type":"ListItem","position":1,"name":"In\u00edcio","item":"https:\/\/www.sinpro-rio.org.br\/principal\/"},{"@type":"ListItem","position":2,"name":"&#034;Sa\u00fade do Professor&#034; \u00e9 apresentada no Conselho Estadual de Educa\u00e7\u00e3o"}]},{"@type":"WebSite","@id":"https:\/\/www.sinpro-rio.org.br\/principal\/#website","url":"https:\/\/www.sinpro-rio.org.br\/principal\/","name":"Sinpro-Rio","description":"Sindicato dos Professores do Munic\u00edpio do Rio de Janeiro e Regi\u00e3o","potentialAction":[{"@type":"SearchAction","target":{"@type":"EntryPoint","urlTemplate":"https:\/\/www.sinpro-rio.org.br\/principal\/?s={search_term_string}"},"query-input":{"@type":"PropertyValueSpecification","valueRequired":true,"valueName":"search_term_string"}}],"inLanguage":"pt-BR"},{"@type":"Person","@id":"https:\/\/www.sinpro-rio.org.br\/principal\/#\/schema\/person\/49feb585a2f57a31a6bd9f16f78e5be6","name":"rafaelrjp","image":{"@type":"ImageObject","inLanguage":"pt-BR","@id":"https:\/\/www.sinpro-rio.org.br\/principal\/#\/schema\/person\/image\/","url":"https:\/\/secure.gravatar.com\/avatar\/489371a0ba4655c340b519882c68cf68?s=96&d=mm&r=g","contentUrl":"https:\/\/secure.gravatar.com\/avatar\/489371a0ba4655c340b519882c68cf68?s=96&d=mm&r=g","caption":"rafaelrjp"},"url":"https:\/\/www.sinpro-rio.org.br\/principal\/author\/rafaelrjp\/"}]}},"_links":{"self":[{"href":"https:\/\/www.sinpro-rio.org.br\/principal\/wp-json\/wp\/v2\/posts\/26227","targetHints":{"allow":["GET"]}}],"collection":[{"href":"https:\/\/www.sinpro-rio.org.br\/principal\/wp-json\/wp\/v2\/posts"}],"about":[{"href":"https:\/\/www.sinpro-rio.org.br\/principal\/wp-json\/wp\/v2\/types\/post"}],"author":[{"embeddable":true,"href":"https:\/\/www.sinpro-rio.org.br\/principal\/wp-json\/wp\/v2\/users\/1"}],"replies":[{"embeddable":true,"href":"https:\/\/www.sinpro-rio.org.br\/principal\/wp-json\/wp\/v2\/comments?post=26227"}],"version-history":[{"count":0,"href":"https:\/\/www.sinpro-rio.org.br\/principal\/wp-json\/wp\/v2\/posts\/26227\/revisions"}],"wp:attachment":[{"href":"https:\/\/www.sinpro-rio.org.br\/principal\/wp-json\/wp\/v2\/media?parent=26227"}],"wp:term":[{"taxonomy":"category","embeddable":true,"href":"https:\/\/www.sinpro-rio.org.br\/principal\/wp-json\/wp\/v2\/categories?post=26227"},{"taxonomy":"post_tag","embeddable":true,"href":"https:\/\/www.sinpro-rio.org.br\/principal\/wp-json\/wp\/v2\/tags?post=26227"}],"curies":[{"name":"wp","href":"https:\/\/api.w.org\/{rel}","templated":true}]}}