{"id":26226,"date":"2009-01-01T00:00:00","date_gmt":"2009-01-01T00:00:00","guid":{"rendered":"https:\/\/sinpro-rio.org.br\/principal\/edgar-morin-fala-sobre-quot-o-pensamento-do-sul-quot-em-confer-ncia-na-abl-2\/"},"modified":"2009-01-01T00:00:00","modified_gmt":"2009-01-01T00:00:00","slug":"edgar-morin-fala-sobre-quot-o-pensamento-do-sul-quot-em-confer-ncia-na-abl-2","status":"publish","type":"post","link":"https:\/\/www.sinpro-rio.org.br\/principal\/edgar-morin-fala-sobre-quot-o-pensamento-do-sul-quot-em-confer-ncia-na-abl-2\/","title":{"rendered":"Edgar Morin fala sobre &#034;O Pensamento do Sul&#034; em Confer\u00eancia na ABL"},"content":{"rendered":"<div class=\"alvo1\">\n<p>No dia 14 de julho, a Academia Brasileira de Letras (ABL) realizou a Confer\u00eancia &#8220;O Pensamento do Sul&#8221;, com a presen\u00e7a do escritor, soci\u00f3logo, fil\u00f3sofo e historiador franc\u00eas Edgar Morin. A abertura do evento, que teve entrada franca e foi transmitido pelo portal da Academia, teve a participa\u00e7\u00e3o do presidente da ABL, C\u00edcero Sandroni.<\/p>\n<p>No tema &#8220;O Pensamento do Sul&#8221; foram abordados alguns t\u00f3picos, como os sete saberes da modernidade; o pensamento hoje do Sul para a verdadeira &#8220;planetariza\u00e7\u00e3o&#8221;; e o mundo global sem hegemonias e para al\u00e9m das geopol\u00edticas.<\/p>\n<p>Inicialmente, Morin falou sobre o legado da Antiguidade que ainda \u00e9 presente e ordena a sociedade p\u00f3s-moderna, al\u00e9m de fazer uma cr\u00edtica ao esquecimento dos ensinamentos renascentistas, que em sua problematiza\u00e7\u00e3o nos levou ao Humanismo, cuja ess\u00eancia nos trouxe a valoriza\u00e7\u00e3o de todos os homens. Partindo desse ponto, Edgar mostrou a ideia de &#8220;Pensamento do Sul&#8221;, que impregnada dessas heran\u00e7as, sofre com a superioridade e o olhar preconceituoso do norte.<\/p>\n<p>&#8211; As diferentes formas de viver o norte e o sul deve ser homogeneizada. A tecnologia e o progresso devem se mesclar com a solidariedade e a liberdade que ainda existem no sul &#8211; afirmou o fil\u00f3sofo.<\/p>\n<p>Edgar Morin concluiu a sua fala com uma mensagem de esperan\u00e7a. Para o escritor, as nossas a\u00e7\u00f5es e decis\u00f5es est\u00e3o levando a Terra na dire\u00e7\u00e3o de uma cat\u00e1strofe e, apesar da hist\u00f3ria da humanidade ser feita de acontecimentos improv\u00e1veis, devemos acreditar no triunfo desses fatos inesperados para salvar o futuro do caos. Segundo Edgar , s\u00e3o nos momentos de crise que nasce a esperan\u00e7a fundadora e da salva\u00e7\u00e3o humana. E tamb\u00e9m s\u00e3o nesses momentos que a capacidade de cria\u00e7\u00e3o acorda. Outro ponto levantado pelo acad\u00eamico foi o excesso praticado no planeta, podendo-nos levar a dois caminhos: a morte ou a metamorfose. E \u00e9 justamente a busca da metamorfose que a humanidade deve procurar para salvar o futuro.<\/p>\n<p>&#8211; Quando um sistema n\u00e3o consegue tratar de seus problemas vitais, a tend\u00eancia \u00e9 se desintegrar ou a metamorfose. Ent\u00e3o, procuremos o caminho em dire\u00e7\u00e3o \u00e0 metamorfose! &#8211; finalizou.<\/p>\n<p>Veja algumas fotos do evento aqui \n<\/p>\n<\/div>\n","protected":false},"excerpt":{"rendered":"<p>No dia 14 de julho, a Academia Brasileira de Letras (ABL) realizou a Confer\u00eancia &#8220;O Pensamento do Sul&#8221;, com a presen\u00e7a do escritor, soci\u00f3logo, fil\u00f3sofo e historiador franc\u00eas Edgar Morin. A abertura do evento, que teve entrada franca e foi transmitido pelo portal da Academia, teve a participa\u00e7\u00e3o do presidente da ABL, C\u00edcero Sandroni. No [&hellip;]<\/p>\n","protected":false},"author":1,"featured_media":0,"comment_status":"closed","ping_status":"open","sticky":false,"template":"","format":"standard","meta":{"footnotes":""},"categories":[1],"tags":[],"class_list":["post-26226","post","type-post","status-publish","format-standard","hentry","category-noticias"],"yoast_head":"<!-- This site is optimized with the Yoast SEO plugin v25.7 - https:\/\/yoast.com\/wordpress\/plugins\/seo\/ -->\n<title>Edgar Morin fala sobre &#034;O Pensamento do Sul&#034; em Confer\u00eancia na ABL - Sinpro-Rio<\/title>\n<meta name=\"robots\" content=\"index, follow, max-snippet:-1, max-image-preview:large, max-video-preview:-1\" \/>\n<link rel=\"canonical\" href=\"https:\/\/www.sinpro-rio.org.br\/principal\/edgar-morin-fala-sobre-quot-o-pensamento-do-sul-quot-em-confer-ncia-na-abl-2\/\" \/>\n<meta property=\"og:locale\" content=\"pt_BR\" \/>\n<meta property=\"og:type\" content=\"article\" \/>\n<meta property=\"og:title\" content=\"Edgar Morin fala sobre &#034;O Pensamento do Sul&#034; em Confer\u00eancia na ABL - Sinpro-Rio\" \/>\n<meta property=\"og:description\" content=\"No dia 14 de julho, a Academia Brasileira de Letras (ABL) realizou a Confer\u00eancia &#8220;O Pensamento do Sul&#8221;, com a presen\u00e7a do escritor, soci\u00f3logo, fil\u00f3sofo e historiador franc\u00eas Edgar Morin. A abertura do evento, que teve entrada franca e foi transmitido pelo portal da Academia, teve a participa\u00e7\u00e3o do presidente da ABL, C\u00edcero Sandroni. No [&hellip;]\" \/>\n<meta property=\"og:url\" content=\"https:\/\/www.sinpro-rio.org.br\/principal\/edgar-morin-fala-sobre-quot-o-pensamento-do-sul-quot-em-confer-ncia-na-abl-2\/\" \/>\n<meta property=\"og:site_name\" content=\"Sinpro-Rio\" \/>\n<meta property=\"article:published_time\" content=\"2009-01-01T00:00:00+00:00\" \/>\n<meta name=\"author\" content=\"rafaelrjp\" \/>\n<meta name=\"twitter:card\" content=\"summary_large_image\" \/>\n<meta name=\"twitter:label1\" content=\"Escrito por\" \/>\n\t<meta name=\"twitter:data1\" content=\"rafaelrjp\" \/>\n\t<meta name=\"twitter:label2\" content=\"Est. tempo de leitura\" \/>\n\t<meta name=\"twitter:data2\" content=\"2 minutos\" \/>\n<script type=\"application\/ld+json\" class=\"yoast-schema-graph\">{\"@context\":\"https:\/\/schema.org\",\"@graph\":[{\"@type\":\"WebPage\",\"@id\":\"https:\/\/www.sinpro-rio.org.br\/principal\/edgar-morin-fala-sobre-quot-o-pensamento-do-sul-quot-em-confer-ncia-na-abl-2\/\",\"url\":\"https:\/\/www.sinpro-rio.org.br\/principal\/edgar-morin-fala-sobre-quot-o-pensamento-do-sul-quot-em-confer-ncia-na-abl-2\/\",\"name\":\"Edgar Morin fala sobre &#034;O Pensamento do Sul&#034; em Confer\u00eancia na ABL - Sinpro-Rio\",\"isPartOf\":{\"@id\":\"https:\/\/www.sinpro-rio.org.br\/principal\/#website\"},\"datePublished\":\"2009-01-01T00:00:00+00:00\",\"author\":{\"@id\":\"https:\/\/www.sinpro-rio.org.br\/principal\/#\/schema\/person\/49feb585a2f57a31a6bd9f16f78e5be6\"},\"breadcrumb\":{\"@id\":\"https:\/\/www.sinpro-rio.org.br\/principal\/edgar-morin-fala-sobre-quot-o-pensamento-do-sul-quot-em-confer-ncia-na-abl-2\/#breadcrumb\"},\"inLanguage\":\"pt-BR\",\"potentialAction\":[{\"@type\":\"ReadAction\",\"target\":[\"https:\/\/www.sinpro-rio.org.br\/principal\/edgar-morin-fala-sobre-quot-o-pensamento-do-sul-quot-em-confer-ncia-na-abl-2\/\"]}]},{\"@type\":\"BreadcrumbList\",\"@id\":\"https:\/\/www.sinpro-rio.org.br\/principal\/edgar-morin-fala-sobre-quot-o-pensamento-do-sul-quot-em-confer-ncia-na-abl-2\/#breadcrumb\",\"itemListElement\":[{\"@type\":\"ListItem\",\"position\":1,\"name\":\"In\u00edcio\",\"item\":\"https:\/\/www.sinpro-rio.org.br\/principal\/\"},{\"@type\":\"ListItem\",\"position\":2,\"name\":\"Edgar Morin fala sobre &#034;O Pensamento do Sul&#034; em Confer\u00eancia na ABL\"}]},{\"@type\":\"WebSite\",\"@id\":\"https:\/\/www.sinpro-rio.org.br\/principal\/#website\",\"url\":\"https:\/\/www.sinpro-rio.org.br\/principal\/\",\"name\":\"Sinpro-Rio\",\"description\":\"Sindicato dos Professores do Munic\u00edpio do Rio de Janeiro e Regi\u00e3o\",\"potentialAction\":[{\"@type\":\"SearchAction\",\"target\":{\"@type\":\"EntryPoint\",\"urlTemplate\":\"https:\/\/www.sinpro-rio.org.br\/principal\/?s={search_term_string}\"},\"query-input\":{\"@type\":\"PropertyValueSpecification\",\"valueRequired\":true,\"valueName\":\"search_term_string\"}}],\"inLanguage\":\"pt-BR\"},{\"@type\":\"Person\",\"@id\":\"https:\/\/www.sinpro-rio.org.br\/principal\/#\/schema\/person\/49feb585a2f57a31a6bd9f16f78e5be6\",\"name\":\"rafaelrjp\",\"image\":{\"@type\":\"ImageObject\",\"inLanguage\":\"pt-BR\",\"@id\":\"https:\/\/www.sinpro-rio.org.br\/principal\/#\/schema\/person\/image\/\",\"url\":\"https:\/\/secure.gravatar.com\/avatar\/489371a0ba4655c340b519882c68cf68?s=96&d=mm&r=g\",\"contentUrl\":\"https:\/\/secure.gravatar.com\/avatar\/489371a0ba4655c340b519882c68cf68?s=96&d=mm&r=g\",\"caption\":\"rafaelrjp\"},\"url\":\"https:\/\/www.sinpro-rio.org.br\/principal\/author\/rafaelrjp\/\"}]}<\/script>\n<!-- \/ Yoast SEO plugin. -->","yoast_head_json":{"title":"Edgar Morin fala sobre &#034;O Pensamento do Sul&#034; em Confer\u00eancia na ABL - Sinpro-Rio","robots":{"index":"index","follow":"follow","max-snippet":"max-snippet:-1","max-image-preview":"max-image-preview:large","max-video-preview":"max-video-preview:-1"},"canonical":"https:\/\/www.sinpro-rio.org.br\/principal\/edgar-morin-fala-sobre-quot-o-pensamento-do-sul-quot-em-confer-ncia-na-abl-2\/","og_locale":"pt_BR","og_type":"article","og_title":"Edgar Morin fala sobre &#034;O Pensamento do Sul&#034; em Confer\u00eancia na ABL - Sinpro-Rio","og_description":"No dia 14 de julho, a Academia Brasileira de Letras (ABL) realizou a Confer\u00eancia &#8220;O Pensamento do Sul&#8221;, com a presen\u00e7a do escritor, soci\u00f3logo, fil\u00f3sofo e historiador franc\u00eas Edgar Morin. A abertura do evento, que teve entrada franca e foi transmitido pelo portal da Academia, teve a participa\u00e7\u00e3o do presidente da ABL, C\u00edcero Sandroni. No [&hellip;]","og_url":"https:\/\/www.sinpro-rio.org.br\/principal\/edgar-morin-fala-sobre-quot-o-pensamento-do-sul-quot-em-confer-ncia-na-abl-2\/","og_site_name":"Sinpro-Rio","article_published_time":"2009-01-01T00:00:00+00:00","author":"rafaelrjp","twitter_card":"summary_large_image","twitter_misc":{"Escrito por":"rafaelrjp","Est. tempo de leitura":"2 minutos"},"schema":{"@context":"https:\/\/schema.org","@graph":[{"@type":"WebPage","@id":"https:\/\/www.sinpro-rio.org.br\/principal\/edgar-morin-fala-sobre-quot-o-pensamento-do-sul-quot-em-confer-ncia-na-abl-2\/","url":"https:\/\/www.sinpro-rio.org.br\/principal\/edgar-morin-fala-sobre-quot-o-pensamento-do-sul-quot-em-confer-ncia-na-abl-2\/","name":"Edgar Morin fala sobre &#034;O Pensamento do Sul&#034; em Confer\u00eancia na ABL - Sinpro-Rio","isPartOf":{"@id":"https:\/\/www.sinpro-rio.org.br\/principal\/#website"},"datePublished":"2009-01-01T00:00:00+00:00","author":{"@id":"https:\/\/www.sinpro-rio.org.br\/principal\/#\/schema\/person\/49feb585a2f57a31a6bd9f16f78e5be6"},"breadcrumb":{"@id":"https:\/\/www.sinpro-rio.org.br\/principal\/edgar-morin-fala-sobre-quot-o-pensamento-do-sul-quot-em-confer-ncia-na-abl-2\/#breadcrumb"},"inLanguage":"pt-BR","potentialAction":[{"@type":"ReadAction","target":["https:\/\/www.sinpro-rio.org.br\/principal\/edgar-morin-fala-sobre-quot-o-pensamento-do-sul-quot-em-confer-ncia-na-abl-2\/"]}]},{"@type":"BreadcrumbList","@id":"https:\/\/www.sinpro-rio.org.br\/principal\/edgar-morin-fala-sobre-quot-o-pensamento-do-sul-quot-em-confer-ncia-na-abl-2\/#breadcrumb","itemListElement":[{"@type":"ListItem","position":1,"name":"In\u00edcio","item":"https:\/\/www.sinpro-rio.org.br\/principal\/"},{"@type":"ListItem","position":2,"name":"Edgar Morin fala sobre &#034;O Pensamento do Sul&#034; em Confer\u00eancia na ABL"}]},{"@type":"WebSite","@id":"https:\/\/www.sinpro-rio.org.br\/principal\/#website","url":"https:\/\/www.sinpro-rio.org.br\/principal\/","name":"Sinpro-Rio","description":"Sindicato dos Professores do Munic\u00edpio do Rio de Janeiro e Regi\u00e3o","potentialAction":[{"@type":"SearchAction","target":{"@type":"EntryPoint","urlTemplate":"https:\/\/www.sinpro-rio.org.br\/principal\/?s={search_term_string}"},"query-input":{"@type":"PropertyValueSpecification","valueRequired":true,"valueName":"search_term_string"}}],"inLanguage":"pt-BR"},{"@type":"Person","@id":"https:\/\/www.sinpro-rio.org.br\/principal\/#\/schema\/person\/49feb585a2f57a31a6bd9f16f78e5be6","name":"rafaelrjp","image":{"@type":"ImageObject","inLanguage":"pt-BR","@id":"https:\/\/www.sinpro-rio.org.br\/principal\/#\/schema\/person\/image\/","url":"https:\/\/secure.gravatar.com\/avatar\/489371a0ba4655c340b519882c68cf68?s=96&d=mm&r=g","contentUrl":"https:\/\/secure.gravatar.com\/avatar\/489371a0ba4655c340b519882c68cf68?s=96&d=mm&r=g","caption":"rafaelrjp"},"url":"https:\/\/www.sinpro-rio.org.br\/principal\/author\/rafaelrjp\/"}]}},"_links":{"self":[{"href":"https:\/\/www.sinpro-rio.org.br\/principal\/wp-json\/wp\/v2\/posts\/26226","targetHints":{"allow":["GET"]}}],"collection":[{"href":"https:\/\/www.sinpro-rio.org.br\/principal\/wp-json\/wp\/v2\/posts"}],"about":[{"href":"https:\/\/www.sinpro-rio.org.br\/principal\/wp-json\/wp\/v2\/types\/post"}],"author":[{"embeddable":true,"href":"https:\/\/www.sinpro-rio.org.br\/principal\/wp-json\/wp\/v2\/users\/1"}],"replies":[{"embeddable":true,"href":"https:\/\/www.sinpro-rio.org.br\/principal\/wp-json\/wp\/v2\/comments?post=26226"}],"version-history":[{"count":0,"href":"https:\/\/www.sinpro-rio.org.br\/principal\/wp-json\/wp\/v2\/posts\/26226\/revisions"}],"wp:attachment":[{"href":"https:\/\/www.sinpro-rio.org.br\/principal\/wp-json\/wp\/v2\/media?parent=26226"}],"wp:term":[{"taxonomy":"category","embeddable":true,"href":"https:\/\/www.sinpro-rio.org.br\/principal\/wp-json\/wp\/v2\/categories?post=26226"},{"taxonomy":"post_tag","embeddable":true,"href":"https:\/\/www.sinpro-rio.org.br\/principal\/wp-json\/wp\/v2\/tags?post=26226"}],"curies":[{"name":"wp","href":"https:\/\/api.w.org\/{rel}","templated":true}]}}