{"id":25939,"date":"2019-10-29T10:33:35","date_gmt":"2019-10-29T13:33:35","guid":{"rendered":"https:\/\/sinpro-rio.org.br\/principal\/?p=25939"},"modified":"2020-01-02T09:41:02","modified_gmt":"2020-01-02T12:41:02","slug":"apresentacao-de-espetaculo-teatral-em-frances","status":"publish","type":"post","link":"https:\/\/www.sinpro-rio.org.br\/principal\/apresentacao-de-espetaculo-teatral-em-frances\/","title":{"rendered":"Apresenta\u00e7\u00e3o de espet\u00e1culo teatral em franc\u00eas"},"content":{"rendered":"\n<p class=\"has-text-align-center\">EVENTO CULTURAL <\/p>\n\n\n\n<p class=\"has-text-align-center\"><strong>Apresenta\u00e7\u00e3o de espet\u00e1culo teatral em franc\u00eas<\/strong><\/p>\n\n\n\n<p class=\"has-text-align-center\">\u201cET&#8230;.. MAINTENANT.\u2026&#8221; O que voc\u00eas fariam se, de repente, uma fam\u00edlia do s\u00e9culo XIX viesse passar uns dias em sua casa?<\/p>\n\n\n\n<p><strong>Quinta-feira,\n<\/strong>12\nde dezembro,  \u00e0s\n14h, no Audit\u00f3rio do 2\u00ba andar \u2013 Sede Centro.<\/p>\n\n\n\n<p>Sintam-se\nconvidados. N\u00e3o percam a oportunidade de descobrir como \u00e9 bom,\ndivertido, interessante aprender Franc\u00eas!<\/p>\n\n\n\n<p>Realiza\u00e7\u00e3o\ndos alunos do curso &#8221; Le Plaisir de Parler.&#8221;!<\/p>\n\n\n\n<p>\u00c0 Bient\u00f4t !!!!<\/p>\n","protected":false},"excerpt":{"rendered":"<p>EVENTO CULTURAL Apresenta\u00e7\u00e3o de espet\u00e1culo teatral em franc\u00eas \u201cET&#8230;.. MAINTENANT.\u2026&#8221; O que voc\u00eas fariam se, de repente, uma fam\u00edlia do s\u00e9culo XIX viesse passar uns dias em sua casa? Quinta-feira, 12 de dezembro, \u00e0s 14h, no Audit\u00f3rio do 2\u00ba andar \u2013 Sede Centro. Sintam-se convidados. N\u00e3o percam a oportunidade de descobrir como \u00e9 bom, divertido, [&hellip;]<\/p>\n","protected":false},"author":8,"featured_media":26905,"comment_status":"open","ping_status":"open","sticky":false,"template":"","format":"standard","meta":{"footnotes":""},"categories":[34,453],"tags":[],"class_list":["post-25939","post","type-post","status-publish","format-standard","has-post-thumbnail","hentry","category-escola-do-professor","category-eventos-culturais"],"yoast_head":"<!-- This site is optimized with the Yoast SEO plugin v25.7 - https:\/\/yoast.com\/wordpress\/plugins\/seo\/ -->\n<title>Apresenta\u00e7\u00e3o de espet\u00e1culo teatral em franc\u00eas - Sinpro-Rio<\/title>\n<meta name=\"robots\" content=\"index, follow, max-snippet:-1, max-image-preview:large, max-video-preview:-1\" \/>\n<link rel=\"canonical\" href=\"https:\/\/www.sinpro-rio.org.br\/principal\/apresentacao-de-espetaculo-teatral-em-frances\/\" \/>\n<meta property=\"og:locale\" content=\"pt_BR\" \/>\n<meta property=\"og:type\" content=\"article\" \/>\n<meta property=\"og:title\" content=\"Apresenta\u00e7\u00e3o de espet\u00e1culo teatral em franc\u00eas - Sinpro-Rio\" \/>\n<meta property=\"og:description\" content=\"EVENTO CULTURAL Apresenta\u00e7\u00e3o de espet\u00e1culo teatral em franc\u00eas \u201cET&#8230;.. MAINTENANT.\u2026&#8221; O que voc\u00eas fariam se, de repente, uma fam\u00edlia do s\u00e9culo XIX viesse passar uns dias em sua casa? Quinta-feira, 12 de dezembro, \u00e0s 14h, no Audit\u00f3rio do 2\u00ba andar \u2013 Sede Centro. Sintam-se convidados. N\u00e3o percam a oportunidade de descobrir como \u00e9 bom, divertido, [&hellip;]\" \/>\n<meta property=\"og:url\" content=\"https:\/\/www.sinpro-rio.org.br\/principal\/apresentacao-de-espetaculo-teatral-em-frances\/\" \/>\n<meta property=\"og:site_name\" content=\"Sinpro-Rio\" \/>\n<meta property=\"article:published_time\" content=\"2019-10-29T13:33:35+00:00\" \/>\n<meta property=\"article:modified_time\" content=\"2020-01-02T12:41:02+00:00\" \/>\n<meta property=\"og:image\" content=\"https:\/\/www.sinpro-rio.org.br\/principal\/wp-content\/uploads\/2019\/10\/imagem-destacada.png\" \/>\n\t<meta property=\"og:image:width\" content=\"300\" \/>\n\t<meta property=\"og:image:height\" content=\"200\" \/>\n\t<meta property=\"og:image:type\" content=\"image\/png\" \/>\n<meta name=\"author\" content=\"Rafael\" \/>\n<meta name=\"twitter:card\" content=\"summary_large_image\" \/>\n<meta name=\"twitter:label1\" content=\"Escrito por\" \/>\n\t<meta name=\"twitter:data1\" content=\"Rafael\" \/>\n<script type=\"application\/ld+json\" class=\"yoast-schema-graph\">{\"@context\":\"https:\/\/schema.org\",\"@graph\":[{\"@type\":\"WebPage\",\"@id\":\"https:\/\/www.sinpro-rio.org.br\/principal\/apresentacao-de-espetaculo-teatral-em-frances\/\",\"url\":\"https:\/\/www.sinpro-rio.org.br\/principal\/apresentacao-de-espetaculo-teatral-em-frances\/\",\"name\":\"Apresenta\u00e7\u00e3o de espet\u00e1culo teatral em franc\u00eas - Sinpro-Rio\",\"isPartOf\":{\"@id\":\"https:\/\/www.sinpro-rio.org.br\/principal\/#website\"},\"primaryImageOfPage\":{\"@id\":\"https:\/\/www.sinpro-rio.org.br\/principal\/apresentacao-de-espetaculo-teatral-em-frances\/#primaryimage\"},\"image\":{\"@id\":\"https:\/\/www.sinpro-rio.org.br\/principal\/apresentacao-de-espetaculo-teatral-em-frances\/#primaryimage\"},\"thumbnailUrl\":\"https:\/\/www.sinpro-rio.org.br\/principal\/wp-content\/uploads\/2019\/10\/imagem-destacada.png\",\"datePublished\":\"2019-10-29T13:33:35+00:00\",\"dateModified\":\"2020-01-02T12:41:02+00:00\",\"author\":{\"@id\":\"https:\/\/www.sinpro-rio.org.br\/principal\/#\/schema\/person\/513f6c0d98c231ae05be0b1f852773b1\"},\"breadcrumb\":{\"@id\":\"https:\/\/www.sinpro-rio.org.br\/principal\/apresentacao-de-espetaculo-teatral-em-frances\/#breadcrumb\"},\"inLanguage\":\"pt-BR\",\"potentialAction\":[{\"@type\":\"ReadAction\",\"target\":[\"https:\/\/www.sinpro-rio.org.br\/principal\/apresentacao-de-espetaculo-teatral-em-frances\/\"]}]},{\"@type\":\"ImageObject\",\"inLanguage\":\"pt-BR\",\"@id\":\"https:\/\/www.sinpro-rio.org.br\/principal\/apresentacao-de-espetaculo-teatral-em-frances\/#primaryimage\",\"url\":\"https:\/\/www.sinpro-rio.org.br\/principal\/wp-content\/uploads\/2019\/10\/imagem-destacada.png\",\"contentUrl\":\"https:\/\/www.sinpro-rio.org.br\/principal\/wp-content\/uploads\/2019\/10\/imagem-destacada.png\",\"width\":300,\"height\":200},{\"@type\":\"BreadcrumbList\",\"@id\":\"https:\/\/www.sinpro-rio.org.br\/principal\/apresentacao-de-espetaculo-teatral-em-frances\/#breadcrumb\",\"itemListElement\":[{\"@type\":\"ListItem\",\"position\":1,\"name\":\"In\u00edcio\",\"item\":\"https:\/\/www.sinpro-rio.org.br\/principal\/\"},{\"@type\":\"ListItem\",\"position\":2,\"name\":\"Apresenta\u00e7\u00e3o de espet\u00e1culo teatral em franc\u00eas\"}]},{\"@type\":\"WebSite\",\"@id\":\"https:\/\/www.sinpro-rio.org.br\/principal\/#website\",\"url\":\"https:\/\/www.sinpro-rio.org.br\/principal\/\",\"name\":\"Sinpro-Rio\",\"description\":\"Sindicato dos Professores do Munic\u00edpio do Rio de Janeiro e Regi\u00e3o\",\"potentialAction\":[{\"@type\":\"SearchAction\",\"target\":{\"@type\":\"EntryPoint\",\"urlTemplate\":\"https:\/\/www.sinpro-rio.org.br\/principal\/?s={search_term_string}\"},\"query-input\":{\"@type\":\"PropertyValueSpecification\",\"valueRequired\":true,\"valueName\":\"search_term_string\"}}],\"inLanguage\":\"pt-BR\"},{\"@type\":\"Person\",\"@id\":\"https:\/\/www.sinpro-rio.org.br\/principal\/#\/schema\/person\/513f6c0d98c231ae05be0b1f852773b1\",\"name\":\"Rafael\",\"image\":{\"@type\":\"ImageObject\",\"inLanguage\":\"pt-BR\",\"@id\":\"https:\/\/www.sinpro-rio.org.br\/principal\/#\/schema\/person\/image\/\",\"url\":\"https:\/\/secure.gravatar.com\/avatar\/89b386dfdde3072f65f7acadfe00f325?s=96&d=mm&r=g\",\"contentUrl\":\"https:\/\/secure.gravatar.com\/avatar\/89b386dfdde3072f65f7acadfe00f325?s=96&d=mm&r=g\",\"caption\":\"Rafael\"},\"url\":\"https:\/\/www.sinpro-rio.org.br\/principal\/author\/rafael\/\"}]}<\/script>\n<!-- \/ Yoast SEO plugin. -->","yoast_head_json":{"title":"Apresenta\u00e7\u00e3o de espet\u00e1culo teatral em franc\u00eas - Sinpro-Rio","robots":{"index":"index","follow":"follow","max-snippet":"max-snippet:-1","max-image-preview":"max-image-preview:large","max-video-preview":"max-video-preview:-1"},"canonical":"https:\/\/www.sinpro-rio.org.br\/principal\/apresentacao-de-espetaculo-teatral-em-frances\/","og_locale":"pt_BR","og_type":"article","og_title":"Apresenta\u00e7\u00e3o de espet\u00e1culo teatral em franc\u00eas - Sinpro-Rio","og_description":"EVENTO CULTURAL Apresenta\u00e7\u00e3o de espet\u00e1culo teatral em franc\u00eas \u201cET&#8230;.. MAINTENANT.\u2026&#8221; O que voc\u00eas fariam se, de repente, uma fam\u00edlia do s\u00e9culo XIX viesse passar uns dias em sua casa? Quinta-feira, 12 de dezembro, \u00e0s 14h, no Audit\u00f3rio do 2\u00ba andar \u2013 Sede Centro. Sintam-se convidados. N\u00e3o percam a oportunidade de descobrir como \u00e9 bom, divertido, [&hellip;]","og_url":"https:\/\/www.sinpro-rio.org.br\/principal\/apresentacao-de-espetaculo-teatral-em-frances\/","og_site_name":"Sinpro-Rio","article_published_time":"2019-10-29T13:33:35+00:00","article_modified_time":"2020-01-02T12:41:02+00:00","og_image":[{"width":300,"height":200,"url":"https:\/\/www.sinpro-rio.org.br\/principal\/wp-content\/uploads\/2019\/10\/imagem-destacada.png","type":"image\/png"}],"author":"Rafael","twitter_card":"summary_large_image","twitter_misc":{"Escrito por":"Rafael"},"schema":{"@context":"https:\/\/schema.org","@graph":[{"@type":"WebPage","@id":"https:\/\/www.sinpro-rio.org.br\/principal\/apresentacao-de-espetaculo-teatral-em-frances\/","url":"https:\/\/www.sinpro-rio.org.br\/principal\/apresentacao-de-espetaculo-teatral-em-frances\/","name":"Apresenta\u00e7\u00e3o de espet\u00e1culo teatral em franc\u00eas - Sinpro-Rio","isPartOf":{"@id":"https:\/\/www.sinpro-rio.org.br\/principal\/#website"},"primaryImageOfPage":{"@id":"https:\/\/www.sinpro-rio.org.br\/principal\/apresentacao-de-espetaculo-teatral-em-frances\/#primaryimage"},"image":{"@id":"https:\/\/www.sinpro-rio.org.br\/principal\/apresentacao-de-espetaculo-teatral-em-frances\/#primaryimage"},"thumbnailUrl":"https:\/\/www.sinpro-rio.org.br\/principal\/wp-content\/uploads\/2019\/10\/imagem-destacada.png","datePublished":"2019-10-29T13:33:35+00:00","dateModified":"2020-01-02T12:41:02+00:00","author":{"@id":"https:\/\/www.sinpro-rio.org.br\/principal\/#\/schema\/person\/513f6c0d98c231ae05be0b1f852773b1"},"breadcrumb":{"@id":"https:\/\/www.sinpro-rio.org.br\/principal\/apresentacao-de-espetaculo-teatral-em-frances\/#breadcrumb"},"inLanguage":"pt-BR","potentialAction":[{"@type":"ReadAction","target":["https:\/\/www.sinpro-rio.org.br\/principal\/apresentacao-de-espetaculo-teatral-em-frances\/"]}]},{"@type":"ImageObject","inLanguage":"pt-BR","@id":"https:\/\/www.sinpro-rio.org.br\/principal\/apresentacao-de-espetaculo-teatral-em-frances\/#primaryimage","url":"https:\/\/www.sinpro-rio.org.br\/principal\/wp-content\/uploads\/2019\/10\/imagem-destacada.png","contentUrl":"https:\/\/www.sinpro-rio.org.br\/principal\/wp-content\/uploads\/2019\/10\/imagem-destacada.png","width":300,"height":200},{"@type":"BreadcrumbList","@id":"https:\/\/www.sinpro-rio.org.br\/principal\/apresentacao-de-espetaculo-teatral-em-frances\/#breadcrumb","itemListElement":[{"@type":"ListItem","position":1,"name":"In\u00edcio","item":"https:\/\/www.sinpro-rio.org.br\/principal\/"},{"@type":"ListItem","position":2,"name":"Apresenta\u00e7\u00e3o de espet\u00e1culo teatral em franc\u00eas"}]},{"@type":"WebSite","@id":"https:\/\/www.sinpro-rio.org.br\/principal\/#website","url":"https:\/\/www.sinpro-rio.org.br\/principal\/","name":"Sinpro-Rio","description":"Sindicato dos Professores do Munic\u00edpio do Rio de Janeiro e Regi\u00e3o","potentialAction":[{"@type":"SearchAction","target":{"@type":"EntryPoint","urlTemplate":"https:\/\/www.sinpro-rio.org.br\/principal\/?s={search_term_string}"},"query-input":{"@type":"PropertyValueSpecification","valueRequired":true,"valueName":"search_term_string"}}],"inLanguage":"pt-BR"},{"@type":"Person","@id":"https:\/\/www.sinpro-rio.org.br\/principal\/#\/schema\/person\/513f6c0d98c231ae05be0b1f852773b1","name":"Rafael","image":{"@type":"ImageObject","inLanguage":"pt-BR","@id":"https:\/\/www.sinpro-rio.org.br\/principal\/#\/schema\/person\/image\/","url":"https:\/\/secure.gravatar.com\/avatar\/89b386dfdde3072f65f7acadfe00f325?s=96&d=mm&r=g","contentUrl":"https:\/\/secure.gravatar.com\/avatar\/89b386dfdde3072f65f7acadfe00f325?s=96&d=mm&r=g","caption":"Rafael"},"url":"https:\/\/www.sinpro-rio.org.br\/principal\/author\/rafael\/"}]}},"_links":{"self":[{"href":"https:\/\/www.sinpro-rio.org.br\/principal\/wp-json\/wp\/v2\/posts\/25939","targetHints":{"allow":["GET"]}}],"collection":[{"href":"https:\/\/www.sinpro-rio.org.br\/principal\/wp-json\/wp\/v2\/posts"}],"about":[{"href":"https:\/\/www.sinpro-rio.org.br\/principal\/wp-json\/wp\/v2\/types\/post"}],"author":[{"embeddable":true,"href":"https:\/\/www.sinpro-rio.org.br\/principal\/wp-json\/wp\/v2\/users\/8"}],"replies":[{"embeddable":true,"href":"https:\/\/www.sinpro-rio.org.br\/principal\/wp-json\/wp\/v2\/comments?post=25939"}],"version-history":[{"count":4,"href":"https:\/\/www.sinpro-rio.org.br\/principal\/wp-json\/wp\/v2\/posts\/25939\/revisions"}],"predecessor-version":[{"id":27212,"href":"https:\/\/www.sinpro-rio.org.br\/principal\/wp-json\/wp\/v2\/posts\/25939\/revisions\/27212"}],"wp:featuredmedia":[{"embeddable":true,"href":"https:\/\/www.sinpro-rio.org.br\/principal\/wp-json\/wp\/v2\/media\/26905"}],"wp:attachment":[{"href":"https:\/\/www.sinpro-rio.org.br\/principal\/wp-json\/wp\/v2\/media?parent=25939"}],"wp:term":[{"taxonomy":"category","embeddable":true,"href":"https:\/\/www.sinpro-rio.org.br\/principal\/wp-json\/wp\/v2\/categories?post=25939"},{"taxonomy":"post_tag","embeddable":true,"href":"https:\/\/www.sinpro-rio.org.br\/principal\/wp-json\/wp\/v2\/tags?post=25939"}],"curies":[{"name":"wp","href":"https:\/\/api.w.org\/{rel}","templated":true}]}}