{"id":25523,"date":"2020-02-07T10:42:08","date_gmt":"2020-02-07T13:42:08","guid":{"rendered":"https:\/\/sinpro-rio.org.br\/principal\/?p=25523"},"modified":"2020-02-10T09:55:24","modified_gmt":"2020-02-10T12:55:24","slug":"curso-de-italiano-conversacao-litaliano-in-pratica","status":"publish","type":"post","link":"https:\/\/www.sinpro-rio.org.br\/principal\/curso-de-italiano-conversacao-litaliano-in-pratica\/","title":{"rendered":"Curso de Italiano  Conversa\u00e7\u00e3o &#8211; \u201cL\u2019italiano in pratica\u201d"},"content":{"rendered":"\n<p><strong>Objetivos:\n<\/strong>Desenvolver\no aprendizado do italiano e motivar a pr\u00e1tica da l\u00edngua, atrav\u00e9s\nde um curso rico em atividades l\u00fadicas e culturais (m\u00fasica, v\u00eddeos,\njogos, hist\u00f3rias em quadrinhos, textos, etc).<\/p>\n\n\n\n<p><strong>Conte\u00fados:\n<\/strong>Desenvolvimento\ndas quatro habilidades (leitura, escrita, compreens\u00e3o auditiva e\nexpress\u00e3o oral), com enfoque na pr\u00e1tica comunicativa em situa\u00e7\u00f5es\ndo cotidiano, exerc\u00edcios e discuss\u00e3o de textos.<\/p>\n\n\n\n<p>\n<strong>Segundas-feiras,\nde<\/strong><strong>\n9 de mar\u00e7o a 22 de junho<\/strong><\/p>\n\n\n\n<p>\nTurma\nD \u2013 Intermedi\u00e1rio 4 \u2013 das 14h \u00e0s 16h<\/p>\n\n\n\n<p>\nTurma\nC \u2013 Intermedi\u00e1rio  \u2013 das 16h \u00e0s 18h<\/p>\n\n\n\n<p>\n<strong>Quartas-feiras,\nd<\/strong><strong>e\n11 de mar\u00e7o a 24 de junho<\/strong><\/p>\n\n\n\n<p>\nTurma\nA \u2013 Avan\u00e7ado \u2013 das 14h \u00e0s 16h<\/p>\n\n\n\n<p>\nTurma\nF \u2013 B\u00e1sico \u2013 das 16h \u00e0s 18h<\/p>\n\n\n\n<p>\n<strong>Quinta-feira,\n5 de mar\u00e7o a 2 de julho <\/strong>\n<\/p>\n\n\n\n<p>\nTurma\nB \u2013 Iniciante \u2013 das 14h \u00e0s 16h<\/p>\n\n\n\n<p><strong>Aline\nLeal<\/strong>\n&#8211; Professora\nde italiano, <em>certificato\ndi Italiano come Lingua Straniera<\/em>,\nUniversidade de Siena, It\u00e1lia.<\/p>\n","protected":false},"excerpt":{"rendered":"<p>Segundas-feiras, de 9 de mar\u00e7o a 22 de junho<br \/>\n Quartas-feiras, de 11 de mar\u00e7o a 24 de junho<br \/>\nQuinta-feira, 5 de mar\u00e7o a 2 de julho<br \/>\nLocal: Sede-Centro<br \/>\nA partir de R$ 375,00 por semestre <\/p>\n","protected":false},"author":8,"featured_media":25524,"comment_status":"open","ping_status":"open","sticky":false,"template":"","format":"standard","meta":{"footnotes":""},"categories":[454,446,34],"tags":[],"class_list":["post-25523","post","type-post","status-publish","format-standard","has-post-thumbnail","hentry","category-curso-de-linguas","category-cursos","category-escola-do-professor"],"yoast_head":"<!-- This site is optimized with the Yoast SEO plugin v25.7 - https:\/\/yoast.com\/wordpress\/plugins\/seo\/ -->\n<title>Curso de Italiano Conversa\u00e7\u00e3o - \u201cL\u2019italiano in pratica\u201d - Sinpro-Rio<\/title>\n<meta name=\"robots\" content=\"index, follow, max-snippet:-1, max-image-preview:large, max-video-preview:-1\" \/>\n<link rel=\"canonical\" href=\"https:\/\/www.sinpro-rio.org.br\/principal\/curso-de-italiano-conversacao-litaliano-in-pratica\/\" \/>\n<meta property=\"og:locale\" content=\"pt_BR\" \/>\n<meta property=\"og:type\" content=\"article\" \/>\n<meta property=\"og:title\" content=\"Curso de Italiano Conversa\u00e7\u00e3o - \u201cL\u2019italiano in pratica\u201d - Sinpro-Rio\" \/>\n<meta property=\"og:description\" content=\"Segundas-feiras, de 9 de mar\u00e7o a 22 de junho Quartas-feiras, de 11 de mar\u00e7o a 24 de junho Quinta-feira, 5 de mar\u00e7o a 2 de julho Local: Sede-Centro A partir de R$ 375,00 por semestre\" \/>\n<meta property=\"og:url\" content=\"https:\/\/www.sinpro-rio.org.br\/principal\/curso-de-italiano-conversacao-litaliano-in-pratica\/\" \/>\n<meta property=\"og:site_name\" content=\"Sinpro-Rio\" \/>\n<meta property=\"article:published_time\" content=\"2020-02-07T13:42:08+00:00\" \/>\n<meta property=\"article:modified_time\" content=\"2020-02-10T12:55:24+00:00\" \/>\n<meta property=\"og:image\" content=\"https:\/\/www.sinpro-rio.org.br\/principal\/wp-content\/uploads\/2019\/06\/cores-significado-bandeira-italia.jpg\" \/>\n\t<meta property=\"og:image:width\" content=\"640\" \/>\n\t<meta property=\"og:image:height\" content=\"426\" \/>\n\t<meta property=\"og:image:type\" content=\"image\/jpeg\" \/>\n<meta name=\"author\" content=\"Rafael\" \/>\n<meta name=\"twitter:card\" content=\"summary_large_image\" \/>\n<meta name=\"twitter:label1\" content=\"Escrito por\" \/>\n\t<meta name=\"twitter:data1\" content=\"Rafael\" \/>\n\t<meta name=\"twitter:label2\" content=\"Est. tempo de leitura\" \/>\n\t<meta name=\"twitter:data2\" content=\"1 minuto\" \/>\n<script type=\"application\/ld+json\" class=\"yoast-schema-graph\">{\"@context\":\"https:\/\/schema.org\",\"@graph\":[{\"@type\":\"WebPage\",\"@id\":\"https:\/\/www.sinpro-rio.org.br\/principal\/curso-de-italiano-conversacao-litaliano-in-pratica\/\",\"url\":\"https:\/\/www.sinpro-rio.org.br\/principal\/curso-de-italiano-conversacao-litaliano-in-pratica\/\",\"name\":\"Curso de Italiano Conversa\u00e7\u00e3o - \u201cL\u2019italiano in pratica\u201d - Sinpro-Rio\",\"isPartOf\":{\"@id\":\"https:\/\/www.sinpro-rio.org.br\/principal\/#website\"},\"primaryImageOfPage\":{\"@id\":\"https:\/\/www.sinpro-rio.org.br\/principal\/curso-de-italiano-conversacao-litaliano-in-pratica\/#primaryimage\"},\"image\":{\"@id\":\"https:\/\/www.sinpro-rio.org.br\/principal\/curso-de-italiano-conversacao-litaliano-in-pratica\/#primaryimage\"},\"thumbnailUrl\":\"https:\/\/www.sinpro-rio.org.br\/principal\/wp-content\/uploads\/2019\/06\/cores-significado-bandeira-italia.jpg\",\"datePublished\":\"2020-02-07T13:42:08+00:00\",\"dateModified\":\"2020-02-10T12:55:24+00:00\",\"author\":{\"@id\":\"https:\/\/www.sinpro-rio.org.br\/principal\/#\/schema\/person\/513f6c0d98c231ae05be0b1f852773b1\"},\"breadcrumb\":{\"@id\":\"https:\/\/www.sinpro-rio.org.br\/principal\/curso-de-italiano-conversacao-litaliano-in-pratica\/#breadcrumb\"},\"inLanguage\":\"pt-BR\",\"potentialAction\":[{\"@type\":\"ReadAction\",\"target\":[\"https:\/\/www.sinpro-rio.org.br\/principal\/curso-de-italiano-conversacao-litaliano-in-pratica\/\"]}]},{\"@type\":\"ImageObject\",\"inLanguage\":\"pt-BR\",\"@id\":\"https:\/\/www.sinpro-rio.org.br\/principal\/curso-de-italiano-conversacao-litaliano-in-pratica\/#primaryimage\",\"url\":\"https:\/\/www.sinpro-rio.org.br\/principal\/wp-content\/uploads\/2019\/06\/cores-significado-bandeira-italia.jpg\",\"contentUrl\":\"https:\/\/www.sinpro-rio.org.br\/principal\/wp-content\/uploads\/2019\/06\/cores-significado-bandeira-italia.jpg\",\"width\":640,\"height\":426,\"caption\":\"Italy flag, three dimensional render, satin texture\"},{\"@type\":\"BreadcrumbList\",\"@id\":\"https:\/\/www.sinpro-rio.org.br\/principal\/curso-de-italiano-conversacao-litaliano-in-pratica\/#breadcrumb\",\"itemListElement\":[{\"@type\":\"ListItem\",\"position\":1,\"name\":\"In\u00edcio\",\"item\":\"https:\/\/www.sinpro-rio.org.br\/principal\/\"},{\"@type\":\"ListItem\",\"position\":2,\"name\":\"Curso de Italiano Conversa\u00e7\u00e3o &#8211; \u201cL\u2019italiano in pratica\u201d\"}]},{\"@type\":\"WebSite\",\"@id\":\"https:\/\/www.sinpro-rio.org.br\/principal\/#website\",\"url\":\"https:\/\/www.sinpro-rio.org.br\/principal\/\",\"name\":\"Sinpro-Rio\",\"description\":\"Sindicato dos Professores do Munic\u00edpio do Rio de Janeiro e Regi\u00e3o\",\"potentialAction\":[{\"@type\":\"SearchAction\",\"target\":{\"@type\":\"EntryPoint\",\"urlTemplate\":\"https:\/\/www.sinpro-rio.org.br\/principal\/?s={search_term_string}\"},\"query-input\":{\"@type\":\"PropertyValueSpecification\",\"valueRequired\":true,\"valueName\":\"search_term_string\"}}],\"inLanguage\":\"pt-BR\"},{\"@type\":\"Person\",\"@id\":\"https:\/\/www.sinpro-rio.org.br\/principal\/#\/schema\/person\/513f6c0d98c231ae05be0b1f852773b1\",\"name\":\"Rafael\",\"image\":{\"@type\":\"ImageObject\",\"inLanguage\":\"pt-BR\",\"@id\":\"https:\/\/www.sinpro-rio.org.br\/principal\/#\/schema\/person\/image\/\",\"url\":\"https:\/\/secure.gravatar.com\/avatar\/89b386dfdde3072f65f7acadfe00f325?s=96&d=mm&r=g\",\"contentUrl\":\"https:\/\/secure.gravatar.com\/avatar\/89b386dfdde3072f65f7acadfe00f325?s=96&d=mm&r=g\",\"caption\":\"Rafael\"},\"url\":\"https:\/\/www.sinpro-rio.org.br\/principal\/author\/rafael\/\"}]}<\/script>\n<!-- \/ Yoast SEO plugin. -->","yoast_head_json":{"title":"Curso de Italiano Conversa\u00e7\u00e3o - \u201cL\u2019italiano in pratica\u201d - Sinpro-Rio","robots":{"index":"index","follow":"follow","max-snippet":"max-snippet:-1","max-image-preview":"max-image-preview:large","max-video-preview":"max-video-preview:-1"},"canonical":"https:\/\/www.sinpro-rio.org.br\/principal\/curso-de-italiano-conversacao-litaliano-in-pratica\/","og_locale":"pt_BR","og_type":"article","og_title":"Curso de Italiano Conversa\u00e7\u00e3o - \u201cL\u2019italiano in pratica\u201d - Sinpro-Rio","og_description":"Segundas-feiras, de 9 de mar\u00e7o a 22 de junho Quartas-feiras, de 11 de mar\u00e7o a 24 de junho Quinta-feira, 5 de mar\u00e7o a 2 de julho Local: Sede-Centro A partir de R$ 375,00 por semestre","og_url":"https:\/\/www.sinpro-rio.org.br\/principal\/curso-de-italiano-conversacao-litaliano-in-pratica\/","og_site_name":"Sinpro-Rio","article_published_time":"2020-02-07T13:42:08+00:00","article_modified_time":"2020-02-10T12:55:24+00:00","og_image":[{"width":640,"height":426,"url":"https:\/\/www.sinpro-rio.org.br\/principal\/wp-content\/uploads\/2019\/06\/cores-significado-bandeira-italia.jpg","type":"image\/jpeg"}],"author":"Rafael","twitter_card":"summary_large_image","twitter_misc":{"Escrito por":"Rafael","Est. tempo de leitura":"1 minuto"},"schema":{"@context":"https:\/\/schema.org","@graph":[{"@type":"WebPage","@id":"https:\/\/www.sinpro-rio.org.br\/principal\/curso-de-italiano-conversacao-litaliano-in-pratica\/","url":"https:\/\/www.sinpro-rio.org.br\/principal\/curso-de-italiano-conversacao-litaliano-in-pratica\/","name":"Curso de Italiano Conversa\u00e7\u00e3o - \u201cL\u2019italiano in pratica\u201d - Sinpro-Rio","isPartOf":{"@id":"https:\/\/www.sinpro-rio.org.br\/principal\/#website"},"primaryImageOfPage":{"@id":"https:\/\/www.sinpro-rio.org.br\/principal\/curso-de-italiano-conversacao-litaliano-in-pratica\/#primaryimage"},"image":{"@id":"https:\/\/www.sinpro-rio.org.br\/principal\/curso-de-italiano-conversacao-litaliano-in-pratica\/#primaryimage"},"thumbnailUrl":"https:\/\/www.sinpro-rio.org.br\/principal\/wp-content\/uploads\/2019\/06\/cores-significado-bandeira-italia.jpg","datePublished":"2020-02-07T13:42:08+00:00","dateModified":"2020-02-10T12:55:24+00:00","author":{"@id":"https:\/\/www.sinpro-rio.org.br\/principal\/#\/schema\/person\/513f6c0d98c231ae05be0b1f852773b1"},"breadcrumb":{"@id":"https:\/\/www.sinpro-rio.org.br\/principal\/curso-de-italiano-conversacao-litaliano-in-pratica\/#breadcrumb"},"inLanguage":"pt-BR","potentialAction":[{"@type":"ReadAction","target":["https:\/\/www.sinpro-rio.org.br\/principal\/curso-de-italiano-conversacao-litaliano-in-pratica\/"]}]},{"@type":"ImageObject","inLanguage":"pt-BR","@id":"https:\/\/www.sinpro-rio.org.br\/principal\/curso-de-italiano-conversacao-litaliano-in-pratica\/#primaryimage","url":"https:\/\/www.sinpro-rio.org.br\/principal\/wp-content\/uploads\/2019\/06\/cores-significado-bandeira-italia.jpg","contentUrl":"https:\/\/www.sinpro-rio.org.br\/principal\/wp-content\/uploads\/2019\/06\/cores-significado-bandeira-italia.jpg","width":640,"height":426,"caption":"Italy flag, three dimensional render, satin texture"},{"@type":"BreadcrumbList","@id":"https:\/\/www.sinpro-rio.org.br\/principal\/curso-de-italiano-conversacao-litaliano-in-pratica\/#breadcrumb","itemListElement":[{"@type":"ListItem","position":1,"name":"In\u00edcio","item":"https:\/\/www.sinpro-rio.org.br\/principal\/"},{"@type":"ListItem","position":2,"name":"Curso de Italiano Conversa\u00e7\u00e3o &#8211; \u201cL\u2019italiano in pratica\u201d"}]},{"@type":"WebSite","@id":"https:\/\/www.sinpro-rio.org.br\/principal\/#website","url":"https:\/\/www.sinpro-rio.org.br\/principal\/","name":"Sinpro-Rio","description":"Sindicato dos Professores do Munic\u00edpio do Rio de Janeiro e Regi\u00e3o","potentialAction":[{"@type":"SearchAction","target":{"@type":"EntryPoint","urlTemplate":"https:\/\/www.sinpro-rio.org.br\/principal\/?s={search_term_string}"},"query-input":{"@type":"PropertyValueSpecification","valueRequired":true,"valueName":"search_term_string"}}],"inLanguage":"pt-BR"},{"@type":"Person","@id":"https:\/\/www.sinpro-rio.org.br\/principal\/#\/schema\/person\/513f6c0d98c231ae05be0b1f852773b1","name":"Rafael","image":{"@type":"ImageObject","inLanguage":"pt-BR","@id":"https:\/\/www.sinpro-rio.org.br\/principal\/#\/schema\/person\/image\/","url":"https:\/\/secure.gravatar.com\/avatar\/89b386dfdde3072f65f7acadfe00f325?s=96&d=mm&r=g","contentUrl":"https:\/\/secure.gravatar.com\/avatar\/89b386dfdde3072f65f7acadfe00f325?s=96&d=mm&r=g","caption":"Rafael"},"url":"https:\/\/www.sinpro-rio.org.br\/principal\/author\/rafael\/"}]}},"_links":{"self":[{"href":"https:\/\/www.sinpro-rio.org.br\/principal\/wp-json\/wp\/v2\/posts\/25523","targetHints":{"allow":["GET"]}}],"collection":[{"href":"https:\/\/www.sinpro-rio.org.br\/principal\/wp-json\/wp\/v2\/posts"}],"about":[{"href":"https:\/\/www.sinpro-rio.org.br\/principal\/wp-json\/wp\/v2\/types\/post"}],"author":[{"embeddable":true,"href":"https:\/\/www.sinpro-rio.org.br\/principal\/wp-json\/wp\/v2\/users\/8"}],"replies":[{"embeddable":true,"href":"https:\/\/www.sinpro-rio.org.br\/principal\/wp-json\/wp\/v2\/comments?post=25523"}],"version-history":[{"count":6,"href":"https:\/\/www.sinpro-rio.org.br\/principal\/wp-json\/wp\/v2\/posts\/25523\/revisions"}],"predecessor-version":[{"id":27335,"href":"https:\/\/www.sinpro-rio.org.br\/principal\/wp-json\/wp\/v2\/posts\/25523\/revisions\/27335"}],"wp:featuredmedia":[{"embeddable":true,"href":"https:\/\/www.sinpro-rio.org.br\/principal\/wp-json\/wp\/v2\/media\/25524"}],"wp:attachment":[{"href":"https:\/\/www.sinpro-rio.org.br\/principal\/wp-json\/wp\/v2\/media?parent=25523"}],"wp:term":[{"taxonomy":"category","embeddable":true,"href":"https:\/\/www.sinpro-rio.org.br\/principal\/wp-json\/wp\/v2\/categories?post=25523"},{"taxonomy":"post_tag","embeddable":true,"href":"https:\/\/www.sinpro-rio.org.br\/principal\/wp-json\/wp\/v2\/tags?post=25523"}],"curies":[{"name":"wp","href":"https:\/\/api.w.org\/{rel}","templated":true}]}}