{"id":24399,"date":"2019-04-12T14:26:42","date_gmt":"2019-04-12T17:26:42","guid":{"rendered":"https:\/\/sinpro-rio.org.br\/principal\/site\/?p=24399"},"modified":"2023-07-07T14:39:11","modified_gmt":"2023-07-07T17:39:11","slug":"sinpro-rio-ganha-acao-contra-estacio","status":"publish","type":"post","link":"https:\/\/www.sinpro-rio.org.br\/principal\/sinpro-rio-ganha-acao-contra-estacio\/","title":{"rendered":"Sinpro-Rio ganha A\u00e7\u00e3o contra Est\u00e1cio"},"content":{"rendered":"\n<p>Um professor, assistido pelo Sinpro\u2013Rio, obteve importante vit\u00f3ria em a\u00e7\u00e3o individual proposta contra a Est\u00e1cio.<br> O juiz da 19\u00aa Vara do Trabalho julgou procedente o pedido de pagamento de diferen\u00e7as de aulas de EAD, em raz\u00e3o da quita\u00e7\u00e3o irregular desta parcela salariais durante o contrato de trabalho. Acolheu, tamb\u00e9m, o pedido de pagamento do repouso semanal remunerado, do adicional por tempo de servi\u00e7o e do aprimoramento acad\u00eamico sobre as aulas de EAD.<br> Trata-se de mais uma decis\u00e3o favor\u00e1vel proferida em a\u00e7\u00e3o individual proposta por um professor dispensado pela Est\u00e1cio.<br> Professor\/a, caso voc\u00ea n\u00e3o tenha ajuizado a sua a\u00e7\u00e3o trabalhista, agende com o jur\u00eddico do Sinpro-Rio uma consulta pelo telefone 3262-3419.<\/p>\n","protected":false},"excerpt":{"rendered":"<p>Um professor, assistido pelo Sinpro\u2013Rio, obteve importante vit\u00f3ria em a\u00e7\u00e3o individual proposta contra a Est\u00e1cio. O juiz da 19\u00aa Vara do Trabalho julgou procedente o pedido de pagamento de diferen\u00e7as de aulas de EAD, em raz\u00e3o da quita\u00e7\u00e3o irregular desta parcela salariais durante o contrato de trabalho. Acolheu, tamb\u00e9m, o pedido de pagamento do repouso [&hellip;]<\/p>\n","protected":false},"author":2,"featured_media":24160,"comment_status":"open","ping_status":"open","sticky":false,"template":"","format":"standard","meta":{"footnotes":""},"categories":[1],"tags":[495],"class_list":["post-24399","post","type-post","status-publish","format-standard","has-post-thumbnail","hentry","category-noticias","tag-estacio"],"yoast_head":"<!-- This site is optimized with the Yoast SEO plugin v25.7 - https:\/\/yoast.com\/wordpress\/plugins\/seo\/ -->\n<title>Sinpro-Rio ganha A\u00e7\u00e3o contra Est\u00e1cio - Sinpro-Rio<\/title>\n<meta name=\"robots\" content=\"index, follow, max-snippet:-1, max-image-preview:large, max-video-preview:-1\" \/>\n<link rel=\"canonical\" href=\"https:\/\/www.sinpro-rio.org.br\/principal\/sinpro-rio-ganha-acao-contra-estacio\/\" \/>\n<meta property=\"og:locale\" content=\"pt_BR\" \/>\n<meta property=\"og:type\" content=\"article\" \/>\n<meta property=\"og:title\" content=\"Sinpro-Rio ganha A\u00e7\u00e3o contra Est\u00e1cio - Sinpro-Rio\" \/>\n<meta property=\"og:description\" content=\"Um professor, assistido pelo Sinpro\u2013Rio, obteve importante vit\u00f3ria em a\u00e7\u00e3o individual proposta contra a Est\u00e1cio. O juiz da 19\u00aa Vara do Trabalho julgou procedente o pedido de pagamento de diferen\u00e7as de aulas de EAD, em raz\u00e3o da quita\u00e7\u00e3o irregular desta parcela salariais durante o contrato de trabalho. Acolheu, tamb\u00e9m, o pedido de pagamento do repouso [&hellip;]\" \/>\n<meta property=\"og:url\" content=\"https:\/\/www.sinpro-rio.org.br\/principal\/sinpro-rio-ganha-acao-contra-estacio\/\" \/>\n<meta property=\"og:site_name\" content=\"Sinpro-Rio\" \/>\n<meta property=\"article:published_time\" content=\"2019-04-12T17:26:42+00:00\" \/>\n<meta property=\"article:modified_time\" content=\"2023-07-07T17:39:11+00:00\" \/>\n<meta property=\"og:image\" content=\"https:\/\/www.sinpro-rio.org.br\/principal\/wp-content\/uploads\/2019\/04\/estacio-generico.jpg\" \/>\n\t<meta property=\"og:image:width\" content=\"3460\" \/>\n\t<meta property=\"og:image:height\" content=\"2737\" \/>\n\t<meta property=\"og:image:type\" content=\"image\/jpeg\" \/>\n<meta name=\"author\" content=\"alessandra\" \/>\n<meta name=\"twitter:card\" content=\"summary_large_image\" \/>\n<meta name=\"twitter:label1\" content=\"Escrito por\" \/>\n\t<meta name=\"twitter:data1\" content=\"alessandra\" \/>\n\t<meta name=\"twitter:label2\" content=\"Est. tempo de leitura\" \/>\n\t<meta name=\"twitter:data2\" content=\"1 minuto\" \/>\n<script type=\"application\/ld+json\" class=\"yoast-schema-graph\">{\"@context\":\"https:\/\/schema.org\",\"@graph\":[{\"@type\":\"WebPage\",\"@id\":\"https:\/\/www.sinpro-rio.org.br\/principal\/sinpro-rio-ganha-acao-contra-estacio\/\",\"url\":\"https:\/\/www.sinpro-rio.org.br\/principal\/sinpro-rio-ganha-acao-contra-estacio\/\",\"name\":\"Sinpro-Rio ganha A\u00e7\u00e3o contra Est\u00e1cio - Sinpro-Rio\",\"isPartOf\":{\"@id\":\"https:\/\/www.sinpro-rio.org.br\/principal\/#website\"},\"primaryImageOfPage\":{\"@id\":\"https:\/\/www.sinpro-rio.org.br\/principal\/sinpro-rio-ganha-acao-contra-estacio\/#primaryimage\"},\"image\":{\"@id\":\"https:\/\/www.sinpro-rio.org.br\/principal\/sinpro-rio-ganha-acao-contra-estacio\/#primaryimage\"},\"thumbnailUrl\":\"https:\/\/www.sinpro-rio.org.br\/principal\/wp-content\/uploads\/2019\/04\/estacio-generico.jpg\",\"datePublished\":\"2019-04-12T17:26:42+00:00\",\"dateModified\":\"2023-07-07T17:39:11+00:00\",\"author\":{\"@id\":\"https:\/\/www.sinpro-rio.org.br\/principal\/#\/schema\/person\/ee17219e64d00d037e511ae59ce2227e\"},\"breadcrumb\":{\"@id\":\"https:\/\/www.sinpro-rio.org.br\/principal\/sinpro-rio-ganha-acao-contra-estacio\/#breadcrumb\"},\"inLanguage\":\"pt-BR\",\"potentialAction\":[{\"@type\":\"ReadAction\",\"target\":[\"https:\/\/www.sinpro-rio.org.br\/principal\/sinpro-rio-ganha-acao-contra-estacio\/\"]}]},{\"@type\":\"ImageObject\",\"inLanguage\":\"pt-BR\",\"@id\":\"https:\/\/www.sinpro-rio.org.br\/principal\/sinpro-rio-ganha-acao-contra-estacio\/#primaryimage\",\"url\":\"https:\/\/www.sinpro-rio.org.br\/principal\/wp-content\/uploads\/2019\/04\/estacio-generico.jpg\",\"contentUrl\":\"https:\/\/www.sinpro-rio.org.br\/principal\/wp-content\/uploads\/2019\/04\/estacio-generico.jpg\",\"width\":3460,\"height\":2737},{\"@type\":\"BreadcrumbList\",\"@id\":\"https:\/\/www.sinpro-rio.org.br\/principal\/sinpro-rio-ganha-acao-contra-estacio\/#breadcrumb\",\"itemListElement\":[{\"@type\":\"ListItem\",\"position\":1,\"name\":\"In\u00edcio\",\"item\":\"https:\/\/www.sinpro-rio.org.br\/principal\/\"},{\"@type\":\"ListItem\",\"position\":2,\"name\":\"Sinpro-Rio ganha A\u00e7\u00e3o contra Est\u00e1cio\"}]},{\"@type\":\"WebSite\",\"@id\":\"https:\/\/www.sinpro-rio.org.br\/principal\/#website\",\"url\":\"https:\/\/www.sinpro-rio.org.br\/principal\/\",\"name\":\"Sinpro-Rio\",\"description\":\"Sindicato dos Professores do Munic\u00edpio do Rio de Janeiro e Regi\u00e3o\",\"potentialAction\":[{\"@type\":\"SearchAction\",\"target\":{\"@type\":\"EntryPoint\",\"urlTemplate\":\"https:\/\/www.sinpro-rio.org.br\/principal\/?s={search_term_string}\"},\"query-input\":{\"@type\":\"PropertyValueSpecification\",\"valueRequired\":true,\"valueName\":\"search_term_string\"}}],\"inLanguage\":\"pt-BR\"},{\"@type\":\"Person\",\"@id\":\"https:\/\/www.sinpro-rio.org.br\/principal\/#\/schema\/person\/ee17219e64d00d037e511ae59ce2227e\",\"name\":\"alessandra\",\"image\":{\"@type\":\"ImageObject\",\"inLanguage\":\"pt-BR\",\"@id\":\"https:\/\/www.sinpro-rio.org.br\/principal\/#\/schema\/person\/image\/\",\"url\":\"https:\/\/secure.gravatar.com\/avatar\/2b43fa8c0ad8e33b46a4732549f7fb20?s=96&d=mm&r=g\",\"contentUrl\":\"https:\/\/secure.gravatar.com\/avatar\/2b43fa8c0ad8e33b46a4732549f7fb20?s=96&d=mm&r=g\",\"caption\":\"alessandra\"},\"url\":\"https:\/\/www.sinpro-rio.org.br\/principal\/author\/alessandra\/\"}]}<\/script>\n<!-- \/ Yoast SEO plugin. -->","yoast_head_json":{"title":"Sinpro-Rio ganha A\u00e7\u00e3o contra Est\u00e1cio - Sinpro-Rio","robots":{"index":"index","follow":"follow","max-snippet":"max-snippet:-1","max-image-preview":"max-image-preview:large","max-video-preview":"max-video-preview:-1"},"canonical":"https:\/\/www.sinpro-rio.org.br\/principal\/sinpro-rio-ganha-acao-contra-estacio\/","og_locale":"pt_BR","og_type":"article","og_title":"Sinpro-Rio ganha A\u00e7\u00e3o contra Est\u00e1cio - Sinpro-Rio","og_description":"Um professor, assistido pelo Sinpro\u2013Rio, obteve importante vit\u00f3ria em a\u00e7\u00e3o individual proposta contra a Est\u00e1cio. O juiz da 19\u00aa Vara do Trabalho julgou procedente o pedido de pagamento de diferen\u00e7as de aulas de EAD, em raz\u00e3o da quita\u00e7\u00e3o irregular desta parcela salariais durante o contrato de trabalho. Acolheu, tamb\u00e9m, o pedido de pagamento do repouso [&hellip;]","og_url":"https:\/\/www.sinpro-rio.org.br\/principal\/sinpro-rio-ganha-acao-contra-estacio\/","og_site_name":"Sinpro-Rio","article_published_time":"2019-04-12T17:26:42+00:00","article_modified_time":"2023-07-07T17:39:11+00:00","og_image":[{"width":3460,"height":2737,"url":"https:\/\/www.sinpro-rio.org.br\/principal\/wp-content\/uploads\/2019\/04\/estacio-generico.jpg","type":"image\/jpeg"}],"author":"alessandra","twitter_card":"summary_large_image","twitter_misc":{"Escrito por":"alessandra","Est. tempo de leitura":"1 minuto"},"schema":{"@context":"https:\/\/schema.org","@graph":[{"@type":"WebPage","@id":"https:\/\/www.sinpro-rio.org.br\/principal\/sinpro-rio-ganha-acao-contra-estacio\/","url":"https:\/\/www.sinpro-rio.org.br\/principal\/sinpro-rio-ganha-acao-contra-estacio\/","name":"Sinpro-Rio ganha A\u00e7\u00e3o contra Est\u00e1cio - Sinpro-Rio","isPartOf":{"@id":"https:\/\/www.sinpro-rio.org.br\/principal\/#website"},"primaryImageOfPage":{"@id":"https:\/\/www.sinpro-rio.org.br\/principal\/sinpro-rio-ganha-acao-contra-estacio\/#primaryimage"},"image":{"@id":"https:\/\/www.sinpro-rio.org.br\/principal\/sinpro-rio-ganha-acao-contra-estacio\/#primaryimage"},"thumbnailUrl":"https:\/\/www.sinpro-rio.org.br\/principal\/wp-content\/uploads\/2019\/04\/estacio-generico.jpg","datePublished":"2019-04-12T17:26:42+00:00","dateModified":"2023-07-07T17:39:11+00:00","author":{"@id":"https:\/\/www.sinpro-rio.org.br\/principal\/#\/schema\/person\/ee17219e64d00d037e511ae59ce2227e"},"breadcrumb":{"@id":"https:\/\/www.sinpro-rio.org.br\/principal\/sinpro-rio-ganha-acao-contra-estacio\/#breadcrumb"},"inLanguage":"pt-BR","potentialAction":[{"@type":"ReadAction","target":["https:\/\/www.sinpro-rio.org.br\/principal\/sinpro-rio-ganha-acao-contra-estacio\/"]}]},{"@type":"ImageObject","inLanguage":"pt-BR","@id":"https:\/\/www.sinpro-rio.org.br\/principal\/sinpro-rio-ganha-acao-contra-estacio\/#primaryimage","url":"https:\/\/www.sinpro-rio.org.br\/principal\/wp-content\/uploads\/2019\/04\/estacio-generico.jpg","contentUrl":"https:\/\/www.sinpro-rio.org.br\/principal\/wp-content\/uploads\/2019\/04\/estacio-generico.jpg","width":3460,"height":2737},{"@type":"BreadcrumbList","@id":"https:\/\/www.sinpro-rio.org.br\/principal\/sinpro-rio-ganha-acao-contra-estacio\/#breadcrumb","itemListElement":[{"@type":"ListItem","position":1,"name":"In\u00edcio","item":"https:\/\/www.sinpro-rio.org.br\/principal\/"},{"@type":"ListItem","position":2,"name":"Sinpro-Rio ganha A\u00e7\u00e3o contra Est\u00e1cio"}]},{"@type":"WebSite","@id":"https:\/\/www.sinpro-rio.org.br\/principal\/#website","url":"https:\/\/www.sinpro-rio.org.br\/principal\/","name":"Sinpro-Rio","description":"Sindicato dos Professores do Munic\u00edpio do Rio de Janeiro e Regi\u00e3o","potentialAction":[{"@type":"SearchAction","target":{"@type":"EntryPoint","urlTemplate":"https:\/\/www.sinpro-rio.org.br\/principal\/?s={search_term_string}"},"query-input":{"@type":"PropertyValueSpecification","valueRequired":true,"valueName":"search_term_string"}}],"inLanguage":"pt-BR"},{"@type":"Person","@id":"https:\/\/www.sinpro-rio.org.br\/principal\/#\/schema\/person\/ee17219e64d00d037e511ae59ce2227e","name":"alessandra","image":{"@type":"ImageObject","inLanguage":"pt-BR","@id":"https:\/\/www.sinpro-rio.org.br\/principal\/#\/schema\/person\/image\/","url":"https:\/\/secure.gravatar.com\/avatar\/2b43fa8c0ad8e33b46a4732549f7fb20?s=96&d=mm&r=g","contentUrl":"https:\/\/secure.gravatar.com\/avatar\/2b43fa8c0ad8e33b46a4732549f7fb20?s=96&d=mm&r=g","caption":"alessandra"},"url":"https:\/\/www.sinpro-rio.org.br\/principal\/author\/alessandra\/"}]}},"_links":{"self":[{"href":"https:\/\/www.sinpro-rio.org.br\/principal\/wp-json\/wp\/v2\/posts\/24399","targetHints":{"allow":["GET"]}}],"collection":[{"href":"https:\/\/www.sinpro-rio.org.br\/principal\/wp-json\/wp\/v2\/posts"}],"about":[{"href":"https:\/\/www.sinpro-rio.org.br\/principal\/wp-json\/wp\/v2\/types\/post"}],"author":[{"embeddable":true,"href":"https:\/\/www.sinpro-rio.org.br\/principal\/wp-json\/wp\/v2\/users\/2"}],"replies":[{"embeddable":true,"href":"https:\/\/www.sinpro-rio.org.br\/principal\/wp-json\/wp\/v2\/comments?post=24399"}],"version-history":[{"count":1,"href":"https:\/\/www.sinpro-rio.org.br\/principal\/wp-json\/wp\/v2\/posts\/24399\/revisions"}],"predecessor-version":[{"id":24400,"href":"https:\/\/www.sinpro-rio.org.br\/principal\/wp-json\/wp\/v2\/posts\/24399\/revisions\/24400"}],"wp:featuredmedia":[{"embeddable":true,"href":"https:\/\/www.sinpro-rio.org.br\/principal\/wp-json\/wp\/v2\/media\/24160"}],"wp:attachment":[{"href":"https:\/\/www.sinpro-rio.org.br\/principal\/wp-json\/wp\/v2\/media?parent=24399"}],"wp:term":[{"taxonomy":"category","embeddable":true,"href":"https:\/\/www.sinpro-rio.org.br\/principal\/wp-json\/wp\/v2\/categories?post=24399"},{"taxonomy":"post_tag","embeddable":true,"href":"https:\/\/www.sinpro-rio.org.br\/principal\/wp-json\/wp\/v2\/tags?post=24399"}],"curies":[{"name":"wp","href":"https:\/\/api.w.org\/{rel}","templated":true}]}}