{"id":24301,"date":"2000-04-12T11:56:14","date_gmt":"2000-04-12T14:56:14","guid":{"rendered":"https:\/\/sinpro-rio.org.br\/principal\/site\/?p=24301"},"modified":"2019-05-28T12:15:32","modified_gmt":"2019-05-28T15:15:32","slug":"vallim-scaramussa-advogados","status":"publish","type":"post","link":"https:\/\/www.sinpro-rio.org.br\/principal\/vallim-scaramussa-advogados\/","title":{"rendered":"Vallim &#038; Scaramussa Advogados"},"content":{"rendered":"\n<p style=\"text-align:center\">Assessoria de servi\u00e7os jur\u00eddicos em v\u00e1rias \u00e1reas do Direito, Tr\u00e2nsito e Im\u00f3veis.                                                                                            <\/p>\n\n\n\n<p style=\"text-align:center\">(21)  99744-6589\/ 2220 &#8211; 2304                                                                                            <\/p>\n\n\n\n<p style=\"text-align:center\">Visite nosso site&nbsp;<a href=\"http:\/\/vallimescaramussa.com.br\/\">aqui<\/a><\/p>\n\n\n\n<p style=\"text-align:center\">Av. Treze de Maio 33, 705<\/p>\n\n\n\n<p style=\"text-align:center\">Centro &#8211; Rio de Janeiro<\/p>\n","protected":false},"excerpt":{"rendered":"<p>Assessoria de servi\u00e7os jur\u00eddicos em v\u00e1rias \u00e1reas do Direito, Tr\u00e2nsito e Im\u00f3veis. (21) 99744-6589\/ 2220 &#8211; 2304 Visite nosso site&nbsp;aqui Av. Treze de Maio 33, 705 Centro &#8211; Rio de Janeiro<\/p>\n","protected":false},"author":8,"featured_media":25060,"comment_status":"open","ping_status":"open","sticky":false,"template":"","format":"standard","meta":{"footnotes":""},"categories":[57,68],"tags":[266,80,262],"class_list":["post-24301","post","type-post","status-publish","format-standard","has-post-thumbnail","hentry","category-convenios","category-outros","tag-advocacia","tag-centro","tag-vallim-scaramussa-advogados"],"yoast_head":"<!-- This site is optimized with the Yoast SEO plugin v25.7 - https:\/\/yoast.com\/wordpress\/plugins\/seo\/ -->\n<title>Vallim &amp; Scaramussa Advogados - Sinpro-Rio<\/title>\n<meta name=\"robots\" content=\"index, follow, max-snippet:-1, max-image-preview:large, max-video-preview:-1\" \/>\n<link rel=\"canonical\" href=\"https:\/\/www.sinpro-rio.org.br\/principal\/vallim-scaramussa-advogados\/\" \/>\n<meta property=\"og:locale\" content=\"pt_BR\" \/>\n<meta property=\"og:type\" content=\"article\" \/>\n<meta property=\"og:title\" content=\"Vallim &amp; Scaramussa Advogados - Sinpro-Rio\" \/>\n<meta property=\"og:description\" content=\"Assessoria de servi\u00e7os jur\u00eddicos em v\u00e1rias \u00e1reas do Direito, Tr\u00e2nsito e Im\u00f3veis. (21) 99744-6589\/ 2220 &#8211; 2304 Visite nosso site&nbsp;aqui Av. Treze de Maio 33, 705 Centro &#8211; Rio de Janeiro\" \/>\n<meta property=\"og:url\" content=\"https:\/\/www.sinpro-rio.org.br\/principal\/vallim-scaramussa-advogados\/\" \/>\n<meta property=\"og:site_name\" content=\"Sinpro-Rio\" \/>\n<meta property=\"article:published_time\" content=\"2000-04-12T14:56:14+00:00\" \/>\n<meta property=\"article:modified_time\" content=\"2019-05-28T15:15:32+00:00\" \/>\n<meta property=\"og:image\" content=\"https:\/\/www.sinpro-rio.org.br\/principal\/wp-content\/uploads\/2000\/04\/vallinadvogados.png\" \/>\n\t<meta property=\"og:image:width\" content=\"500\" \/>\n\t<meta property=\"og:image:height\" content=\"250\" \/>\n\t<meta property=\"og:image:type\" content=\"image\/png\" \/>\n<meta name=\"author\" content=\"Rafael\" \/>\n<meta name=\"twitter:card\" content=\"summary_large_image\" \/>\n<meta name=\"twitter:label1\" content=\"Escrito por\" \/>\n\t<meta name=\"twitter:data1\" content=\"Rafael\" \/>\n<script type=\"application\/ld+json\" class=\"yoast-schema-graph\">{\"@context\":\"https:\/\/schema.org\",\"@graph\":[{\"@type\":\"WebPage\",\"@id\":\"https:\/\/www.sinpro-rio.org.br\/principal\/vallim-scaramussa-advogados\/\",\"url\":\"https:\/\/www.sinpro-rio.org.br\/principal\/vallim-scaramussa-advogados\/\",\"name\":\"Vallim & Scaramussa Advogados - Sinpro-Rio\",\"isPartOf\":{\"@id\":\"https:\/\/www.sinpro-rio.org.br\/principal\/#website\"},\"primaryImageOfPage\":{\"@id\":\"https:\/\/www.sinpro-rio.org.br\/principal\/vallim-scaramussa-advogados\/#primaryimage\"},\"image\":{\"@id\":\"https:\/\/www.sinpro-rio.org.br\/principal\/vallim-scaramussa-advogados\/#primaryimage\"},\"thumbnailUrl\":\"https:\/\/www.sinpro-rio.org.br\/principal\/wp-content\/uploads\/2000\/04\/vallinadvogados.png\",\"datePublished\":\"2000-04-12T14:56:14+00:00\",\"dateModified\":\"2019-05-28T15:15:32+00:00\",\"author\":{\"@id\":\"https:\/\/www.sinpro-rio.org.br\/principal\/#\/schema\/person\/513f6c0d98c231ae05be0b1f852773b1\"},\"breadcrumb\":{\"@id\":\"https:\/\/www.sinpro-rio.org.br\/principal\/vallim-scaramussa-advogados\/#breadcrumb\"},\"inLanguage\":\"pt-BR\",\"potentialAction\":[{\"@type\":\"ReadAction\",\"target\":[\"https:\/\/www.sinpro-rio.org.br\/principal\/vallim-scaramussa-advogados\/\"]}]},{\"@type\":\"ImageObject\",\"inLanguage\":\"pt-BR\",\"@id\":\"https:\/\/www.sinpro-rio.org.br\/principal\/vallim-scaramussa-advogados\/#primaryimage\",\"url\":\"https:\/\/www.sinpro-rio.org.br\/principal\/wp-content\/uploads\/2000\/04\/vallinadvogados.png\",\"contentUrl\":\"https:\/\/www.sinpro-rio.org.br\/principal\/wp-content\/uploads\/2000\/04\/vallinadvogados.png\",\"width\":500,\"height\":250},{\"@type\":\"BreadcrumbList\",\"@id\":\"https:\/\/www.sinpro-rio.org.br\/principal\/vallim-scaramussa-advogados\/#breadcrumb\",\"itemListElement\":[{\"@type\":\"ListItem\",\"position\":1,\"name\":\"In\u00edcio\",\"item\":\"https:\/\/www.sinpro-rio.org.br\/principal\/\"},{\"@type\":\"ListItem\",\"position\":2,\"name\":\"Vallim &#038; Scaramussa Advogados\"}]},{\"@type\":\"WebSite\",\"@id\":\"https:\/\/www.sinpro-rio.org.br\/principal\/#website\",\"url\":\"https:\/\/www.sinpro-rio.org.br\/principal\/\",\"name\":\"Sinpro-Rio\",\"description\":\"Sindicato dos Professores do Munic\u00edpio do Rio de Janeiro e Regi\u00e3o\",\"potentialAction\":[{\"@type\":\"SearchAction\",\"target\":{\"@type\":\"EntryPoint\",\"urlTemplate\":\"https:\/\/www.sinpro-rio.org.br\/principal\/?s={search_term_string}\"},\"query-input\":{\"@type\":\"PropertyValueSpecification\",\"valueRequired\":true,\"valueName\":\"search_term_string\"}}],\"inLanguage\":\"pt-BR\"},{\"@type\":\"Person\",\"@id\":\"https:\/\/www.sinpro-rio.org.br\/principal\/#\/schema\/person\/513f6c0d98c231ae05be0b1f852773b1\",\"name\":\"Rafael\",\"image\":{\"@type\":\"ImageObject\",\"inLanguage\":\"pt-BR\",\"@id\":\"https:\/\/www.sinpro-rio.org.br\/principal\/#\/schema\/person\/image\/\",\"url\":\"https:\/\/secure.gravatar.com\/avatar\/89b386dfdde3072f65f7acadfe00f325?s=96&d=mm&r=g\",\"contentUrl\":\"https:\/\/secure.gravatar.com\/avatar\/89b386dfdde3072f65f7acadfe00f325?s=96&d=mm&r=g\",\"caption\":\"Rafael\"},\"url\":\"https:\/\/www.sinpro-rio.org.br\/principal\/author\/rafael\/\"}]}<\/script>\n<!-- \/ Yoast SEO plugin. -->","yoast_head_json":{"title":"Vallim & Scaramussa Advogados - Sinpro-Rio","robots":{"index":"index","follow":"follow","max-snippet":"max-snippet:-1","max-image-preview":"max-image-preview:large","max-video-preview":"max-video-preview:-1"},"canonical":"https:\/\/www.sinpro-rio.org.br\/principal\/vallim-scaramussa-advogados\/","og_locale":"pt_BR","og_type":"article","og_title":"Vallim & Scaramussa Advogados - Sinpro-Rio","og_description":"Assessoria de servi\u00e7os jur\u00eddicos em v\u00e1rias \u00e1reas do Direito, Tr\u00e2nsito e Im\u00f3veis. (21) 99744-6589\/ 2220 &#8211; 2304 Visite nosso site&nbsp;aqui Av. Treze de Maio 33, 705 Centro &#8211; Rio de Janeiro","og_url":"https:\/\/www.sinpro-rio.org.br\/principal\/vallim-scaramussa-advogados\/","og_site_name":"Sinpro-Rio","article_published_time":"2000-04-12T14:56:14+00:00","article_modified_time":"2019-05-28T15:15:32+00:00","og_image":[{"width":500,"height":250,"url":"https:\/\/www.sinpro-rio.org.br\/principal\/wp-content\/uploads\/2000\/04\/vallinadvogados.png","type":"image\/png"}],"author":"Rafael","twitter_card":"summary_large_image","twitter_misc":{"Escrito por":"Rafael"},"schema":{"@context":"https:\/\/schema.org","@graph":[{"@type":"WebPage","@id":"https:\/\/www.sinpro-rio.org.br\/principal\/vallim-scaramussa-advogados\/","url":"https:\/\/www.sinpro-rio.org.br\/principal\/vallim-scaramussa-advogados\/","name":"Vallim & Scaramussa Advogados - Sinpro-Rio","isPartOf":{"@id":"https:\/\/www.sinpro-rio.org.br\/principal\/#website"},"primaryImageOfPage":{"@id":"https:\/\/www.sinpro-rio.org.br\/principal\/vallim-scaramussa-advogados\/#primaryimage"},"image":{"@id":"https:\/\/www.sinpro-rio.org.br\/principal\/vallim-scaramussa-advogados\/#primaryimage"},"thumbnailUrl":"https:\/\/www.sinpro-rio.org.br\/principal\/wp-content\/uploads\/2000\/04\/vallinadvogados.png","datePublished":"2000-04-12T14:56:14+00:00","dateModified":"2019-05-28T15:15:32+00:00","author":{"@id":"https:\/\/www.sinpro-rio.org.br\/principal\/#\/schema\/person\/513f6c0d98c231ae05be0b1f852773b1"},"breadcrumb":{"@id":"https:\/\/www.sinpro-rio.org.br\/principal\/vallim-scaramussa-advogados\/#breadcrumb"},"inLanguage":"pt-BR","potentialAction":[{"@type":"ReadAction","target":["https:\/\/www.sinpro-rio.org.br\/principal\/vallim-scaramussa-advogados\/"]}]},{"@type":"ImageObject","inLanguage":"pt-BR","@id":"https:\/\/www.sinpro-rio.org.br\/principal\/vallim-scaramussa-advogados\/#primaryimage","url":"https:\/\/www.sinpro-rio.org.br\/principal\/wp-content\/uploads\/2000\/04\/vallinadvogados.png","contentUrl":"https:\/\/www.sinpro-rio.org.br\/principal\/wp-content\/uploads\/2000\/04\/vallinadvogados.png","width":500,"height":250},{"@type":"BreadcrumbList","@id":"https:\/\/www.sinpro-rio.org.br\/principal\/vallim-scaramussa-advogados\/#breadcrumb","itemListElement":[{"@type":"ListItem","position":1,"name":"In\u00edcio","item":"https:\/\/www.sinpro-rio.org.br\/principal\/"},{"@type":"ListItem","position":2,"name":"Vallim &#038; Scaramussa Advogados"}]},{"@type":"WebSite","@id":"https:\/\/www.sinpro-rio.org.br\/principal\/#website","url":"https:\/\/www.sinpro-rio.org.br\/principal\/","name":"Sinpro-Rio","description":"Sindicato dos Professores do Munic\u00edpio do Rio de Janeiro e Regi\u00e3o","potentialAction":[{"@type":"SearchAction","target":{"@type":"EntryPoint","urlTemplate":"https:\/\/www.sinpro-rio.org.br\/principal\/?s={search_term_string}"},"query-input":{"@type":"PropertyValueSpecification","valueRequired":true,"valueName":"search_term_string"}}],"inLanguage":"pt-BR"},{"@type":"Person","@id":"https:\/\/www.sinpro-rio.org.br\/principal\/#\/schema\/person\/513f6c0d98c231ae05be0b1f852773b1","name":"Rafael","image":{"@type":"ImageObject","inLanguage":"pt-BR","@id":"https:\/\/www.sinpro-rio.org.br\/principal\/#\/schema\/person\/image\/","url":"https:\/\/secure.gravatar.com\/avatar\/89b386dfdde3072f65f7acadfe00f325?s=96&d=mm&r=g","contentUrl":"https:\/\/secure.gravatar.com\/avatar\/89b386dfdde3072f65f7acadfe00f325?s=96&d=mm&r=g","caption":"Rafael"},"url":"https:\/\/www.sinpro-rio.org.br\/principal\/author\/rafael\/"}]}},"_links":{"self":[{"href":"https:\/\/www.sinpro-rio.org.br\/principal\/wp-json\/wp\/v2\/posts\/24301","targetHints":{"allow":["GET"]}}],"collection":[{"href":"https:\/\/www.sinpro-rio.org.br\/principal\/wp-json\/wp\/v2\/posts"}],"about":[{"href":"https:\/\/www.sinpro-rio.org.br\/principal\/wp-json\/wp\/v2\/types\/post"}],"author":[{"embeddable":true,"href":"https:\/\/www.sinpro-rio.org.br\/principal\/wp-json\/wp\/v2\/users\/8"}],"replies":[{"embeddable":true,"href":"https:\/\/www.sinpro-rio.org.br\/principal\/wp-json\/wp\/v2\/comments?post=24301"}],"version-history":[{"count":2,"href":"https:\/\/www.sinpro-rio.org.br\/principal\/wp-json\/wp\/v2\/posts\/24301\/revisions"}],"predecessor-version":[{"id":25219,"href":"https:\/\/www.sinpro-rio.org.br\/principal\/wp-json\/wp\/v2\/posts\/24301\/revisions\/25219"}],"wp:featuredmedia":[{"embeddable":true,"href":"https:\/\/www.sinpro-rio.org.br\/principal\/wp-json\/wp\/v2\/media\/25060"}],"wp:attachment":[{"href":"https:\/\/www.sinpro-rio.org.br\/principal\/wp-json\/wp\/v2\/media?parent=24301"}],"wp:term":[{"taxonomy":"category","embeddable":true,"href":"https:\/\/www.sinpro-rio.org.br\/principal\/wp-json\/wp\/v2\/categories?post=24301"},{"taxonomy":"post_tag","embeddable":true,"href":"https:\/\/www.sinpro-rio.org.br\/principal\/wp-json\/wp\/v2\/tags?post=24301"}],"curies":[{"name":"wp","href":"https:\/\/api.w.org\/{rel}","templated":true}]}}