{"id":24091,"date":"2019-04-04T10:51:39","date_gmt":"2019-04-04T13:51:39","guid":{"rendered":"https:\/\/sinpro-rio.org.br\/principal\/site\/?p=24091"},"modified":"2019-04-15T11:48:32","modified_gmt":"2019-04-15T14:48:32","slug":"campanha-salarial-2019-ajude-a-definir-os-rumos-da-negociacao-coletiva","status":"publish","type":"post","link":"https:\/\/www.sinpro-rio.org.br\/principal\/campanha-salarial-2019-ajude-a-definir-os-rumos-da-negociacao-coletiva\/","title":{"rendered":"Campanha salarial 2019: assembleia dia 13 de abril, \u00e0s 10 horas, no Sinpro-Rio"},"content":{"rendered":"\n<p>Participe da assembleia da Educa\u00e7\u00e3o B\u00e1sica e Superior! Veja o resultado das \u00faltimas assembleias abaixo:<\/p>\n\n\n\n<p><\/p>\n\n\n\n<p><a href=\"https:\/\/www.sinpro-rio.org.br\/site2\/Noticias\/noticia\/educacao-basica-assembleia-aprova-pauta-de-reivindicacoes\">Educa\u00e7\u00e3o B\u00e1sica<\/a><\/p>\n\n\n\n<p><a href=\"https:\/\/www.sinpro-rio.org.br\/site2\/Noticias\/noticia\/educacao-superior-assembleia-de-pauta-aprova-reivindicacoes\">Educa\u00e7\u00e3o Superior<\/a><br><\/p>\n","protected":false},"excerpt":{"rendered":"<p>Participe da assembleia da Educa\u00e7\u00e3o B\u00e1sica e Superior! Veja o resultado das \u00faltimas assembleias abaixo: Educa\u00e7\u00e3o B\u00e1sica Educa\u00e7\u00e3o Superior<\/p>\n","protected":false},"author":2,"featured_media":24145,"comment_status":"open","ping_status":"open","sticky":false,"template":"","format":"standard","meta":{"footnotes":""},"categories":[1],"tags":[],"class_list":["post-24091","post","type-post","status-publish","format-standard","has-post-thumbnail","hentry","category-noticias"],"yoast_head":"<!-- This site is optimized with the Yoast SEO plugin v25.7 - https:\/\/yoast.com\/wordpress\/plugins\/seo\/ -->\n<title>Campanha salarial 2019: assembleia dia 13 de abril, \u00e0s 10 horas, no Sinpro-Rio - Sinpro-Rio<\/title>\n<meta name=\"robots\" content=\"index, follow, max-snippet:-1, max-image-preview:large, max-video-preview:-1\" \/>\n<link rel=\"canonical\" href=\"https:\/\/www.sinpro-rio.org.br\/principal\/campanha-salarial-2019-ajude-a-definir-os-rumos-da-negociacao-coletiva\/\" \/>\n<meta property=\"og:locale\" content=\"pt_BR\" \/>\n<meta property=\"og:type\" content=\"article\" \/>\n<meta property=\"og:title\" content=\"Campanha salarial 2019: assembleia dia 13 de abril, \u00e0s 10 horas, no Sinpro-Rio - Sinpro-Rio\" \/>\n<meta property=\"og:description\" content=\"Participe da assembleia da Educa\u00e7\u00e3o B\u00e1sica e Superior! Veja o resultado das \u00faltimas assembleias abaixo: Educa\u00e7\u00e3o B\u00e1sica Educa\u00e7\u00e3o Superior\" \/>\n<meta property=\"og:url\" content=\"https:\/\/www.sinpro-rio.org.br\/principal\/campanha-salarial-2019-ajude-a-definir-os-rumos-da-negociacao-coletiva\/\" \/>\n<meta property=\"og:site_name\" content=\"Sinpro-Rio\" \/>\n<meta property=\"article:published_time\" content=\"2019-04-04T13:51:39+00:00\" \/>\n<meta property=\"article:modified_time\" content=\"2019-04-15T14:48:32+00:00\" \/>\n<meta property=\"og:image\" content=\"https:\/\/www.sinpro-rio.org.br\/principal\/wp-content\/uploads\/2019\/03\/face.jpg\" \/>\n\t<meta property=\"og:image:width\" content=\"1726\" \/>\n\t<meta property=\"og:image:height\" content=\"657\" \/>\n\t<meta property=\"og:image:type\" content=\"image\/jpeg\" \/>\n<meta name=\"author\" content=\"alessandra\" \/>\n<meta name=\"twitter:card\" content=\"summary_large_image\" \/>\n<meta name=\"twitter:label1\" content=\"Escrito por\" \/>\n\t<meta name=\"twitter:data1\" content=\"alessandra\" \/>\n<script type=\"application\/ld+json\" class=\"yoast-schema-graph\">{\"@context\":\"https:\/\/schema.org\",\"@graph\":[{\"@type\":\"WebPage\",\"@id\":\"https:\/\/www.sinpro-rio.org.br\/principal\/campanha-salarial-2019-ajude-a-definir-os-rumos-da-negociacao-coletiva\/\",\"url\":\"https:\/\/www.sinpro-rio.org.br\/principal\/campanha-salarial-2019-ajude-a-definir-os-rumos-da-negociacao-coletiva\/\",\"name\":\"Campanha salarial 2019: assembleia dia 13 de abril, \u00e0s 10 horas, no Sinpro-Rio - Sinpro-Rio\",\"isPartOf\":{\"@id\":\"https:\/\/www.sinpro-rio.org.br\/principal\/#website\"},\"primaryImageOfPage\":{\"@id\":\"https:\/\/www.sinpro-rio.org.br\/principal\/campanha-salarial-2019-ajude-a-definir-os-rumos-da-negociacao-coletiva\/#primaryimage\"},\"image\":{\"@id\":\"https:\/\/www.sinpro-rio.org.br\/principal\/campanha-salarial-2019-ajude-a-definir-os-rumos-da-negociacao-coletiva\/#primaryimage\"},\"thumbnailUrl\":\"https:\/\/www.sinpro-rio.org.br\/principal\/wp-content\/uploads\/2019\/03\/face.jpg\",\"datePublished\":\"2019-04-04T13:51:39+00:00\",\"dateModified\":\"2019-04-15T14:48:32+00:00\",\"author\":{\"@id\":\"https:\/\/www.sinpro-rio.org.br\/principal\/#\/schema\/person\/ee17219e64d00d037e511ae59ce2227e\"},\"breadcrumb\":{\"@id\":\"https:\/\/www.sinpro-rio.org.br\/principal\/campanha-salarial-2019-ajude-a-definir-os-rumos-da-negociacao-coletiva\/#breadcrumb\"},\"inLanguage\":\"pt-BR\",\"potentialAction\":[{\"@type\":\"ReadAction\",\"target\":[\"https:\/\/www.sinpro-rio.org.br\/principal\/campanha-salarial-2019-ajude-a-definir-os-rumos-da-negociacao-coletiva\/\"]}]},{\"@type\":\"ImageObject\",\"inLanguage\":\"pt-BR\",\"@id\":\"https:\/\/www.sinpro-rio.org.br\/principal\/campanha-salarial-2019-ajude-a-definir-os-rumos-da-negociacao-coletiva\/#primaryimage\",\"url\":\"https:\/\/www.sinpro-rio.org.br\/principal\/wp-content\/uploads\/2019\/03\/face.jpg\",\"contentUrl\":\"https:\/\/www.sinpro-rio.org.br\/principal\/wp-content\/uploads\/2019\/03\/face.jpg\",\"width\":1726,\"height\":657},{\"@type\":\"BreadcrumbList\",\"@id\":\"https:\/\/www.sinpro-rio.org.br\/principal\/campanha-salarial-2019-ajude-a-definir-os-rumos-da-negociacao-coletiva\/#breadcrumb\",\"itemListElement\":[{\"@type\":\"ListItem\",\"position\":1,\"name\":\"In\u00edcio\",\"item\":\"https:\/\/www.sinpro-rio.org.br\/principal\/\"},{\"@type\":\"ListItem\",\"position\":2,\"name\":\"Campanha salarial 2019: assembleia dia 13 de abril, \u00e0s 10 horas, no Sinpro-Rio\"}]},{\"@type\":\"WebSite\",\"@id\":\"https:\/\/www.sinpro-rio.org.br\/principal\/#website\",\"url\":\"https:\/\/www.sinpro-rio.org.br\/principal\/\",\"name\":\"Sinpro-Rio\",\"description\":\"Sindicato dos Professores do Munic\u00edpio do Rio de Janeiro e Regi\u00e3o\",\"potentialAction\":[{\"@type\":\"SearchAction\",\"target\":{\"@type\":\"EntryPoint\",\"urlTemplate\":\"https:\/\/www.sinpro-rio.org.br\/principal\/?s={search_term_string}\"},\"query-input\":{\"@type\":\"PropertyValueSpecification\",\"valueRequired\":true,\"valueName\":\"search_term_string\"}}],\"inLanguage\":\"pt-BR\"},{\"@type\":\"Person\",\"@id\":\"https:\/\/www.sinpro-rio.org.br\/principal\/#\/schema\/person\/ee17219e64d00d037e511ae59ce2227e\",\"name\":\"alessandra\",\"image\":{\"@type\":\"ImageObject\",\"inLanguage\":\"pt-BR\",\"@id\":\"https:\/\/www.sinpro-rio.org.br\/principal\/#\/schema\/person\/image\/\",\"url\":\"https:\/\/secure.gravatar.com\/avatar\/2b43fa8c0ad8e33b46a4732549f7fb20?s=96&d=mm&r=g\",\"contentUrl\":\"https:\/\/secure.gravatar.com\/avatar\/2b43fa8c0ad8e33b46a4732549f7fb20?s=96&d=mm&r=g\",\"caption\":\"alessandra\"},\"url\":\"https:\/\/www.sinpro-rio.org.br\/principal\/author\/alessandra\/\"}]}<\/script>\n<!-- \/ Yoast SEO plugin. -->","yoast_head_json":{"title":"Campanha salarial 2019: assembleia dia 13 de abril, \u00e0s 10 horas, no Sinpro-Rio - Sinpro-Rio","robots":{"index":"index","follow":"follow","max-snippet":"max-snippet:-1","max-image-preview":"max-image-preview:large","max-video-preview":"max-video-preview:-1"},"canonical":"https:\/\/www.sinpro-rio.org.br\/principal\/campanha-salarial-2019-ajude-a-definir-os-rumos-da-negociacao-coletiva\/","og_locale":"pt_BR","og_type":"article","og_title":"Campanha salarial 2019: assembleia dia 13 de abril, \u00e0s 10 horas, no Sinpro-Rio - Sinpro-Rio","og_description":"Participe da assembleia da Educa\u00e7\u00e3o B\u00e1sica e Superior! Veja o resultado das \u00faltimas assembleias abaixo: Educa\u00e7\u00e3o B\u00e1sica Educa\u00e7\u00e3o Superior","og_url":"https:\/\/www.sinpro-rio.org.br\/principal\/campanha-salarial-2019-ajude-a-definir-os-rumos-da-negociacao-coletiva\/","og_site_name":"Sinpro-Rio","article_published_time":"2019-04-04T13:51:39+00:00","article_modified_time":"2019-04-15T14:48:32+00:00","og_image":[{"width":1726,"height":657,"url":"https:\/\/www.sinpro-rio.org.br\/principal\/wp-content\/uploads\/2019\/03\/face.jpg","type":"image\/jpeg"}],"author":"alessandra","twitter_card":"summary_large_image","twitter_misc":{"Escrito por":"alessandra"},"schema":{"@context":"https:\/\/schema.org","@graph":[{"@type":"WebPage","@id":"https:\/\/www.sinpro-rio.org.br\/principal\/campanha-salarial-2019-ajude-a-definir-os-rumos-da-negociacao-coletiva\/","url":"https:\/\/www.sinpro-rio.org.br\/principal\/campanha-salarial-2019-ajude-a-definir-os-rumos-da-negociacao-coletiva\/","name":"Campanha salarial 2019: assembleia dia 13 de abril, \u00e0s 10 horas, no Sinpro-Rio - Sinpro-Rio","isPartOf":{"@id":"https:\/\/www.sinpro-rio.org.br\/principal\/#website"},"primaryImageOfPage":{"@id":"https:\/\/www.sinpro-rio.org.br\/principal\/campanha-salarial-2019-ajude-a-definir-os-rumos-da-negociacao-coletiva\/#primaryimage"},"image":{"@id":"https:\/\/www.sinpro-rio.org.br\/principal\/campanha-salarial-2019-ajude-a-definir-os-rumos-da-negociacao-coletiva\/#primaryimage"},"thumbnailUrl":"https:\/\/www.sinpro-rio.org.br\/principal\/wp-content\/uploads\/2019\/03\/face.jpg","datePublished":"2019-04-04T13:51:39+00:00","dateModified":"2019-04-15T14:48:32+00:00","author":{"@id":"https:\/\/www.sinpro-rio.org.br\/principal\/#\/schema\/person\/ee17219e64d00d037e511ae59ce2227e"},"breadcrumb":{"@id":"https:\/\/www.sinpro-rio.org.br\/principal\/campanha-salarial-2019-ajude-a-definir-os-rumos-da-negociacao-coletiva\/#breadcrumb"},"inLanguage":"pt-BR","potentialAction":[{"@type":"ReadAction","target":["https:\/\/www.sinpro-rio.org.br\/principal\/campanha-salarial-2019-ajude-a-definir-os-rumos-da-negociacao-coletiva\/"]}]},{"@type":"ImageObject","inLanguage":"pt-BR","@id":"https:\/\/www.sinpro-rio.org.br\/principal\/campanha-salarial-2019-ajude-a-definir-os-rumos-da-negociacao-coletiva\/#primaryimage","url":"https:\/\/www.sinpro-rio.org.br\/principal\/wp-content\/uploads\/2019\/03\/face.jpg","contentUrl":"https:\/\/www.sinpro-rio.org.br\/principal\/wp-content\/uploads\/2019\/03\/face.jpg","width":1726,"height":657},{"@type":"BreadcrumbList","@id":"https:\/\/www.sinpro-rio.org.br\/principal\/campanha-salarial-2019-ajude-a-definir-os-rumos-da-negociacao-coletiva\/#breadcrumb","itemListElement":[{"@type":"ListItem","position":1,"name":"In\u00edcio","item":"https:\/\/www.sinpro-rio.org.br\/principal\/"},{"@type":"ListItem","position":2,"name":"Campanha salarial 2019: assembleia dia 13 de abril, \u00e0s 10 horas, no Sinpro-Rio"}]},{"@type":"WebSite","@id":"https:\/\/www.sinpro-rio.org.br\/principal\/#website","url":"https:\/\/www.sinpro-rio.org.br\/principal\/","name":"Sinpro-Rio","description":"Sindicato dos Professores do Munic\u00edpio do Rio de Janeiro e Regi\u00e3o","potentialAction":[{"@type":"SearchAction","target":{"@type":"EntryPoint","urlTemplate":"https:\/\/www.sinpro-rio.org.br\/principal\/?s={search_term_string}"},"query-input":{"@type":"PropertyValueSpecification","valueRequired":true,"valueName":"search_term_string"}}],"inLanguage":"pt-BR"},{"@type":"Person","@id":"https:\/\/www.sinpro-rio.org.br\/principal\/#\/schema\/person\/ee17219e64d00d037e511ae59ce2227e","name":"alessandra","image":{"@type":"ImageObject","inLanguage":"pt-BR","@id":"https:\/\/www.sinpro-rio.org.br\/principal\/#\/schema\/person\/image\/","url":"https:\/\/secure.gravatar.com\/avatar\/2b43fa8c0ad8e33b46a4732549f7fb20?s=96&d=mm&r=g","contentUrl":"https:\/\/secure.gravatar.com\/avatar\/2b43fa8c0ad8e33b46a4732549f7fb20?s=96&d=mm&r=g","caption":"alessandra"},"url":"https:\/\/www.sinpro-rio.org.br\/principal\/author\/alessandra\/"}]}},"_links":{"self":[{"href":"https:\/\/www.sinpro-rio.org.br\/principal\/wp-json\/wp\/v2\/posts\/24091","targetHints":{"allow":["GET"]}}],"collection":[{"href":"https:\/\/www.sinpro-rio.org.br\/principal\/wp-json\/wp\/v2\/posts"}],"about":[{"href":"https:\/\/www.sinpro-rio.org.br\/principal\/wp-json\/wp\/v2\/types\/post"}],"author":[{"embeddable":true,"href":"https:\/\/www.sinpro-rio.org.br\/principal\/wp-json\/wp\/v2\/users\/2"}],"replies":[{"embeddable":true,"href":"https:\/\/www.sinpro-rio.org.br\/principal\/wp-json\/wp\/v2\/comments?post=24091"}],"version-history":[{"count":4,"href":"https:\/\/www.sinpro-rio.org.br\/principal\/wp-json\/wp\/v2\/posts\/24091\/revisions"}],"predecessor-version":[{"id":24130,"href":"https:\/\/www.sinpro-rio.org.br\/principal\/wp-json\/wp\/v2\/posts\/24091\/revisions\/24130"}],"wp:featuredmedia":[{"embeddable":true,"href":"https:\/\/www.sinpro-rio.org.br\/principal\/wp-json\/wp\/v2\/media\/24145"}],"wp:attachment":[{"href":"https:\/\/www.sinpro-rio.org.br\/principal\/wp-json\/wp\/v2\/media?parent=24091"}],"wp:term":[{"taxonomy":"category","embeddable":true,"href":"https:\/\/www.sinpro-rio.org.br\/principal\/wp-json\/wp\/v2\/categories?post=24091"},{"taxonomy":"post_tag","embeddable":true,"href":"https:\/\/www.sinpro-rio.org.br\/principal\/wp-json\/wp\/v2\/tags?post=24091"}],"curies":[{"name":"wp","href":"https:\/\/api.w.org\/{rel}","templated":true}]}}