{"id":24026,"date":"2019-03-25T09:40:17","date_gmt":"2019-03-25T12:40:17","guid":{"rendered":"https:\/\/sinpro-rio.org.br\/principal\/site\/?p=24026"},"modified":"2023-07-07T14:49:22","modified_gmt":"2023-07-07T17:49:22","slug":"educacao-basica-assembleia-aprova-pauta-de-reivindicacoes","status":"publish","type":"post","link":"https:\/\/www.sinpro-rio.org.br\/principal\/educacao-basica-assembleia-aprova-pauta-de-reivindicacoes\/","title":{"rendered":"Educa\u00e7\u00e3o B\u00e1sica &#8211; categoria agenda pr\u00f3xima assembleia para dia 13\/04"},"content":{"rendered":"\n<p>A Pauta de Reivindica\u00e7\u00e3o &#8211; Educa\u00e7\u00e3o B\u00e1sica &#8211; da Campanha Salarial 2019 foi aprovada por unanimidade em assembleia na manh\u00e3 de s\u00e1bado, 23\/03, no audit\u00f3rio do Sinpro-Rio.<\/p>\n\n\n\n<p>Na ocasi\u00e3o, foi feita uma apresenta\u00e7\u00e3o sobre a conjuntura econ\u00f4mica elaborada pelo DIEESE &#8211; Departamento Intersindical de Estat\u00edstica e Estudos Socioecon\u00f4micos<\/p>\n\n\n\n<p>A pr\u00f3xima assembleia da Campanha Salarial &#8211; Educa\u00e7\u00e3o B\u00e1sica se dar\u00e1 no dia 13 de abril, \u00e0s 10 horas, no audit\u00f3rio do Sinpro-Rio.<\/p>\n\n\n\n<p>PAUTA DE REINVINDICA\u00c7\u00d5ES DOS (as) PROFESSORES (as) DA EDUCA\u00c7\u00c3O B\u00c1SICA \u2013 CAMPANHA SALARIAL 2019<br><\/p>\n\n\n\n<p>I \u2013 CL\u00c1USULAS DE REVIS\u00c3O SALARIAL \u2013 (CL\u00c1USULAS 2\u00aa e 6\u00aa)<\/p>\n\n\n\n<ul class=\"wp-block-list\"><li>A partir de 1\u00ba de abril de 2019, reajuste salarial de 7% sobre o sal\u00e1rio pago no m\u00eas de mar\u00e7o\/2019, com reajuste diferenciado para os (as) professores (as) da Creche e da Ed. Infantil ao 5\u00ba ano do E.F., passando dos atuais R$13,63 para R$16,36, visando a equipara\u00e7\u00e3o salarial .<\/li><\/ul>\n\n\n\n<p>II- MANUTEN\u00c7\u00c3O DAS CL\u00c1USULAS DA ATUAL CCT, EXCETO PARA AS CL\u00c1USULAS 01, 06, 27 E 29<\/p>\n\n\n\n<ul class=\"wp-block-list\"><li>Proposta para a Cl\u00e1usula 01 \u2013 inclus\u00e3o dos supervisores, orientadores, coordenadores e professores mediadores na abrang\u00eancia da CCT.<\/li><li> Proposta para a Cl\u00e1usula 06 \u2013 supress\u00e3o da diferencia\u00e7\u00e3o do piso em fun\u00e7\u00e3o do n\u00famero de alunos, mantendo um piso \u00fanico (maior hoje existente), com limita\u00e7\u00e3o do n\u00famero de alunos por turma, de acordo com cada segmento.<\/li><li> Proposta para a Cl\u00e1usula 27 \u2013 amplia\u00e7\u00e3o do Abono Falta (acompanhamento de filhos menores e pais idosos), sem preju\u00edzo da remunera\u00e7\u00e3o, inclusive para acompanhamento de interna\u00e7\u00e3o at\u00e9 15 dias.<\/li><li> Proposta para a Cl\u00e1usula 29 \u2013 cria\u00e7\u00e3o de uma Comiss\u00e3o Parit\u00e1ria para constru\u00e7\u00e3o de Calend\u00e1rio Unificado.<\/li><\/ul>\n\n\n\n<p>III- CL\u00c1USULAS NOVAS<\/p>\n\n\n\n<ul class=\"wp-block-list\"><li>Adicional remunerat\u00f3rio a t\u00edtulo de planejamento (prepara\u00e7\u00e3o de aulas e prepara\u00e7\u00e3o e corre\u00e7\u00e3o de provas) na ordem de 5%.<\/li><li> Concess\u00e3o de aprimoramento acad\u00eamico (5% para lato sensu; 10% para stricto sensu e 15% para doutorado) com implanta\u00e7\u00e3o de Plano de Carreira pelos Estabelecimentos de Ensino.<\/li><li> Garantia das f\u00e9rias trabalhistas dos professores come\u00e7ando no primeiro dia \u00fatil de janeiro com per\u00edodo de 30 dias.<\/li><li> Prorroga\u00e7\u00e3o por 60 dias da licen\u00e7a-maternidade das professoras, e por 15 dias de licen\u00e7a paternidade dos professores conforme estabelecido na Lei 11770\/2008.<\/li><li> Pagamento do hor\u00e1rio de recreio para os (as) professores (as) do Ensino Fundamental 2 e M\u00e9dio.&nbsp;<\/li><li> Garantia do intervalo de no m\u00ednimo 15 minutos, dos (as) professores (as) da Creche, Educa\u00e7\u00e3o Infantil e Ensino Fundamental 1.<\/li><li> Garantia do hor\u00e1rio de almo\u00e7o, de uma hora aos\/as professores\/as da creche, educa\u00e7\u00e3o infantil e ensino fundamental 1.<\/li><li> Obrigatoriedade de homologa\u00e7\u00e3o das demiss\u00f5es no Sinpro-Rio.<\/li><\/ul>\n\n\n\n<p>Veja fotos&nbsp;<a href=\"https:\/\/www.facebook.com\/pg\/sinprorio1931\/photos\/?tab=album&amp;album_id=2558151527546965\">aqui<\/a>.<\/p>\n","protected":false},"excerpt":{"rendered":"<p>A Pauta de Reivindica\u00e7\u00e3o &#8211; Educa\u00e7\u00e3o B\u00e1sica &#8211; da Campanha Salarial 2019 foi aprovada por unanimidade em assembleia na manh\u00e3 de s\u00e1bado, 23\/03, no audit\u00f3rio do Sinpro-Rio. Na ocasi\u00e3o, foi feita uma apresenta\u00e7\u00e3o sobre a conjuntura econ\u00f4mica elaborada pelo DIEESE &#8211; Departamento Intersindical de Estat\u00edstica e Estudos Socioecon\u00f4micos A pr\u00f3xima assembleia da Campanha Salarial &#8211; [&hellip;]<\/p>\n","protected":false},"author":2,"featured_media":24027,"comment_status":"open","ping_status":"open","sticky":false,"template":"","format":"standard","meta":{"footnotes":""},"categories":[1],"tags":[619],"class_list":["post-24026","post","type-post","status-publish","format-standard","has-post-thumbnail","hentry","category-noticias","tag-convencao-coletiva"],"yoast_head":"<!-- This site is optimized with the Yoast SEO plugin v25.7 - https:\/\/yoast.com\/wordpress\/plugins\/seo\/ -->\n<title>Educa\u00e7\u00e3o B\u00e1sica - categoria agenda pr\u00f3xima assembleia para dia 13\/04 - Sinpro-Rio<\/title>\n<meta name=\"robots\" content=\"index, follow, max-snippet:-1, max-image-preview:large, max-video-preview:-1\" \/>\n<link rel=\"canonical\" href=\"https:\/\/www.sinpro-rio.org.br\/principal\/educacao-basica-assembleia-aprova-pauta-de-reivindicacoes\/\" \/>\n<meta property=\"og:locale\" content=\"pt_BR\" \/>\n<meta property=\"og:type\" content=\"article\" \/>\n<meta property=\"og:title\" content=\"Educa\u00e7\u00e3o B\u00e1sica - categoria agenda pr\u00f3xima assembleia para dia 13\/04 - Sinpro-Rio\" \/>\n<meta property=\"og:description\" content=\"A Pauta de Reivindica\u00e7\u00e3o &#8211; Educa\u00e7\u00e3o B\u00e1sica &#8211; da Campanha Salarial 2019 foi aprovada por unanimidade em assembleia na manh\u00e3 de s\u00e1bado, 23\/03, no audit\u00f3rio do Sinpro-Rio. Na ocasi\u00e3o, foi feita uma apresenta\u00e7\u00e3o sobre a conjuntura econ\u00f4mica elaborada pelo DIEESE &#8211; Departamento Intersindical de Estat\u00edstica e Estudos Socioecon\u00f4micos A pr\u00f3xima assembleia da Campanha Salarial &#8211; [&hellip;]\" \/>\n<meta property=\"og:url\" content=\"https:\/\/www.sinpro-rio.org.br\/principal\/educacao-basica-assembleia-aprova-pauta-de-reivindicacoes\/\" \/>\n<meta property=\"og:site_name\" content=\"Sinpro-Rio\" \/>\n<meta property=\"article:published_time\" content=\"2019-03-25T12:40:17+00:00\" \/>\n<meta property=\"article:modified_time\" content=\"2023-07-07T17:49:22+00:00\" \/>\n<meta property=\"og:image\" content=\"https:\/\/www.sinpro-rio.org.br\/principal\/wp-content\/uploads\/2019\/03\/806891a4-3da4-4aa4-8314-3878f2dccd5d.jpg\" \/>\n\t<meta property=\"og:image:width\" content=\"1158\" \/>\n\t<meta property=\"og:image:height\" content=\"869\" \/>\n\t<meta property=\"og:image:type\" content=\"image\/jpeg\" \/>\n<meta name=\"author\" content=\"alessandra\" \/>\n<meta name=\"twitter:card\" content=\"summary_large_image\" \/>\n<meta name=\"twitter:label1\" content=\"Escrito por\" \/>\n\t<meta name=\"twitter:data1\" content=\"alessandra\" \/>\n\t<meta name=\"twitter:label2\" content=\"Est. tempo de leitura\" \/>\n\t<meta name=\"twitter:data2\" content=\"2 minutos\" \/>\n<script type=\"application\/ld+json\" class=\"yoast-schema-graph\">{\"@context\":\"https:\/\/schema.org\",\"@graph\":[{\"@type\":\"WebPage\",\"@id\":\"https:\/\/www.sinpro-rio.org.br\/principal\/educacao-basica-assembleia-aprova-pauta-de-reivindicacoes\/\",\"url\":\"https:\/\/www.sinpro-rio.org.br\/principal\/educacao-basica-assembleia-aprova-pauta-de-reivindicacoes\/\",\"name\":\"Educa\u00e7\u00e3o B\u00e1sica - categoria agenda pr\u00f3xima assembleia para dia 13\/04 - Sinpro-Rio\",\"isPartOf\":{\"@id\":\"https:\/\/www.sinpro-rio.org.br\/principal\/#website\"},\"primaryImageOfPage\":{\"@id\":\"https:\/\/www.sinpro-rio.org.br\/principal\/educacao-basica-assembleia-aprova-pauta-de-reivindicacoes\/#primaryimage\"},\"image\":{\"@id\":\"https:\/\/www.sinpro-rio.org.br\/principal\/educacao-basica-assembleia-aprova-pauta-de-reivindicacoes\/#primaryimage\"},\"thumbnailUrl\":\"https:\/\/www.sinpro-rio.org.br\/principal\/wp-content\/uploads\/2019\/03\/806891a4-3da4-4aa4-8314-3878f2dccd5d.jpg\",\"datePublished\":\"2019-03-25T12:40:17+00:00\",\"dateModified\":\"2023-07-07T17:49:22+00:00\",\"author\":{\"@id\":\"https:\/\/www.sinpro-rio.org.br\/principal\/#\/schema\/person\/ee17219e64d00d037e511ae59ce2227e\"},\"breadcrumb\":{\"@id\":\"https:\/\/www.sinpro-rio.org.br\/principal\/educacao-basica-assembleia-aprova-pauta-de-reivindicacoes\/#breadcrumb\"},\"inLanguage\":\"pt-BR\",\"potentialAction\":[{\"@type\":\"ReadAction\",\"target\":[\"https:\/\/www.sinpro-rio.org.br\/principal\/educacao-basica-assembleia-aprova-pauta-de-reivindicacoes\/\"]}]},{\"@type\":\"ImageObject\",\"inLanguage\":\"pt-BR\",\"@id\":\"https:\/\/www.sinpro-rio.org.br\/principal\/educacao-basica-assembleia-aprova-pauta-de-reivindicacoes\/#primaryimage\",\"url\":\"https:\/\/www.sinpro-rio.org.br\/principal\/wp-content\/uploads\/2019\/03\/806891a4-3da4-4aa4-8314-3878f2dccd5d.jpg\",\"contentUrl\":\"https:\/\/www.sinpro-rio.org.br\/principal\/wp-content\/uploads\/2019\/03\/806891a4-3da4-4aa4-8314-3878f2dccd5d.jpg\",\"width\":1158,\"height\":869},{\"@type\":\"BreadcrumbList\",\"@id\":\"https:\/\/www.sinpro-rio.org.br\/principal\/educacao-basica-assembleia-aprova-pauta-de-reivindicacoes\/#breadcrumb\",\"itemListElement\":[{\"@type\":\"ListItem\",\"position\":1,\"name\":\"In\u00edcio\",\"item\":\"https:\/\/www.sinpro-rio.org.br\/principal\/\"},{\"@type\":\"ListItem\",\"position\":2,\"name\":\"Educa\u00e7\u00e3o B\u00e1sica &#8211; categoria agenda pr\u00f3xima assembleia para dia 13\/04\"}]},{\"@type\":\"WebSite\",\"@id\":\"https:\/\/www.sinpro-rio.org.br\/principal\/#website\",\"url\":\"https:\/\/www.sinpro-rio.org.br\/principal\/\",\"name\":\"Sinpro-Rio\",\"description\":\"Sindicato dos Professores do Munic\u00edpio do Rio de Janeiro e Regi\u00e3o\",\"potentialAction\":[{\"@type\":\"SearchAction\",\"target\":{\"@type\":\"EntryPoint\",\"urlTemplate\":\"https:\/\/www.sinpro-rio.org.br\/principal\/?s={search_term_string}\"},\"query-input\":{\"@type\":\"PropertyValueSpecification\",\"valueRequired\":true,\"valueName\":\"search_term_string\"}}],\"inLanguage\":\"pt-BR\"},{\"@type\":\"Person\",\"@id\":\"https:\/\/www.sinpro-rio.org.br\/principal\/#\/schema\/person\/ee17219e64d00d037e511ae59ce2227e\",\"name\":\"alessandra\",\"image\":{\"@type\":\"ImageObject\",\"inLanguage\":\"pt-BR\",\"@id\":\"https:\/\/www.sinpro-rio.org.br\/principal\/#\/schema\/person\/image\/\",\"url\":\"https:\/\/secure.gravatar.com\/avatar\/2b43fa8c0ad8e33b46a4732549f7fb20?s=96&d=mm&r=g\",\"contentUrl\":\"https:\/\/secure.gravatar.com\/avatar\/2b43fa8c0ad8e33b46a4732549f7fb20?s=96&d=mm&r=g\",\"caption\":\"alessandra\"},\"url\":\"https:\/\/www.sinpro-rio.org.br\/principal\/author\/alessandra\/\"}]}<\/script>\n<!-- \/ Yoast SEO plugin. -->","yoast_head_json":{"title":"Educa\u00e7\u00e3o B\u00e1sica - categoria agenda pr\u00f3xima assembleia para dia 13\/04 - Sinpro-Rio","robots":{"index":"index","follow":"follow","max-snippet":"max-snippet:-1","max-image-preview":"max-image-preview:large","max-video-preview":"max-video-preview:-1"},"canonical":"https:\/\/www.sinpro-rio.org.br\/principal\/educacao-basica-assembleia-aprova-pauta-de-reivindicacoes\/","og_locale":"pt_BR","og_type":"article","og_title":"Educa\u00e7\u00e3o B\u00e1sica - categoria agenda pr\u00f3xima assembleia para dia 13\/04 - Sinpro-Rio","og_description":"A Pauta de Reivindica\u00e7\u00e3o &#8211; Educa\u00e7\u00e3o B\u00e1sica &#8211; da Campanha Salarial 2019 foi aprovada por unanimidade em assembleia na manh\u00e3 de s\u00e1bado, 23\/03, no audit\u00f3rio do Sinpro-Rio. Na ocasi\u00e3o, foi feita uma apresenta\u00e7\u00e3o sobre a conjuntura econ\u00f4mica elaborada pelo DIEESE &#8211; Departamento Intersindical de Estat\u00edstica e Estudos Socioecon\u00f4micos A pr\u00f3xima assembleia da Campanha Salarial &#8211; [&hellip;]","og_url":"https:\/\/www.sinpro-rio.org.br\/principal\/educacao-basica-assembleia-aprova-pauta-de-reivindicacoes\/","og_site_name":"Sinpro-Rio","article_published_time":"2019-03-25T12:40:17+00:00","article_modified_time":"2023-07-07T17:49:22+00:00","og_image":[{"width":1158,"height":869,"url":"https:\/\/www.sinpro-rio.org.br\/principal\/wp-content\/uploads\/2019\/03\/806891a4-3da4-4aa4-8314-3878f2dccd5d.jpg","type":"image\/jpeg"}],"author":"alessandra","twitter_card":"summary_large_image","twitter_misc":{"Escrito por":"alessandra","Est. tempo de leitura":"2 minutos"},"schema":{"@context":"https:\/\/schema.org","@graph":[{"@type":"WebPage","@id":"https:\/\/www.sinpro-rio.org.br\/principal\/educacao-basica-assembleia-aprova-pauta-de-reivindicacoes\/","url":"https:\/\/www.sinpro-rio.org.br\/principal\/educacao-basica-assembleia-aprova-pauta-de-reivindicacoes\/","name":"Educa\u00e7\u00e3o B\u00e1sica - categoria agenda pr\u00f3xima assembleia para dia 13\/04 - Sinpro-Rio","isPartOf":{"@id":"https:\/\/www.sinpro-rio.org.br\/principal\/#website"},"primaryImageOfPage":{"@id":"https:\/\/www.sinpro-rio.org.br\/principal\/educacao-basica-assembleia-aprova-pauta-de-reivindicacoes\/#primaryimage"},"image":{"@id":"https:\/\/www.sinpro-rio.org.br\/principal\/educacao-basica-assembleia-aprova-pauta-de-reivindicacoes\/#primaryimage"},"thumbnailUrl":"https:\/\/www.sinpro-rio.org.br\/principal\/wp-content\/uploads\/2019\/03\/806891a4-3da4-4aa4-8314-3878f2dccd5d.jpg","datePublished":"2019-03-25T12:40:17+00:00","dateModified":"2023-07-07T17:49:22+00:00","author":{"@id":"https:\/\/www.sinpro-rio.org.br\/principal\/#\/schema\/person\/ee17219e64d00d037e511ae59ce2227e"},"breadcrumb":{"@id":"https:\/\/www.sinpro-rio.org.br\/principal\/educacao-basica-assembleia-aprova-pauta-de-reivindicacoes\/#breadcrumb"},"inLanguage":"pt-BR","potentialAction":[{"@type":"ReadAction","target":["https:\/\/www.sinpro-rio.org.br\/principal\/educacao-basica-assembleia-aprova-pauta-de-reivindicacoes\/"]}]},{"@type":"ImageObject","inLanguage":"pt-BR","@id":"https:\/\/www.sinpro-rio.org.br\/principal\/educacao-basica-assembleia-aprova-pauta-de-reivindicacoes\/#primaryimage","url":"https:\/\/www.sinpro-rio.org.br\/principal\/wp-content\/uploads\/2019\/03\/806891a4-3da4-4aa4-8314-3878f2dccd5d.jpg","contentUrl":"https:\/\/www.sinpro-rio.org.br\/principal\/wp-content\/uploads\/2019\/03\/806891a4-3da4-4aa4-8314-3878f2dccd5d.jpg","width":1158,"height":869},{"@type":"BreadcrumbList","@id":"https:\/\/www.sinpro-rio.org.br\/principal\/educacao-basica-assembleia-aprova-pauta-de-reivindicacoes\/#breadcrumb","itemListElement":[{"@type":"ListItem","position":1,"name":"In\u00edcio","item":"https:\/\/www.sinpro-rio.org.br\/principal\/"},{"@type":"ListItem","position":2,"name":"Educa\u00e7\u00e3o B\u00e1sica &#8211; categoria agenda pr\u00f3xima assembleia para dia 13\/04"}]},{"@type":"WebSite","@id":"https:\/\/www.sinpro-rio.org.br\/principal\/#website","url":"https:\/\/www.sinpro-rio.org.br\/principal\/","name":"Sinpro-Rio","description":"Sindicato dos Professores do Munic\u00edpio do Rio de Janeiro e Regi\u00e3o","potentialAction":[{"@type":"SearchAction","target":{"@type":"EntryPoint","urlTemplate":"https:\/\/www.sinpro-rio.org.br\/principal\/?s={search_term_string}"},"query-input":{"@type":"PropertyValueSpecification","valueRequired":true,"valueName":"search_term_string"}}],"inLanguage":"pt-BR"},{"@type":"Person","@id":"https:\/\/www.sinpro-rio.org.br\/principal\/#\/schema\/person\/ee17219e64d00d037e511ae59ce2227e","name":"alessandra","image":{"@type":"ImageObject","inLanguage":"pt-BR","@id":"https:\/\/www.sinpro-rio.org.br\/principal\/#\/schema\/person\/image\/","url":"https:\/\/secure.gravatar.com\/avatar\/2b43fa8c0ad8e33b46a4732549f7fb20?s=96&d=mm&r=g","contentUrl":"https:\/\/secure.gravatar.com\/avatar\/2b43fa8c0ad8e33b46a4732549f7fb20?s=96&d=mm&r=g","caption":"alessandra"},"url":"https:\/\/www.sinpro-rio.org.br\/principal\/author\/alessandra\/"}]}},"_links":{"self":[{"href":"https:\/\/www.sinpro-rio.org.br\/principal\/wp-json\/wp\/v2\/posts\/24026","targetHints":{"allow":["GET"]}}],"collection":[{"href":"https:\/\/www.sinpro-rio.org.br\/principal\/wp-json\/wp\/v2\/posts"}],"about":[{"href":"https:\/\/www.sinpro-rio.org.br\/principal\/wp-json\/wp\/v2\/types\/post"}],"author":[{"embeddable":true,"href":"https:\/\/www.sinpro-rio.org.br\/principal\/wp-json\/wp\/v2\/users\/2"}],"replies":[{"embeddable":true,"href":"https:\/\/www.sinpro-rio.org.br\/principal\/wp-json\/wp\/v2\/comments?post=24026"}],"version-history":[{"count":7,"href":"https:\/\/www.sinpro-rio.org.br\/principal\/wp-json\/wp\/v2\/posts\/24026\/revisions"}],"predecessor-version":[{"id":24146,"href":"https:\/\/www.sinpro-rio.org.br\/principal\/wp-json\/wp\/v2\/posts\/24026\/revisions\/24146"}],"wp:featuredmedia":[{"embeddable":true,"href":"https:\/\/www.sinpro-rio.org.br\/principal\/wp-json\/wp\/v2\/media\/24027"}],"wp:attachment":[{"href":"https:\/\/www.sinpro-rio.org.br\/principal\/wp-json\/wp\/v2\/media?parent=24026"}],"wp:term":[{"taxonomy":"category","embeddable":true,"href":"https:\/\/www.sinpro-rio.org.br\/principal\/wp-json\/wp\/v2\/categories?post=24026"},{"taxonomy":"post_tag","embeddable":true,"href":"https:\/\/www.sinpro-rio.org.br\/principal\/wp-json\/wp\/v2\/tags?post=24026"}],"curies":[{"name":"wp","href":"https:\/\/api.w.org\/{rel}","templated":true}]}}