{"id":24023,"date":"2019-03-25T09:34:24","date_gmt":"2019-03-25T12:34:24","guid":{"rendered":"https:\/\/sinpro-rio.org.br\/principal\/site\/?p=24023"},"modified":"2019-04-11T09:21:58","modified_gmt":"2019-04-11T12:21:58","slug":"educacao-superior-assembleia-de-pauta-aprova-reivindicacoes","status":"publish","type":"post","link":"https:\/\/www.sinpro-rio.org.br\/principal\/educacao-superior-assembleia-de-pauta-aprova-reivindicacoes\/","title":{"rendered":"Educa\u00e7\u00e3o Superior &#8211; assembleia de pauta aprova reivindica\u00e7\u00f5es"},"content":{"rendered":"\n<p>Foi aprovada por unanimidade a Pauta de Reivindica\u00e7\u00e3o da Educa\u00e7\u00e3o Superior. Em assembleia realizada na tarde do s\u00e1bado de 23 de mar\u00e7o, houve ainda apresenta\u00e7\u00e3o do DIEESE sobre a conjuntura econ\u00f4mica.<\/p>\n\n\n\n<p>A pr\u00f3xima assembleia foi agendada para o <strong>dia 13 de abril,  na Sede do Sindicato.<\/strong><\/p>\n\n\n\n<p>PAUTA DE REIVINDICA\u00c7\u00d5ES DOS(as) PROFESSORES(as) DA EDUCA\u00c7\u00c3O SUPERIOR CAMPANHA SALARIAL 2019<\/p>\n\n\n\n<p>I \u2013 CL\u00c1USULAS DE REVIS\u00c3O DO SAL\u00c1RIO DOS PROFESSORES:<\/p>\n\n\n\n<ul class=\"wp-block-list\"><li>A partir de 1\u00ba de abril de 2019, reajuste salarial de 7% sobre o sal\u00e1rio pago no m\u00eas de mar\u00e7o\/2019.<\/li><li> Abono salarial de 10% pago de uma \u00fanica vez, em conjunto com o sal\u00e1rio do m\u00eas de outubro\/2019.<\/li><\/ul>\n\n\n\n<p>II \u2013 MANUTEN\u00c7\u00c3O DA CONVEN\u00c7\u00c3O COLETIVA, EXCETO PARA AS CL\u00c1USULAS 01, 02, 05, 07, 09, 11, 28 EM RAZ\u00c3O DA PROPOSTA DE MODIFICA\u00c7\u00c3O:<\/p>\n\n\n\n<ul class=\"wp-block-list\"><li>Proposta para a Cl\u00e1usula 01 \u2013 inclus\u00e3o dos supervisores, pesquisadores, orientadores e coordenadores na abrang\u00eancia da Conven\u00e7\u00e3o Coletiva.<\/li><li> Proposta para a Cl\u00e1usula 02 \u2013 remunera\u00e7\u00e3o do professor contratado em Tempo Integral ser\u00e1 de 40 horas aula, e os de Tempo Parcial, 20 horas aula.<\/li><li> Proposta para Cl\u00e1usula 05 \u2013 retirar a palavra TUTOR.<\/li><li> Proposta para a Cl\u00e1usula 09 &#8211; pagamento de orienta\u00e7\u00e3o de trabalho de conclus\u00e3o de curso para professores. Pagamento suplementar para elabora\u00e7\u00e3o de apostilas.<\/li><li> Proposta para a Cl\u00e1usula 11 \u2013 inclus\u00e3o de Especializa\u00e7\u00e3o (5%), Mestrado(10%) e Doutorado(15%).<\/li><li> Proposta para a Cl\u00e1usula 28 \u2013 1) retirar o termo TUTOR. 2) limite de 100 alunos por turmas.<\/li><\/ul>\n\n\n\n<p>III \u2013 CL\u00c1USULAS NOVAS<\/p>\n\n\n\n<ul class=\"wp-block-list\"><li>Garantia das f\u00e9rias trabalhistas dos professores come\u00e7ando no primeiro dia \u00fatil de janeiro com per\u00edodo de 30 dias.<\/li><li> N\u00e3o transfer\u00eancia de disciplina ou turno sem a concord\u00e2ncia do professor.<\/li><li> Pagamento de adicional de insalubridade.<\/li><li> Obrigatoriedade de homologa\u00e7\u00e3o no sindicato.<\/li><\/ul>\n\n\n\n<p>Veja as fotos&nbsp;<a href=\"https:\/\/www.facebook.com\/pg\/sinprorio1931\/photos\/?tab=album&amp;album_id=2558137847548333\">aqui<\/a>.<\/p>\n","protected":false},"excerpt":{"rendered":"<p>Foi aprovada por unanimidade a Pauta de Reivindica\u00e7\u00e3o da Educa\u00e7\u00e3o Superior. Em assembleia realizada na tarde do s\u00e1bado de 23 de mar\u00e7o, houve ainda apresenta\u00e7\u00e3o do DIEESE sobre a conjuntura econ\u00f4mica. A pr\u00f3xima assembleia foi agendada para o dia 13 de abril, na Sede do Sindicato. PAUTA DE REIVINDICA\u00c7\u00d5ES DOS(as) PROFESSORES(as) DA EDUCA\u00c7\u00c3O SUPERIOR CAMPANHA [&hellip;]<\/p>\n","protected":false},"author":2,"featured_media":24024,"comment_status":"open","ping_status":"open","sticky":false,"template":"","format":"standard","meta":{"footnotes":""},"categories":[1],"tags":[],"class_list":["post-24023","post","type-post","status-publish","format-standard","has-post-thumbnail","hentry","category-noticias"],"yoast_head":"<!-- This site is optimized with the Yoast SEO plugin v25.7 - https:\/\/yoast.com\/wordpress\/plugins\/seo\/ -->\n<title>Educa\u00e7\u00e3o Superior - assembleia de pauta aprova reivindica\u00e7\u00f5es - Sinpro-Rio<\/title>\n<meta name=\"robots\" content=\"index, follow, max-snippet:-1, max-image-preview:large, max-video-preview:-1\" \/>\n<link rel=\"canonical\" href=\"https:\/\/www.sinpro-rio.org.br\/principal\/educacao-superior-assembleia-de-pauta-aprova-reivindicacoes\/\" \/>\n<meta property=\"og:locale\" content=\"pt_BR\" \/>\n<meta property=\"og:type\" content=\"article\" \/>\n<meta property=\"og:title\" content=\"Educa\u00e7\u00e3o Superior - assembleia de pauta aprova reivindica\u00e7\u00f5es - Sinpro-Rio\" \/>\n<meta property=\"og:description\" content=\"Foi aprovada por unanimidade a Pauta de Reivindica\u00e7\u00e3o da Educa\u00e7\u00e3o Superior. Em assembleia realizada na tarde do s\u00e1bado de 23 de mar\u00e7o, houve ainda apresenta\u00e7\u00e3o do DIEESE sobre a conjuntura econ\u00f4mica. A pr\u00f3xima assembleia foi agendada para o dia 13 de abril, na Sede do Sindicato. PAUTA DE REIVINDICA\u00c7\u00d5ES DOS(as) PROFESSORES(as) DA EDUCA\u00c7\u00c3O SUPERIOR CAMPANHA [&hellip;]\" \/>\n<meta property=\"og:url\" content=\"https:\/\/www.sinpro-rio.org.br\/principal\/educacao-superior-assembleia-de-pauta-aprova-reivindicacoes\/\" \/>\n<meta property=\"og:site_name\" content=\"Sinpro-Rio\" \/>\n<meta property=\"article:published_time\" content=\"2019-03-25T12:34:24+00:00\" \/>\n<meta property=\"article:modified_time\" content=\"2019-04-11T12:21:58+00:00\" \/>\n<meta property=\"og:image\" content=\"https:\/\/www.sinpro-rio.org.br\/principal\/wp-content\/uploads\/2019\/03\/aceebdc5-f022-45ea-8c5e-b528d33824e9.jpg\" \/>\n\t<meta property=\"og:image:width\" content=\"1032\" \/>\n\t<meta property=\"og:image:height\" content=\"581\" \/>\n\t<meta property=\"og:image:type\" content=\"image\/jpeg\" \/>\n<meta name=\"author\" content=\"alessandra\" \/>\n<meta name=\"twitter:card\" content=\"summary_large_image\" \/>\n<meta name=\"twitter:label1\" content=\"Escrito por\" \/>\n\t<meta name=\"twitter:data1\" content=\"alessandra\" \/>\n\t<meta name=\"twitter:label2\" content=\"Est. tempo de leitura\" \/>\n\t<meta name=\"twitter:data2\" content=\"1 minuto\" \/>\n<script type=\"application\/ld+json\" class=\"yoast-schema-graph\">{\"@context\":\"https:\/\/schema.org\",\"@graph\":[{\"@type\":\"WebPage\",\"@id\":\"https:\/\/www.sinpro-rio.org.br\/principal\/educacao-superior-assembleia-de-pauta-aprova-reivindicacoes\/\",\"url\":\"https:\/\/www.sinpro-rio.org.br\/principal\/educacao-superior-assembleia-de-pauta-aprova-reivindicacoes\/\",\"name\":\"Educa\u00e7\u00e3o Superior - assembleia de pauta aprova reivindica\u00e7\u00f5es - Sinpro-Rio\",\"isPartOf\":{\"@id\":\"https:\/\/www.sinpro-rio.org.br\/principal\/#website\"},\"primaryImageOfPage\":{\"@id\":\"https:\/\/www.sinpro-rio.org.br\/principal\/educacao-superior-assembleia-de-pauta-aprova-reivindicacoes\/#primaryimage\"},\"image\":{\"@id\":\"https:\/\/www.sinpro-rio.org.br\/principal\/educacao-superior-assembleia-de-pauta-aprova-reivindicacoes\/#primaryimage\"},\"thumbnailUrl\":\"https:\/\/www.sinpro-rio.org.br\/principal\/wp-content\/uploads\/2019\/03\/aceebdc5-f022-45ea-8c5e-b528d33824e9.jpg\",\"datePublished\":\"2019-03-25T12:34:24+00:00\",\"dateModified\":\"2019-04-11T12:21:58+00:00\",\"author\":{\"@id\":\"https:\/\/www.sinpro-rio.org.br\/principal\/#\/schema\/person\/ee17219e64d00d037e511ae59ce2227e\"},\"breadcrumb\":{\"@id\":\"https:\/\/www.sinpro-rio.org.br\/principal\/educacao-superior-assembleia-de-pauta-aprova-reivindicacoes\/#breadcrumb\"},\"inLanguage\":\"pt-BR\",\"potentialAction\":[{\"@type\":\"ReadAction\",\"target\":[\"https:\/\/www.sinpro-rio.org.br\/principal\/educacao-superior-assembleia-de-pauta-aprova-reivindicacoes\/\"]}]},{\"@type\":\"ImageObject\",\"inLanguage\":\"pt-BR\",\"@id\":\"https:\/\/www.sinpro-rio.org.br\/principal\/educacao-superior-assembleia-de-pauta-aprova-reivindicacoes\/#primaryimage\",\"url\":\"https:\/\/www.sinpro-rio.org.br\/principal\/wp-content\/uploads\/2019\/03\/aceebdc5-f022-45ea-8c5e-b528d33824e9.jpg\",\"contentUrl\":\"https:\/\/www.sinpro-rio.org.br\/principal\/wp-content\/uploads\/2019\/03\/aceebdc5-f022-45ea-8c5e-b528d33824e9.jpg\",\"width\":1032,\"height\":581},{\"@type\":\"BreadcrumbList\",\"@id\":\"https:\/\/www.sinpro-rio.org.br\/principal\/educacao-superior-assembleia-de-pauta-aprova-reivindicacoes\/#breadcrumb\",\"itemListElement\":[{\"@type\":\"ListItem\",\"position\":1,\"name\":\"In\u00edcio\",\"item\":\"https:\/\/www.sinpro-rio.org.br\/principal\/\"},{\"@type\":\"ListItem\",\"position\":2,\"name\":\"Educa\u00e7\u00e3o Superior &#8211; assembleia de pauta aprova reivindica\u00e7\u00f5es\"}]},{\"@type\":\"WebSite\",\"@id\":\"https:\/\/www.sinpro-rio.org.br\/principal\/#website\",\"url\":\"https:\/\/www.sinpro-rio.org.br\/principal\/\",\"name\":\"Sinpro-Rio\",\"description\":\"Sindicato dos Professores do Munic\u00edpio do Rio de Janeiro e Regi\u00e3o\",\"potentialAction\":[{\"@type\":\"SearchAction\",\"target\":{\"@type\":\"EntryPoint\",\"urlTemplate\":\"https:\/\/www.sinpro-rio.org.br\/principal\/?s={search_term_string}\"},\"query-input\":{\"@type\":\"PropertyValueSpecification\",\"valueRequired\":true,\"valueName\":\"search_term_string\"}}],\"inLanguage\":\"pt-BR\"},{\"@type\":\"Person\",\"@id\":\"https:\/\/www.sinpro-rio.org.br\/principal\/#\/schema\/person\/ee17219e64d00d037e511ae59ce2227e\",\"name\":\"alessandra\",\"image\":{\"@type\":\"ImageObject\",\"inLanguage\":\"pt-BR\",\"@id\":\"https:\/\/www.sinpro-rio.org.br\/principal\/#\/schema\/person\/image\/\",\"url\":\"https:\/\/secure.gravatar.com\/avatar\/2b43fa8c0ad8e33b46a4732549f7fb20?s=96&d=mm&r=g\",\"contentUrl\":\"https:\/\/secure.gravatar.com\/avatar\/2b43fa8c0ad8e33b46a4732549f7fb20?s=96&d=mm&r=g\",\"caption\":\"alessandra\"},\"url\":\"https:\/\/www.sinpro-rio.org.br\/principal\/author\/alessandra\/\"}]}<\/script>\n<!-- \/ Yoast SEO plugin. -->","yoast_head_json":{"title":"Educa\u00e7\u00e3o Superior - assembleia de pauta aprova reivindica\u00e7\u00f5es - Sinpro-Rio","robots":{"index":"index","follow":"follow","max-snippet":"max-snippet:-1","max-image-preview":"max-image-preview:large","max-video-preview":"max-video-preview:-1"},"canonical":"https:\/\/www.sinpro-rio.org.br\/principal\/educacao-superior-assembleia-de-pauta-aprova-reivindicacoes\/","og_locale":"pt_BR","og_type":"article","og_title":"Educa\u00e7\u00e3o Superior - assembleia de pauta aprova reivindica\u00e7\u00f5es - Sinpro-Rio","og_description":"Foi aprovada por unanimidade a Pauta de Reivindica\u00e7\u00e3o da Educa\u00e7\u00e3o Superior. Em assembleia realizada na tarde do s\u00e1bado de 23 de mar\u00e7o, houve ainda apresenta\u00e7\u00e3o do DIEESE sobre a conjuntura econ\u00f4mica. A pr\u00f3xima assembleia foi agendada para o dia 13 de abril, na Sede do Sindicato. PAUTA DE REIVINDICA\u00c7\u00d5ES DOS(as) PROFESSORES(as) DA EDUCA\u00c7\u00c3O SUPERIOR CAMPANHA [&hellip;]","og_url":"https:\/\/www.sinpro-rio.org.br\/principal\/educacao-superior-assembleia-de-pauta-aprova-reivindicacoes\/","og_site_name":"Sinpro-Rio","article_published_time":"2019-03-25T12:34:24+00:00","article_modified_time":"2019-04-11T12:21:58+00:00","og_image":[{"width":1032,"height":581,"url":"https:\/\/www.sinpro-rio.org.br\/principal\/wp-content\/uploads\/2019\/03\/aceebdc5-f022-45ea-8c5e-b528d33824e9.jpg","type":"image\/jpeg"}],"author":"alessandra","twitter_card":"summary_large_image","twitter_misc":{"Escrito por":"alessandra","Est. tempo de leitura":"1 minuto"},"schema":{"@context":"https:\/\/schema.org","@graph":[{"@type":"WebPage","@id":"https:\/\/www.sinpro-rio.org.br\/principal\/educacao-superior-assembleia-de-pauta-aprova-reivindicacoes\/","url":"https:\/\/www.sinpro-rio.org.br\/principal\/educacao-superior-assembleia-de-pauta-aprova-reivindicacoes\/","name":"Educa\u00e7\u00e3o Superior - assembleia de pauta aprova reivindica\u00e7\u00f5es - Sinpro-Rio","isPartOf":{"@id":"https:\/\/www.sinpro-rio.org.br\/principal\/#website"},"primaryImageOfPage":{"@id":"https:\/\/www.sinpro-rio.org.br\/principal\/educacao-superior-assembleia-de-pauta-aprova-reivindicacoes\/#primaryimage"},"image":{"@id":"https:\/\/www.sinpro-rio.org.br\/principal\/educacao-superior-assembleia-de-pauta-aprova-reivindicacoes\/#primaryimage"},"thumbnailUrl":"https:\/\/www.sinpro-rio.org.br\/principal\/wp-content\/uploads\/2019\/03\/aceebdc5-f022-45ea-8c5e-b528d33824e9.jpg","datePublished":"2019-03-25T12:34:24+00:00","dateModified":"2019-04-11T12:21:58+00:00","author":{"@id":"https:\/\/www.sinpro-rio.org.br\/principal\/#\/schema\/person\/ee17219e64d00d037e511ae59ce2227e"},"breadcrumb":{"@id":"https:\/\/www.sinpro-rio.org.br\/principal\/educacao-superior-assembleia-de-pauta-aprova-reivindicacoes\/#breadcrumb"},"inLanguage":"pt-BR","potentialAction":[{"@type":"ReadAction","target":["https:\/\/www.sinpro-rio.org.br\/principal\/educacao-superior-assembleia-de-pauta-aprova-reivindicacoes\/"]}]},{"@type":"ImageObject","inLanguage":"pt-BR","@id":"https:\/\/www.sinpro-rio.org.br\/principal\/educacao-superior-assembleia-de-pauta-aprova-reivindicacoes\/#primaryimage","url":"https:\/\/www.sinpro-rio.org.br\/principal\/wp-content\/uploads\/2019\/03\/aceebdc5-f022-45ea-8c5e-b528d33824e9.jpg","contentUrl":"https:\/\/www.sinpro-rio.org.br\/principal\/wp-content\/uploads\/2019\/03\/aceebdc5-f022-45ea-8c5e-b528d33824e9.jpg","width":1032,"height":581},{"@type":"BreadcrumbList","@id":"https:\/\/www.sinpro-rio.org.br\/principal\/educacao-superior-assembleia-de-pauta-aprova-reivindicacoes\/#breadcrumb","itemListElement":[{"@type":"ListItem","position":1,"name":"In\u00edcio","item":"https:\/\/www.sinpro-rio.org.br\/principal\/"},{"@type":"ListItem","position":2,"name":"Educa\u00e7\u00e3o Superior &#8211; assembleia de pauta aprova reivindica\u00e7\u00f5es"}]},{"@type":"WebSite","@id":"https:\/\/www.sinpro-rio.org.br\/principal\/#website","url":"https:\/\/www.sinpro-rio.org.br\/principal\/","name":"Sinpro-Rio","description":"Sindicato dos Professores do Munic\u00edpio do Rio de Janeiro e Regi\u00e3o","potentialAction":[{"@type":"SearchAction","target":{"@type":"EntryPoint","urlTemplate":"https:\/\/www.sinpro-rio.org.br\/principal\/?s={search_term_string}"},"query-input":{"@type":"PropertyValueSpecification","valueRequired":true,"valueName":"search_term_string"}}],"inLanguage":"pt-BR"},{"@type":"Person","@id":"https:\/\/www.sinpro-rio.org.br\/principal\/#\/schema\/person\/ee17219e64d00d037e511ae59ce2227e","name":"alessandra","image":{"@type":"ImageObject","inLanguage":"pt-BR","@id":"https:\/\/www.sinpro-rio.org.br\/principal\/#\/schema\/person\/image\/","url":"https:\/\/secure.gravatar.com\/avatar\/2b43fa8c0ad8e33b46a4732549f7fb20?s=96&d=mm&r=g","contentUrl":"https:\/\/secure.gravatar.com\/avatar\/2b43fa8c0ad8e33b46a4732549f7fb20?s=96&d=mm&r=g","caption":"alessandra"},"url":"https:\/\/www.sinpro-rio.org.br\/principal\/author\/alessandra\/"}]}},"_links":{"self":[{"href":"https:\/\/www.sinpro-rio.org.br\/principal\/wp-json\/wp\/v2\/posts\/24023","targetHints":{"allow":["GET"]}}],"collection":[{"href":"https:\/\/www.sinpro-rio.org.br\/principal\/wp-json\/wp\/v2\/posts"}],"about":[{"href":"https:\/\/www.sinpro-rio.org.br\/principal\/wp-json\/wp\/v2\/types\/post"}],"author":[{"embeddable":true,"href":"https:\/\/www.sinpro-rio.org.br\/principal\/wp-json\/wp\/v2\/users\/2"}],"replies":[{"embeddable":true,"href":"https:\/\/www.sinpro-rio.org.br\/principal\/wp-json\/wp\/v2\/comments?post=24023"}],"version-history":[{"count":3,"href":"https:\/\/www.sinpro-rio.org.br\/principal\/wp-json\/wp\/v2\/posts\/24023\/revisions"}],"predecessor-version":[{"id":24162,"href":"https:\/\/www.sinpro-rio.org.br\/principal\/wp-json\/wp\/v2\/posts\/24023\/revisions\/24162"}],"wp:featuredmedia":[{"embeddable":true,"href":"https:\/\/www.sinpro-rio.org.br\/principal\/wp-json\/wp\/v2\/media\/24024"}],"wp:attachment":[{"href":"https:\/\/www.sinpro-rio.org.br\/principal\/wp-json\/wp\/v2\/media?parent=24023"}],"wp:term":[{"taxonomy":"category","embeddable":true,"href":"https:\/\/www.sinpro-rio.org.br\/principal\/wp-json\/wp\/v2\/categories?post=24023"},{"taxonomy":"post_tag","embeddable":true,"href":"https:\/\/www.sinpro-rio.org.br\/principal\/wp-json\/wp\/v2\/tags?post=24023"}],"curies":[{"name":"wp","href":"https:\/\/api.w.org\/{rel}","templated":true}]}}