{"id":23989,"date":"2019-03-13T17:41:32","date_gmt":"2019-03-13T20:41:32","guid":{"rendered":"https:\/\/sinpro-rio.org.br\/principal\/site\/?p=23989"},"modified":"2019-03-18T09:13:37","modified_gmt":"2019-03-18T12:13:37","slug":"nota-do-sinpro-rio-sobre-tragedia-em-escola-de-sao-paulo","status":"publish","type":"post","link":"https:\/\/www.sinpro-rio.org.br\/principal\/nota-do-sinpro-rio-sobre-tragedia-em-escola-de-sao-paulo\/","title":{"rendered":"Nota sobre trag\u00e9dia em escola de S\u00e3o Paulo"},"content":{"rendered":"\n<p>O Sinpro-Rio vem a p\u00fablico lamentar profundamente  o ocorrido numa escola p\u00fablica na cidade de Suzano, regi\u00e3o metropolitana de S\u00e3o Paulo, quando dois atiradores mataram oito pessoas e se suicidaram. <br>\nAos familiares dos estudantes e funcion\u00e1rios vitimados, os nossos profundos sentimentos. <br>\nReduto exclusivo para a forma\u00e7\u00e3o do cidad\u00e3o e da cidad\u00e3, a escola tem, em alguns aspectos, tido a sua finalidade  deturpada.  Este princ\u00edpio tem sido atacado nos \u00faltimos tempos com a tentativa de se coibir a liberdade de c\u00e1tedra. <br>\nAl\u00e9m disso, a banaliza\u00e7\u00e3o da viol\u00eancia por parte de quem deveria lutar pela sua redu\u00e7\u00e3o tem incentivado agress\u00f5es a professoras, professores e demais trabalhadores e trabalhadoras da Educa\u00e7\u00e3o.<br>\nQue o acontecimento em Suzano sirva de alerta para que a dissemina\u00e7\u00e3o da viol\u00eancia seja estancada e que autoridades se incumbam de seu dever em proteger o cidad\u00e3o sem propugnar pelo armamento geral.<\/p>\n","protected":false},"excerpt":{"rendered":"<p>O Sinpro-Rio vem a p\u00fablico lamentar profundamente o ocorrido numa escola p\u00fablica na cidade de Suzano, regi\u00e3o metropolitana de S\u00e3o Paulo, quando dois atiradores mataram oito pessoas e se suicidaram. Aos familiares dos estudantes e funcion\u00e1rios vitimados, os nossos profundos sentimentos. Reduto exclusivo para a forma\u00e7\u00e3o do cidad\u00e3o e da cidad\u00e3, a escola tem, em [&hellip;]<\/p>\n","protected":false},"author":2,"featured_media":23990,"comment_status":"open","ping_status":"open","sticky":false,"template":"","format":"standard","meta":{"footnotes":""},"categories":[1],"tags":[],"class_list":["post-23989","post","type-post","status-publish","format-standard","has-post-thumbnail","hentry","category-noticias"],"yoast_head":"<!-- This site is optimized with the Yoast SEO plugin v25.7 - https:\/\/yoast.com\/wordpress\/plugins\/seo\/ -->\n<title>Nota sobre trag\u00e9dia em escola de S\u00e3o Paulo - Sinpro-Rio<\/title>\n<meta name=\"robots\" content=\"index, follow, max-snippet:-1, max-image-preview:large, max-video-preview:-1\" \/>\n<link rel=\"canonical\" href=\"https:\/\/www.sinpro-rio.org.br\/principal\/nota-do-sinpro-rio-sobre-tragedia-em-escola-de-sao-paulo\/\" \/>\n<meta property=\"og:locale\" content=\"pt_BR\" \/>\n<meta property=\"og:type\" content=\"article\" \/>\n<meta property=\"og:title\" content=\"Nota sobre trag\u00e9dia em escola de S\u00e3o Paulo - Sinpro-Rio\" \/>\n<meta property=\"og:description\" content=\"O Sinpro-Rio vem a p\u00fablico lamentar profundamente o ocorrido numa escola p\u00fablica na cidade de Suzano, regi\u00e3o metropolitana de S\u00e3o Paulo, quando dois atiradores mataram oito pessoas e se suicidaram. Aos familiares dos estudantes e funcion\u00e1rios vitimados, os nossos profundos sentimentos. Reduto exclusivo para a forma\u00e7\u00e3o do cidad\u00e3o e da cidad\u00e3, a escola tem, em [&hellip;]\" \/>\n<meta property=\"og:url\" content=\"https:\/\/www.sinpro-rio.org.br\/principal\/nota-do-sinpro-rio-sobre-tragedia-em-escola-de-sao-paulo\/\" \/>\n<meta property=\"og:site_name\" content=\"Sinpro-Rio\" \/>\n<meta property=\"article:published_time\" content=\"2019-03-13T20:41:32+00:00\" \/>\n<meta property=\"article:modified_time\" content=\"2019-03-18T12:13:37+00:00\" \/>\n<meta property=\"og:image\" content=\"https:\/\/www.sinpro-rio.org.br\/principal\/wp-content\/uploads\/2019\/03\/nota-oficial.jpg\" \/>\n\t<meta property=\"og:image:width\" content=\"4258\" \/>\n\t<meta property=\"og:image:height\" content=\"2784\" \/>\n\t<meta property=\"og:image:type\" content=\"image\/jpeg\" \/>\n<meta name=\"author\" content=\"alessandra\" \/>\n<meta name=\"twitter:card\" content=\"summary_large_image\" \/>\n<meta name=\"twitter:label1\" content=\"Escrito por\" \/>\n\t<meta name=\"twitter:data1\" content=\"alessandra\" \/>\n\t<meta name=\"twitter:label2\" content=\"Est. tempo de leitura\" \/>\n\t<meta name=\"twitter:data2\" content=\"1 minuto\" \/>\n<script type=\"application\/ld+json\" class=\"yoast-schema-graph\">{\"@context\":\"https:\/\/schema.org\",\"@graph\":[{\"@type\":\"WebPage\",\"@id\":\"https:\/\/www.sinpro-rio.org.br\/principal\/nota-do-sinpro-rio-sobre-tragedia-em-escola-de-sao-paulo\/\",\"url\":\"https:\/\/www.sinpro-rio.org.br\/principal\/nota-do-sinpro-rio-sobre-tragedia-em-escola-de-sao-paulo\/\",\"name\":\"Nota sobre trag\u00e9dia em escola de S\u00e3o Paulo - Sinpro-Rio\",\"isPartOf\":{\"@id\":\"https:\/\/www.sinpro-rio.org.br\/principal\/#website\"},\"primaryImageOfPage\":{\"@id\":\"https:\/\/www.sinpro-rio.org.br\/principal\/nota-do-sinpro-rio-sobre-tragedia-em-escola-de-sao-paulo\/#primaryimage\"},\"image\":{\"@id\":\"https:\/\/www.sinpro-rio.org.br\/principal\/nota-do-sinpro-rio-sobre-tragedia-em-escola-de-sao-paulo\/#primaryimage\"},\"thumbnailUrl\":\"https:\/\/www.sinpro-rio.org.br\/principal\/wp-content\/uploads\/2019\/03\/nota-oficial.jpg\",\"datePublished\":\"2019-03-13T20:41:32+00:00\",\"dateModified\":\"2019-03-18T12:13:37+00:00\",\"author\":{\"@id\":\"https:\/\/www.sinpro-rio.org.br\/principal\/#\/schema\/person\/ee17219e64d00d037e511ae59ce2227e\"},\"breadcrumb\":{\"@id\":\"https:\/\/www.sinpro-rio.org.br\/principal\/nota-do-sinpro-rio-sobre-tragedia-em-escola-de-sao-paulo\/#breadcrumb\"},\"inLanguage\":\"pt-BR\",\"potentialAction\":[{\"@type\":\"ReadAction\",\"target\":[\"https:\/\/www.sinpro-rio.org.br\/principal\/nota-do-sinpro-rio-sobre-tragedia-em-escola-de-sao-paulo\/\"]}]},{\"@type\":\"ImageObject\",\"inLanguage\":\"pt-BR\",\"@id\":\"https:\/\/www.sinpro-rio.org.br\/principal\/nota-do-sinpro-rio-sobre-tragedia-em-escola-de-sao-paulo\/#primaryimage\",\"url\":\"https:\/\/www.sinpro-rio.org.br\/principal\/wp-content\/uploads\/2019\/03\/nota-oficial.jpg\",\"contentUrl\":\"https:\/\/www.sinpro-rio.org.br\/principal\/wp-content\/uploads\/2019\/03\/nota-oficial.jpg\",\"width\":4258,\"height\":2784},{\"@type\":\"BreadcrumbList\",\"@id\":\"https:\/\/www.sinpro-rio.org.br\/principal\/nota-do-sinpro-rio-sobre-tragedia-em-escola-de-sao-paulo\/#breadcrumb\",\"itemListElement\":[{\"@type\":\"ListItem\",\"position\":1,\"name\":\"In\u00edcio\",\"item\":\"https:\/\/www.sinpro-rio.org.br\/principal\/\"},{\"@type\":\"ListItem\",\"position\":2,\"name\":\"Nota sobre trag\u00e9dia em escola de S\u00e3o Paulo\"}]},{\"@type\":\"WebSite\",\"@id\":\"https:\/\/www.sinpro-rio.org.br\/principal\/#website\",\"url\":\"https:\/\/www.sinpro-rio.org.br\/principal\/\",\"name\":\"Sinpro-Rio\",\"description\":\"Sindicato dos Professores do Munic\u00edpio do Rio de Janeiro e Regi\u00e3o\",\"potentialAction\":[{\"@type\":\"SearchAction\",\"target\":{\"@type\":\"EntryPoint\",\"urlTemplate\":\"https:\/\/www.sinpro-rio.org.br\/principal\/?s={search_term_string}\"},\"query-input\":{\"@type\":\"PropertyValueSpecification\",\"valueRequired\":true,\"valueName\":\"search_term_string\"}}],\"inLanguage\":\"pt-BR\"},{\"@type\":\"Person\",\"@id\":\"https:\/\/www.sinpro-rio.org.br\/principal\/#\/schema\/person\/ee17219e64d00d037e511ae59ce2227e\",\"name\":\"alessandra\",\"image\":{\"@type\":\"ImageObject\",\"inLanguage\":\"pt-BR\",\"@id\":\"https:\/\/www.sinpro-rio.org.br\/principal\/#\/schema\/person\/image\/\",\"url\":\"https:\/\/secure.gravatar.com\/avatar\/2b43fa8c0ad8e33b46a4732549f7fb20?s=96&d=mm&r=g\",\"contentUrl\":\"https:\/\/secure.gravatar.com\/avatar\/2b43fa8c0ad8e33b46a4732549f7fb20?s=96&d=mm&r=g\",\"caption\":\"alessandra\"},\"url\":\"https:\/\/www.sinpro-rio.org.br\/principal\/author\/alessandra\/\"}]}<\/script>\n<!-- \/ Yoast SEO plugin. -->","yoast_head_json":{"title":"Nota sobre trag\u00e9dia em escola de S\u00e3o Paulo - Sinpro-Rio","robots":{"index":"index","follow":"follow","max-snippet":"max-snippet:-1","max-image-preview":"max-image-preview:large","max-video-preview":"max-video-preview:-1"},"canonical":"https:\/\/www.sinpro-rio.org.br\/principal\/nota-do-sinpro-rio-sobre-tragedia-em-escola-de-sao-paulo\/","og_locale":"pt_BR","og_type":"article","og_title":"Nota sobre trag\u00e9dia em escola de S\u00e3o Paulo - Sinpro-Rio","og_description":"O Sinpro-Rio vem a p\u00fablico lamentar profundamente o ocorrido numa escola p\u00fablica na cidade de Suzano, regi\u00e3o metropolitana de S\u00e3o Paulo, quando dois atiradores mataram oito pessoas e se suicidaram. Aos familiares dos estudantes e funcion\u00e1rios vitimados, os nossos profundos sentimentos. Reduto exclusivo para a forma\u00e7\u00e3o do cidad\u00e3o e da cidad\u00e3, a escola tem, em [&hellip;]","og_url":"https:\/\/www.sinpro-rio.org.br\/principal\/nota-do-sinpro-rio-sobre-tragedia-em-escola-de-sao-paulo\/","og_site_name":"Sinpro-Rio","article_published_time":"2019-03-13T20:41:32+00:00","article_modified_time":"2019-03-18T12:13:37+00:00","og_image":[{"width":4258,"height":2784,"url":"https:\/\/www.sinpro-rio.org.br\/principal\/wp-content\/uploads\/2019\/03\/nota-oficial.jpg","type":"image\/jpeg"}],"author":"alessandra","twitter_card":"summary_large_image","twitter_misc":{"Escrito por":"alessandra","Est. tempo de leitura":"1 minuto"},"schema":{"@context":"https:\/\/schema.org","@graph":[{"@type":"WebPage","@id":"https:\/\/www.sinpro-rio.org.br\/principal\/nota-do-sinpro-rio-sobre-tragedia-em-escola-de-sao-paulo\/","url":"https:\/\/www.sinpro-rio.org.br\/principal\/nota-do-sinpro-rio-sobre-tragedia-em-escola-de-sao-paulo\/","name":"Nota sobre trag\u00e9dia em escola de S\u00e3o Paulo - Sinpro-Rio","isPartOf":{"@id":"https:\/\/www.sinpro-rio.org.br\/principal\/#website"},"primaryImageOfPage":{"@id":"https:\/\/www.sinpro-rio.org.br\/principal\/nota-do-sinpro-rio-sobre-tragedia-em-escola-de-sao-paulo\/#primaryimage"},"image":{"@id":"https:\/\/www.sinpro-rio.org.br\/principal\/nota-do-sinpro-rio-sobre-tragedia-em-escola-de-sao-paulo\/#primaryimage"},"thumbnailUrl":"https:\/\/www.sinpro-rio.org.br\/principal\/wp-content\/uploads\/2019\/03\/nota-oficial.jpg","datePublished":"2019-03-13T20:41:32+00:00","dateModified":"2019-03-18T12:13:37+00:00","author":{"@id":"https:\/\/www.sinpro-rio.org.br\/principal\/#\/schema\/person\/ee17219e64d00d037e511ae59ce2227e"},"breadcrumb":{"@id":"https:\/\/www.sinpro-rio.org.br\/principal\/nota-do-sinpro-rio-sobre-tragedia-em-escola-de-sao-paulo\/#breadcrumb"},"inLanguage":"pt-BR","potentialAction":[{"@type":"ReadAction","target":["https:\/\/www.sinpro-rio.org.br\/principal\/nota-do-sinpro-rio-sobre-tragedia-em-escola-de-sao-paulo\/"]}]},{"@type":"ImageObject","inLanguage":"pt-BR","@id":"https:\/\/www.sinpro-rio.org.br\/principal\/nota-do-sinpro-rio-sobre-tragedia-em-escola-de-sao-paulo\/#primaryimage","url":"https:\/\/www.sinpro-rio.org.br\/principal\/wp-content\/uploads\/2019\/03\/nota-oficial.jpg","contentUrl":"https:\/\/www.sinpro-rio.org.br\/principal\/wp-content\/uploads\/2019\/03\/nota-oficial.jpg","width":4258,"height":2784},{"@type":"BreadcrumbList","@id":"https:\/\/www.sinpro-rio.org.br\/principal\/nota-do-sinpro-rio-sobre-tragedia-em-escola-de-sao-paulo\/#breadcrumb","itemListElement":[{"@type":"ListItem","position":1,"name":"In\u00edcio","item":"https:\/\/www.sinpro-rio.org.br\/principal\/"},{"@type":"ListItem","position":2,"name":"Nota sobre trag\u00e9dia em escola de S\u00e3o Paulo"}]},{"@type":"WebSite","@id":"https:\/\/www.sinpro-rio.org.br\/principal\/#website","url":"https:\/\/www.sinpro-rio.org.br\/principal\/","name":"Sinpro-Rio","description":"Sindicato dos Professores do Munic\u00edpio do Rio de Janeiro e Regi\u00e3o","potentialAction":[{"@type":"SearchAction","target":{"@type":"EntryPoint","urlTemplate":"https:\/\/www.sinpro-rio.org.br\/principal\/?s={search_term_string}"},"query-input":{"@type":"PropertyValueSpecification","valueRequired":true,"valueName":"search_term_string"}}],"inLanguage":"pt-BR"},{"@type":"Person","@id":"https:\/\/www.sinpro-rio.org.br\/principal\/#\/schema\/person\/ee17219e64d00d037e511ae59ce2227e","name":"alessandra","image":{"@type":"ImageObject","inLanguage":"pt-BR","@id":"https:\/\/www.sinpro-rio.org.br\/principal\/#\/schema\/person\/image\/","url":"https:\/\/secure.gravatar.com\/avatar\/2b43fa8c0ad8e33b46a4732549f7fb20?s=96&d=mm&r=g","contentUrl":"https:\/\/secure.gravatar.com\/avatar\/2b43fa8c0ad8e33b46a4732549f7fb20?s=96&d=mm&r=g","caption":"alessandra"},"url":"https:\/\/www.sinpro-rio.org.br\/principal\/author\/alessandra\/"}]}},"_links":{"self":[{"href":"https:\/\/www.sinpro-rio.org.br\/principal\/wp-json\/wp\/v2\/posts\/23989","targetHints":{"allow":["GET"]}}],"collection":[{"href":"https:\/\/www.sinpro-rio.org.br\/principal\/wp-json\/wp\/v2\/posts"}],"about":[{"href":"https:\/\/www.sinpro-rio.org.br\/principal\/wp-json\/wp\/v2\/types\/post"}],"author":[{"embeddable":true,"href":"https:\/\/www.sinpro-rio.org.br\/principal\/wp-json\/wp\/v2\/users\/2"}],"replies":[{"embeddable":true,"href":"https:\/\/www.sinpro-rio.org.br\/principal\/wp-json\/wp\/v2\/comments?post=23989"}],"version-history":[{"count":2,"href":"https:\/\/www.sinpro-rio.org.br\/principal\/wp-json\/wp\/v2\/posts\/23989\/revisions"}],"predecessor-version":[{"id":23997,"href":"https:\/\/www.sinpro-rio.org.br\/principal\/wp-json\/wp\/v2\/posts\/23989\/revisions\/23997"}],"wp:featuredmedia":[{"embeddable":true,"href":"https:\/\/www.sinpro-rio.org.br\/principal\/wp-json\/wp\/v2\/media\/23990"}],"wp:attachment":[{"href":"https:\/\/www.sinpro-rio.org.br\/principal\/wp-json\/wp\/v2\/media?parent=23989"}],"wp:term":[{"taxonomy":"category","embeddable":true,"href":"https:\/\/www.sinpro-rio.org.br\/principal\/wp-json\/wp\/v2\/categories?post=23989"},{"taxonomy":"post_tag","embeddable":true,"href":"https:\/\/www.sinpro-rio.org.br\/principal\/wp-json\/wp\/v2\/tags?post=23989"}],"curies":[{"name":"wp","href":"https:\/\/api.w.org\/{rel}","templated":true}]}}