{"id":23923,"date":"2019-02-26T17:42:29","date_gmt":"2019-02-26T20:42:29","guid":{"rendered":"https:\/\/sinpro-rio.org.br\/principal\/site\/?p=23923"},"modified":"2019-03-25T09:44:58","modified_gmt":"2019-03-25T12:44:58","slug":"nota-de-repudio-2","status":"publish","type":"post","link":"https:\/\/www.sinpro-rio.org.br\/principal\/nota-de-repudio-2\/","title":{"rendered":"Nota de rep\u00fadio"},"content":{"rendered":"\n<p>O SINPRO-RIO REPUDIA MENSAGEM<br>DO MINISTRO DA EDUCA\u00c7\u00c3O<\/p>\n\n\n\n<p>O Sinpro-Rio vem a p\u00fablico repudiar a atitude do senhor ministro da Educa\u00e7\u00e3o, Ricardo V\u00e9lez Rodr\u00edguez, que enviou \u00e0s escolas carta solicitando aos diretores que filmem os alunos cantando o Hino Nacional e envie as grava\u00e7\u00f5es ao MEC. Al\u00e9m disso, o ministro encerra a mensagem utilizando o slogan da campanha eleitoral do hoje presidente Jair Bolsonaro.<\/p>\n\n\n\n<p>O Sinpro-Rio v\u00ea com preocupa\u00e7\u00e3o a invas\u00e3o da privacidade \u00e0 comunidade escolar por parte dos \u00f3rg\u00e3os oficiais do governo, que ferem a Constitui\u00e7\u00e3o em rela\u00e7\u00e3o \u00e0 laicidade e \u00e0 isen\u00e7\u00e3o pol\u00edtico-partid\u00e1ria.<\/p>\n\n\n\n<p>Quando muito se fala em \u201cescola sem partido\u201d, induzindo falsamente a popula\u00e7\u00e3o de que h\u00e1 um doutrinamento por parte de professoras e professores, o ministro Ricardo V\u00e9lez Rodrigues prova com sua a\u00e7\u00e3o de que, ele sim, age de forma pol\u00edtica partid\u00e1ria, dogm\u00e1tica e inconstitucional.<\/p>\n","protected":false},"excerpt":{"rendered":"<p>O SINPRO-RIO REPUDIA MENSAGEMDO MINISTRO DA EDUCA\u00c7\u00c3O O Sinpro-Rio vem a p\u00fablico repudiar a atitude do senhor ministro da Educa\u00e7\u00e3o, Ricardo V\u00e9lez Rodr\u00edguez, que enviou \u00e0s escolas carta solicitando aos diretores que filmem os alunos cantando o Hino Nacional e envie as grava\u00e7\u00f5es ao MEC. Al\u00e9m disso, o ministro encerra a mensagem utilizando o slogan [&hellip;]<\/p>\n","protected":false},"author":1,"featured_media":23924,"comment_status":"open","ping_status":"open","sticky":false,"template":"","format":"standard","meta":{"footnotes":""},"categories":[1],"tags":[],"class_list":["post-23923","post","type-post","status-publish","format-standard","has-post-thumbnail","hentry","category-noticias"],"yoast_head":"<!-- This site is optimized with the Yoast SEO plugin v25.7 - https:\/\/yoast.com\/wordpress\/plugins\/seo\/ -->\n<title>Nota de rep\u00fadio - Sinpro-Rio<\/title>\n<meta name=\"robots\" content=\"index, follow, max-snippet:-1, max-image-preview:large, max-video-preview:-1\" \/>\n<link rel=\"canonical\" href=\"https:\/\/www.sinpro-rio.org.br\/principal\/nota-de-repudio-2\/\" \/>\n<meta property=\"og:locale\" content=\"pt_BR\" \/>\n<meta property=\"og:type\" content=\"article\" \/>\n<meta property=\"og:title\" content=\"Nota de rep\u00fadio - Sinpro-Rio\" \/>\n<meta property=\"og:description\" content=\"O SINPRO-RIO REPUDIA MENSAGEMDO MINISTRO DA EDUCA\u00c7\u00c3O O Sinpro-Rio vem a p\u00fablico repudiar a atitude do senhor ministro da Educa\u00e7\u00e3o, Ricardo V\u00e9lez Rodr\u00edguez, que enviou \u00e0s escolas carta solicitando aos diretores que filmem os alunos cantando o Hino Nacional e envie as grava\u00e7\u00f5es ao MEC. Al\u00e9m disso, o ministro encerra a mensagem utilizando o slogan [&hellip;]\" \/>\n<meta property=\"og:url\" content=\"https:\/\/www.sinpro-rio.org.br\/principal\/nota-de-repudio-2\/\" \/>\n<meta property=\"og:site_name\" content=\"Sinpro-Rio\" \/>\n<meta property=\"article:published_time\" content=\"2019-02-26T20:42:29+00:00\" \/>\n<meta property=\"article:modified_time\" content=\"2019-03-25T12:44:58+00:00\" \/>\n<meta property=\"og:image\" content=\"https:\/\/www.sinpro-rio.org.br\/principal\/wp-content\/uploads\/2019\/02\/nota_de_repudio.png\" \/>\n\t<meta property=\"og:image:width\" content=\"578\" \/>\n\t<meta property=\"og:image:height\" content=\"368\" \/>\n\t<meta property=\"og:image:type\" content=\"image\/png\" \/>\n<meta name=\"author\" content=\"rafaelrjp\" \/>\n<meta name=\"twitter:card\" content=\"summary_large_image\" \/>\n<meta name=\"twitter:label1\" content=\"Escrito por\" \/>\n\t<meta name=\"twitter:data1\" content=\"rafaelrjp\" \/>\n\t<meta name=\"twitter:label2\" content=\"Est. tempo de leitura\" \/>\n\t<meta name=\"twitter:data2\" content=\"1 minuto\" \/>\n<script type=\"application\/ld+json\" class=\"yoast-schema-graph\">{\"@context\":\"https:\/\/schema.org\",\"@graph\":[{\"@type\":\"WebPage\",\"@id\":\"https:\/\/www.sinpro-rio.org.br\/principal\/nota-de-repudio-2\/\",\"url\":\"https:\/\/www.sinpro-rio.org.br\/principal\/nota-de-repudio-2\/\",\"name\":\"Nota de rep\u00fadio - Sinpro-Rio\",\"isPartOf\":{\"@id\":\"https:\/\/www.sinpro-rio.org.br\/principal\/#website\"},\"primaryImageOfPage\":{\"@id\":\"https:\/\/www.sinpro-rio.org.br\/principal\/nota-de-repudio-2\/#primaryimage\"},\"image\":{\"@id\":\"https:\/\/www.sinpro-rio.org.br\/principal\/nota-de-repudio-2\/#primaryimage\"},\"thumbnailUrl\":\"https:\/\/www.sinpro-rio.org.br\/principal\/wp-content\/uploads\/2019\/02\/nota_de_repudio.png\",\"datePublished\":\"2019-02-26T20:42:29+00:00\",\"dateModified\":\"2019-03-25T12:44:58+00:00\",\"author\":{\"@id\":\"https:\/\/www.sinpro-rio.org.br\/principal\/#\/schema\/person\/49feb585a2f57a31a6bd9f16f78e5be6\"},\"breadcrumb\":{\"@id\":\"https:\/\/www.sinpro-rio.org.br\/principal\/nota-de-repudio-2\/#breadcrumb\"},\"inLanguage\":\"pt-BR\",\"potentialAction\":[{\"@type\":\"ReadAction\",\"target\":[\"https:\/\/www.sinpro-rio.org.br\/principal\/nota-de-repudio-2\/\"]}]},{\"@type\":\"ImageObject\",\"inLanguage\":\"pt-BR\",\"@id\":\"https:\/\/www.sinpro-rio.org.br\/principal\/nota-de-repudio-2\/#primaryimage\",\"url\":\"https:\/\/www.sinpro-rio.org.br\/principal\/wp-content\/uploads\/2019\/02\/nota_de_repudio.png\",\"contentUrl\":\"https:\/\/www.sinpro-rio.org.br\/principal\/wp-content\/uploads\/2019\/02\/nota_de_repudio.png\",\"width\":578,\"height\":368},{\"@type\":\"BreadcrumbList\",\"@id\":\"https:\/\/www.sinpro-rio.org.br\/principal\/nota-de-repudio-2\/#breadcrumb\",\"itemListElement\":[{\"@type\":\"ListItem\",\"position\":1,\"name\":\"In\u00edcio\",\"item\":\"https:\/\/www.sinpro-rio.org.br\/principal\/\"},{\"@type\":\"ListItem\",\"position\":2,\"name\":\"Nota de rep\u00fadio\"}]},{\"@type\":\"WebSite\",\"@id\":\"https:\/\/www.sinpro-rio.org.br\/principal\/#website\",\"url\":\"https:\/\/www.sinpro-rio.org.br\/principal\/\",\"name\":\"Sinpro-Rio\",\"description\":\"Sindicato dos Professores do Munic\u00edpio do Rio de Janeiro e Regi\u00e3o\",\"potentialAction\":[{\"@type\":\"SearchAction\",\"target\":{\"@type\":\"EntryPoint\",\"urlTemplate\":\"https:\/\/www.sinpro-rio.org.br\/principal\/?s={search_term_string}\"},\"query-input\":{\"@type\":\"PropertyValueSpecification\",\"valueRequired\":true,\"valueName\":\"search_term_string\"}}],\"inLanguage\":\"pt-BR\"},{\"@type\":\"Person\",\"@id\":\"https:\/\/www.sinpro-rio.org.br\/principal\/#\/schema\/person\/49feb585a2f57a31a6bd9f16f78e5be6\",\"name\":\"rafaelrjp\",\"image\":{\"@type\":\"ImageObject\",\"inLanguage\":\"pt-BR\",\"@id\":\"https:\/\/www.sinpro-rio.org.br\/principal\/#\/schema\/person\/image\/\",\"url\":\"https:\/\/secure.gravatar.com\/avatar\/489371a0ba4655c340b519882c68cf68?s=96&d=mm&r=g\",\"contentUrl\":\"https:\/\/secure.gravatar.com\/avatar\/489371a0ba4655c340b519882c68cf68?s=96&d=mm&r=g\",\"caption\":\"rafaelrjp\"},\"url\":\"https:\/\/www.sinpro-rio.org.br\/principal\/author\/rafaelrjp\/\"}]}<\/script>\n<!-- \/ Yoast SEO plugin. -->","yoast_head_json":{"title":"Nota de rep\u00fadio - Sinpro-Rio","robots":{"index":"index","follow":"follow","max-snippet":"max-snippet:-1","max-image-preview":"max-image-preview:large","max-video-preview":"max-video-preview:-1"},"canonical":"https:\/\/www.sinpro-rio.org.br\/principal\/nota-de-repudio-2\/","og_locale":"pt_BR","og_type":"article","og_title":"Nota de rep\u00fadio - Sinpro-Rio","og_description":"O SINPRO-RIO REPUDIA MENSAGEMDO MINISTRO DA EDUCA\u00c7\u00c3O O Sinpro-Rio vem a p\u00fablico repudiar a atitude do senhor ministro da Educa\u00e7\u00e3o, Ricardo V\u00e9lez Rodr\u00edguez, que enviou \u00e0s escolas carta solicitando aos diretores que filmem os alunos cantando o Hino Nacional e envie as grava\u00e7\u00f5es ao MEC. Al\u00e9m disso, o ministro encerra a mensagem utilizando o slogan [&hellip;]","og_url":"https:\/\/www.sinpro-rio.org.br\/principal\/nota-de-repudio-2\/","og_site_name":"Sinpro-Rio","article_published_time":"2019-02-26T20:42:29+00:00","article_modified_time":"2019-03-25T12:44:58+00:00","og_image":[{"width":578,"height":368,"url":"https:\/\/www.sinpro-rio.org.br\/principal\/wp-content\/uploads\/2019\/02\/nota_de_repudio.png","type":"image\/png"}],"author":"rafaelrjp","twitter_card":"summary_large_image","twitter_misc":{"Escrito por":"rafaelrjp","Est. tempo de leitura":"1 minuto"},"schema":{"@context":"https:\/\/schema.org","@graph":[{"@type":"WebPage","@id":"https:\/\/www.sinpro-rio.org.br\/principal\/nota-de-repudio-2\/","url":"https:\/\/www.sinpro-rio.org.br\/principal\/nota-de-repudio-2\/","name":"Nota de rep\u00fadio - Sinpro-Rio","isPartOf":{"@id":"https:\/\/www.sinpro-rio.org.br\/principal\/#website"},"primaryImageOfPage":{"@id":"https:\/\/www.sinpro-rio.org.br\/principal\/nota-de-repudio-2\/#primaryimage"},"image":{"@id":"https:\/\/www.sinpro-rio.org.br\/principal\/nota-de-repudio-2\/#primaryimage"},"thumbnailUrl":"https:\/\/www.sinpro-rio.org.br\/principal\/wp-content\/uploads\/2019\/02\/nota_de_repudio.png","datePublished":"2019-02-26T20:42:29+00:00","dateModified":"2019-03-25T12:44:58+00:00","author":{"@id":"https:\/\/www.sinpro-rio.org.br\/principal\/#\/schema\/person\/49feb585a2f57a31a6bd9f16f78e5be6"},"breadcrumb":{"@id":"https:\/\/www.sinpro-rio.org.br\/principal\/nota-de-repudio-2\/#breadcrumb"},"inLanguage":"pt-BR","potentialAction":[{"@type":"ReadAction","target":["https:\/\/www.sinpro-rio.org.br\/principal\/nota-de-repudio-2\/"]}]},{"@type":"ImageObject","inLanguage":"pt-BR","@id":"https:\/\/www.sinpro-rio.org.br\/principal\/nota-de-repudio-2\/#primaryimage","url":"https:\/\/www.sinpro-rio.org.br\/principal\/wp-content\/uploads\/2019\/02\/nota_de_repudio.png","contentUrl":"https:\/\/www.sinpro-rio.org.br\/principal\/wp-content\/uploads\/2019\/02\/nota_de_repudio.png","width":578,"height":368},{"@type":"BreadcrumbList","@id":"https:\/\/www.sinpro-rio.org.br\/principal\/nota-de-repudio-2\/#breadcrumb","itemListElement":[{"@type":"ListItem","position":1,"name":"In\u00edcio","item":"https:\/\/www.sinpro-rio.org.br\/principal\/"},{"@type":"ListItem","position":2,"name":"Nota de rep\u00fadio"}]},{"@type":"WebSite","@id":"https:\/\/www.sinpro-rio.org.br\/principal\/#website","url":"https:\/\/www.sinpro-rio.org.br\/principal\/","name":"Sinpro-Rio","description":"Sindicato dos Professores do Munic\u00edpio do Rio de Janeiro e Regi\u00e3o","potentialAction":[{"@type":"SearchAction","target":{"@type":"EntryPoint","urlTemplate":"https:\/\/www.sinpro-rio.org.br\/principal\/?s={search_term_string}"},"query-input":{"@type":"PropertyValueSpecification","valueRequired":true,"valueName":"search_term_string"}}],"inLanguage":"pt-BR"},{"@type":"Person","@id":"https:\/\/www.sinpro-rio.org.br\/principal\/#\/schema\/person\/49feb585a2f57a31a6bd9f16f78e5be6","name":"rafaelrjp","image":{"@type":"ImageObject","inLanguage":"pt-BR","@id":"https:\/\/www.sinpro-rio.org.br\/principal\/#\/schema\/person\/image\/","url":"https:\/\/secure.gravatar.com\/avatar\/489371a0ba4655c340b519882c68cf68?s=96&d=mm&r=g","contentUrl":"https:\/\/secure.gravatar.com\/avatar\/489371a0ba4655c340b519882c68cf68?s=96&d=mm&r=g","caption":"rafaelrjp"},"url":"https:\/\/www.sinpro-rio.org.br\/principal\/author\/rafaelrjp\/"}]}},"_links":{"self":[{"href":"https:\/\/www.sinpro-rio.org.br\/principal\/wp-json\/wp\/v2\/posts\/23923","targetHints":{"allow":["GET"]}}],"collection":[{"href":"https:\/\/www.sinpro-rio.org.br\/principal\/wp-json\/wp\/v2\/posts"}],"about":[{"href":"https:\/\/www.sinpro-rio.org.br\/principal\/wp-json\/wp\/v2\/types\/post"}],"author":[{"embeddable":true,"href":"https:\/\/www.sinpro-rio.org.br\/principal\/wp-json\/wp\/v2\/users\/1"}],"replies":[{"embeddable":true,"href":"https:\/\/www.sinpro-rio.org.br\/principal\/wp-json\/wp\/v2\/comments?post=23923"}],"version-history":[{"count":1,"href":"https:\/\/www.sinpro-rio.org.br\/principal\/wp-json\/wp\/v2\/posts\/23923\/revisions"}],"predecessor-version":[{"id":23925,"href":"https:\/\/www.sinpro-rio.org.br\/principal\/wp-json\/wp\/v2\/posts\/23923\/revisions\/23925"}],"wp:featuredmedia":[{"embeddable":true,"href":"https:\/\/www.sinpro-rio.org.br\/principal\/wp-json\/wp\/v2\/media\/23924"}],"wp:attachment":[{"href":"https:\/\/www.sinpro-rio.org.br\/principal\/wp-json\/wp\/v2\/media?parent=23923"}],"wp:term":[{"taxonomy":"category","embeddable":true,"href":"https:\/\/www.sinpro-rio.org.br\/principal\/wp-json\/wp\/v2\/categories?post=23923"},{"taxonomy":"post_tag","embeddable":true,"href":"https:\/\/www.sinpro-rio.org.br\/principal\/wp-json\/wp\/v2\/tags?post=23923"}],"curies":[{"name":"wp","href":"https:\/\/api.w.org\/{rel}","templated":true}]}}