{"id":23775,"date":"2019-01-08T13:46:42","date_gmt":"2019-01-08T15:46:42","guid":{"rendered":"https:\/\/sinpro-rio.org.br\/principal\/site\/?p=23775"},"modified":"2019-01-08T13:46:45","modified_gmt":"2019-01-08T15:46:45","slug":"veja-os-videos-do-debate-de-conjunturas-nacional-e-internacional-14-de-dezembro-2","status":"publish","type":"post","link":"https:\/\/www.sinpro-rio.org.br\/principal\/veja-os-videos-do-debate-de-conjunturas-nacional-e-internacional-14-de-dezembro-2\/","title":{"rendered":"Veja os v\u00eddeos do Debate de Conjunturas Nacional e Internacional \u2013 14 de dezembro"},"content":{"rendered":"\n<p>O Debate de Conjunturas Nacional e Internacional, organizado pelo Sinpro-Rio como parte integrante e aberta ao p\u00fablico do Semin\u00e1rio Interno da Diretoria, contou com a participa\u00e7\u00e3o de in\u00fameros\/as autoridades e representantes de organiza\u00e7\u00f5es da sociedade civil.<\/p>\n\n\n\n<p>Veja as fotos do evento clicando<a href=\"https:\/\/www.facebook.com\/pg\/sinprorio1931\/photos\/?tab=album&amp;album_id=2426141997414586\">\u00a0aqui<\/a><\/p>\n\n\n\n<p>E,por ter sido muito extenso, separamos alguns trechos para que tenhamos acesso aos temas abordados:<\/p>\n\n\n\n<p>Para\u00a0ver parte da fala do ex-ministro Celso Amorim, clique\u00a0<a href=\"https:\/\/www.facebook.com\/sinprorio1931\/videos\/2310441408968704\/\">aqui<\/a><\/p>\n\n\n\n<p>Para\u00a0ver parte da fala do ex-ministro Gilberto Carvalho, clique\u00a0<a href=\"https:\/\/www.facebook.com\/sinprorio1931\/videos\/1639266442839913\/\">aqui<\/a><\/p>\n\n\n\n<p>Para ver parte da fala da deputada federal Jandira Feghali, clique\u00a0<a href=\"https:\/\/www.facebook.com\/sinprorio1931\/videos\/278483656348904\/\">aqui<\/a><\/p>\n\n\n\n<p><\/p>\n","protected":false},"excerpt":{"rendered":"<p>O Debate de Conjunturas Nacional e Internacional, organizado pelo Sinpro-Rio como parte integrante e aberta ao p\u00fablico do Semin\u00e1rio Interno da Diretoria, contou com a participa\u00e7\u00e3o de in\u00fameros\/as autoridades e representantes de organiza\u00e7\u00f5es da sociedade civil. Veja as fotos do evento clicando\u00a0aqui E,por ter sido muito extenso, separamos alguns trechos para que tenhamos acesso aos [&hellip;]<\/p>\n","protected":false},"author":2,"featured_media":23776,"comment_status":"open","ping_status":"open","sticky":false,"template":"","format":"standard","meta":{"footnotes":""},"categories":[1],"tags":[],"class_list":["post-23775","post","type-post","status-publish","format-standard","has-post-thumbnail","hentry","category-noticias"],"yoast_head":"<!-- This site is optimized with the Yoast SEO plugin v25.7 - https:\/\/yoast.com\/wordpress\/plugins\/seo\/ -->\n<title>Veja os v\u00eddeos do Debate de Conjunturas Nacional e Internacional \u2013 14 de dezembro - Sinpro-Rio<\/title>\n<meta name=\"robots\" content=\"index, follow, max-snippet:-1, max-image-preview:large, max-video-preview:-1\" \/>\n<link rel=\"canonical\" href=\"https:\/\/www.sinpro-rio.org.br\/principal\/veja-os-videos-do-debate-de-conjunturas-nacional-e-internacional-14-de-dezembro-2\/\" \/>\n<meta property=\"og:locale\" content=\"pt_BR\" \/>\n<meta property=\"og:type\" content=\"article\" \/>\n<meta property=\"og:title\" content=\"Veja os v\u00eddeos do Debate de Conjunturas Nacional e Internacional \u2013 14 de dezembro - Sinpro-Rio\" \/>\n<meta property=\"og:description\" content=\"O Debate de Conjunturas Nacional e Internacional, organizado pelo Sinpro-Rio como parte integrante e aberta ao p\u00fablico do Semin\u00e1rio Interno da Diretoria, contou com a participa\u00e7\u00e3o de in\u00fameros\/as autoridades e representantes de organiza\u00e7\u00f5es da sociedade civil. Veja as fotos do evento clicando\u00a0aqui E,por ter sido muito extenso, separamos alguns trechos para que tenhamos acesso aos [&hellip;]\" \/>\n<meta property=\"og:url\" content=\"https:\/\/www.sinpro-rio.org.br\/principal\/veja-os-videos-do-debate-de-conjunturas-nacional-e-internacional-14-de-dezembro-2\/\" \/>\n<meta property=\"og:site_name\" content=\"Sinpro-Rio\" \/>\n<meta property=\"article:published_time\" content=\"2019-01-08T15:46:42+00:00\" \/>\n<meta property=\"article:modified_time\" content=\"2019-01-08T15:46:45+00:00\" \/>\n<meta property=\"og:image\" content=\"https:\/\/www.sinpro-rio.org.br\/principal\/wp-content\/uploads\/2019\/01\/00-convite-autoridades-debate-conjuntura-1024x1024.jpg\" \/>\n\t<meta property=\"og:image:width\" content=\"1024\" \/>\n\t<meta property=\"og:image:height\" content=\"1024\" \/>\n\t<meta property=\"og:image:type\" content=\"image\/jpeg\" \/>\n<meta name=\"author\" content=\"alessandra\" \/>\n<meta name=\"twitter:card\" content=\"summary_large_image\" \/>\n<meta name=\"twitter:label1\" content=\"Escrito por\" \/>\n\t<meta name=\"twitter:data1\" content=\"alessandra\" \/>\n<script type=\"application\/ld+json\" class=\"yoast-schema-graph\">{\"@context\":\"https:\/\/schema.org\",\"@graph\":[{\"@type\":\"WebPage\",\"@id\":\"https:\/\/www.sinpro-rio.org.br\/principal\/veja-os-videos-do-debate-de-conjunturas-nacional-e-internacional-14-de-dezembro-2\/\",\"url\":\"https:\/\/www.sinpro-rio.org.br\/principal\/veja-os-videos-do-debate-de-conjunturas-nacional-e-internacional-14-de-dezembro-2\/\",\"name\":\"Veja os v\u00eddeos do Debate de Conjunturas Nacional e Internacional \u2013 14 de dezembro - Sinpro-Rio\",\"isPartOf\":{\"@id\":\"https:\/\/www.sinpro-rio.org.br\/principal\/#website\"},\"primaryImageOfPage\":{\"@id\":\"https:\/\/www.sinpro-rio.org.br\/principal\/veja-os-videos-do-debate-de-conjunturas-nacional-e-internacional-14-de-dezembro-2\/#primaryimage\"},\"image\":{\"@id\":\"https:\/\/www.sinpro-rio.org.br\/principal\/veja-os-videos-do-debate-de-conjunturas-nacional-e-internacional-14-de-dezembro-2\/#primaryimage\"},\"thumbnailUrl\":\"https:\/\/www.sinpro-rio.org.br\/principal\/wp-content\/uploads\/2019\/01\/00-convite-autoridades-debate-conjuntura.jpg\",\"datePublished\":\"2019-01-08T15:46:42+00:00\",\"dateModified\":\"2019-01-08T15:46:45+00:00\",\"author\":{\"@id\":\"https:\/\/www.sinpro-rio.org.br\/principal\/#\/schema\/person\/ee17219e64d00d037e511ae59ce2227e\"},\"breadcrumb\":{\"@id\":\"https:\/\/www.sinpro-rio.org.br\/principal\/veja-os-videos-do-debate-de-conjunturas-nacional-e-internacional-14-de-dezembro-2\/#breadcrumb\"},\"inLanguage\":\"pt-BR\",\"potentialAction\":[{\"@type\":\"ReadAction\",\"target\":[\"https:\/\/www.sinpro-rio.org.br\/principal\/veja-os-videos-do-debate-de-conjunturas-nacional-e-internacional-14-de-dezembro-2\/\"]}]},{\"@type\":\"ImageObject\",\"inLanguage\":\"pt-BR\",\"@id\":\"https:\/\/www.sinpro-rio.org.br\/principal\/veja-os-videos-do-debate-de-conjunturas-nacional-e-internacional-14-de-dezembro-2\/#primaryimage\",\"url\":\"https:\/\/www.sinpro-rio.org.br\/principal\/wp-content\/uploads\/2019\/01\/00-convite-autoridades-debate-conjuntura.jpg\",\"contentUrl\":\"https:\/\/www.sinpro-rio.org.br\/principal\/wp-content\/uploads\/2019\/01\/00-convite-autoridades-debate-conjuntura.jpg\",\"width\":5202,\"height\":5202},{\"@type\":\"BreadcrumbList\",\"@id\":\"https:\/\/www.sinpro-rio.org.br\/principal\/veja-os-videos-do-debate-de-conjunturas-nacional-e-internacional-14-de-dezembro-2\/#breadcrumb\",\"itemListElement\":[{\"@type\":\"ListItem\",\"position\":1,\"name\":\"In\u00edcio\",\"item\":\"https:\/\/www.sinpro-rio.org.br\/principal\/\"},{\"@type\":\"ListItem\",\"position\":2,\"name\":\"Veja os v\u00eddeos do Debate de Conjunturas Nacional e Internacional \u2013 14 de dezembro\"}]},{\"@type\":\"WebSite\",\"@id\":\"https:\/\/www.sinpro-rio.org.br\/principal\/#website\",\"url\":\"https:\/\/www.sinpro-rio.org.br\/principal\/\",\"name\":\"Sinpro-Rio\",\"description\":\"Sindicato dos Professores do Munic\u00edpio do Rio de Janeiro e Regi\u00e3o\",\"potentialAction\":[{\"@type\":\"SearchAction\",\"target\":{\"@type\":\"EntryPoint\",\"urlTemplate\":\"https:\/\/www.sinpro-rio.org.br\/principal\/?s={search_term_string}\"},\"query-input\":{\"@type\":\"PropertyValueSpecification\",\"valueRequired\":true,\"valueName\":\"search_term_string\"}}],\"inLanguage\":\"pt-BR\"},{\"@type\":\"Person\",\"@id\":\"https:\/\/www.sinpro-rio.org.br\/principal\/#\/schema\/person\/ee17219e64d00d037e511ae59ce2227e\",\"name\":\"alessandra\",\"image\":{\"@type\":\"ImageObject\",\"inLanguage\":\"pt-BR\",\"@id\":\"https:\/\/www.sinpro-rio.org.br\/principal\/#\/schema\/person\/image\/\",\"url\":\"https:\/\/secure.gravatar.com\/avatar\/2b43fa8c0ad8e33b46a4732549f7fb20?s=96&d=mm&r=g\",\"contentUrl\":\"https:\/\/secure.gravatar.com\/avatar\/2b43fa8c0ad8e33b46a4732549f7fb20?s=96&d=mm&r=g\",\"caption\":\"alessandra\"},\"url\":\"https:\/\/www.sinpro-rio.org.br\/principal\/author\/alessandra\/\"}]}<\/script>\n<!-- \/ Yoast SEO plugin. -->","yoast_head_json":{"title":"Veja os v\u00eddeos do Debate de Conjunturas Nacional e Internacional \u2013 14 de dezembro - Sinpro-Rio","robots":{"index":"index","follow":"follow","max-snippet":"max-snippet:-1","max-image-preview":"max-image-preview:large","max-video-preview":"max-video-preview:-1"},"canonical":"https:\/\/www.sinpro-rio.org.br\/principal\/veja-os-videos-do-debate-de-conjunturas-nacional-e-internacional-14-de-dezembro-2\/","og_locale":"pt_BR","og_type":"article","og_title":"Veja os v\u00eddeos do Debate de Conjunturas Nacional e Internacional \u2013 14 de dezembro - Sinpro-Rio","og_description":"O Debate de Conjunturas Nacional e Internacional, organizado pelo Sinpro-Rio como parte integrante e aberta ao p\u00fablico do Semin\u00e1rio Interno da Diretoria, contou com a participa\u00e7\u00e3o de in\u00fameros\/as autoridades e representantes de organiza\u00e7\u00f5es da sociedade civil. Veja as fotos do evento clicando\u00a0aqui E,por ter sido muito extenso, separamos alguns trechos para que tenhamos acesso aos [&hellip;]","og_url":"https:\/\/www.sinpro-rio.org.br\/principal\/veja-os-videos-do-debate-de-conjunturas-nacional-e-internacional-14-de-dezembro-2\/","og_site_name":"Sinpro-Rio","article_published_time":"2019-01-08T15:46:42+00:00","article_modified_time":"2019-01-08T15:46:45+00:00","og_image":[{"width":1024,"height":1024,"url":"https:\/\/www.sinpro-rio.org.br\/principal\/wp-content\/uploads\/2019\/01\/00-convite-autoridades-debate-conjuntura-1024x1024.jpg","type":"image\/jpeg"}],"author":"alessandra","twitter_card":"summary_large_image","twitter_misc":{"Escrito por":"alessandra"},"schema":{"@context":"https:\/\/schema.org","@graph":[{"@type":"WebPage","@id":"https:\/\/www.sinpro-rio.org.br\/principal\/veja-os-videos-do-debate-de-conjunturas-nacional-e-internacional-14-de-dezembro-2\/","url":"https:\/\/www.sinpro-rio.org.br\/principal\/veja-os-videos-do-debate-de-conjunturas-nacional-e-internacional-14-de-dezembro-2\/","name":"Veja os v\u00eddeos do Debate de Conjunturas Nacional e Internacional \u2013 14 de dezembro - Sinpro-Rio","isPartOf":{"@id":"https:\/\/www.sinpro-rio.org.br\/principal\/#website"},"primaryImageOfPage":{"@id":"https:\/\/www.sinpro-rio.org.br\/principal\/veja-os-videos-do-debate-de-conjunturas-nacional-e-internacional-14-de-dezembro-2\/#primaryimage"},"image":{"@id":"https:\/\/www.sinpro-rio.org.br\/principal\/veja-os-videos-do-debate-de-conjunturas-nacional-e-internacional-14-de-dezembro-2\/#primaryimage"},"thumbnailUrl":"https:\/\/www.sinpro-rio.org.br\/principal\/wp-content\/uploads\/2019\/01\/00-convite-autoridades-debate-conjuntura.jpg","datePublished":"2019-01-08T15:46:42+00:00","dateModified":"2019-01-08T15:46:45+00:00","author":{"@id":"https:\/\/www.sinpro-rio.org.br\/principal\/#\/schema\/person\/ee17219e64d00d037e511ae59ce2227e"},"breadcrumb":{"@id":"https:\/\/www.sinpro-rio.org.br\/principal\/veja-os-videos-do-debate-de-conjunturas-nacional-e-internacional-14-de-dezembro-2\/#breadcrumb"},"inLanguage":"pt-BR","potentialAction":[{"@type":"ReadAction","target":["https:\/\/www.sinpro-rio.org.br\/principal\/veja-os-videos-do-debate-de-conjunturas-nacional-e-internacional-14-de-dezembro-2\/"]}]},{"@type":"ImageObject","inLanguage":"pt-BR","@id":"https:\/\/www.sinpro-rio.org.br\/principal\/veja-os-videos-do-debate-de-conjunturas-nacional-e-internacional-14-de-dezembro-2\/#primaryimage","url":"https:\/\/www.sinpro-rio.org.br\/principal\/wp-content\/uploads\/2019\/01\/00-convite-autoridades-debate-conjuntura.jpg","contentUrl":"https:\/\/www.sinpro-rio.org.br\/principal\/wp-content\/uploads\/2019\/01\/00-convite-autoridades-debate-conjuntura.jpg","width":5202,"height":5202},{"@type":"BreadcrumbList","@id":"https:\/\/www.sinpro-rio.org.br\/principal\/veja-os-videos-do-debate-de-conjunturas-nacional-e-internacional-14-de-dezembro-2\/#breadcrumb","itemListElement":[{"@type":"ListItem","position":1,"name":"In\u00edcio","item":"https:\/\/www.sinpro-rio.org.br\/principal\/"},{"@type":"ListItem","position":2,"name":"Veja os v\u00eddeos do Debate de Conjunturas Nacional e Internacional \u2013 14 de dezembro"}]},{"@type":"WebSite","@id":"https:\/\/www.sinpro-rio.org.br\/principal\/#website","url":"https:\/\/www.sinpro-rio.org.br\/principal\/","name":"Sinpro-Rio","description":"Sindicato dos Professores do Munic\u00edpio do Rio de Janeiro e Regi\u00e3o","potentialAction":[{"@type":"SearchAction","target":{"@type":"EntryPoint","urlTemplate":"https:\/\/www.sinpro-rio.org.br\/principal\/?s={search_term_string}"},"query-input":{"@type":"PropertyValueSpecification","valueRequired":true,"valueName":"search_term_string"}}],"inLanguage":"pt-BR"},{"@type":"Person","@id":"https:\/\/www.sinpro-rio.org.br\/principal\/#\/schema\/person\/ee17219e64d00d037e511ae59ce2227e","name":"alessandra","image":{"@type":"ImageObject","inLanguage":"pt-BR","@id":"https:\/\/www.sinpro-rio.org.br\/principal\/#\/schema\/person\/image\/","url":"https:\/\/secure.gravatar.com\/avatar\/2b43fa8c0ad8e33b46a4732549f7fb20?s=96&d=mm&r=g","contentUrl":"https:\/\/secure.gravatar.com\/avatar\/2b43fa8c0ad8e33b46a4732549f7fb20?s=96&d=mm&r=g","caption":"alessandra"},"url":"https:\/\/www.sinpro-rio.org.br\/principal\/author\/alessandra\/"}]}},"_links":{"self":[{"href":"https:\/\/www.sinpro-rio.org.br\/principal\/wp-json\/wp\/v2\/posts\/23775","targetHints":{"allow":["GET"]}}],"collection":[{"href":"https:\/\/www.sinpro-rio.org.br\/principal\/wp-json\/wp\/v2\/posts"}],"about":[{"href":"https:\/\/www.sinpro-rio.org.br\/principal\/wp-json\/wp\/v2\/types\/post"}],"author":[{"embeddable":true,"href":"https:\/\/www.sinpro-rio.org.br\/principal\/wp-json\/wp\/v2\/users\/2"}],"replies":[{"embeddable":true,"href":"https:\/\/www.sinpro-rio.org.br\/principal\/wp-json\/wp\/v2\/comments?post=23775"}],"version-history":[{"count":1,"href":"https:\/\/www.sinpro-rio.org.br\/principal\/wp-json\/wp\/v2\/posts\/23775\/revisions"}],"predecessor-version":[{"id":23777,"href":"https:\/\/www.sinpro-rio.org.br\/principal\/wp-json\/wp\/v2\/posts\/23775\/revisions\/23777"}],"wp:featuredmedia":[{"embeddable":true,"href":"https:\/\/www.sinpro-rio.org.br\/principal\/wp-json\/wp\/v2\/media\/23776"}],"wp:attachment":[{"href":"https:\/\/www.sinpro-rio.org.br\/principal\/wp-json\/wp\/v2\/media?parent=23775"}],"wp:term":[{"taxonomy":"category","embeddable":true,"href":"https:\/\/www.sinpro-rio.org.br\/principal\/wp-json\/wp\/v2\/categories?post=23775"},{"taxonomy":"post_tag","embeddable":true,"href":"https:\/\/www.sinpro-rio.org.br\/principal\/wp-json\/wp\/v2\/tags?post=23775"}],"curies":[{"name":"wp","href":"https:\/\/api.w.org\/{rel}","templated":true}]}}