{"id":23681,"date":"2019-01-03T11:06:15","date_gmt":"2019-01-03T13:06:15","guid":{"rendered":"https:\/\/sinpro-rio.org.br\/principal\/site\/?p=23681"},"modified":"2019-01-03T11:06:18","modified_gmt":"2019-01-03T13:06:18","slug":"carta-ao-excelentissimo-senhor-presidente-da-republica-federativa-do-brasil-jair-messias-bolsonaro-brasilia-df","status":"publish","type":"post","link":"https:\/\/www.sinpro-rio.org.br\/principal\/carta-ao-excelentissimo-senhor-presidente-da-republica-federativa-do-brasil-jair-messias-bolsonaro-brasilia-df\/","title":{"rendered":"CARTA AO EXCELENT\u00cdSSIMO SENHOR PRESIDENTE DA REP\u00daBLICA FEDERATIVA DO BRASIL, JAIR MESSIAS BOLSONARO \u2013 BRAS\u00cdLIA-DF"},"content":{"rendered":"\n<p><br>Manaus, 2 de janeiro de 2019<br>Senhor Presidente,<br>J\u00e1 fomos dizimados, tutelados e v\u00edtimas de pol\u00edtica integracionista de governos e Estado Nacional Brasileiro, por isso vimos em p\u00fablico afirmar que n\u00e3o aceitamos mais pol\u00edtica de integra\u00e7\u00e3o, pol\u00edtica de tutela e n\u00e3o queremos ser dizimados por meios de novas a\u00e7\u00f5es de governo e do Estado Nacional Brasileiro. Esse pa\u00eds chamado Brasil nos deve valor impag\u00e1vel senhor presidente, por tudo aquilo que j\u00e1 foi feito contra e com os nossos povos. As terras ind\u00edgenas t\u00eam um papel muito importante para manuten\u00e7\u00e3o da riqueza da biodiversidade, purifica\u00e7\u00e3o do ar, do equil\u00edbrio ambiental e da pr\u00f3pria sobreviv\u00eancia da popula\u00e7\u00e3o brasileira e do mundo.<br>N\u00e3o \u00e9 verdade que os povos ind\u00edgenas possuem 15% de terras do territ\u00f3rio nacional. Na verdade s\u00e3o 13%, sendo que a maior parte (90%) fica na Amaz\u00f4nia Legal. Esse percentual \u00e9 o que restou como direito sobre a terra que antes era 100% ind\u00edgena antes do ano de 1500 e que nos foi retirado. N\u00e3o somos n\u00f3s que temos grande parte do territ\u00f3rio Brasileiro, mas os grandes latifundi\u00e1rios, ruralistas, agroneg\u00f3cios, etc que possuem mais de 60% do territ\u00f3rio nacional Brasileiro.<br>O argumento de \u201cvazio demogr\u00e1fico\u201d nas terras ind\u00edgenas \u00e9 velho e falso. Serve apenas para justificar medidas siteistrativas e legislativas que s\u00e3o prejudiciais aos povos ind\u00edgenas. As nossas terras nunca s\u00e3o vazios demogr\u00e1ficos. Foram os ind\u00edgenas que ajudaram a proteger as fronteiras brasileiras na Amaz\u00f4nia. <br>Diferente do que o senhor diz de forma preconceituosa, tamb\u00e9m n\u00e3o somos manipulados pelas ONGs. As pol\u00edticas p\u00fablicas, a a\u00e7\u00e3o de governos e do Estado Brasileiro \u00e9 que s\u00e3o ineficientes, insuficientes e fora da realidade dos povos ind\u00edgenas e nossas comunidades.<br>Quem n\u00e3o \u00e9 ind\u00edgena n\u00e3o pode sugerir ou ditar regras de como devemos nos comportar ou agir em nosso territ\u00f3rio e em nosso pa\u00eds. Temos capacidade e autonomia para falar por n\u00f3s mesmos. N\u00f3s temos plena capacidade civil para pensar, discutir os rumos dos povos ind\u00edgenas segundo nossos direitos, que s\u00e3o garantidos nos artigos 231 e 232 da Constitui\u00e7\u00e3o Federal, na Conven\u00e7\u00e3o 169 da Organiza\u00e7\u00e3o Internacional do Trabalho (OIT) e na declara\u00e7\u00e3o da ONU sobre os povos ind\u00edgenas. N\u00f3s temos condi\u00e7\u00f5es de elaborar projetos e iniciativas. Muitos j\u00e1 est\u00e3o elaborados. \u00c9 o caso dos planos de gest\u00e3o de terras ind\u00edgenas aplicados no estado do Amazonas.<br>Senhor Presidente, cumpra com suas falas e discursos de campanha de fazer valer a democracia, pois somos brasileiros que merecemos respeito sobre nossos direitos. N\u00e3o aceitamos a a\u00e7\u00e3o ditatorial, pois contradiz com o discurso do senhor Ministro da Casa Civil  Onyx Lorenzoni que defende o di\u00e1logo. Afirmamos que estamos organizados com lideran\u00e7as e povos capazes de di\u00e1logo com o presidente, Estado brasileiro e governo, pois j\u00e1 aprendemos falar na L\u00edngua Portuguesa, al\u00e9m de nossas l\u00ednguas nativas de cada povo e l\u00ednguas de outras nacionalidades.<br>As mudan\u00e7as feitas na restrutura\u00e7\u00e3o e na reorganiza\u00e7\u00e3o siteistrativa do governo federal atrav\u00e9s de MP n\u00b0 870 do dia 1 de janeiro de 2019 s\u00e3o uma completa desordem e um ataque contra a pol\u00edtica indigenista Brasileiro. Al\u00e9m de prejudicial, pretende inviabilizar os direitos ind\u00edgenas que s\u00e3o constitucionais. O mesmo sobre novo decreto, que tira a compet\u00eancia da Funai de licenciamento que impactam nossos territ\u00f3rios. Essa pr\u00e1tica j\u00e1 aconteceu no passado na hist\u00f3ria Brasileira como uma tentativa agressiva de nos dizimar. Foi um per\u00edodo muito dif\u00edcil e ineficiente do Estado. N\u00e3o aceitamos e n\u00e3o concordamos com suas medidas de reforma siteistrativa para gest\u00e3o da pol\u00edtica indigenista.<br>N\u00e3o somos culpados de ter muitas mudan\u00e7as em nossas vidas e em nossas culturas. Isso \u00e9 fruto de um processo de coloniza\u00e7\u00e3o violento, que matou muitos povos e extinguiu l\u00ednguas nativas. Queremos continuar sendo ind\u00edgenas, com direito a nossa identidade \u00e9tnica, assim como somos brasileiros. O brasileiro quando sai para outros pa\u00edses e outros continentes   continuam sendo brasileiros. N\u00f3s, da mesma forma, e ainda mais quando estamos dentro do Brasil que aprendemos a defender como nossa nacionalidade.<br>Nosso modo de vida \u00e9 diferente. N\u00e3o somos contra quem opta por um modelo econ\u00f4mico ocidental, capitalista. Mas temos nossa forma pr\u00f3pria de viver e se organizar nas nossas terras e temos nossa forma de sustentabilidade. Por isso, n\u00e3o aceitamos desenvolvimento e nem um modelo econ\u00f4mico feito de qualquer jeito e excludente, que apenas impacta nossos territ\u00f3rios. Nossa forma de sustentabilidade \u00e9 para nos manter e garantir o futuro da nossa gera\u00e7\u00e3o.<br>N\u00e3o estamos nos zool\u00f3gicos, senhor Presidente, estamos nas nossas terras, nossas casas, como senhor e como quaisquer sociedades humanas que est\u00e3o nas suas casas, cidades, bairros. Somos pessoas, seres humanos, temos sangue como voc\u00ea, nascemos, crescemos, procriamos e depois morremos na nossa terra sagrada, como qualquer ser humano vivente sobre esta terra.<br>Nossas terras, j\u00e1 comprovado t\u00e9cnica e cientificamente, s\u00e3o garantias de prote\u00e7\u00e3o ambiental, sendo preservadas e manejadas pelos povos ind\u00edgenas, promovendo constantes chuva com qual as planta\u00e7\u00f5es e agroneg\u00f3cios da regi\u00e3o do sul e sudeste s\u00e3o beneficiadas e sabemos disso.<br>Portanto, senhor presidente da Rep\u00fablica Jair Messias Bolsonaro,  considerando a pol\u00edtica de di\u00e1logo do seu governo na democracia, n\u00f3s lideran\u00e7as ind\u00edgenas, representantes leg\u00edtimas, estamos prontos para o di\u00e1logo, mas tamb\u00e9m estamos preparados para nos defender.<\/p>\n\n\n\n<p><strong><em>Carta dos povos Aruak Baniwa e Apurin\u00e3<\/em><\/strong><\/p>\n\n\n\n<ul class=\"wp-block-list\"><li>Marcos Apurin\u00e3 \u2013 Povo Apurin\u00e3<br>Lideran\u00e7a Ind\u00edgena Apurin\u00e3 da Federa\u00e7\u00e3o das Organiza\u00e7\u00f5es e Comunidades Ind\u00edgenas do Rio Purus; contato \u2013 e-mail: marcosapurin@gmail.com.<\/li><li>Bonif\u00e1cio Jose\u00b4- Povo Baniwa <br>Lideran\u00e7a Ind\u00edgena Baniwa do Alto Rio Negro, membro da Organiza\u00e7\u00e3o Baniwa e Koripako NADZOERI; e-mail: bonibaniwa@gmail.com.<\/li><li>Andr\u00e9 Baniwa \u2013 Povo Baniwa <br>Lideran\u00e7a Ind\u00edgena Baniwa do Alto Rio Negro, Terra Ind\u00edgena Alto Rio Negro, Presidente da Organiza\u00e7\u00e3o Ind\u00edgena da Bacia do I\u00e7ana, OIBI; e-mail: andrebaniwa@gmail.com.<\/li><\/ul>\n","protected":false},"excerpt":{"rendered":"<p>Manaus, 2 de janeiro de 2019Senhor Presidente,J\u00e1 fomos dizimados, tutelados e v\u00edtimas de pol\u00edtica integracionista de governos e Estado Nacional Brasileiro, por isso vimos em p\u00fablico afirmar que n\u00e3o aceitamos mais pol\u00edtica de integra\u00e7\u00e3o, pol\u00edtica de tutela e n\u00e3o queremos ser dizimados por meios de novas a\u00e7\u00f5es de governo e do Estado Nacional Brasileiro. Esse [&hellip;]<\/p>\n","protected":false},"author":2,"featured_media":23682,"comment_status":"open","ping_status":"open","sticky":false,"template":"","format":"standard","meta":{"footnotes":""},"categories":[1],"tags":[],"class_list":["post-23681","post","type-post","status-publish","format-standard","has-post-thumbnail","hentry","category-noticias"],"yoast_head":"<!-- This site is optimized with the Yoast SEO plugin v25.7 - https:\/\/yoast.com\/wordpress\/plugins\/seo\/ -->\n<title>CARTA AO EXCELENT\u00cdSSIMO SENHOR PRESIDENTE DA REP\u00daBLICA FEDERATIVA DO BRASIL, JAIR MESSIAS BOLSONARO \u2013 BRAS\u00cdLIA-DF - Sinpro-Rio<\/title>\n<meta name=\"robots\" content=\"index, follow, max-snippet:-1, max-image-preview:large, max-video-preview:-1\" \/>\n<link rel=\"canonical\" href=\"https:\/\/www.sinpro-rio.org.br\/principal\/carta-ao-excelentissimo-senhor-presidente-da-republica-federativa-do-brasil-jair-messias-bolsonaro-brasilia-df\/\" \/>\n<meta property=\"og:locale\" content=\"pt_BR\" \/>\n<meta property=\"og:type\" content=\"article\" \/>\n<meta property=\"og:title\" content=\"CARTA AO EXCELENT\u00cdSSIMO SENHOR PRESIDENTE DA REP\u00daBLICA FEDERATIVA DO BRASIL, JAIR MESSIAS BOLSONARO \u2013 BRAS\u00cdLIA-DF - Sinpro-Rio\" \/>\n<meta property=\"og:description\" content=\"Manaus, 2 de janeiro de 2019Senhor Presidente,J\u00e1 fomos dizimados, tutelados e v\u00edtimas de pol\u00edtica integracionista de governos e Estado Nacional Brasileiro, por isso vimos em p\u00fablico afirmar que n\u00e3o aceitamos mais pol\u00edtica de integra\u00e7\u00e3o, pol\u00edtica de tutela e n\u00e3o queremos ser dizimados por meios de novas a\u00e7\u00f5es de governo e do Estado Nacional Brasileiro. Esse [&hellip;]\" \/>\n<meta property=\"og:url\" content=\"https:\/\/www.sinpro-rio.org.br\/principal\/carta-ao-excelentissimo-senhor-presidente-da-republica-federativa-do-brasil-jair-messias-bolsonaro-brasilia-df\/\" \/>\n<meta property=\"og:site_name\" content=\"Sinpro-Rio\" \/>\n<meta property=\"article:published_time\" content=\"2019-01-03T13:06:15+00:00\" \/>\n<meta property=\"article:modified_time\" content=\"2019-01-03T13:06:18+00:00\" \/>\n<meta property=\"og:image\" content=\"https:\/\/www.sinpro-rio.org.br\/principal\/wp-content\/uploads\/2019\/01\/CARTA.jpg\" \/>\n\t<meta property=\"og:image:width\" content=\"534\" \/>\n\t<meta property=\"og:image:height\" content=\"296\" \/>\n\t<meta property=\"og:image:type\" content=\"image\/jpeg\" \/>\n<meta name=\"author\" content=\"alessandra\" \/>\n<meta name=\"twitter:card\" content=\"summary_large_image\" \/>\n<meta name=\"twitter:label1\" content=\"Escrito por\" \/>\n\t<meta name=\"twitter:data1\" content=\"alessandra\" \/>\n\t<meta name=\"twitter:label2\" content=\"Est. tempo de leitura\" \/>\n\t<meta name=\"twitter:data2\" content=\"5 minutos\" \/>\n<script type=\"application\/ld+json\" class=\"yoast-schema-graph\">{\"@context\":\"https:\/\/schema.org\",\"@graph\":[{\"@type\":\"WebPage\",\"@id\":\"https:\/\/www.sinpro-rio.org.br\/principal\/carta-ao-excelentissimo-senhor-presidente-da-republica-federativa-do-brasil-jair-messias-bolsonaro-brasilia-df\/\",\"url\":\"https:\/\/www.sinpro-rio.org.br\/principal\/carta-ao-excelentissimo-senhor-presidente-da-republica-federativa-do-brasil-jair-messias-bolsonaro-brasilia-df\/\",\"name\":\"CARTA AO EXCELENT\u00cdSSIMO SENHOR PRESIDENTE DA REP\u00daBLICA FEDERATIVA DO BRASIL, JAIR MESSIAS BOLSONARO \u2013 BRAS\u00cdLIA-DF - Sinpro-Rio\",\"isPartOf\":{\"@id\":\"https:\/\/www.sinpro-rio.org.br\/principal\/#website\"},\"primaryImageOfPage\":{\"@id\":\"https:\/\/www.sinpro-rio.org.br\/principal\/carta-ao-excelentissimo-senhor-presidente-da-republica-federativa-do-brasil-jair-messias-bolsonaro-brasilia-df\/#primaryimage\"},\"image\":{\"@id\":\"https:\/\/www.sinpro-rio.org.br\/principal\/carta-ao-excelentissimo-senhor-presidente-da-republica-federativa-do-brasil-jair-messias-bolsonaro-brasilia-df\/#primaryimage\"},\"thumbnailUrl\":\"https:\/\/www.sinpro-rio.org.br\/principal\/wp-content\/uploads\/2019\/01\/CARTA.jpg\",\"datePublished\":\"2019-01-03T13:06:15+00:00\",\"dateModified\":\"2019-01-03T13:06:18+00:00\",\"author\":{\"@id\":\"https:\/\/www.sinpro-rio.org.br\/principal\/#\/schema\/person\/ee17219e64d00d037e511ae59ce2227e\"},\"breadcrumb\":{\"@id\":\"https:\/\/www.sinpro-rio.org.br\/principal\/carta-ao-excelentissimo-senhor-presidente-da-republica-federativa-do-brasil-jair-messias-bolsonaro-brasilia-df\/#breadcrumb\"},\"inLanguage\":\"pt-BR\",\"potentialAction\":[{\"@type\":\"ReadAction\",\"target\":[\"https:\/\/www.sinpro-rio.org.br\/principal\/carta-ao-excelentissimo-senhor-presidente-da-republica-federativa-do-brasil-jair-messias-bolsonaro-brasilia-df\/\"]}]},{\"@type\":\"ImageObject\",\"inLanguage\":\"pt-BR\",\"@id\":\"https:\/\/www.sinpro-rio.org.br\/principal\/carta-ao-excelentissimo-senhor-presidente-da-republica-federativa-do-brasil-jair-messias-bolsonaro-brasilia-df\/#primaryimage\",\"url\":\"https:\/\/www.sinpro-rio.org.br\/principal\/wp-content\/uploads\/2019\/01\/CARTA.jpg\",\"contentUrl\":\"https:\/\/www.sinpro-rio.org.br\/principal\/wp-content\/uploads\/2019\/01\/CARTA.jpg\",\"width\":534,\"height\":296},{\"@type\":\"BreadcrumbList\",\"@id\":\"https:\/\/www.sinpro-rio.org.br\/principal\/carta-ao-excelentissimo-senhor-presidente-da-republica-federativa-do-brasil-jair-messias-bolsonaro-brasilia-df\/#breadcrumb\",\"itemListElement\":[{\"@type\":\"ListItem\",\"position\":1,\"name\":\"In\u00edcio\",\"item\":\"https:\/\/www.sinpro-rio.org.br\/principal\/\"},{\"@type\":\"ListItem\",\"position\":2,\"name\":\"CARTA AO EXCELENT\u00cdSSIMO SENHOR PRESIDENTE DA REP\u00daBLICA FEDERATIVA DO BRASIL, JAIR MESSIAS BOLSONARO \u2013 BRAS\u00cdLIA-DF\"}]},{\"@type\":\"WebSite\",\"@id\":\"https:\/\/www.sinpro-rio.org.br\/principal\/#website\",\"url\":\"https:\/\/www.sinpro-rio.org.br\/principal\/\",\"name\":\"Sinpro-Rio\",\"description\":\"Sindicato dos Professores do Munic\u00edpio do Rio de Janeiro e Regi\u00e3o\",\"potentialAction\":[{\"@type\":\"SearchAction\",\"target\":{\"@type\":\"EntryPoint\",\"urlTemplate\":\"https:\/\/www.sinpro-rio.org.br\/principal\/?s={search_term_string}\"},\"query-input\":{\"@type\":\"PropertyValueSpecification\",\"valueRequired\":true,\"valueName\":\"search_term_string\"}}],\"inLanguage\":\"pt-BR\"},{\"@type\":\"Person\",\"@id\":\"https:\/\/www.sinpro-rio.org.br\/principal\/#\/schema\/person\/ee17219e64d00d037e511ae59ce2227e\",\"name\":\"alessandra\",\"image\":{\"@type\":\"ImageObject\",\"inLanguage\":\"pt-BR\",\"@id\":\"https:\/\/www.sinpro-rio.org.br\/principal\/#\/schema\/person\/image\/\",\"url\":\"https:\/\/secure.gravatar.com\/avatar\/2b43fa8c0ad8e33b46a4732549f7fb20?s=96&d=mm&r=g\",\"contentUrl\":\"https:\/\/secure.gravatar.com\/avatar\/2b43fa8c0ad8e33b46a4732549f7fb20?s=96&d=mm&r=g\",\"caption\":\"alessandra\"},\"url\":\"https:\/\/www.sinpro-rio.org.br\/principal\/author\/alessandra\/\"}]}<\/script>\n<!-- \/ Yoast SEO plugin. -->","yoast_head_json":{"title":"CARTA AO EXCELENT\u00cdSSIMO SENHOR PRESIDENTE DA REP\u00daBLICA FEDERATIVA DO BRASIL, JAIR MESSIAS BOLSONARO \u2013 BRAS\u00cdLIA-DF - Sinpro-Rio","robots":{"index":"index","follow":"follow","max-snippet":"max-snippet:-1","max-image-preview":"max-image-preview:large","max-video-preview":"max-video-preview:-1"},"canonical":"https:\/\/www.sinpro-rio.org.br\/principal\/carta-ao-excelentissimo-senhor-presidente-da-republica-federativa-do-brasil-jair-messias-bolsonaro-brasilia-df\/","og_locale":"pt_BR","og_type":"article","og_title":"CARTA AO EXCELENT\u00cdSSIMO SENHOR PRESIDENTE DA REP\u00daBLICA FEDERATIVA DO BRASIL, JAIR MESSIAS BOLSONARO \u2013 BRAS\u00cdLIA-DF - Sinpro-Rio","og_description":"Manaus, 2 de janeiro de 2019Senhor Presidente,J\u00e1 fomos dizimados, tutelados e v\u00edtimas de pol\u00edtica integracionista de governos e Estado Nacional Brasileiro, por isso vimos em p\u00fablico afirmar que n\u00e3o aceitamos mais pol\u00edtica de integra\u00e7\u00e3o, pol\u00edtica de tutela e n\u00e3o queremos ser dizimados por meios de novas a\u00e7\u00f5es de governo e do Estado Nacional Brasileiro. Esse [&hellip;]","og_url":"https:\/\/www.sinpro-rio.org.br\/principal\/carta-ao-excelentissimo-senhor-presidente-da-republica-federativa-do-brasil-jair-messias-bolsonaro-brasilia-df\/","og_site_name":"Sinpro-Rio","article_published_time":"2019-01-03T13:06:15+00:00","article_modified_time":"2019-01-03T13:06:18+00:00","og_image":[{"width":534,"height":296,"url":"https:\/\/www.sinpro-rio.org.br\/principal\/wp-content\/uploads\/2019\/01\/CARTA.jpg","type":"image\/jpeg"}],"author":"alessandra","twitter_card":"summary_large_image","twitter_misc":{"Escrito por":"alessandra","Est. tempo de leitura":"5 minutos"},"schema":{"@context":"https:\/\/schema.org","@graph":[{"@type":"WebPage","@id":"https:\/\/www.sinpro-rio.org.br\/principal\/carta-ao-excelentissimo-senhor-presidente-da-republica-federativa-do-brasil-jair-messias-bolsonaro-brasilia-df\/","url":"https:\/\/www.sinpro-rio.org.br\/principal\/carta-ao-excelentissimo-senhor-presidente-da-republica-federativa-do-brasil-jair-messias-bolsonaro-brasilia-df\/","name":"CARTA AO EXCELENT\u00cdSSIMO SENHOR PRESIDENTE DA REP\u00daBLICA FEDERATIVA DO BRASIL, JAIR MESSIAS BOLSONARO \u2013 BRAS\u00cdLIA-DF - Sinpro-Rio","isPartOf":{"@id":"https:\/\/www.sinpro-rio.org.br\/principal\/#website"},"primaryImageOfPage":{"@id":"https:\/\/www.sinpro-rio.org.br\/principal\/carta-ao-excelentissimo-senhor-presidente-da-republica-federativa-do-brasil-jair-messias-bolsonaro-brasilia-df\/#primaryimage"},"image":{"@id":"https:\/\/www.sinpro-rio.org.br\/principal\/carta-ao-excelentissimo-senhor-presidente-da-republica-federativa-do-brasil-jair-messias-bolsonaro-brasilia-df\/#primaryimage"},"thumbnailUrl":"https:\/\/www.sinpro-rio.org.br\/principal\/wp-content\/uploads\/2019\/01\/CARTA.jpg","datePublished":"2019-01-03T13:06:15+00:00","dateModified":"2019-01-03T13:06:18+00:00","author":{"@id":"https:\/\/www.sinpro-rio.org.br\/principal\/#\/schema\/person\/ee17219e64d00d037e511ae59ce2227e"},"breadcrumb":{"@id":"https:\/\/www.sinpro-rio.org.br\/principal\/carta-ao-excelentissimo-senhor-presidente-da-republica-federativa-do-brasil-jair-messias-bolsonaro-brasilia-df\/#breadcrumb"},"inLanguage":"pt-BR","potentialAction":[{"@type":"ReadAction","target":["https:\/\/www.sinpro-rio.org.br\/principal\/carta-ao-excelentissimo-senhor-presidente-da-republica-federativa-do-brasil-jair-messias-bolsonaro-brasilia-df\/"]}]},{"@type":"ImageObject","inLanguage":"pt-BR","@id":"https:\/\/www.sinpro-rio.org.br\/principal\/carta-ao-excelentissimo-senhor-presidente-da-republica-federativa-do-brasil-jair-messias-bolsonaro-brasilia-df\/#primaryimage","url":"https:\/\/www.sinpro-rio.org.br\/principal\/wp-content\/uploads\/2019\/01\/CARTA.jpg","contentUrl":"https:\/\/www.sinpro-rio.org.br\/principal\/wp-content\/uploads\/2019\/01\/CARTA.jpg","width":534,"height":296},{"@type":"BreadcrumbList","@id":"https:\/\/www.sinpro-rio.org.br\/principal\/carta-ao-excelentissimo-senhor-presidente-da-republica-federativa-do-brasil-jair-messias-bolsonaro-brasilia-df\/#breadcrumb","itemListElement":[{"@type":"ListItem","position":1,"name":"In\u00edcio","item":"https:\/\/www.sinpro-rio.org.br\/principal\/"},{"@type":"ListItem","position":2,"name":"CARTA AO EXCELENT\u00cdSSIMO SENHOR PRESIDENTE DA REP\u00daBLICA FEDERATIVA DO BRASIL, JAIR MESSIAS BOLSONARO \u2013 BRAS\u00cdLIA-DF"}]},{"@type":"WebSite","@id":"https:\/\/www.sinpro-rio.org.br\/principal\/#website","url":"https:\/\/www.sinpro-rio.org.br\/principal\/","name":"Sinpro-Rio","description":"Sindicato dos Professores do Munic\u00edpio do Rio de Janeiro e Regi\u00e3o","potentialAction":[{"@type":"SearchAction","target":{"@type":"EntryPoint","urlTemplate":"https:\/\/www.sinpro-rio.org.br\/principal\/?s={search_term_string}"},"query-input":{"@type":"PropertyValueSpecification","valueRequired":true,"valueName":"search_term_string"}}],"inLanguage":"pt-BR"},{"@type":"Person","@id":"https:\/\/www.sinpro-rio.org.br\/principal\/#\/schema\/person\/ee17219e64d00d037e511ae59ce2227e","name":"alessandra","image":{"@type":"ImageObject","inLanguage":"pt-BR","@id":"https:\/\/www.sinpro-rio.org.br\/principal\/#\/schema\/person\/image\/","url":"https:\/\/secure.gravatar.com\/avatar\/2b43fa8c0ad8e33b46a4732549f7fb20?s=96&d=mm&r=g","contentUrl":"https:\/\/secure.gravatar.com\/avatar\/2b43fa8c0ad8e33b46a4732549f7fb20?s=96&d=mm&r=g","caption":"alessandra"},"url":"https:\/\/www.sinpro-rio.org.br\/principal\/author\/alessandra\/"}]}},"_links":{"self":[{"href":"https:\/\/www.sinpro-rio.org.br\/principal\/wp-json\/wp\/v2\/posts\/23681","targetHints":{"allow":["GET"]}}],"collection":[{"href":"https:\/\/www.sinpro-rio.org.br\/principal\/wp-json\/wp\/v2\/posts"}],"about":[{"href":"https:\/\/www.sinpro-rio.org.br\/principal\/wp-json\/wp\/v2\/types\/post"}],"author":[{"embeddable":true,"href":"https:\/\/www.sinpro-rio.org.br\/principal\/wp-json\/wp\/v2\/users\/2"}],"replies":[{"embeddable":true,"href":"https:\/\/www.sinpro-rio.org.br\/principal\/wp-json\/wp\/v2\/comments?post=23681"}],"version-history":[{"count":1,"href":"https:\/\/www.sinpro-rio.org.br\/principal\/wp-json\/wp\/v2\/posts\/23681\/revisions"}],"predecessor-version":[{"id":23683,"href":"https:\/\/www.sinpro-rio.org.br\/principal\/wp-json\/wp\/v2\/posts\/23681\/revisions\/23683"}],"wp:featuredmedia":[{"embeddable":true,"href":"https:\/\/www.sinpro-rio.org.br\/principal\/wp-json\/wp\/v2\/media\/23682"}],"wp:attachment":[{"href":"https:\/\/www.sinpro-rio.org.br\/principal\/wp-json\/wp\/v2\/media?parent=23681"}],"wp:term":[{"taxonomy":"category","embeddable":true,"href":"https:\/\/www.sinpro-rio.org.br\/principal\/wp-json\/wp\/v2\/categories?post=23681"},{"taxonomy":"post_tag","embeddable":true,"href":"https:\/\/www.sinpro-rio.org.br\/principal\/wp-json\/wp\/v2\/tags?post=23681"}],"curies":[{"name":"wp","href":"https:\/\/api.w.org\/{rel}","templated":true}]}}