{"id":23636,"date":"2018-12-19T12:01:54","date_gmt":"2018-12-19T14:01:54","guid":{"rendered":"https:\/\/sinpro-rio.org.br\/principal\/site\/?p=23636"},"modified":"2023-07-07T14:39:11","modified_gmt":"2023-07-07T17:39:11","slug":"atencao-professores-as-da-estacio-2","status":"publish","type":"post","link":"https:\/\/www.sinpro-rio.org.br\/principal\/atencao-professores-as-da-estacio-2\/","title":{"rendered":"Demiss\u00f5es em massa na Est\u00e1cio: Justi\u00e7a assegura o acompanhamento das homologa\u00e7\u00f5es pelo Sinpro-Rio"},"content":{"rendered":"\n<p><\/p>\n\n\n\n<p>Mais uma vez, a Universidade Est\u00e1cio chega, ao final do ano, promovendo demiss\u00f5es em massa.<br>Lamentavelmente, a universidade rompeu o processo de negocia\u00e7\u00e3o e insiste em manter as homologa\u00e7\u00f5es em sua sede, impedindo o Sindicato de participar do ato homologat\u00f3rio.<\/p>\n\n\n\n<p>Diante de tamanha intransig\u00eancia, n\u00e3o restou ao Sindicato outra op\u00e7\u00e3o a n\u00e3o ser o ajuizamento de a\u00e7\u00e3o civil p\u00fablica, tendo a liminar sido deferida, garantindo ao Sinpro-Rio acompanhamento aos professores\/as demitido\/ass.<\/p>\n\n\n\n<p>Cabe lembrar que, em 2017, quando das demiss\u00f5es no final do ano, v\u00e1rios professores tiveram suas rescis\u00f5es retificadas at\u00e9 tr\u00eas vezes diante de erros cometidos pela Est\u00e1cio e evidenciados pelo Sinpro-Rio no momento da homologa\u00e7\u00e3o.<\/p>\n\n\n\n<p>Sendo assim, professoras e professores, mais do que nunca \u00e9 importante sua presen\u00e7a na assembleia de hoje, quarta-feira, 19\/12, \u00e0s 18 horas, na sede do Sinpro-Rio, rua Pedro Lessa, 35 \u2013 2\u00ba andar.<\/p>\n\n\n\n<p>DIRETORIA &#8211; SINPRO-RIO<br><\/p>\n","protected":false},"excerpt":{"rendered":"<p>Mais uma vez, a Universidade Est\u00e1cio chega, ao final do ano, promovendo demiss\u00f5es em massa.Lamentavelmente, a universidade rompeu o processo de negocia\u00e7\u00e3o e insiste em manter as homologa\u00e7\u00f5es em sua sede, impedindo o Sindicato de participar do ato homologat\u00f3rio. Diante de tamanha intransig\u00eancia, n\u00e3o restou ao Sindicato outra op\u00e7\u00e3o a n\u00e3o ser o ajuizamento de [&hellip;]<\/p>\n","protected":false},"author":2,"featured_media":23640,"comment_status":"open","ping_status":"open","sticky":false,"template":"","format":"standard","meta":{"footnotes":""},"categories":[1],"tags":[495],"class_list":["post-23636","post","type-post","status-publish","format-standard","has-post-thumbnail","hentry","category-noticias","tag-estacio"],"yoast_head":"<!-- This site is optimized with the Yoast SEO plugin v25.7 - https:\/\/yoast.com\/wordpress\/plugins\/seo\/ -->\n<title>Demiss\u00f5es em massa na Est\u00e1cio: Justi\u00e7a assegura o acompanhamento das homologa\u00e7\u00f5es pelo Sinpro-Rio - Sinpro-Rio<\/title>\n<meta name=\"robots\" content=\"index, follow, max-snippet:-1, max-image-preview:large, max-video-preview:-1\" \/>\n<link rel=\"canonical\" href=\"https:\/\/www.sinpro-rio.org.br\/principal\/atencao-professores-as-da-estacio-2\/\" \/>\n<meta property=\"og:locale\" content=\"pt_BR\" \/>\n<meta property=\"og:type\" content=\"article\" \/>\n<meta property=\"og:title\" content=\"Demiss\u00f5es em massa na Est\u00e1cio: Justi\u00e7a assegura o acompanhamento das homologa\u00e7\u00f5es pelo Sinpro-Rio - Sinpro-Rio\" \/>\n<meta property=\"og:description\" content=\"Mais uma vez, a Universidade Est\u00e1cio chega, ao final do ano, promovendo demiss\u00f5es em massa.Lamentavelmente, a universidade rompeu o processo de negocia\u00e7\u00e3o e insiste em manter as homologa\u00e7\u00f5es em sua sede, impedindo o Sindicato de participar do ato homologat\u00f3rio. Diante de tamanha intransig\u00eancia, n\u00e3o restou ao Sindicato outra op\u00e7\u00e3o a n\u00e3o ser o ajuizamento de [&hellip;]\" \/>\n<meta property=\"og:url\" content=\"https:\/\/www.sinpro-rio.org.br\/principal\/atencao-professores-as-da-estacio-2\/\" \/>\n<meta property=\"og:site_name\" content=\"Sinpro-Rio\" \/>\n<meta property=\"article:published_time\" content=\"2018-12-19T14:01:54+00:00\" \/>\n<meta property=\"article:modified_time\" content=\"2023-07-07T17:39:11+00:00\" \/>\n<meta property=\"og:image\" content=\"https:\/\/www.sinpro-rio.org.br\/principal\/wp-content\/uploads\/2018\/12\/FACEBOOK-1.jpg\" \/>\n\t<meta property=\"og:image:width\" content=\"733\" \/>\n\t<meta property=\"og:image:height\" content=\"304\" \/>\n\t<meta property=\"og:image:type\" content=\"image\/jpeg\" \/>\n<meta name=\"author\" content=\"alessandra\" \/>\n<meta name=\"twitter:card\" content=\"summary_large_image\" \/>\n<meta name=\"twitter:label1\" content=\"Escrito por\" \/>\n\t<meta name=\"twitter:data1\" content=\"alessandra\" \/>\n\t<meta name=\"twitter:label2\" content=\"Est. tempo de leitura\" \/>\n\t<meta name=\"twitter:data2\" content=\"1 minuto\" \/>\n<script type=\"application\/ld+json\" class=\"yoast-schema-graph\">{\"@context\":\"https:\/\/schema.org\",\"@graph\":[{\"@type\":\"WebPage\",\"@id\":\"https:\/\/www.sinpro-rio.org.br\/principal\/atencao-professores-as-da-estacio-2\/\",\"url\":\"https:\/\/www.sinpro-rio.org.br\/principal\/atencao-professores-as-da-estacio-2\/\",\"name\":\"Demiss\u00f5es em massa na Est\u00e1cio: Justi\u00e7a assegura o acompanhamento das homologa\u00e7\u00f5es pelo Sinpro-Rio - Sinpro-Rio\",\"isPartOf\":{\"@id\":\"https:\/\/www.sinpro-rio.org.br\/principal\/#website\"},\"primaryImageOfPage\":{\"@id\":\"https:\/\/www.sinpro-rio.org.br\/principal\/atencao-professores-as-da-estacio-2\/#primaryimage\"},\"image\":{\"@id\":\"https:\/\/www.sinpro-rio.org.br\/principal\/atencao-professores-as-da-estacio-2\/#primaryimage\"},\"thumbnailUrl\":\"https:\/\/www.sinpro-rio.org.br\/principal\/wp-content\/uploads\/2018\/12\/FACEBOOK-1.jpg\",\"datePublished\":\"2018-12-19T14:01:54+00:00\",\"dateModified\":\"2023-07-07T17:39:11+00:00\",\"author\":{\"@id\":\"https:\/\/www.sinpro-rio.org.br\/principal\/#\/schema\/person\/ee17219e64d00d037e511ae59ce2227e\"},\"breadcrumb\":{\"@id\":\"https:\/\/www.sinpro-rio.org.br\/principal\/atencao-professores-as-da-estacio-2\/#breadcrumb\"},\"inLanguage\":\"pt-BR\",\"potentialAction\":[{\"@type\":\"ReadAction\",\"target\":[\"https:\/\/www.sinpro-rio.org.br\/principal\/atencao-professores-as-da-estacio-2\/\"]}]},{\"@type\":\"ImageObject\",\"inLanguage\":\"pt-BR\",\"@id\":\"https:\/\/www.sinpro-rio.org.br\/principal\/atencao-professores-as-da-estacio-2\/#primaryimage\",\"url\":\"https:\/\/www.sinpro-rio.org.br\/principal\/wp-content\/uploads\/2018\/12\/FACEBOOK-1.jpg\",\"contentUrl\":\"https:\/\/www.sinpro-rio.org.br\/principal\/wp-content\/uploads\/2018\/12\/FACEBOOK-1.jpg\",\"width\":733,\"height\":304},{\"@type\":\"BreadcrumbList\",\"@id\":\"https:\/\/www.sinpro-rio.org.br\/principal\/atencao-professores-as-da-estacio-2\/#breadcrumb\",\"itemListElement\":[{\"@type\":\"ListItem\",\"position\":1,\"name\":\"In\u00edcio\",\"item\":\"https:\/\/www.sinpro-rio.org.br\/principal\/\"},{\"@type\":\"ListItem\",\"position\":2,\"name\":\"Demiss\u00f5es em massa na Est\u00e1cio: Justi\u00e7a assegura o acompanhamento das homologa\u00e7\u00f5es pelo Sinpro-Rio\"}]},{\"@type\":\"WebSite\",\"@id\":\"https:\/\/www.sinpro-rio.org.br\/principal\/#website\",\"url\":\"https:\/\/www.sinpro-rio.org.br\/principal\/\",\"name\":\"Sinpro-Rio\",\"description\":\"Sindicato dos Professores do Munic\u00edpio do Rio de Janeiro e Regi\u00e3o\",\"potentialAction\":[{\"@type\":\"SearchAction\",\"target\":{\"@type\":\"EntryPoint\",\"urlTemplate\":\"https:\/\/www.sinpro-rio.org.br\/principal\/?s={search_term_string}\"},\"query-input\":{\"@type\":\"PropertyValueSpecification\",\"valueRequired\":true,\"valueName\":\"search_term_string\"}}],\"inLanguage\":\"pt-BR\"},{\"@type\":\"Person\",\"@id\":\"https:\/\/www.sinpro-rio.org.br\/principal\/#\/schema\/person\/ee17219e64d00d037e511ae59ce2227e\",\"name\":\"alessandra\",\"image\":{\"@type\":\"ImageObject\",\"inLanguage\":\"pt-BR\",\"@id\":\"https:\/\/www.sinpro-rio.org.br\/principal\/#\/schema\/person\/image\/\",\"url\":\"https:\/\/secure.gravatar.com\/avatar\/2b43fa8c0ad8e33b46a4732549f7fb20?s=96&d=mm&r=g\",\"contentUrl\":\"https:\/\/secure.gravatar.com\/avatar\/2b43fa8c0ad8e33b46a4732549f7fb20?s=96&d=mm&r=g\",\"caption\":\"alessandra\"},\"url\":\"https:\/\/www.sinpro-rio.org.br\/principal\/author\/alessandra\/\"}]}<\/script>\n<!-- \/ Yoast SEO plugin. -->","yoast_head_json":{"title":"Demiss\u00f5es em massa na Est\u00e1cio: Justi\u00e7a assegura o acompanhamento das homologa\u00e7\u00f5es pelo Sinpro-Rio - Sinpro-Rio","robots":{"index":"index","follow":"follow","max-snippet":"max-snippet:-1","max-image-preview":"max-image-preview:large","max-video-preview":"max-video-preview:-1"},"canonical":"https:\/\/www.sinpro-rio.org.br\/principal\/atencao-professores-as-da-estacio-2\/","og_locale":"pt_BR","og_type":"article","og_title":"Demiss\u00f5es em massa na Est\u00e1cio: Justi\u00e7a assegura o acompanhamento das homologa\u00e7\u00f5es pelo Sinpro-Rio - Sinpro-Rio","og_description":"Mais uma vez, a Universidade Est\u00e1cio chega, ao final do ano, promovendo demiss\u00f5es em massa.Lamentavelmente, a universidade rompeu o processo de negocia\u00e7\u00e3o e insiste em manter as homologa\u00e7\u00f5es em sua sede, impedindo o Sindicato de participar do ato homologat\u00f3rio. Diante de tamanha intransig\u00eancia, n\u00e3o restou ao Sindicato outra op\u00e7\u00e3o a n\u00e3o ser o ajuizamento de [&hellip;]","og_url":"https:\/\/www.sinpro-rio.org.br\/principal\/atencao-professores-as-da-estacio-2\/","og_site_name":"Sinpro-Rio","article_published_time":"2018-12-19T14:01:54+00:00","article_modified_time":"2023-07-07T17:39:11+00:00","og_image":[{"width":733,"height":304,"url":"https:\/\/www.sinpro-rio.org.br\/principal\/wp-content\/uploads\/2018\/12\/FACEBOOK-1.jpg","type":"image\/jpeg"}],"author":"alessandra","twitter_card":"summary_large_image","twitter_misc":{"Escrito por":"alessandra","Est. tempo de leitura":"1 minuto"},"schema":{"@context":"https:\/\/schema.org","@graph":[{"@type":"WebPage","@id":"https:\/\/www.sinpro-rio.org.br\/principal\/atencao-professores-as-da-estacio-2\/","url":"https:\/\/www.sinpro-rio.org.br\/principal\/atencao-professores-as-da-estacio-2\/","name":"Demiss\u00f5es em massa na Est\u00e1cio: Justi\u00e7a assegura o acompanhamento das homologa\u00e7\u00f5es pelo Sinpro-Rio - Sinpro-Rio","isPartOf":{"@id":"https:\/\/www.sinpro-rio.org.br\/principal\/#website"},"primaryImageOfPage":{"@id":"https:\/\/www.sinpro-rio.org.br\/principal\/atencao-professores-as-da-estacio-2\/#primaryimage"},"image":{"@id":"https:\/\/www.sinpro-rio.org.br\/principal\/atencao-professores-as-da-estacio-2\/#primaryimage"},"thumbnailUrl":"https:\/\/www.sinpro-rio.org.br\/principal\/wp-content\/uploads\/2018\/12\/FACEBOOK-1.jpg","datePublished":"2018-12-19T14:01:54+00:00","dateModified":"2023-07-07T17:39:11+00:00","author":{"@id":"https:\/\/www.sinpro-rio.org.br\/principal\/#\/schema\/person\/ee17219e64d00d037e511ae59ce2227e"},"breadcrumb":{"@id":"https:\/\/www.sinpro-rio.org.br\/principal\/atencao-professores-as-da-estacio-2\/#breadcrumb"},"inLanguage":"pt-BR","potentialAction":[{"@type":"ReadAction","target":["https:\/\/www.sinpro-rio.org.br\/principal\/atencao-professores-as-da-estacio-2\/"]}]},{"@type":"ImageObject","inLanguage":"pt-BR","@id":"https:\/\/www.sinpro-rio.org.br\/principal\/atencao-professores-as-da-estacio-2\/#primaryimage","url":"https:\/\/www.sinpro-rio.org.br\/principal\/wp-content\/uploads\/2018\/12\/FACEBOOK-1.jpg","contentUrl":"https:\/\/www.sinpro-rio.org.br\/principal\/wp-content\/uploads\/2018\/12\/FACEBOOK-1.jpg","width":733,"height":304},{"@type":"BreadcrumbList","@id":"https:\/\/www.sinpro-rio.org.br\/principal\/atencao-professores-as-da-estacio-2\/#breadcrumb","itemListElement":[{"@type":"ListItem","position":1,"name":"In\u00edcio","item":"https:\/\/www.sinpro-rio.org.br\/principal\/"},{"@type":"ListItem","position":2,"name":"Demiss\u00f5es em massa na Est\u00e1cio: Justi\u00e7a assegura o acompanhamento das homologa\u00e7\u00f5es pelo Sinpro-Rio"}]},{"@type":"WebSite","@id":"https:\/\/www.sinpro-rio.org.br\/principal\/#website","url":"https:\/\/www.sinpro-rio.org.br\/principal\/","name":"Sinpro-Rio","description":"Sindicato dos Professores do Munic\u00edpio do Rio de Janeiro e Regi\u00e3o","potentialAction":[{"@type":"SearchAction","target":{"@type":"EntryPoint","urlTemplate":"https:\/\/www.sinpro-rio.org.br\/principal\/?s={search_term_string}"},"query-input":{"@type":"PropertyValueSpecification","valueRequired":true,"valueName":"search_term_string"}}],"inLanguage":"pt-BR"},{"@type":"Person","@id":"https:\/\/www.sinpro-rio.org.br\/principal\/#\/schema\/person\/ee17219e64d00d037e511ae59ce2227e","name":"alessandra","image":{"@type":"ImageObject","inLanguage":"pt-BR","@id":"https:\/\/www.sinpro-rio.org.br\/principal\/#\/schema\/person\/image\/","url":"https:\/\/secure.gravatar.com\/avatar\/2b43fa8c0ad8e33b46a4732549f7fb20?s=96&d=mm&r=g","contentUrl":"https:\/\/secure.gravatar.com\/avatar\/2b43fa8c0ad8e33b46a4732549f7fb20?s=96&d=mm&r=g","caption":"alessandra"},"url":"https:\/\/www.sinpro-rio.org.br\/principal\/author\/alessandra\/"}]}},"_links":{"self":[{"href":"https:\/\/www.sinpro-rio.org.br\/principal\/wp-json\/wp\/v2\/posts\/23636","targetHints":{"allow":["GET"]}}],"collection":[{"href":"https:\/\/www.sinpro-rio.org.br\/principal\/wp-json\/wp\/v2\/posts"}],"about":[{"href":"https:\/\/www.sinpro-rio.org.br\/principal\/wp-json\/wp\/v2\/types\/post"}],"author":[{"embeddable":true,"href":"https:\/\/www.sinpro-rio.org.br\/principal\/wp-json\/wp\/v2\/users\/2"}],"replies":[{"embeddable":true,"href":"https:\/\/www.sinpro-rio.org.br\/principal\/wp-json\/wp\/v2\/comments?post=23636"}],"version-history":[{"count":2,"href":"https:\/\/www.sinpro-rio.org.br\/principal\/wp-json\/wp\/v2\/posts\/23636\/revisions"}],"predecessor-version":[{"id":23642,"href":"https:\/\/www.sinpro-rio.org.br\/principal\/wp-json\/wp\/v2\/posts\/23636\/revisions\/23642"}],"wp:featuredmedia":[{"embeddable":true,"href":"https:\/\/www.sinpro-rio.org.br\/principal\/wp-json\/wp\/v2\/media\/23640"}],"wp:attachment":[{"href":"https:\/\/www.sinpro-rio.org.br\/principal\/wp-json\/wp\/v2\/media?parent=23636"}],"wp:term":[{"taxonomy":"category","embeddable":true,"href":"https:\/\/www.sinpro-rio.org.br\/principal\/wp-json\/wp\/v2\/categories?post=23636"},{"taxonomy":"post_tag","embeddable":true,"href":"https:\/\/www.sinpro-rio.org.br\/principal\/wp-json\/wp\/v2\/tags?post=23636"}],"curies":[{"name":"wp","href":"https:\/\/api.w.org\/{rel}","templated":true}]}}