{"id":23624,"date":"2018-12-13T09:19:02","date_gmt":"2018-12-13T11:19:02","guid":{"rendered":"http:\/\/sinpro-rio.org.br\/principal\/site\/?p=23624"},"modified":"2023-07-07T14:40:04","modified_gmt":"2023-07-07T17:40:04","slug":"nota-do-sinpro-rio-sobre-as-demissoes","status":"publish","type":"post","link":"https:\/\/www.sinpro-rio.org.br\/principal\/nota-do-sinpro-rio-sobre-as-demissoes\/","title":{"rendered":"NOTA DO SINPRO-RIO SOBRE AS DEMISS\u00d5ES"},"content":{"rendered":"\n<p>PROFESSORAS E PROFESSORES DA EST\u00c1CIO,<\/p>\n\n\n\n<p>A hist\u00f3ria se repete. Chegamos ao final do ano letivo e a Est\u00e1cio inicia o processo demissional.<\/p>\n\n\n\n<p>O Sinpro-Rio teve ci\u00eancia, nesta noite de quarta-feira, que in\u00fameros professores e professoras j\u00e1 foram dispensados.<\/p>\n\n\n\n<p>O MAIS GRAVE: o aviso pr\u00e9vio, a Est\u00e1cio informa que as homologa\u00e7\u00f5es acontecer\u00e3o na sua sede na Rua do Bispo.<\/p>\n\n\n\n<p>Isto significa que o professor n\u00e3o ter\u00e1 a assist\u00eancia no ato homologat\u00f3rio do representante do Sinpro-Rio.<\/p>\n\n\n\n<p>\u00c9 fundamental relembrar que nas demiss\u00f5es de dezembro de 2017, TODAS AS HOMOLOGA\u00c7\u00d5ES ESTAVAM ERRADAS e as a\u00e7\u00f5es judiciais e a press\u00e3o dos professores e das professoras obrigaram a Est\u00e1cio a pagar a diferen\u00e7a das verbas rescis\u00f3rias no m\u00eas de fevereiro de 2018.<\/p>\n\n\n\n<p>Desta vez, parece que a Est\u00e1cio n\u00e3o quer a presen\u00e7a do Sindicato nas homologa\u00e7\u00f5es.<\/p>\n\n\n\n<p>O Sinpro-Rio convoca todos os professores e professoras , independente de recebimento de aviso de dispensa, para uma assembleia que acontecer\u00e1 na sexta-feira, dia 14 de dezembro, \u00e0s 10h30, em sua sede na Rua Pedro Lessa, 35, 2\u00b0andar, para debater e deliberar sobre a assist\u00eancia sindical no ato da homologa\u00e7\u00e3o das rescis\u00f5es e sobre poss\u00edvel ajuizamento de a\u00e7\u00e3o civil p\u00fablica contra a Est\u00e1cio.<\/p>\n\n\n\n<p>Oswaldo Teles&nbsp;<br>Presidente do Sinpro-Rio<\/p>\n","protected":false},"excerpt":{"rendered":"<p>PROFESSORAS E PROFESSORES DA EST\u00c1CIO, A hist\u00f3ria se repete. Chegamos ao final do ano letivo e a Est\u00e1cio inicia o processo demissional. O Sinpro-Rio teve ci\u00eancia, nesta noite de quarta-feira, que in\u00fameros professores e professoras j\u00e1 foram dispensados. O MAIS GRAVE: o aviso pr\u00e9vio, a Est\u00e1cio informa que as homologa\u00e7\u00f5es acontecer\u00e3o na sua sede na [&hellip;]<\/p>\n","protected":false},"author":2,"featured_media":23625,"comment_status":"open","ping_status":"open","sticky":false,"template":"","format":"standard","meta":{"footnotes":""},"categories":[1],"tags":[495],"class_list":["post-23624","post","type-post","status-publish","format-standard","has-post-thumbnail","hentry","category-noticias","tag-estacio"],"yoast_head":"<!-- This site is optimized with the Yoast SEO plugin v25.7 - https:\/\/yoast.com\/wordpress\/plugins\/seo\/ -->\n<title>NOTA DO SINPRO-RIO SOBRE AS DEMISS\u00d5ES - Sinpro-Rio<\/title>\n<meta name=\"robots\" content=\"index, follow, max-snippet:-1, max-image-preview:large, max-video-preview:-1\" \/>\n<link rel=\"canonical\" href=\"https:\/\/www.sinpro-rio.org.br\/principal\/nota-do-sinpro-rio-sobre-as-demissoes\/\" \/>\n<meta property=\"og:locale\" content=\"pt_BR\" \/>\n<meta property=\"og:type\" content=\"article\" \/>\n<meta property=\"og:title\" content=\"NOTA DO SINPRO-RIO SOBRE AS DEMISS\u00d5ES - Sinpro-Rio\" \/>\n<meta property=\"og:description\" content=\"PROFESSORAS E PROFESSORES DA EST\u00c1CIO, A hist\u00f3ria se repete. Chegamos ao final do ano letivo e a Est\u00e1cio inicia o processo demissional. O Sinpro-Rio teve ci\u00eancia, nesta noite de quarta-feira, que in\u00fameros professores e professoras j\u00e1 foram dispensados. O MAIS GRAVE: o aviso pr\u00e9vio, a Est\u00e1cio informa que as homologa\u00e7\u00f5es acontecer\u00e3o na sua sede na [&hellip;]\" \/>\n<meta property=\"og:url\" content=\"https:\/\/www.sinpro-rio.org.br\/principal\/nota-do-sinpro-rio-sobre-as-demissoes\/\" \/>\n<meta property=\"og:site_name\" content=\"Sinpro-Rio\" \/>\n<meta property=\"article:published_time\" content=\"2018-12-13T11:19:02+00:00\" \/>\n<meta property=\"article:modified_time\" content=\"2023-07-07T17:40:04+00:00\" \/>\n<meta property=\"og:image\" content=\"https:\/\/www.sinpro-rio.org.br\/principal\/wp-content\/uploads\/2018\/12\/demissoes-estacio.jpg\" \/>\n\t<meta property=\"og:image:width\" content=\"630\" \/>\n\t<meta property=\"og:image:height\" content=\"320\" \/>\n\t<meta property=\"og:image:type\" content=\"image\/jpeg\" \/>\n<meta name=\"author\" content=\"alessandra\" \/>\n<meta name=\"twitter:card\" content=\"summary_large_image\" \/>\n<meta name=\"twitter:label1\" content=\"Escrito por\" \/>\n\t<meta name=\"twitter:data1\" content=\"alessandra\" \/>\n\t<meta name=\"twitter:label2\" content=\"Est. tempo de leitura\" \/>\n\t<meta name=\"twitter:data2\" content=\"1 minuto\" \/>\n<script type=\"application\/ld+json\" class=\"yoast-schema-graph\">{\"@context\":\"https:\/\/schema.org\",\"@graph\":[{\"@type\":\"WebPage\",\"@id\":\"https:\/\/www.sinpro-rio.org.br\/principal\/nota-do-sinpro-rio-sobre-as-demissoes\/\",\"url\":\"https:\/\/www.sinpro-rio.org.br\/principal\/nota-do-sinpro-rio-sobre-as-demissoes\/\",\"name\":\"NOTA DO SINPRO-RIO SOBRE AS DEMISS\u00d5ES - Sinpro-Rio\",\"isPartOf\":{\"@id\":\"https:\/\/www.sinpro-rio.org.br\/principal\/#website\"},\"primaryImageOfPage\":{\"@id\":\"https:\/\/www.sinpro-rio.org.br\/principal\/nota-do-sinpro-rio-sobre-as-demissoes\/#primaryimage\"},\"image\":{\"@id\":\"https:\/\/www.sinpro-rio.org.br\/principal\/nota-do-sinpro-rio-sobre-as-demissoes\/#primaryimage\"},\"thumbnailUrl\":\"https:\/\/www.sinpro-rio.org.br\/principal\/wp-content\/uploads\/2018\/12\/demissoes-estacio.jpg\",\"datePublished\":\"2018-12-13T11:19:02+00:00\",\"dateModified\":\"2023-07-07T17:40:04+00:00\",\"author\":{\"@id\":\"https:\/\/www.sinpro-rio.org.br\/principal\/#\/schema\/person\/ee17219e64d00d037e511ae59ce2227e\"},\"breadcrumb\":{\"@id\":\"https:\/\/www.sinpro-rio.org.br\/principal\/nota-do-sinpro-rio-sobre-as-demissoes\/#breadcrumb\"},\"inLanguage\":\"pt-BR\",\"potentialAction\":[{\"@type\":\"ReadAction\",\"target\":[\"https:\/\/www.sinpro-rio.org.br\/principal\/nota-do-sinpro-rio-sobre-as-demissoes\/\"]}]},{\"@type\":\"ImageObject\",\"inLanguage\":\"pt-BR\",\"@id\":\"https:\/\/www.sinpro-rio.org.br\/principal\/nota-do-sinpro-rio-sobre-as-demissoes\/#primaryimage\",\"url\":\"https:\/\/www.sinpro-rio.org.br\/principal\/wp-content\/uploads\/2018\/12\/demissoes-estacio.jpg\",\"contentUrl\":\"https:\/\/www.sinpro-rio.org.br\/principal\/wp-content\/uploads\/2018\/12\/demissoes-estacio.jpg\",\"width\":630,\"height\":320},{\"@type\":\"BreadcrumbList\",\"@id\":\"https:\/\/www.sinpro-rio.org.br\/principal\/nota-do-sinpro-rio-sobre-as-demissoes\/#breadcrumb\",\"itemListElement\":[{\"@type\":\"ListItem\",\"position\":1,\"name\":\"In\u00edcio\",\"item\":\"https:\/\/www.sinpro-rio.org.br\/principal\/\"},{\"@type\":\"ListItem\",\"position\":2,\"name\":\"NOTA DO SINPRO-RIO SOBRE AS DEMISS\u00d5ES\"}]},{\"@type\":\"WebSite\",\"@id\":\"https:\/\/www.sinpro-rio.org.br\/principal\/#website\",\"url\":\"https:\/\/www.sinpro-rio.org.br\/principal\/\",\"name\":\"Sinpro-Rio\",\"description\":\"Sindicato dos Professores do Munic\u00edpio do Rio de Janeiro e Regi\u00e3o\",\"potentialAction\":[{\"@type\":\"SearchAction\",\"target\":{\"@type\":\"EntryPoint\",\"urlTemplate\":\"https:\/\/www.sinpro-rio.org.br\/principal\/?s={search_term_string}\"},\"query-input\":{\"@type\":\"PropertyValueSpecification\",\"valueRequired\":true,\"valueName\":\"search_term_string\"}}],\"inLanguage\":\"pt-BR\"},{\"@type\":\"Person\",\"@id\":\"https:\/\/www.sinpro-rio.org.br\/principal\/#\/schema\/person\/ee17219e64d00d037e511ae59ce2227e\",\"name\":\"alessandra\",\"image\":{\"@type\":\"ImageObject\",\"inLanguage\":\"pt-BR\",\"@id\":\"https:\/\/www.sinpro-rio.org.br\/principal\/#\/schema\/person\/image\/\",\"url\":\"https:\/\/secure.gravatar.com\/avatar\/2b43fa8c0ad8e33b46a4732549f7fb20?s=96&d=mm&r=g\",\"contentUrl\":\"https:\/\/secure.gravatar.com\/avatar\/2b43fa8c0ad8e33b46a4732549f7fb20?s=96&d=mm&r=g\",\"caption\":\"alessandra\"},\"url\":\"https:\/\/www.sinpro-rio.org.br\/principal\/author\/alessandra\/\"}]}<\/script>\n<!-- \/ Yoast SEO plugin. -->","yoast_head_json":{"title":"NOTA DO SINPRO-RIO SOBRE AS DEMISS\u00d5ES - Sinpro-Rio","robots":{"index":"index","follow":"follow","max-snippet":"max-snippet:-1","max-image-preview":"max-image-preview:large","max-video-preview":"max-video-preview:-1"},"canonical":"https:\/\/www.sinpro-rio.org.br\/principal\/nota-do-sinpro-rio-sobre-as-demissoes\/","og_locale":"pt_BR","og_type":"article","og_title":"NOTA DO SINPRO-RIO SOBRE AS DEMISS\u00d5ES - Sinpro-Rio","og_description":"PROFESSORAS E PROFESSORES DA EST\u00c1CIO, A hist\u00f3ria se repete. Chegamos ao final do ano letivo e a Est\u00e1cio inicia o processo demissional. O Sinpro-Rio teve ci\u00eancia, nesta noite de quarta-feira, que in\u00fameros professores e professoras j\u00e1 foram dispensados. O MAIS GRAVE: o aviso pr\u00e9vio, a Est\u00e1cio informa que as homologa\u00e7\u00f5es acontecer\u00e3o na sua sede na [&hellip;]","og_url":"https:\/\/www.sinpro-rio.org.br\/principal\/nota-do-sinpro-rio-sobre-as-demissoes\/","og_site_name":"Sinpro-Rio","article_published_time":"2018-12-13T11:19:02+00:00","article_modified_time":"2023-07-07T17:40:04+00:00","og_image":[{"width":630,"height":320,"url":"https:\/\/www.sinpro-rio.org.br\/principal\/wp-content\/uploads\/2018\/12\/demissoes-estacio.jpg","type":"image\/jpeg"}],"author":"alessandra","twitter_card":"summary_large_image","twitter_misc":{"Escrito por":"alessandra","Est. tempo de leitura":"1 minuto"},"schema":{"@context":"https:\/\/schema.org","@graph":[{"@type":"WebPage","@id":"https:\/\/www.sinpro-rio.org.br\/principal\/nota-do-sinpro-rio-sobre-as-demissoes\/","url":"https:\/\/www.sinpro-rio.org.br\/principal\/nota-do-sinpro-rio-sobre-as-demissoes\/","name":"NOTA DO SINPRO-RIO SOBRE AS DEMISS\u00d5ES - Sinpro-Rio","isPartOf":{"@id":"https:\/\/www.sinpro-rio.org.br\/principal\/#website"},"primaryImageOfPage":{"@id":"https:\/\/www.sinpro-rio.org.br\/principal\/nota-do-sinpro-rio-sobre-as-demissoes\/#primaryimage"},"image":{"@id":"https:\/\/www.sinpro-rio.org.br\/principal\/nota-do-sinpro-rio-sobre-as-demissoes\/#primaryimage"},"thumbnailUrl":"https:\/\/www.sinpro-rio.org.br\/principal\/wp-content\/uploads\/2018\/12\/demissoes-estacio.jpg","datePublished":"2018-12-13T11:19:02+00:00","dateModified":"2023-07-07T17:40:04+00:00","author":{"@id":"https:\/\/www.sinpro-rio.org.br\/principal\/#\/schema\/person\/ee17219e64d00d037e511ae59ce2227e"},"breadcrumb":{"@id":"https:\/\/www.sinpro-rio.org.br\/principal\/nota-do-sinpro-rio-sobre-as-demissoes\/#breadcrumb"},"inLanguage":"pt-BR","potentialAction":[{"@type":"ReadAction","target":["https:\/\/www.sinpro-rio.org.br\/principal\/nota-do-sinpro-rio-sobre-as-demissoes\/"]}]},{"@type":"ImageObject","inLanguage":"pt-BR","@id":"https:\/\/www.sinpro-rio.org.br\/principal\/nota-do-sinpro-rio-sobre-as-demissoes\/#primaryimage","url":"https:\/\/www.sinpro-rio.org.br\/principal\/wp-content\/uploads\/2018\/12\/demissoes-estacio.jpg","contentUrl":"https:\/\/www.sinpro-rio.org.br\/principal\/wp-content\/uploads\/2018\/12\/demissoes-estacio.jpg","width":630,"height":320},{"@type":"BreadcrumbList","@id":"https:\/\/www.sinpro-rio.org.br\/principal\/nota-do-sinpro-rio-sobre-as-demissoes\/#breadcrumb","itemListElement":[{"@type":"ListItem","position":1,"name":"In\u00edcio","item":"https:\/\/www.sinpro-rio.org.br\/principal\/"},{"@type":"ListItem","position":2,"name":"NOTA DO SINPRO-RIO SOBRE AS DEMISS\u00d5ES"}]},{"@type":"WebSite","@id":"https:\/\/www.sinpro-rio.org.br\/principal\/#website","url":"https:\/\/www.sinpro-rio.org.br\/principal\/","name":"Sinpro-Rio","description":"Sindicato dos Professores do Munic\u00edpio do Rio de Janeiro e Regi\u00e3o","potentialAction":[{"@type":"SearchAction","target":{"@type":"EntryPoint","urlTemplate":"https:\/\/www.sinpro-rio.org.br\/principal\/?s={search_term_string}"},"query-input":{"@type":"PropertyValueSpecification","valueRequired":true,"valueName":"search_term_string"}}],"inLanguage":"pt-BR"},{"@type":"Person","@id":"https:\/\/www.sinpro-rio.org.br\/principal\/#\/schema\/person\/ee17219e64d00d037e511ae59ce2227e","name":"alessandra","image":{"@type":"ImageObject","inLanguage":"pt-BR","@id":"https:\/\/www.sinpro-rio.org.br\/principal\/#\/schema\/person\/image\/","url":"https:\/\/secure.gravatar.com\/avatar\/2b43fa8c0ad8e33b46a4732549f7fb20?s=96&d=mm&r=g","contentUrl":"https:\/\/secure.gravatar.com\/avatar\/2b43fa8c0ad8e33b46a4732549f7fb20?s=96&d=mm&r=g","caption":"alessandra"},"url":"https:\/\/www.sinpro-rio.org.br\/principal\/author\/alessandra\/"}]}},"_links":{"self":[{"href":"https:\/\/www.sinpro-rio.org.br\/principal\/wp-json\/wp\/v2\/posts\/23624","targetHints":{"allow":["GET"]}}],"collection":[{"href":"https:\/\/www.sinpro-rio.org.br\/principal\/wp-json\/wp\/v2\/posts"}],"about":[{"href":"https:\/\/www.sinpro-rio.org.br\/principal\/wp-json\/wp\/v2\/types\/post"}],"author":[{"embeddable":true,"href":"https:\/\/www.sinpro-rio.org.br\/principal\/wp-json\/wp\/v2\/users\/2"}],"replies":[{"embeddable":true,"href":"https:\/\/www.sinpro-rio.org.br\/principal\/wp-json\/wp\/v2\/comments?post=23624"}],"version-history":[{"count":2,"href":"https:\/\/www.sinpro-rio.org.br\/principal\/wp-json\/wp\/v2\/posts\/23624\/revisions"}],"predecessor-version":[{"id":23627,"href":"https:\/\/www.sinpro-rio.org.br\/principal\/wp-json\/wp\/v2\/posts\/23624\/revisions\/23627"}],"wp:featuredmedia":[{"embeddable":true,"href":"https:\/\/www.sinpro-rio.org.br\/principal\/wp-json\/wp\/v2\/media\/23625"}],"wp:attachment":[{"href":"https:\/\/www.sinpro-rio.org.br\/principal\/wp-json\/wp\/v2\/media?parent=23624"}],"wp:term":[{"taxonomy":"category","embeddable":true,"href":"https:\/\/www.sinpro-rio.org.br\/principal\/wp-json\/wp\/v2\/categories?post=23624"},{"taxonomy":"post_tag","embeddable":true,"href":"https:\/\/www.sinpro-rio.org.br\/principal\/wp-json\/wp\/v2\/tags?post=23624"}],"curies":[{"name":"wp","href":"https:\/\/api.w.org\/{rel}","templated":true}]}}