{"id":23603,"date":"2018-12-05T09:03:57","date_gmt":"2018-12-05T11:03:57","guid":{"rendered":"http:\/\/sinpro-rio.org.br\/principal\/site\/?p=23603"},"modified":"2023-07-07T14:39:11","modified_gmt":"2023-07-07T17:39:11","slug":"assembleia-da-estacio-rejeita-proposta-da-universidade","status":"publish","type":"post","link":"https:\/\/www.sinpro-rio.org.br\/principal\/assembleia-da-estacio-rejeita-proposta-da-universidade\/","title":{"rendered":"Assembleia da Est\u00e1cio rejeita proposta da Universidade"},"content":{"rendered":"\n<p> <\/p>\n\n\n\n<p>Sem compromisso de n\u00e3o demiss\u00e3o, <br>professoras e professores rejeitam proposta da Est\u00e1cio<\/p>\n\n\n\n<p>Sem compromisso de n\u00e3o demiss\u00e3o, professoras e professores rejeitam proposta da Est\u00e1cio Uma assembleia hist\u00f3rica aconteceu em 04 de novembro \u00faltimo, quando professoras e professores da Est\u00e1cio compareceram em peso \u00e0 sede do Sinpro-Rio para discutir uma proposta de Acordo Coletivo, apresentada por aquela universidade. Cerca de 400 pessoas estiveram presentes \u00e0 assembleia na expectativa de manuten\u00e7\u00e3o de seus direitos e conquistas, consolidados na Conven\u00e7\u00e3o Coletiva de Trabalho para a Educa\u00e7\u00e3o Superior. No entanto, escaldados com as demiss\u00f5es do ano passado &#8211; cerca de 1.200 em todo o pa\u00eds, com aproximadamente 300 somente no munic\u00edpio do Rio -, professoras e professores rejeitaram por expressiva vota\u00e7\u00e3o a proposta apresentada, condicionando qualquer aprecia\u00e7\u00e3o de acordo com a Est\u00e1cio ao compromisso de n\u00e3o haver demiss\u00f5es em massa. A assembleia indicou seis nomes que ir\u00e3o somar-se \u00e0 dire\u00e7\u00e3o do Sindicato para a continuidade do processo negocial.Como o p\u00fablico presente ultrapassou em muito a capacidade do audit\u00f3rio do Sindicato, com muita gente ocupando os corredores e a entrada do pr\u00e9dio, a pr\u00f3pria assembleia tomou a decis\u00e3o de continuar a sess\u00e3o na Pra\u00e7a do Professor,defronte ao Sindicato, pois parafraseando Castro Alves, \u201ca pra\u00e7a \u00e9 do povo, como o c\u00e9u \u00e9 do condor\u201d. Mais de 100 professoras e professores filiaram-se ao Sindicato no decorrer da pr\u00f3pria assembleia. A mobiliza\u00e7\u00e3o dos professores em torno do seu sindicato representa um alento diante do momento sombrio que o pr\u00f3prio movimento dos trabalhadores est\u00e1 sofrendo, com claras amea\u00e7as de retirada de seus direitos e conquistas, sob a fal\u00e1cia oficial de mais empregos e menos direitos. Este \u00e9 o indicativo de que Sindicato e categoria, unidos, se fortalecem contra o desmonte trabalhista, na luta por uma Educa\u00e7\u00e3o de qualidade, democr\u00e1tica, libert\u00e1ria e transformadora.<\/p>\n\n\n\n<p>Veja algumas fotos da assembleia&nbsp;<a href=\"https:\/\/www.facebook.com\/pg\/sinprorio1931\/photos\/?tab=album&amp;album_id=2378915475470572\">aqui!<\/a><\/p>\n","protected":false},"excerpt":{"rendered":"<p>Sem compromisso de n\u00e3o demiss\u00e3o, professoras e professores rejeitam proposta da Est\u00e1cio Sem compromisso de n\u00e3o demiss\u00e3o, professoras e professores rejeitam proposta da Est\u00e1cio Uma assembleia hist\u00f3rica aconteceu em 04 de novembro \u00faltimo, quando professoras e professores da Est\u00e1cio compareceram em peso \u00e0 sede do Sinpro-Rio para discutir uma proposta de Acordo Coletivo, apresentada por [&hellip;]<\/p>\n","protected":false},"author":2,"featured_media":23604,"comment_status":"open","ping_status":"open","sticky":false,"template":"","format":"standard","meta":{"footnotes":""},"categories":[1],"tags":[495],"class_list":["post-23603","post","type-post","status-publish","format-standard","has-post-thumbnail","hentry","category-noticias","tag-estacio"],"yoast_head":"<!-- This site is optimized with the Yoast SEO plugin v25.7 - https:\/\/yoast.com\/wordpress\/plugins\/seo\/ -->\n<title>Assembleia da Est\u00e1cio rejeita proposta da Universidade - Sinpro-Rio<\/title>\n<meta name=\"robots\" content=\"index, follow, max-snippet:-1, max-image-preview:large, max-video-preview:-1\" \/>\n<link rel=\"canonical\" href=\"https:\/\/www.sinpro-rio.org.br\/principal\/assembleia-da-estacio-rejeita-proposta-da-universidade\/\" \/>\n<meta property=\"og:locale\" content=\"pt_BR\" \/>\n<meta property=\"og:type\" content=\"article\" \/>\n<meta property=\"og:title\" content=\"Assembleia da Est\u00e1cio rejeita proposta da Universidade - Sinpro-Rio\" \/>\n<meta property=\"og:description\" content=\"Sem compromisso de n\u00e3o demiss\u00e3o, professoras e professores rejeitam proposta da Est\u00e1cio Sem compromisso de n\u00e3o demiss\u00e3o, professoras e professores rejeitam proposta da Est\u00e1cio Uma assembleia hist\u00f3rica aconteceu em 04 de novembro \u00faltimo, quando professoras e professores da Est\u00e1cio compareceram em peso \u00e0 sede do Sinpro-Rio para discutir uma proposta de Acordo Coletivo, apresentada por [&hellip;]\" \/>\n<meta property=\"og:url\" content=\"https:\/\/www.sinpro-rio.org.br\/principal\/assembleia-da-estacio-rejeita-proposta-da-universidade\/\" \/>\n<meta property=\"og:site_name\" content=\"Sinpro-Rio\" \/>\n<meta property=\"article:published_time\" content=\"2018-12-05T11:03:57+00:00\" \/>\n<meta property=\"article:modified_time\" content=\"2023-07-07T17:39:11+00:00\" \/>\n<meta property=\"og:image\" content=\"https:\/\/www.sinpro-rio.org.br\/principal\/wp-content\/uploads\/2018\/12\/capa.jpg\" \/>\n\t<meta property=\"og:image:width\" content=\"1280\" \/>\n\t<meta property=\"og:image:height\" content=\"960\" \/>\n\t<meta property=\"og:image:type\" content=\"image\/jpeg\" \/>\n<meta name=\"author\" content=\"alessandra\" \/>\n<meta name=\"twitter:card\" content=\"summary_large_image\" \/>\n<meta name=\"twitter:label1\" content=\"Escrito por\" \/>\n\t<meta name=\"twitter:data1\" content=\"alessandra\" \/>\n\t<meta name=\"twitter:label2\" content=\"Est. tempo de leitura\" \/>\n\t<meta name=\"twitter:data2\" content=\"2 minutos\" \/>\n<script type=\"application\/ld+json\" class=\"yoast-schema-graph\">{\"@context\":\"https:\/\/schema.org\",\"@graph\":[{\"@type\":\"WebPage\",\"@id\":\"https:\/\/www.sinpro-rio.org.br\/principal\/assembleia-da-estacio-rejeita-proposta-da-universidade\/\",\"url\":\"https:\/\/www.sinpro-rio.org.br\/principal\/assembleia-da-estacio-rejeita-proposta-da-universidade\/\",\"name\":\"Assembleia da Est\u00e1cio rejeita proposta da Universidade - Sinpro-Rio\",\"isPartOf\":{\"@id\":\"https:\/\/www.sinpro-rio.org.br\/principal\/#website\"},\"primaryImageOfPage\":{\"@id\":\"https:\/\/www.sinpro-rio.org.br\/principal\/assembleia-da-estacio-rejeita-proposta-da-universidade\/#primaryimage\"},\"image\":{\"@id\":\"https:\/\/www.sinpro-rio.org.br\/principal\/assembleia-da-estacio-rejeita-proposta-da-universidade\/#primaryimage\"},\"thumbnailUrl\":\"https:\/\/www.sinpro-rio.org.br\/principal\/wp-content\/uploads\/2018\/12\/capa.jpg\",\"datePublished\":\"2018-12-05T11:03:57+00:00\",\"dateModified\":\"2023-07-07T17:39:11+00:00\",\"author\":{\"@id\":\"https:\/\/www.sinpro-rio.org.br\/principal\/#\/schema\/person\/ee17219e64d00d037e511ae59ce2227e\"},\"breadcrumb\":{\"@id\":\"https:\/\/www.sinpro-rio.org.br\/principal\/assembleia-da-estacio-rejeita-proposta-da-universidade\/#breadcrumb\"},\"inLanguage\":\"pt-BR\",\"potentialAction\":[{\"@type\":\"ReadAction\",\"target\":[\"https:\/\/www.sinpro-rio.org.br\/principal\/assembleia-da-estacio-rejeita-proposta-da-universidade\/\"]}]},{\"@type\":\"ImageObject\",\"inLanguage\":\"pt-BR\",\"@id\":\"https:\/\/www.sinpro-rio.org.br\/principal\/assembleia-da-estacio-rejeita-proposta-da-universidade\/#primaryimage\",\"url\":\"https:\/\/www.sinpro-rio.org.br\/principal\/wp-content\/uploads\/2018\/12\/capa.jpg\",\"contentUrl\":\"https:\/\/www.sinpro-rio.org.br\/principal\/wp-content\/uploads\/2018\/12\/capa.jpg\",\"width\":1280,\"height\":960},{\"@type\":\"BreadcrumbList\",\"@id\":\"https:\/\/www.sinpro-rio.org.br\/principal\/assembleia-da-estacio-rejeita-proposta-da-universidade\/#breadcrumb\",\"itemListElement\":[{\"@type\":\"ListItem\",\"position\":1,\"name\":\"In\u00edcio\",\"item\":\"https:\/\/www.sinpro-rio.org.br\/principal\/\"},{\"@type\":\"ListItem\",\"position\":2,\"name\":\"Assembleia da Est\u00e1cio rejeita proposta da Universidade\"}]},{\"@type\":\"WebSite\",\"@id\":\"https:\/\/www.sinpro-rio.org.br\/principal\/#website\",\"url\":\"https:\/\/www.sinpro-rio.org.br\/principal\/\",\"name\":\"Sinpro-Rio\",\"description\":\"Sindicato dos Professores do Munic\u00edpio do Rio de Janeiro e Regi\u00e3o\",\"potentialAction\":[{\"@type\":\"SearchAction\",\"target\":{\"@type\":\"EntryPoint\",\"urlTemplate\":\"https:\/\/www.sinpro-rio.org.br\/principal\/?s={search_term_string}\"},\"query-input\":{\"@type\":\"PropertyValueSpecification\",\"valueRequired\":true,\"valueName\":\"search_term_string\"}}],\"inLanguage\":\"pt-BR\"},{\"@type\":\"Person\",\"@id\":\"https:\/\/www.sinpro-rio.org.br\/principal\/#\/schema\/person\/ee17219e64d00d037e511ae59ce2227e\",\"name\":\"alessandra\",\"image\":{\"@type\":\"ImageObject\",\"inLanguage\":\"pt-BR\",\"@id\":\"https:\/\/www.sinpro-rio.org.br\/principal\/#\/schema\/person\/image\/\",\"url\":\"https:\/\/secure.gravatar.com\/avatar\/2b43fa8c0ad8e33b46a4732549f7fb20?s=96&d=mm&r=g\",\"contentUrl\":\"https:\/\/secure.gravatar.com\/avatar\/2b43fa8c0ad8e33b46a4732549f7fb20?s=96&d=mm&r=g\",\"caption\":\"alessandra\"},\"url\":\"https:\/\/www.sinpro-rio.org.br\/principal\/author\/alessandra\/\"}]}<\/script>\n<!-- \/ Yoast SEO plugin. -->","yoast_head_json":{"title":"Assembleia da Est\u00e1cio rejeita proposta da Universidade - Sinpro-Rio","robots":{"index":"index","follow":"follow","max-snippet":"max-snippet:-1","max-image-preview":"max-image-preview:large","max-video-preview":"max-video-preview:-1"},"canonical":"https:\/\/www.sinpro-rio.org.br\/principal\/assembleia-da-estacio-rejeita-proposta-da-universidade\/","og_locale":"pt_BR","og_type":"article","og_title":"Assembleia da Est\u00e1cio rejeita proposta da Universidade - Sinpro-Rio","og_description":"Sem compromisso de n\u00e3o demiss\u00e3o, professoras e professores rejeitam proposta da Est\u00e1cio Sem compromisso de n\u00e3o demiss\u00e3o, professoras e professores rejeitam proposta da Est\u00e1cio Uma assembleia hist\u00f3rica aconteceu em 04 de novembro \u00faltimo, quando professoras e professores da Est\u00e1cio compareceram em peso \u00e0 sede do Sinpro-Rio para discutir uma proposta de Acordo Coletivo, apresentada por [&hellip;]","og_url":"https:\/\/www.sinpro-rio.org.br\/principal\/assembleia-da-estacio-rejeita-proposta-da-universidade\/","og_site_name":"Sinpro-Rio","article_published_time":"2018-12-05T11:03:57+00:00","article_modified_time":"2023-07-07T17:39:11+00:00","og_image":[{"width":1280,"height":960,"url":"https:\/\/www.sinpro-rio.org.br\/principal\/wp-content\/uploads\/2018\/12\/capa.jpg","type":"image\/jpeg"}],"author":"alessandra","twitter_card":"summary_large_image","twitter_misc":{"Escrito por":"alessandra","Est. tempo de leitura":"2 minutos"},"schema":{"@context":"https:\/\/schema.org","@graph":[{"@type":"WebPage","@id":"https:\/\/www.sinpro-rio.org.br\/principal\/assembleia-da-estacio-rejeita-proposta-da-universidade\/","url":"https:\/\/www.sinpro-rio.org.br\/principal\/assembleia-da-estacio-rejeita-proposta-da-universidade\/","name":"Assembleia da Est\u00e1cio rejeita proposta da Universidade - Sinpro-Rio","isPartOf":{"@id":"https:\/\/www.sinpro-rio.org.br\/principal\/#website"},"primaryImageOfPage":{"@id":"https:\/\/www.sinpro-rio.org.br\/principal\/assembleia-da-estacio-rejeita-proposta-da-universidade\/#primaryimage"},"image":{"@id":"https:\/\/www.sinpro-rio.org.br\/principal\/assembleia-da-estacio-rejeita-proposta-da-universidade\/#primaryimage"},"thumbnailUrl":"https:\/\/www.sinpro-rio.org.br\/principal\/wp-content\/uploads\/2018\/12\/capa.jpg","datePublished":"2018-12-05T11:03:57+00:00","dateModified":"2023-07-07T17:39:11+00:00","author":{"@id":"https:\/\/www.sinpro-rio.org.br\/principal\/#\/schema\/person\/ee17219e64d00d037e511ae59ce2227e"},"breadcrumb":{"@id":"https:\/\/www.sinpro-rio.org.br\/principal\/assembleia-da-estacio-rejeita-proposta-da-universidade\/#breadcrumb"},"inLanguage":"pt-BR","potentialAction":[{"@type":"ReadAction","target":["https:\/\/www.sinpro-rio.org.br\/principal\/assembleia-da-estacio-rejeita-proposta-da-universidade\/"]}]},{"@type":"ImageObject","inLanguage":"pt-BR","@id":"https:\/\/www.sinpro-rio.org.br\/principal\/assembleia-da-estacio-rejeita-proposta-da-universidade\/#primaryimage","url":"https:\/\/www.sinpro-rio.org.br\/principal\/wp-content\/uploads\/2018\/12\/capa.jpg","contentUrl":"https:\/\/www.sinpro-rio.org.br\/principal\/wp-content\/uploads\/2018\/12\/capa.jpg","width":1280,"height":960},{"@type":"BreadcrumbList","@id":"https:\/\/www.sinpro-rio.org.br\/principal\/assembleia-da-estacio-rejeita-proposta-da-universidade\/#breadcrumb","itemListElement":[{"@type":"ListItem","position":1,"name":"In\u00edcio","item":"https:\/\/www.sinpro-rio.org.br\/principal\/"},{"@type":"ListItem","position":2,"name":"Assembleia da Est\u00e1cio rejeita proposta da Universidade"}]},{"@type":"WebSite","@id":"https:\/\/www.sinpro-rio.org.br\/principal\/#website","url":"https:\/\/www.sinpro-rio.org.br\/principal\/","name":"Sinpro-Rio","description":"Sindicato dos Professores do Munic\u00edpio do Rio de Janeiro e Regi\u00e3o","potentialAction":[{"@type":"SearchAction","target":{"@type":"EntryPoint","urlTemplate":"https:\/\/www.sinpro-rio.org.br\/principal\/?s={search_term_string}"},"query-input":{"@type":"PropertyValueSpecification","valueRequired":true,"valueName":"search_term_string"}}],"inLanguage":"pt-BR"},{"@type":"Person","@id":"https:\/\/www.sinpro-rio.org.br\/principal\/#\/schema\/person\/ee17219e64d00d037e511ae59ce2227e","name":"alessandra","image":{"@type":"ImageObject","inLanguage":"pt-BR","@id":"https:\/\/www.sinpro-rio.org.br\/principal\/#\/schema\/person\/image\/","url":"https:\/\/secure.gravatar.com\/avatar\/2b43fa8c0ad8e33b46a4732549f7fb20?s=96&d=mm&r=g","contentUrl":"https:\/\/secure.gravatar.com\/avatar\/2b43fa8c0ad8e33b46a4732549f7fb20?s=96&d=mm&r=g","caption":"alessandra"},"url":"https:\/\/www.sinpro-rio.org.br\/principal\/author\/alessandra\/"}]}},"_links":{"self":[{"href":"https:\/\/www.sinpro-rio.org.br\/principal\/wp-json\/wp\/v2\/posts\/23603","targetHints":{"allow":["GET"]}}],"collection":[{"href":"https:\/\/www.sinpro-rio.org.br\/principal\/wp-json\/wp\/v2\/posts"}],"about":[{"href":"https:\/\/www.sinpro-rio.org.br\/principal\/wp-json\/wp\/v2\/types\/post"}],"author":[{"embeddable":true,"href":"https:\/\/www.sinpro-rio.org.br\/principal\/wp-json\/wp\/v2\/users\/2"}],"replies":[{"embeddable":true,"href":"https:\/\/www.sinpro-rio.org.br\/principal\/wp-json\/wp\/v2\/comments?post=23603"}],"version-history":[{"count":5,"href":"https:\/\/www.sinpro-rio.org.br\/principal\/wp-json\/wp\/v2\/posts\/23603\/revisions"}],"predecessor-version":[{"id":23623,"href":"https:\/\/www.sinpro-rio.org.br\/principal\/wp-json\/wp\/v2\/posts\/23603\/revisions\/23623"}],"wp:featuredmedia":[{"embeddable":true,"href":"https:\/\/www.sinpro-rio.org.br\/principal\/wp-json\/wp\/v2\/media\/23604"}],"wp:attachment":[{"href":"https:\/\/www.sinpro-rio.org.br\/principal\/wp-json\/wp\/v2\/media?parent=23603"}],"wp:term":[{"taxonomy":"category","embeddable":true,"href":"https:\/\/www.sinpro-rio.org.br\/principal\/wp-json\/wp\/v2\/categories?post=23603"},{"taxonomy":"post_tag","embeddable":true,"href":"https:\/\/www.sinpro-rio.org.br\/principal\/wp-json\/wp\/v2\/tags?post=23603"}],"curies":[{"name":"wp","href":"https:\/\/api.w.org\/{rel}","templated":true}]}}