{"id":23600,"date":"2018-12-03T09:13:26","date_gmt":"2018-12-03T11:13:26","guid":{"rendered":"http:\/\/sinpro-rio.org.br\/principal\/site\/?p=23600"},"modified":"2018-12-11T15:38:57","modified_gmt":"2018-12-11T17:38:57","slug":"sinpro-rio-homenageia-professores-as-numa-noite-em-que-a-palavra-luta-se-destacou","status":"publish","type":"post","link":"https:\/\/www.sinpro-rio.org.br\/principal\/sinpro-rio-homenageia-professores-as-numa-noite-em-que-a-palavra-luta-se-destacou\/","title":{"rendered":"Sinpro-Rio homenageia professores\/as numa noite em que a palavra luta se destacou"},"content":{"rendered":"\n<p><em>Enquanto                      eu luto, sou movido pela esperan\u00e7a; e se eu lutar                      com esperan\u00e7a, posso esperar.\u00a0<\/em><br>              (Paulo Freire)<br><br>              O\u00a0Sinpro-Rio\u00a0homenageou,\u00a0                    no dia 29 de novembro, professoras e professores que                    sempre lutaram movidos pela esperan\u00e7a, na concep\u00e7\u00e3o                    de Paulo Freire.\u00a0 Num emocionante evento, o                    Sindicato recepcionou educadoras e educadores para                    as homenagens a L\u00edgia Paula da Silva Pereira, Ana                    Maria Branco Arantes, Chico Alencar e Franc\u00edlio Paes                    Leme. \u00a0<br><br>A abertura                    do evento foi feita pela diretora Yara Maria                    Pereira, sendo que a apresenta\u00e7\u00e3o ficou a cargo do                    diretor H\u00e9lio Maia. Na mesa, a professora Adalgiza                    Burity \u00a0e o presidente do Sindicato, Oswaldo Teles.\u00a0<br><br>        O                    cordelista Edmilson Santini abrilhantou o evento com                    o cordel \u201cDe Machado a\u00a0Gonzag\u00e3o\u201d, no qual o artista                    trouxe em rimas grandes nomes da cultura                    brasileira.\u00a0<br>              No                    discurso de abertura, o presidente do Sinpro-Rio,                    Oswaldo Teles, enalteceu a import\u00e2ncia do evento:                    \u201cHoje \u00e9 um dia de festa, mas todos dias s\u00e3o de luta,                    de enfrentamento\u201d.\u00a0<br><br>O dirigente                    ressaltou que vivemos\u00a0um\u00a0momento em que a Educa\u00e7\u00e3o \u00e9                    massacrada profundamente, v\u00edtima de um grande                    desmonte promovido pelo governo atual e amea\u00e7as                    terr\u00edveis do pr\u00f3ximo.<br><br>Oswaldo                    acentuou que o Sinpro-Rio tem um hist\u00f3rico de luta                    contra a ditadura e que continuar\u00e1 firme no processo                    de enfrentamento do que est\u00e1 sendo imposto e do que                    se avizinha, contra a retirada de\u00a0direitos da                    categoria e o massacre \u00e0 classe trabalhadora como um                    todo.\u00a0<br><br>Cada                    homenageado contou com apresenta\u00e7\u00e3o de algu\u00e9m                    de\u00a0seu\u00a0c\u00edrculo de amizade. Aniversariante, a                    professora \u00a0L\u00edgia Paula da Silva Pereira foi                    presenteada com as palavras \u00a0de Liliane Ferreira dos                    Santos, que destacou a voca\u00e7\u00e3o de guerreira da                    homenageada, oferecendo-lhe um poema de Cora                    Coralina:\u00a0<br><em>Eu                        sou aquela mulher<\/em><br><em>a quem o                                    tempo muito ensinou.<br>                        Ensinou a                                    amar a vida<br>                        e n\u00e3o                                    desistir da luta,<br>                        recome\u00e7ar                                    na derrota,<br>                        renunciar a                                    palavras<br>                        e                                    pensamentos negativos.<br>                        Acreditar                                    nos valores humanos<br>                        e ser                                    otimista.<\/em><br><br>Emocionada,                      L\u00edgia ressaltou que o momento \u00e9 de muita luta e                      que \u201ca seta do tempo aponta para a frente e que                      n\u00f3s (professoras e professores) somos os                      vetores\u201d.\u00a0<br>              A                      professora\u00a0Ana Maria                    Branco Arantes foi apresentada pela\u00a0\u00a0diretora do                      Sinpro-Rio, Ana L\u00facia Guimar\u00e3es, que lhe ofereceu                      trecho do poema I Juca Pirama, de Gon\u00e7alves Dias:<br>              \u201c                      (&#8230;) A vida<br>              \u00c9 luta                                  renhida:<br>                      Viver \u00e9                                  lutar.<br>                      A vida \u00e9                                  combate,<br>                      Que os fracos                                  abate,<br>                      Que os                                  fortes, os bravos<br>                      S\u00f3 pode                                  exaltar.<br><br>        Ana                      Maria agradeceu, declarando que a maior homenagem                      a um trabalhador \u00e9 a que \u00e9 dedicada pelo seu                      sindicato.\u00a0<br><br>        O                      soci\u00f3logo L\u00e9o Lince foi quem fez a apresenta\u00e7\u00e3o do                      professor e deputado federal Chico Alencar. Em sua                      fala, <br>        L\u00e9o                      Lince acentuou que Chico \u00e9 antes de tudo um                      professor. Mesmo\u00a0como parlamentar, sempre colocou                      a pedagogia em destaque.\u00a0<br>        Chico                      Alencar, comovido com a homenagem do Sinpro-Rio,                      lembrou que j\u00e1 em 1972 recorria ao Sindicato                      e,\u00a0lembrando seu xar\u00e1 Chico Buarque,\u00a0acentuou:                      \u00a0\u201cTudo que fazemos na vida tem que ser pedag\u00f3gico.                      Sem isso, n\u00e3o alcan\u00e7amos o tempo da delicadeza\u201d.\u00a0<br><br>O                      parlamentar falou da luta contra o famigerado                      projeto \u201cescola sem partido\u201d, o que chamou de                      escola com morda\u00e7a, escola sem vida. \u201cA luta hoje                      n\u00e3o \u00e9 s\u00f3 por dignidade salarial, mas tamb\u00e9m pela                      liberdade de ensinar\u201d.<br><br>Ex-presidente                      do Sinpro-Rio,\u00a0Franc\u00edlio\u00a0Paes Leme foi precedido                      em sua fala pelo filho, Angelo, que lembrou que                      quando crian\u00e7a,\u00a0j\u00e1 frequentava o Sindicato\u00a0e                      sempre\u00a0conviveu com a luta pol\u00edtica de seu pai.\u00a0<br><br>Angelo                      fez um paralelo da milit\u00e2ncia sindical                      de\u00a0Franc\u00edlio\u00a0com\u00a0as\u00a0elei\u00e7\u00f5es                      presidenciais\u00a0passadas, quando o hoje presidente                      eleito, Jair Bolsonaro, se negou a                      debater\u00a0propostas com o candidato                      advers\u00e1rio,transformando\u00a0a campanha eleitoral em                      algo sem confronto de ideias. Mas, Angelo disse                      ter ficado feliz em ver um professor, Fernando                      Haddad, como candidato\u00a0\u00e0\u00a0presidente da Rep\u00fablica.<br><br>Sobre\u00a0Franc\u00edlio,                      Angelo disse que se pudesse resumir as suas                      atitude em uma palavra, a palavra seria luta.\u00a0<br><br>Franc\u00edlio\u00a0fez                      um relato de sua trajet\u00f3ria como estudante e                      depois professor,\u00a0lembrando-se\u00a0dos tempos dif\u00edceis                      no combate \u00e0 ditadura e na restaura\u00e7\u00e3o da                      democracia. <br>        Foi\u00a0um                dos dirigentes do Sinpro-Rio no final da d\u00e9cada de 70,                sempre com a percep\u00e7\u00e3o de n\u00e3o lutar somente por sal\u00e1rio                mas tamb\u00e9m politicamente: \u201cSindicato \u00e9 luta. Se n\u00e3o tem                luta,\u00a0n\u00e3o \u00e9 sindicato, mas sim escrit\u00f3rio\u201d. \u00a0<\/p>\n\n\n\n<p>Veja fotos do evento\u00a0<a href=\"https:\/\/www.facebook.com\/pg\/sinprorio1931\/photos\/?tab=album&amp;album_id=2375751065787013\">aqui!<\/a><\/p>\n","protected":false},"excerpt":{"rendered":"<p>Enquanto eu luto, sou movido pela esperan\u00e7a; e se eu lutar com esperan\u00e7a, posso esperar.\u00a0 (Paulo Freire) O\u00a0Sinpro-Rio\u00a0homenageou,\u00a0 no dia 29 de novembro, professoras e professores que sempre lutaram movidos pela esperan\u00e7a, na concep\u00e7\u00e3o de Paulo Freire.\u00a0 Num emocionante evento, o Sindicato recepcionou educadoras e educadores para as homenagens a L\u00edgia Paula da Silva Pereira, [&hellip;]<\/p>\n","protected":false},"author":2,"featured_media":23601,"comment_status":"open","ping_status":"open","sticky":false,"template":"","format":"standard","meta":{"footnotes":""},"categories":[1],"tags":[],"class_list":["post-23600","post","type-post","status-publish","format-standard","has-post-thumbnail","hentry","category-noticias"],"yoast_head":"<!-- This site is optimized with the Yoast SEO plugin v25.7 - https:\/\/yoast.com\/wordpress\/plugins\/seo\/ -->\n<title>Sinpro-Rio homenageia professores\/as numa noite em que a palavra luta se destacou - Sinpro-Rio<\/title>\n<meta name=\"robots\" content=\"index, follow, max-snippet:-1, max-image-preview:large, max-video-preview:-1\" \/>\n<link rel=\"canonical\" href=\"https:\/\/www.sinpro-rio.org.br\/principal\/sinpro-rio-homenageia-professores-as-numa-noite-em-que-a-palavra-luta-se-destacou\/\" \/>\n<meta property=\"og:locale\" content=\"pt_BR\" \/>\n<meta property=\"og:type\" content=\"article\" \/>\n<meta property=\"og:title\" content=\"Sinpro-Rio homenageia professores\/as numa noite em que a palavra luta se destacou - Sinpro-Rio\" \/>\n<meta property=\"og:description\" content=\"Enquanto eu luto, sou movido pela esperan\u00e7a; e se eu lutar com esperan\u00e7a, posso esperar.\u00a0 (Paulo Freire) O\u00a0Sinpro-Rio\u00a0homenageou,\u00a0 no dia 29 de novembro, professoras e professores que sempre lutaram movidos pela esperan\u00e7a, na concep\u00e7\u00e3o de Paulo Freire.\u00a0 Num emocionante evento, o Sindicato recepcionou educadoras e educadores para as homenagens a L\u00edgia Paula da Silva Pereira, [&hellip;]\" \/>\n<meta property=\"og:url\" content=\"https:\/\/www.sinpro-rio.org.br\/principal\/sinpro-rio-homenageia-professores-as-numa-noite-em-que-a-palavra-luta-se-destacou\/\" \/>\n<meta property=\"og:site_name\" content=\"Sinpro-Rio\" \/>\n<meta property=\"article:published_time\" content=\"2018-12-03T11:13:26+00:00\" \/>\n<meta property=\"article:modified_time\" content=\"2018-12-11T17:38:57+00:00\" \/>\n<meta property=\"og:image\" content=\"https:\/\/www.sinpro-rio.org.br\/principal\/wp-content\/uploads\/2018\/12\/MG_2950.jpg\" \/>\n\t<meta property=\"og:image:width\" content=\"2480\" \/>\n\t<meta property=\"og:image:height\" content=\"1653\" \/>\n\t<meta property=\"og:image:type\" content=\"image\/jpeg\" \/>\n<meta name=\"author\" content=\"alessandra\" \/>\n<meta name=\"twitter:card\" content=\"summary_large_image\" \/>\n<meta name=\"twitter:label1\" content=\"Escrito por\" \/>\n\t<meta name=\"twitter:data1\" content=\"alessandra\" \/>\n\t<meta name=\"twitter:label2\" content=\"Est. tempo de leitura\" \/>\n\t<meta name=\"twitter:data2\" content=\"4 minutos\" \/>\n<script type=\"application\/ld+json\" class=\"yoast-schema-graph\">{\"@context\":\"https:\/\/schema.org\",\"@graph\":[{\"@type\":\"WebPage\",\"@id\":\"https:\/\/www.sinpro-rio.org.br\/principal\/sinpro-rio-homenageia-professores-as-numa-noite-em-que-a-palavra-luta-se-destacou\/\",\"url\":\"https:\/\/www.sinpro-rio.org.br\/principal\/sinpro-rio-homenageia-professores-as-numa-noite-em-que-a-palavra-luta-se-destacou\/\",\"name\":\"Sinpro-Rio homenageia professores\/as numa noite em que a palavra luta se destacou - Sinpro-Rio\",\"isPartOf\":{\"@id\":\"https:\/\/www.sinpro-rio.org.br\/principal\/#website\"},\"primaryImageOfPage\":{\"@id\":\"https:\/\/www.sinpro-rio.org.br\/principal\/sinpro-rio-homenageia-professores-as-numa-noite-em-que-a-palavra-luta-se-destacou\/#primaryimage\"},\"image\":{\"@id\":\"https:\/\/www.sinpro-rio.org.br\/principal\/sinpro-rio-homenageia-professores-as-numa-noite-em-que-a-palavra-luta-se-destacou\/#primaryimage\"},\"thumbnailUrl\":\"https:\/\/www.sinpro-rio.org.br\/principal\/wp-content\/uploads\/2018\/12\/MG_2950.jpg\",\"datePublished\":\"2018-12-03T11:13:26+00:00\",\"dateModified\":\"2018-12-11T17:38:57+00:00\",\"author\":{\"@id\":\"https:\/\/www.sinpro-rio.org.br\/principal\/#\/schema\/person\/ee17219e64d00d037e511ae59ce2227e\"},\"breadcrumb\":{\"@id\":\"https:\/\/www.sinpro-rio.org.br\/principal\/sinpro-rio-homenageia-professores-as-numa-noite-em-que-a-palavra-luta-se-destacou\/#breadcrumb\"},\"inLanguage\":\"pt-BR\",\"potentialAction\":[{\"@type\":\"ReadAction\",\"target\":[\"https:\/\/www.sinpro-rio.org.br\/principal\/sinpro-rio-homenageia-professores-as-numa-noite-em-que-a-palavra-luta-se-destacou\/\"]}]},{\"@type\":\"ImageObject\",\"inLanguage\":\"pt-BR\",\"@id\":\"https:\/\/www.sinpro-rio.org.br\/principal\/sinpro-rio-homenageia-professores-as-numa-noite-em-que-a-palavra-luta-se-destacou\/#primaryimage\",\"url\":\"https:\/\/www.sinpro-rio.org.br\/principal\/wp-content\/uploads\/2018\/12\/MG_2950.jpg\",\"contentUrl\":\"https:\/\/www.sinpro-rio.org.br\/principal\/wp-content\/uploads\/2018\/12\/MG_2950.jpg\",\"width\":2480,\"height\":1653},{\"@type\":\"BreadcrumbList\",\"@id\":\"https:\/\/www.sinpro-rio.org.br\/principal\/sinpro-rio-homenageia-professores-as-numa-noite-em-que-a-palavra-luta-se-destacou\/#breadcrumb\",\"itemListElement\":[{\"@type\":\"ListItem\",\"position\":1,\"name\":\"In\u00edcio\",\"item\":\"https:\/\/www.sinpro-rio.org.br\/principal\/\"},{\"@type\":\"ListItem\",\"position\":2,\"name\":\"Sinpro-Rio homenageia professores\/as numa noite em que a palavra luta se destacou\"}]},{\"@type\":\"WebSite\",\"@id\":\"https:\/\/www.sinpro-rio.org.br\/principal\/#website\",\"url\":\"https:\/\/www.sinpro-rio.org.br\/principal\/\",\"name\":\"Sinpro-Rio\",\"description\":\"Sindicato dos Professores do Munic\u00edpio do Rio de Janeiro e Regi\u00e3o\",\"potentialAction\":[{\"@type\":\"SearchAction\",\"target\":{\"@type\":\"EntryPoint\",\"urlTemplate\":\"https:\/\/www.sinpro-rio.org.br\/principal\/?s={search_term_string}\"},\"query-input\":{\"@type\":\"PropertyValueSpecification\",\"valueRequired\":true,\"valueName\":\"search_term_string\"}}],\"inLanguage\":\"pt-BR\"},{\"@type\":\"Person\",\"@id\":\"https:\/\/www.sinpro-rio.org.br\/principal\/#\/schema\/person\/ee17219e64d00d037e511ae59ce2227e\",\"name\":\"alessandra\",\"image\":{\"@type\":\"ImageObject\",\"inLanguage\":\"pt-BR\",\"@id\":\"https:\/\/www.sinpro-rio.org.br\/principal\/#\/schema\/person\/image\/\",\"url\":\"https:\/\/secure.gravatar.com\/avatar\/2b43fa8c0ad8e33b46a4732549f7fb20?s=96&d=mm&r=g\",\"contentUrl\":\"https:\/\/secure.gravatar.com\/avatar\/2b43fa8c0ad8e33b46a4732549f7fb20?s=96&d=mm&r=g\",\"caption\":\"alessandra\"},\"url\":\"https:\/\/www.sinpro-rio.org.br\/principal\/author\/alessandra\/\"}]}<\/script>\n<!-- \/ Yoast SEO plugin. -->","yoast_head_json":{"title":"Sinpro-Rio homenageia professores\/as numa noite em que a palavra luta se destacou - Sinpro-Rio","robots":{"index":"index","follow":"follow","max-snippet":"max-snippet:-1","max-image-preview":"max-image-preview:large","max-video-preview":"max-video-preview:-1"},"canonical":"https:\/\/www.sinpro-rio.org.br\/principal\/sinpro-rio-homenageia-professores-as-numa-noite-em-que-a-palavra-luta-se-destacou\/","og_locale":"pt_BR","og_type":"article","og_title":"Sinpro-Rio homenageia professores\/as numa noite em que a palavra luta se destacou - Sinpro-Rio","og_description":"Enquanto eu luto, sou movido pela esperan\u00e7a; e se eu lutar com esperan\u00e7a, posso esperar.\u00a0 (Paulo Freire) O\u00a0Sinpro-Rio\u00a0homenageou,\u00a0 no dia 29 de novembro, professoras e professores que sempre lutaram movidos pela esperan\u00e7a, na concep\u00e7\u00e3o de Paulo Freire.\u00a0 Num emocionante evento, o Sindicato recepcionou educadoras e educadores para as homenagens a L\u00edgia Paula da Silva Pereira, [&hellip;]","og_url":"https:\/\/www.sinpro-rio.org.br\/principal\/sinpro-rio-homenageia-professores-as-numa-noite-em-que-a-palavra-luta-se-destacou\/","og_site_name":"Sinpro-Rio","article_published_time":"2018-12-03T11:13:26+00:00","article_modified_time":"2018-12-11T17:38:57+00:00","og_image":[{"width":2480,"height":1653,"url":"https:\/\/www.sinpro-rio.org.br\/principal\/wp-content\/uploads\/2018\/12\/MG_2950.jpg","type":"image\/jpeg"}],"author":"alessandra","twitter_card":"summary_large_image","twitter_misc":{"Escrito por":"alessandra","Est. tempo de leitura":"4 minutos"},"schema":{"@context":"https:\/\/schema.org","@graph":[{"@type":"WebPage","@id":"https:\/\/www.sinpro-rio.org.br\/principal\/sinpro-rio-homenageia-professores-as-numa-noite-em-que-a-palavra-luta-se-destacou\/","url":"https:\/\/www.sinpro-rio.org.br\/principal\/sinpro-rio-homenageia-professores-as-numa-noite-em-que-a-palavra-luta-se-destacou\/","name":"Sinpro-Rio homenageia professores\/as numa noite em que a palavra luta se destacou - Sinpro-Rio","isPartOf":{"@id":"https:\/\/www.sinpro-rio.org.br\/principal\/#website"},"primaryImageOfPage":{"@id":"https:\/\/www.sinpro-rio.org.br\/principal\/sinpro-rio-homenageia-professores-as-numa-noite-em-que-a-palavra-luta-se-destacou\/#primaryimage"},"image":{"@id":"https:\/\/www.sinpro-rio.org.br\/principal\/sinpro-rio-homenageia-professores-as-numa-noite-em-que-a-palavra-luta-se-destacou\/#primaryimage"},"thumbnailUrl":"https:\/\/www.sinpro-rio.org.br\/principal\/wp-content\/uploads\/2018\/12\/MG_2950.jpg","datePublished":"2018-12-03T11:13:26+00:00","dateModified":"2018-12-11T17:38:57+00:00","author":{"@id":"https:\/\/www.sinpro-rio.org.br\/principal\/#\/schema\/person\/ee17219e64d00d037e511ae59ce2227e"},"breadcrumb":{"@id":"https:\/\/www.sinpro-rio.org.br\/principal\/sinpro-rio-homenageia-professores-as-numa-noite-em-que-a-palavra-luta-se-destacou\/#breadcrumb"},"inLanguage":"pt-BR","potentialAction":[{"@type":"ReadAction","target":["https:\/\/www.sinpro-rio.org.br\/principal\/sinpro-rio-homenageia-professores-as-numa-noite-em-que-a-palavra-luta-se-destacou\/"]}]},{"@type":"ImageObject","inLanguage":"pt-BR","@id":"https:\/\/www.sinpro-rio.org.br\/principal\/sinpro-rio-homenageia-professores-as-numa-noite-em-que-a-palavra-luta-se-destacou\/#primaryimage","url":"https:\/\/www.sinpro-rio.org.br\/principal\/wp-content\/uploads\/2018\/12\/MG_2950.jpg","contentUrl":"https:\/\/www.sinpro-rio.org.br\/principal\/wp-content\/uploads\/2018\/12\/MG_2950.jpg","width":2480,"height":1653},{"@type":"BreadcrumbList","@id":"https:\/\/www.sinpro-rio.org.br\/principal\/sinpro-rio-homenageia-professores-as-numa-noite-em-que-a-palavra-luta-se-destacou\/#breadcrumb","itemListElement":[{"@type":"ListItem","position":1,"name":"In\u00edcio","item":"https:\/\/www.sinpro-rio.org.br\/principal\/"},{"@type":"ListItem","position":2,"name":"Sinpro-Rio homenageia professores\/as numa noite em que a palavra luta se destacou"}]},{"@type":"WebSite","@id":"https:\/\/www.sinpro-rio.org.br\/principal\/#website","url":"https:\/\/www.sinpro-rio.org.br\/principal\/","name":"Sinpro-Rio","description":"Sindicato dos Professores do Munic\u00edpio do Rio de Janeiro e Regi\u00e3o","potentialAction":[{"@type":"SearchAction","target":{"@type":"EntryPoint","urlTemplate":"https:\/\/www.sinpro-rio.org.br\/principal\/?s={search_term_string}"},"query-input":{"@type":"PropertyValueSpecification","valueRequired":true,"valueName":"search_term_string"}}],"inLanguage":"pt-BR"},{"@type":"Person","@id":"https:\/\/www.sinpro-rio.org.br\/principal\/#\/schema\/person\/ee17219e64d00d037e511ae59ce2227e","name":"alessandra","image":{"@type":"ImageObject","inLanguage":"pt-BR","@id":"https:\/\/www.sinpro-rio.org.br\/principal\/#\/schema\/person\/image\/","url":"https:\/\/secure.gravatar.com\/avatar\/2b43fa8c0ad8e33b46a4732549f7fb20?s=96&d=mm&r=g","contentUrl":"https:\/\/secure.gravatar.com\/avatar\/2b43fa8c0ad8e33b46a4732549f7fb20?s=96&d=mm&r=g","caption":"alessandra"},"url":"https:\/\/www.sinpro-rio.org.br\/principal\/author\/alessandra\/"}]}},"_links":{"self":[{"href":"https:\/\/www.sinpro-rio.org.br\/principal\/wp-json\/wp\/v2\/posts\/23600","targetHints":{"allow":["GET"]}}],"collection":[{"href":"https:\/\/www.sinpro-rio.org.br\/principal\/wp-json\/wp\/v2\/posts"}],"about":[{"href":"https:\/\/www.sinpro-rio.org.br\/principal\/wp-json\/wp\/v2\/types\/post"}],"author":[{"embeddable":true,"href":"https:\/\/www.sinpro-rio.org.br\/principal\/wp-json\/wp\/v2\/users\/2"}],"replies":[{"embeddable":true,"href":"https:\/\/www.sinpro-rio.org.br\/principal\/wp-json\/wp\/v2\/comments?post=23600"}],"version-history":[{"count":1,"href":"https:\/\/www.sinpro-rio.org.br\/principal\/wp-json\/wp\/v2\/posts\/23600\/revisions"}],"predecessor-version":[{"id":23602,"href":"https:\/\/www.sinpro-rio.org.br\/principal\/wp-json\/wp\/v2\/posts\/23600\/revisions\/23602"}],"wp:featuredmedia":[{"embeddable":true,"href":"https:\/\/www.sinpro-rio.org.br\/principal\/wp-json\/wp\/v2\/media\/23601"}],"wp:attachment":[{"href":"https:\/\/www.sinpro-rio.org.br\/principal\/wp-json\/wp\/v2\/media?parent=23600"}],"wp:term":[{"taxonomy":"category","embeddable":true,"href":"https:\/\/www.sinpro-rio.org.br\/principal\/wp-json\/wp\/v2\/categories?post=23600"},{"taxonomy":"post_tag","embeddable":true,"href":"https:\/\/www.sinpro-rio.org.br\/principal\/wp-json\/wp\/v2\/tags?post=23600"}],"curies":[{"name":"wp","href":"https:\/\/api.w.org\/{rel}","templated":true}]}}