{"id":23223,"date":"2018-11-12T09:54:06","date_gmt":"2018-11-12T11:54:06","guid":{"rendered":"http:\/\/sinpro-rio.org.br\/principal\/site\/?p=23223"},"modified":"2018-12-26T09:47:19","modified_gmt":"2018-12-26T11:47:19","slug":"fgts-atencao-professores-as","status":"publish","type":"post","link":"https:\/\/www.sinpro-rio.org.br\/principal\/fgts-atencao-professores-as\/","title":{"rendered":"FGTS: aten\u00e7\u00e3o, professores\/as!"},"content":{"rendered":"\n<p>Ap\u00f3s decis\u00e3o do STF, que autorizou a cobran\u00e7a do FGTS somente dos \u00faltimos 5 anos, o Sinpro-Rio pretende entrar com a\u00e7\u00e3o civil p\u00fablica para os\/as professores\/as que assim o desejarem. E, para isso, precisamos do extrato anal\u00edtico do FGTS dos\/as nossos\/as filiados\/as.<\/p>\n\n\n\n<p><br>Os que j\u00e1 ingressaram com a\u00e7\u00e3o judicial nesse sentido est\u00e3o garantidos pelo processo j\u00e1 existente. Mas fique tranquilo! Salientamos que o extrato n\u00e3o ser\u00e1 anexado ao processo e n\u00e3o ser\u00e1 dada nenhuma publicidade \u00e0 sua consulta, servindo apenas para an\u00e1lise do jur\u00eddico do seu sindicato.<\/p>\n\n\n\n<p><br>Traga o extrato anal\u00edtico do seu FGTS para o plant\u00e3o especial nos dias 26\/11, 03\/12 e 10\/12 e 17\/12, das 16h \u00e0s 18h, e procure o\/a diretor\/a do atendimento na sala de reuni\u00f5es do 6\u00ba andar do Sindicato: Rua Pedro Lessa, n\u00ba 35, 6\u00ba andar, Centro do Rio.<\/p>\n\n\n\n<p><br>Em caso de d\u00favidas, ligue para o Sinpro-Rio e pe\u00e7a para falar com o \u201cPlant\u00e3o dos Diretores\u201d, pelos telefones 3262-3410, 3262-3412 e 3262-3413.<\/p>\n","protected":false},"excerpt":{"rendered":"<p>Ap\u00f3s decis\u00e3o do STF, que autorizou a cobran\u00e7a do FGTS somente dos \u00faltimos 5 anos, o Sinpro-Rio pretende entrar com a\u00e7\u00e3o civil p\u00fablica para os\/as professores\/as que assim o desejarem. E, para isso, precisamos do extrato anal\u00edtico do FGTS dos\/as nossos\/as filiados\/as. Os que j\u00e1 ingressaram com a\u00e7\u00e3o judicial nesse sentido est\u00e3o garantidos pelo processo [&hellip;]<\/p>\n","protected":false},"author":2,"featured_media":23224,"comment_status":"open","ping_status":"open","sticky":false,"template":"","format":"standard","meta":{"footnotes":""},"categories":[1],"tags":[],"class_list":["post-23223","post","type-post","status-publish","format-standard","has-post-thumbnail","hentry","category-noticias"],"yoast_head":"<!-- This site is optimized with the Yoast SEO plugin v25.7 - https:\/\/yoast.com\/wordpress\/plugins\/seo\/ -->\n<title>FGTS: aten\u00e7\u00e3o, professores\/as! - Sinpro-Rio<\/title>\n<meta name=\"robots\" content=\"index, follow, max-snippet:-1, max-image-preview:large, max-video-preview:-1\" \/>\n<link rel=\"canonical\" href=\"https:\/\/www.sinpro-rio.org.br\/principal\/fgts-atencao-professores-as\/\" \/>\n<meta property=\"og:locale\" content=\"pt_BR\" \/>\n<meta property=\"og:type\" content=\"article\" \/>\n<meta property=\"og:title\" content=\"FGTS: aten\u00e7\u00e3o, professores\/as! - Sinpro-Rio\" \/>\n<meta property=\"og:description\" content=\"Ap\u00f3s decis\u00e3o do STF, que autorizou a cobran\u00e7a do FGTS somente dos \u00faltimos 5 anos, o Sinpro-Rio pretende entrar com a\u00e7\u00e3o civil p\u00fablica para os\/as professores\/as que assim o desejarem. E, para isso, precisamos do extrato anal\u00edtico do FGTS dos\/as nossos\/as filiados\/as. Os que j\u00e1 ingressaram com a\u00e7\u00e3o judicial nesse sentido est\u00e3o garantidos pelo processo [&hellip;]\" \/>\n<meta property=\"og:url\" content=\"https:\/\/www.sinpro-rio.org.br\/principal\/fgts-atencao-professores-as\/\" \/>\n<meta property=\"og:site_name\" content=\"Sinpro-Rio\" \/>\n<meta property=\"article:published_time\" content=\"2018-11-12T11:54:06+00:00\" \/>\n<meta property=\"article:modified_time\" content=\"2018-12-26T11:47:19+00:00\" \/>\n<meta property=\"og:image\" content=\"https:\/\/www.sinpro-rio.org.br\/principal\/wp-content\/uploads\/2018\/11\/fgts-generico.gif\" \/>\n\t<meta property=\"og:image:width\" content=\"571\" \/>\n\t<meta property=\"og:image:height\" content=\"490\" \/>\n\t<meta property=\"og:image:type\" content=\"image\/gif\" \/>\n<meta name=\"author\" content=\"alessandra\" \/>\n<meta name=\"twitter:card\" content=\"summary_large_image\" \/>\n<meta name=\"twitter:label1\" content=\"Escrito por\" \/>\n\t<meta name=\"twitter:data1\" content=\"alessandra\" \/>\n\t<meta name=\"twitter:label2\" content=\"Est. tempo de leitura\" \/>\n\t<meta name=\"twitter:data2\" content=\"1 minuto\" \/>\n<script type=\"application\/ld+json\" class=\"yoast-schema-graph\">{\"@context\":\"https:\/\/schema.org\",\"@graph\":[{\"@type\":\"WebPage\",\"@id\":\"https:\/\/www.sinpro-rio.org.br\/principal\/fgts-atencao-professores-as\/\",\"url\":\"https:\/\/www.sinpro-rio.org.br\/principal\/fgts-atencao-professores-as\/\",\"name\":\"FGTS: aten\u00e7\u00e3o, professores\/as! - Sinpro-Rio\",\"isPartOf\":{\"@id\":\"https:\/\/www.sinpro-rio.org.br\/principal\/#website\"},\"primaryImageOfPage\":{\"@id\":\"https:\/\/www.sinpro-rio.org.br\/principal\/fgts-atencao-professores-as\/#primaryimage\"},\"image\":{\"@id\":\"https:\/\/www.sinpro-rio.org.br\/principal\/fgts-atencao-professores-as\/#primaryimage\"},\"thumbnailUrl\":\"https:\/\/www.sinpro-rio.org.br\/principal\/wp-content\/uploads\/2018\/11\/fgts-generico.gif\",\"datePublished\":\"2018-11-12T11:54:06+00:00\",\"dateModified\":\"2018-12-26T11:47:19+00:00\",\"author\":{\"@id\":\"https:\/\/www.sinpro-rio.org.br\/principal\/#\/schema\/person\/ee17219e64d00d037e511ae59ce2227e\"},\"breadcrumb\":{\"@id\":\"https:\/\/www.sinpro-rio.org.br\/principal\/fgts-atencao-professores-as\/#breadcrumb\"},\"inLanguage\":\"pt-BR\",\"potentialAction\":[{\"@type\":\"ReadAction\",\"target\":[\"https:\/\/www.sinpro-rio.org.br\/principal\/fgts-atencao-professores-as\/\"]}]},{\"@type\":\"ImageObject\",\"inLanguage\":\"pt-BR\",\"@id\":\"https:\/\/www.sinpro-rio.org.br\/principal\/fgts-atencao-professores-as\/#primaryimage\",\"url\":\"https:\/\/www.sinpro-rio.org.br\/principal\/wp-content\/uploads\/2018\/11\/fgts-generico.gif\",\"contentUrl\":\"https:\/\/www.sinpro-rio.org.br\/principal\/wp-content\/uploads\/2018\/11\/fgts-generico.gif\",\"width\":571,\"height\":490},{\"@type\":\"BreadcrumbList\",\"@id\":\"https:\/\/www.sinpro-rio.org.br\/principal\/fgts-atencao-professores-as\/#breadcrumb\",\"itemListElement\":[{\"@type\":\"ListItem\",\"position\":1,\"name\":\"In\u00edcio\",\"item\":\"https:\/\/www.sinpro-rio.org.br\/principal\/\"},{\"@type\":\"ListItem\",\"position\":2,\"name\":\"FGTS: aten\u00e7\u00e3o, professores\/as!\"}]},{\"@type\":\"WebSite\",\"@id\":\"https:\/\/www.sinpro-rio.org.br\/principal\/#website\",\"url\":\"https:\/\/www.sinpro-rio.org.br\/principal\/\",\"name\":\"Sinpro-Rio\",\"description\":\"Sindicato dos Professores do Munic\u00edpio do Rio de Janeiro e Regi\u00e3o\",\"potentialAction\":[{\"@type\":\"SearchAction\",\"target\":{\"@type\":\"EntryPoint\",\"urlTemplate\":\"https:\/\/www.sinpro-rio.org.br\/principal\/?s={search_term_string}\"},\"query-input\":{\"@type\":\"PropertyValueSpecification\",\"valueRequired\":true,\"valueName\":\"search_term_string\"}}],\"inLanguage\":\"pt-BR\"},{\"@type\":\"Person\",\"@id\":\"https:\/\/www.sinpro-rio.org.br\/principal\/#\/schema\/person\/ee17219e64d00d037e511ae59ce2227e\",\"name\":\"alessandra\",\"image\":{\"@type\":\"ImageObject\",\"inLanguage\":\"pt-BR\",\"@id\":\"https:\/\/www.sinpro-rio.org.br\/principal\/#\/schema\/person\/image\/\",\"url\":\"https:\/\/secure.gravatar.com\/avatar\/2b43fa8c0ad8e33b46a4732549f7fb20?s=96&d=mm&r=g\",\"contentUrl\":\"https:\/\/secure.gravatar.com\/avatar\/2b43fa8c0ad8e33b46a4732549f7fb20?s=96&d=mm&r=g\",\"caption\":\"alessandra\"},\"url\":\"https:\/\/www.sinpro-rio.org.br\/principal\/author\/alessandra\/\"}]}<\/script>\n<!-- \/ Yoast SEO plugin. -->","yoast_head_json":{"title":"FGTS: aten\u00e7\u00e3o, professores\/as! - Sinpro-Rio","robots":{"index":"index","follow":"follow","max-snippet":"max-snippet:-1","max-image-preview":"max-image-preview:large","max-video-preview":"max-video-preview:-1"},"canonical":"https:\/\/www.sinpro-rio.org.br\/principal\/fgts-atencao-professores-as\/","og_locale":"pt_BR","og_type":"article","og_title":"FGTS: aten\u00e7\u00e3o, professores\/as! - Sinpro-Rio","og_description":"Ap\u00f3s decis\u00e3o do STF, que autorizou a cobran\u00e7a do FGTS somente dos \u00faltimos 5 anos, o Sinpro-Rio pretende entrar com a\u00e7\u00e3o civil p\u00fablica para os\/as professores\/as que assim o desejarem. E, para isso, precisamos do extrato anal\u00edtico do FGTS dos\/as nossos\/as filiados\/as. Os que j\u00e1 ingressaram com a\u00e7\u00e3o judicial nesse sentido est\u00e3o garantidos pelo processo [&hellip;]","og_url":"https:\/\/www.sinpro-rio.org.br\/principal\/fgts-atencao-professores-as\/","og_site_name":"Sinpro-Rio","article_published_time":"2018-11-12T11:54:06+00:00","article_modified_time":"2018-12-26T11:47:19+00:00","og_image":[{"width":571,"height":490,"url":"https:\/\/www.sinpro-rio.org.br\/principal\/wp-content\/uploads\/2018\/11\/fgts-generico.gif","type":"image\/gif"}],"author":"alessandra","twitter_card":"summary_large_image","twitter_misc":{"Escrito por":"alessandra","Est. tempo de leitura":"1 minuto"},"schema":{"@context":"https:\/\/schema.org","@graph":[{"@type":"WebPage","@id":"https:\/\/www.sinpro-rio.org.br\/principal\/fgts-atencao-professores-as\/","url":"https:\/\/www.sinpro-rio.org.br\/principal\/fgts-atencao-professores-as\/","name":"FGTS: aten\u00e7\u00e3o, professores\/as! - Sinpro-Rio","isPartOf":{"@id":"https:\/\/www.sinpro-rio.org.br\/principal\/#website"},"primaryImageOfPage":{"@id":"https:\/\/www.sinpro-rio.org.br\/principal\/fgts-atencao-professores-as\/#primaryimage"},"image":{"@id":"https:\/\/www.sinpro-rio.org.br\/principal\/fgts-atencao-professores-as\/#primaryimage"},"thumbnailUrl":"https:\/\/www.sinpro-rio.org.br\/principal\/wp-content\/uploads\/2018\/11\/fgts-generico.gif","datePublished":"2018-11-12T11:54:06+00:00","dateModified":"2018-12-26T11:47:19+00:00","author":{"@id":"https:\/\/www.sinpro-rio.org.br\/principal\/#\/schema\/person\/ee17219e64d00d037e511ae59ce2227e"},"breadcrumb":{"@id":"https:\/\/www.sinpro-rio.org.br\/principal\/fgts-atencao-professores-as\/#breadcrumb"},"inLanguage":"pt-BR","potentialAction":[{"@type":"ReadAction","target":["https:\/\/www.sinpro-rio.org.br\/principal\/fgts-atencao-professores-as\/"]}]},{"@type":"ImageObject","inLanguage":"pt-BR","@id":"https:\/\/www.sinpro-rio.org.br\/principal\/fgts-atencao-professores-as\/#primaryimage","url":"https:\/\/www.sinpro-rio.org.br\/principal\/wp-content\/uploads\/2018\/11\/fgts-generico.gif","contentUrl":"https:\/\/www.sinpro-rio.org.br\/principal\/wp-content\/uploads\/2018\/11\/fgts-generico.gif","width":571,"height":490},{"@type":"BreadcrumbList","@id":"https:\/\/www.sinpro-rio.org.br\/principal\/fgts-atencao-professores-as\/#breadcrumb","itemListElement":[{"@type":"ListItem","position":1,"name":"In\u00edcio","item":"https:\/\/www.sinpro-rio.org.br\/principal\/"},{"@type":"ListItem","position":2,"name":"FGTS: aten\u00e7\u00e3o, professores\/as!"}]},{"@type":"WebSite","@id":"https:\/\/www.sinpro-rio.org.br\/principal\/#website","url":"https:\/\/www.sinpro-rio.org.br\/principal\/","name":"Sinpro-Rio","description":"Sindicato dos Professores do Munic\u00edpio do Rio de Janeiro e Regi\u00e3o","potentialAction":[{"@type":"SearchAction","target":{"@type":"EntryPoint","urlTemplate":"https:\/\/www.sinpro-rio.org.br\/principal\/?s={search_term_string}"},"query-input":{"@type":"PropertyValueSpecification","valueRequired":true,"valueName":"search_term_string"}}],"inLanguage":"pt-BR"},{"@type":"Person","@id":"https:\/\/www.sinpro-rio.org.br\/principal\/#\/schema\/person\/ee17219e64d00d037e511ae59ce2227e","name":"alessandra","image":{"@type":"ImageObject","inLanguage":"pt-BR","@id":"https:\/\/www.sinpro-rio.org.br\/principal\/#\/schema\/person\/image\/","url":"https:\/\/secure.gravatar.com\/avatar\/2b43fa8c0ad8e33b46a4732549f7fb20?s=96&d=mm&r=g","contentUrl":"https:\/\/secure.gravatar.com\/avatar\/2b43fa8c0ad8e33b46a4732549f7fb20?s=96&d=mm&r=g","caption":"alessandra"},"url":"https:\/\/www.sinpro-rio.org.br\/principal\/author\/alessandra\/"}]}},"_links":{"self":[{"href":"https:\/\/www.sinpro-rio.org.br\/principal\/wp-json\/wp\/v2\/posts\/23223","targetHints":{"allow":["GET"]}}],"collection":[{"href":"https:\/\/www.sinpro-rio.org.br\/principal\/wp-json\/wp\/v2\/posts"}],"about":[{"href":"https:\/\/www.sinpro-rio.org.br\/principal\/wp-json\/wp\/v2\/types\/post"}],"author":[{"embeddable":true,"href":"https:\/\/www.sinpro-rio.org.br\/principal\/wp-json\/wp\/v2\/users\/2"}],"replies":[{"embeddable":true,"href":"https:\/\/www.sinpro-rio.org.br\/principal\/wp-json\/wp\/v2\/comments?post=23223"}],"version-history":[{"count":1,"href":"https:\/\/www.sinpro-rio.org.br\/principal\/wp-json\/wp\/v2\/posts\/23223\/revisions"}],"predecessor-version":[{"id":23225,"href":"https:\/\/www.sinpro-rio.org.br\/principal\/wp-json\/wp\/v2\/posts\/23223\/revisions\/23225"}],"wp:featuredmedia":[{"embeddable":true,"href":"https:\/\/www.sinpro-rio.org.br\/principal\/wp-json\/wp\/v2\/media\/23224"}],"wp:attachment":[{"href":"https:\/\/www.sinpro-rio.org.br\/principal\/wp-json\/wp\/v2\/media?parent=23223"}],"wp:term":[{"taxonomy":"category","embeddable":true,"href":"https:\/\/www.sinpro-rio.org.br\/principal\/wp-json\/wp\/v2\/categories?post=23223"},{"taxonomy":"post_tag","embeddable":true,"href":"https:\/\/www.sinpro-rio.org.br\/principal\/wp-json\/wp\/v2\/tags?post=23223"}],"curies":[{"name":"wp","href":"https:\/\/api.w.org\/{rel}","templated":true}]}}