{"id":23054,"date":"2018-11-09T11:16:57","date_gmt":"2018-11-09T13:16:57","guid":{"rendered":"http:\/\/sinpro-rio.org.br\/principal\/site\/?p=23054"},"modified":"2018-11-09T11:18:19","modified_gmt":"2018-11-09T13:18:19","slug":"extincao-do-ministerio-do-trabalho-leia-a-nota-conjunta-do-mpt-anamatra-coleprecor-anpt-e-abrat","status":"publish","type":"post","link":"https:\/\/www.sinpro-rio.org.br\/principal\/extincao-do-ministerio-do-trabalho-leia-a-nota-conjunta-do-mpt-anamatra-coleprecor-anpt-e-abrat\/","title":{"rendered":"Extin\u00e7\u00e3o do Minist\u00e9rio do Trabalho: leia a nota t\u00e9cnica conjunta do MPT, Anamatra, Coleprecor, Anpt e Abrat"},"content":{"rendered":"\n<p><em>EXTIN\u00c7\u00c3O DO MINIST\u00c9RIO DO TRABALHO: NOTA T\u00c9CNICA<\/em><\/p>\n\n\n\n<p>As institui\u00e7\u00f5es abaixo subscritas, representativas dos principais segmentos respons\u00e1veis pela regula\u00e7\u00e3o jur\u00eddica do mundo do trabalho, v\u00eam externar sua compreens\u00e3o acerca da proposta de extin\u00e7\u00e3o do Minist\u00e9rio do Trabalho, tal como recentemente divulgada por v\u00e1rios ve\u00edculos da m\u00eddia nacional.<\/p>\n\n\n\n<p>Leia a nota\u00a0 em\u00a0<a href=\"https:\/\/www.anamatra.org.br\/images\/20181108.notatecnicaextincao.pdf\">https:\/\/www.anamatra.org.br\/images\/20181108.notatecnicaextincao.pdf<\/a><\/p>\n","protected":false},"excerpt":{"rendered":"<p>EXTIN\u00c7\u00c3O DO MINIST\u00c9RIO DO TRABALHO: NOTA T\u00c9CNICA As institui\u00e7\u00f5es abaixo subscritas, representativas dos principais segmentos respons\u00e1veis pela regula\u00e7\u00e3o jur\u00eddica do mundo do trabalho, v\u00eam externar sua compreens\u00e3o acerca da proposta de extin\u00e7\u00e3o do Minist\u00e9rio do Trabalho, tal como recentemente divulgada por v\u00e1rios ve\u00edculos da m\u00eddia nacional. Leia a nota\u00a0 em\u00a0https:\/\/www.anamatra.org.br\/images\/20181108.notatecnicaextincao.pdf<\/p>\n","protected":false},"author":2,"featured_media":23056,"comment_status":"open","ping_status":"open","sticky":false,"template":"","format":"standard","meta":{"footnotes":""},"categories":[1],"tags":[],"class_list":["post-23054","post","type-post","status-publish","format-standard","has-post-thumbnail","hentry","category-noticias"],"yoast_head":"<!-- This site is optimized with the Yoast SEO plugin v25.7 - https:\/\/yoast.com\/wordpress\/plugins\/seo\/ -->\n<title>Extin\u00e7\u00e3o do Minist\u00e9rio do Trabalho: leia a nota t\u00e9cnica conjunta do MPT, Anamatra, Coleprecor, Anpt e Abrat - Sinpro-Rio<\/title>\n<meta name=\"robots\" content=\"index, follow, max-snippet:-1, max-image-preview:large, max-video-preview:-1\" \/>\n<link rel=\"canonical\" href=\"https:\/\/www.sinpro-rio.org.br\/principal\/extincao-do-ministerio-do-trabalho-leia-a-nota-conjunta-do-mpt-anamatra-coleprecor-anpt-e-abrat\/\" \/>\n<meta property=\"og:locale\" content=\"pt_BR\" \/>\n<meta property=\"og:type\" content=\"article\" \/>\n<meta property=\"og:title\" content=\"Extin\u00e7\u00e3o do Minist\u00e9rio do Trabalho: leia a nota t\u00e9cnica conjunta do MPT, Anamatra, Coleprecor, Anpt e Abrat - Sinpro-Rio\" \/>\n<meta property=\"og:description\" content=\"EXTIN\u00c7\u00c3O DO MINIST\u00c9RIO DO TRABALHO: NOTA T\u00c9CNICA As institui\u00e7\u00f5es abaixo subscritas, representativas dos principais segmentos respons\u00e1veis pela regula\u00e7\u00e3o jur\u00eddica do mundo do trabalho, v\u00eam externar sua compreens\u00e3o acerca da proposta de extin\u00e7\u00e3o do Minist\u00e9rio do Trabalho, tal como recentemente divulgada por v\u00e1rios ve\u00edculos da m\u00eddia nacional. Leia a nota\u00a0 em\u00a0https:\/\/www.anamatra.org.br\/images\/20181108.notatecnicaextincao.pdf\" \/>\n<meta property=\"og:url\" content=\"https:\/\/www.sinpro-rio.org.br\/principal\/extincao-do-ministerio-do-trabalho-leia-a-nota-conjunta-do-mpt-anamatra-coleprecor-anpt-e-abrat\/\" \/>\n<meta property=\"og:site_name\" content=\"Sinpro-Rio\" \/>\n<meta property=\"article:published_time\" content=\"2018-11-09T13:16:57+00:00\" \/>\n<meta property=\"article:modified_time\" content=\"2018-11-09T13:18:19+00:00\" \/>\n<meta property=\"og:image\" content=\"https:\/\/www.sinpro-rio.org.br\/principal\/wp-content\/uploads\/2018\/11\/nota-conjunta-1024x611.jpg\" \/>\n\t<meta property=\"og:image:width\" content=\"1024\" \/>\n\t<meta property=\"og:image:height\" content=\"611\" \/>\n\t<meta property=\"og:image:type\" content=\"image\/jpeg\" \/>\n<meta name=\"author\" content=\"alessandra\" \/>\n<meta name=\"twitter:card\" content=\"summary_large_image\" \/>\n<meta name=\"twitter:label1\" content=\"Escrito por\" \/>\n\t<meta name=\"twitter:data1\" content=\"alessandra\" \/>\n<script type=\"application\/ld+json\" class=\"yoast-schema-graph\">{\"@context\":\"https:\/\/schema.org\",\"@graph\":[{\"@type\":\"WebPage\",\"@id\":\"https:\/\/www.sinpro-rio.org.br\/principal\/extincao-do-ministerio-do-trabalho-leia-a-nota-conjunta-do-mpt-anamatra-coleprecor-anpt-e-abrat\/\",\"url\":\"https:\/\/www.sinpro-rio.org.br\/principal\/extincao-do-ministerio-do-trabalho-leia-a-nota-conjunta-do-mpt-anamatra-coleprecor-anpt-e-abrat\/\",\"name\":\"Extin\u00e7\u00e3o do Minist\u00e9rio do Trabalho: leia a nota t\u00e9cnica conjunta do MPT, Anamatra, Coleprecor, Anpt e Abrat - Sinpro-Rio\",\"isPartOf\":{\"@id\":\"https:\/\/www.sinpro-rio.org.br\/principal\/#website\"},\"primaryImageOfPage\":{\"@id\":\"https:\/\/www.sinpro-rio.org.br\/principal\/extincao-do-ministerio-do-trabalho-leia-a-nota-conjunta-do-mpt-anamatra-coleprecor-anpt-e-abrat\/#primaryimage\"},\"image\":{\"@id\":\"https:\/\/www.sinpro-rio.org.br\/principal\/extincao-do-ministerio-do-trabalho-leia-a-nota-conjunta-do-mpt-anamatra-coleprecor-anpt-e-abrat\/#primaryimage\"},\"thumbnailUrl\":\"https:\/\/www.sinpro-rio.org.br\/principal\/wp-content\/uploads\/2018\/11\/nota-conjunta.jpg\",\"datePublished\":\"2018-11-09T13:16:57+00:00\",\"dateModified\":\"2018-11-09T13:18:19+00:00\",\"author\":{\"@id\":\"https:\/\/www.sinpro-rio.org.br\/principal\/#\/schema\/person\/ee17219e64d00d037e511ae59ce2227e\"},\"breadcrumb\":{\"@id\":\"https:\/\/www.sinpro-rio.org.br\/principal\/extincao-do-ministerio-do-trabalho-leia-a-nota-conjunta-do-mpt-anamatra-coleprecor-anpt-e-abrat\/#breadcrumb\"},\"inLanguage\":\"pt-BR\",\"potentialAction\":[{\"@type\":\"ReadAction\",\"target\":[\"https:\/\/www.sinpro-rio.org.br\/principal\/extincao-do-ministerio-do-trabalho-leia-a-nota-conjunta-do-mpt-anamatra-coleprecor-anpt-e-abrat\/\"]}]},{\"@type\":\"ImageObject\",\"inLanguage\":\"pt-BR\",\"@id\":\"https:\/\/www.sinpro-rio.org.br\/principal\/extincao-do-ministerio-do-trabalho-leia-a-nota-conjunta-do-mpt-anamatra-coleprecor-anpt-e-abrat\/#primaryimage\",\"url\":\"https:\/\/www.sinpro-rio.org.br\/principal\/wp-content\/uploads\/2018\/11\/nota-conjunta.jpg\",\"contentUrl\":\"https:\/\/www.sinpro-rio.org.br\/principal\/wp-content\/uploads\/2018\/11\/nota-conjunta.jpg\",\"width\":4399,\"height\":2625},{\"@type\":\"BreadcrumbList\",\"@id\":\"https:\/\/www.sinpro-rio.org.br\/principal\/extincao-do-ministerio-do-trabalho-leia-a-nota-conjunta-do-mpt-anamatra-coleprecor-anpt-e-abrat\/#breadcrumb\",\"itemListElement\":[{\"@type\":\"ListItem\",\"position\":1,\"name\":\"In\u00edcio\",\"item\":\"https:\/\/www.sinpro-rio.org.br\/principal\/\"},{\"@type\":\"ListItem\",\"position\":2,\"name\":\"Extin\u00e7\u00e3o do Minist\u00e9rio do Trabalho: leia a nota t\u00e9cnica conjunta do MPT, Anamatra, Coleprecor, Anpt e Abrat\"}]},{\"@type\":\"WebSite\",\"@id\":\"https:\/\/www.sinpro-rio.org.br\/principal\/#website\",\"url\":\"https:\/\/www.sinpro-rio.org.br\/principal\/\",\"name\":\"Sinpro-Rio\",\"description\":\"Sindicato dos Professores do Munic\u00edpio do Rio de Janeiro e Regi\u00e3o\",\"potentialAction\":[{\"@type\":\"SearchAction\",\"target\":{\"@type\":\"EntryPoint\",\"urlTemplate\":\"https:\/\/www.sinpro-rio.org.br\/principal\/?s={search_term_string}\"},\"query-input\":{\"@type\":\"PropertyValueSpecification\",\"valueRequired\":true,\"valueName\":\"search_term_string\"}}],\"inLanguage\":\"pt-BR\"},{\"@type\":\"Person\",\"@id\":\"https:\/\/www.sinpro-rio.org.br\/principal\/#\/schema\/person\/ee17219e64d00d037e511ae59ce2227e\",\"name\":\"alessandra\",\"image\":{\"@type\":\"ImageObject\",\"inLanguage\":\"pt-BR\",\"@id\":\"https:\/\/www.sinpro-rio.org.br\/principal\/#\/schema\/person\/image\/\",\"url\":\"https:\/\/secure.gravatar.com\/avatar\/2b43fa8c0ad8e33b46a4732549f7fb20?s=96&d=mm&r=g\",\"contentUrl\":\"https:\/\/secure.gravatar.com\/avatar\/2b43fa8c0ad8e33b46a4732549f7fb20?s=96&d=mm&r=g\",\"caption\":\"alessandra\"},\"url\":\"https:\/\/www.sinpro-rio.org.br\/principal\/author\/alessandra\/\"}]}<\/script>\n<!-- \/ Yoast SEO plugin. -->","yoast_head_json":{"title":"Extin\u00e7\u00e3o do Minist\u00e9rio do Trabalho: leia a nota t\u00e9cnica conjunta do MPT, Anamatra, Coleprecor, Anpt e Abrat - Sinpro-Rio","robots":{"index":"index","follow":"follow","max-snippet":"max-snippet:-1","max-image-preview":"max-image-preview:large","max-video-preview":"max-video-preview:-1"},"canonical":"https:\/\/www.sinpro-rio.org.br\/principal\/extincao-do-ministerio-do-trabalho-leia-a-nota-conjunta-do-mpt-anamatra-coleprecor-anpt-e-abrat\/","og_locale":"pt_BR","og_type":"article","og_title":"Extin\u00e7\u00e3o do Minist\u00e9rio do Trabalho: leia a nota t\u00e9cnica conjunta do MPT, Anamatra, Coleprecor, Anpt e Abrat - Sinpro-Rio","og_description":"EXTIN\u00c7\u00c3O DO MINIST\u00c9RIO DO TRABALHO: NOTA T\u00c9CNICA As institui\u00e7\u00f5es abaixo subscritas, representativas dos principais segmentos respons\u00e1veis pela regula\u00e7\u00e3o jur\u00eddica do mundo do trabalho, v\u00eam externar sua compreens\u00e3o acerca da proposta de extin\u00e7\u00e3o do Minist\u00e9rio do Trabalho, tal como recentemente divulgada por v\u00e1rios ve\u00edculos da m\u00eddia nacional. Leia a nota\u00a0 em\u00a0https:\/\/www.anamatra.org.br\/images\/20181108.notatecnicaextincao.pdf","og_url":"https:\/\/www.sinpro-rio.org.br\/principal\/extincao-do-ministerio-do-trabalho-leia-a-nota-conjunta-do-mpt-anamatra-coleprecor-anpt-e-abrat\/","og_site_name":"Sinpro-Rio","article_published_time":"2018-11-09T13:16:57+00:00","article_modified_time":"2018-11-09T13:18:19+00:00","og_image":[{"width":1024,"height":611,"url":"https:\/\/www.sinpro-rio.org.br\/principal\/wp-content\/uploads\/2018\/11\/nota-conjunta-1024x611.jpg","type":"image\/jpeg"}],"author":"alessandra","twitter_card":"summary_large_image","twitter_misc":{"Escrito por":"alessandra"},"schema":{"@context":"https:\/\/schema.org","@graph":[{"@type":"WebPage","@id":"https:\/\/www.sinpro-rio.org.br\/principal\/extincao-do-ministerio-do-trabalho-leia-a-nota-conjunta-do-mpt-anamatra-coleprecor-anpt-e-abrat\/","url":"https:\/\/www.sinpro-rio.org.br\/principal\/extincao-do-ministerio-do-trabalho-leia-a-nota-conjunta-do-mpt-anamatra-coleprecor-anpt-e-abrat\/","name":"Extin\u00e7\u00e3o do Minist\u00e9rio do Trabalho: leia a nota t\u00e9cnica conjunta do MPT, Anamatra, Coleprecor, Anpt e Abrat - Sinpro-Rio","isPartOf":{"@id":"https:\/\/www.sinpro-rio.org.br\/principal\/#website"},"primaryImageOfPage":{"@id":"https:\/\/www.sinpro-rio.org.br\/principal\/extincao-do-ministerio-do-trabalho-leia-a-nota-conjunta-do-mpt-anamatra-coleprecor-anpt-e-abrat\/#primaryimage"},"image":{"@id":"https:\/\/www.sinpro-rio.org.br\/principal\/extincao-do-ministerio-do-trabalho-leia-a-nota-conjunta-do-mpt-anamatra-coleprecor-anpt-e-abrat\/#primaryimage"},"thumbnailUrl":"https:\/\/www.sinpro-rio.org.br\/principal\/wp-content\/uploads\/2018\/11\/nota-conjunta.jpg","datePublished":"2018-11-09T13:16:57+00:00","dateModified":"2018-11-09T13:18:19+00:00","author":{"@id":"https:\/\/www.sinpro-rio.org.br\/principal\/#\/schema\/person\/ee17219e64d00d037e511ae59ce2227e"},"breadcrumb":{"@id":"https:\/\/www.sinpro-rio.org.br\/principal\/extincao-do-ministerio-do-trabalho-leia-a-nota-conjunta-do-mpt-anamatra-coleprecor-anpt-e-abrat\/#breadcrumb"},"inLanguage":"pt-BR","potentialAction":[{"@type":"ReadAction","target":["https:\/\/www.sinpro-rio.org.br\/principal\/extincao-do-ministerio-do-trabalho-leia-a-nota-conjunta-do-mpt-anamatra-coleprecor-anpt-e-abrat\/"]}]},{"@type":"ImageObject","inLanguage":"pt-BR","@id":"https:\/\/www.sinpro-rio.org.br\/principal\/extincao-do-ministerio-do-trabalho-leia-a-nota-conjunta-do-mpt-anamatra-coleprecor-anpt-e-abrat\/#primaryimage","url":"https:\/\/www.sinpro-rio.org.br\/principal\/wp-content\/uploads\/2018\/11\/nota-conjunta.jpg","contentUrl":"https:\/\/www.sinpro-rio.org.br\/principal\/wp-content\/uploads\/2018\/11\/nota-conjunta.jpg","width":4399,"height":2625},{"@type":"BreadcrumbList","@id":"https:\/\/www.sinpro-rio.org.br\/principal\/extincao-do-ministerio-do-trabalho-leia-a-nota-conjunta-do-mpt-anamatra-coleprecor-anpt-e-abrat\/#breadcrumb","itemListElement":[{"@type":"ListItem","position":1,"name":"In\u00edcio","item":"https:\/\/www.sinpro-rio.org.br\/principal\/"},{"@type":"ListItem","position":2,"name":"Extin\u00e7\u00e3o do Minist\u00e9rio do Trabalho: leia a nota t\u00e9cnica conjunta do MPT, Anamatra, Coleprecor, Anpt e Abrat"}]},{"@type":"WebSite","@id":"https:\/\/www.sinpro-rio.org.br\/principal\/#website","url":"https:\/\/www.sinpro-rio.org.br\/principal\/","name":"Sinpro-Rio","description":"Sindicato dos Professores do Munic\u00edpio do Rio de Janeiro e Regi\u00e3o","potentialAction":[{"@type":"SearchAction","target":{"@type":"EntryPoint","urlTemplate":"https:\/\/www.sinpro-rio.org.br\/principal\/?s={search_term_string}"},"query-input":{"@type":"PropertyValueSpecification","valueRequired":true,"valueName":"search_term_string"}}],"inLanguage":"pt-BR"},{"@type":"Person","@id":"https:\/\/www.sinpro-rio.org.br\/principal\/#\/schema\/person\/ee17219e64d00d037e511ae59ce2227e","name":"alessandra","image":{"@type":"ImageObject","inLanguage":"pt-BR","@id":"https:\/\/www.sinpro-rio.org.br\/principal\/#\/schema\/person\/image\/","url":"https:\/\/secure.gravatar.com\/avatar\/2b43fa8c0ad8e33b46a4732549f7fb20?s=96&d=mm&r=g","contentUrl":"https:\/\/secure.gravatar.com\/avatar\/2b43fa8c0ad8e33b46a4732549f7fb20?s=96&d=mm&r=g","caption":"alessandra"},"url":"https:\/\/www.sinpro-rio.org.br\/principal\/author\/alessandra\/"}]}},"_links":{"self":[{"href":"https:\/\/www.sinpro-rio.org.br\/principal\/wp-json\/wp\/v2\/posts\/23054","targetHints":{"allow":["GET"]}}],"collection":[{"href":"https:\/\/www.sinpro-rio.org.br\/principal\/wp-json\/wp\/v2\/posts"}],"about":[{"href":"https:\/\/www.sinpro-rio.org.br\/principal\/wp-json\/wp\/v2\/types\/post"}],"author":[{"embeddable":true,"href":"https:\/\/www.sinpro-rio.org.br\/principal\/wp-json\/wp\/v2\/users\/2"}],"replies":[{"embeddable":true,"href":"https:\/\/www.sinpro-rio.org.br\/principal\/wp-json\/wp\/v2\/comments?post=23054"}],"version-history":[{"count":2,"href":"https:\/\/www.sinpro-rio.org.br\/principal\/wp-json\/wp\/v2\/posts\/23054\/revisions"}],"predecessor-version":[{"id":23058,"href":"https:\/\/www.sinpro-rio.org.br\/principal\/wp-json\/wp\/v2\/posts\/23054\/revisions\/23058"}],"wp:featuredmedia":[{"embeddable":true,"href":"https:\/\/www.sinpro-rio.org.br\/principal\/wp-json\/wp\/v2\/media\/23056"}],"wp:attachment":[{"href":"https:\/\/www.sinpro-rio.org.br\/principal\/wp-json\/wp\/v2\/media?parent=23054"}],"wp:term":[{"taxonomy":"category","embeddable":true,"href":"https:\/\/www.sinpro-rio.org.br\/principal\/wp-json\/wp\/v2\/categories?post=23054"},{"taxonomy":"post_tag","embeddable":true,"href":"https:\/\/www.sinpro-rio.org.br\/principal\/wp-json\/wp\/v2\/tags?post=23054"}],"curies":[{"name":"wp","href":"https:\/\/api.w.org\/{rel}","templated":true}]}}