{"id":23019,"date":"2017-11-20T12:43:03","date_gmt":"2017-11-20T14:43:03","guid":{"rendered":"http:\/\/sinpro-rio.org.br\/principal\/site\/?p=23019"},"modified":"2019-05-31T12:03:19","modified_gmt":"2019-05-31T15:03:19","slug":"machado-para-jovens-leitores-de-varios-autores%ef%bb%bf","status":"publish","type":"post","link":"https:\/\/www.sinpro-rio.org.br\/principal\/machado-para-jovens-leitores-de-varios-autores%ef%bb%bf\/","title":{"rendered":"Machado Para jovens leitores de V\u00e1rios Autores?"},"content":{"rendered":"\n<h3 class=\"wp-block-heading\"><br><\/h3>\n\n\n\n<p>Em homenagem ao centen\u00e1rio do escritor Machado de Assis, a Editora da Universidade do Estado do Rio de Janeiro (Eduerj) lan\u00e7a este m\u00eas a antologia &#8220;Machado Para jovens leitores&#8221;. A obra, que foi organizada por professores da Universidade Estadual do Rio de Janeiro (Uerj) e do Col\u00e9gio de Aplica\u00e7\u00e3o Fernando Rodrigues da Silveira (Cap-Uerj), com apoio da Biblioteca Nacional, pretende levar a obra do maior escritor brasileiro a novos leitores.<\/p>\n\n\n\n<p>Nela, estar\u00e3o toda esp\u00e9cie de textos que o autor escreveu; cr\u00f4nicas, contos, trecho de livros, correspond\u00eancias, cr\u00edticas liter\u00e1rias, al\u00e9m do discurso feito na sess\u00e3o inaugural da Academia Brasileira de Letras. H\u00e1 tamb\u00e9m, textos de outros escritores consagrados, como Euclides da Cunha, exaltando o talento do escritor carioca.<\/p>\n\n\n\n<p>Vale ressaltar que s\u00f3 se chegou ao repert\u00f3rio final ap\u00f3s um trabalho de leitura realizado com estudantes de n\u00edvel m\u00e9dio do Cap-Uerj e do Centro Federal de Educa\u00e7\u00e3o Tecnol\u00f3gica Celso Suckow da Fonseca (Cefet-RJ).<\/p>\n\n\n\n<h4 class=\"wp-block-heading\">Contatos da Editora:<\/h4>\n\n\n\n<p><strong>Site:<\/strong>&nbsp;<a href=\"http:\/\/www.eduerj.uerj.br\/\" target=\"_blank\" rel=\"noreferrer noopener\">www.eduerj.uerj.br\/<\/a><strong><br>Email:&nbsp;<\/strong><a href=\"mailto:eduerj@uerj.br\">eduerj@uerj.br<\/a><strong>Telefone:&nbsp;<\/strong>(21) 2587 7788<\/p>\n","protected":false},"excerpt":{"rendered":"<p>Em homenagem ao centen\u00e1rio do escritor Machado de Assis, a Editora da Universidade do Estado do Rio de Janeiro (Eduerj) lan\u00e7a este m\u00eas a antologia &#8220;Machado Para jovens leitores&#8221;. A obra, que foi organizada por professores da Universidade Estadual do Rio de Janeiro (Uerj) e do Col\u00e9gio de Aplica\u00e7\u00e3o Fernando Rodrigues da Silveira (Cap-Uerj), com [&hellip;]<\/p>\n","protected":false},"author":8,"featured_media":23020,"comment_status":"open","ping_status":"open","sticky":false,"template":"","format":"standard","meta":{"footnotes":""},"categories":[31,13],"tags":[369,371,370],"class_list":["post-23019","post","type-post","status-publish","format-standard","has-post-thumbnail","hentry","category-estante-do-professor","category-publicac-es","tag-369","tag-cap-uerj","tag-eduerj"],"yoast_head":"<!-- This site is optimized with the Yoast SEO plugin v25.7 - https:\/\/yoast.com\/wordpress\/plugins\/seo\/ -->\n<title>Machado Para jovens leitores de V\u00e1rios Autores? - Sinpro-Rio<\/title>\n<meta name=\"robots\" content=\"index, follow, max-snippet:-1, max-image-preview:large, max-video-preview:-1\" \/>\n<link rel=\"canonical\" href=\"https:\/\/www.sinpro-rio.org.br\/principal\/machado-para-jovens-leitores-de-varios-autores\ufeff\/\" \/>\n<meta property=\"og:locale\" content=\"pt_BR\" \/>\n<meta property=\"og:type\" content=\"article\" \/>\n<meta property=\"og:title\" content=\"Machado Para jovens leitores de V\u00e1rios Autores? - Sinpro-Rio\" \/>\n<meta property=\"og:description\" content=\"Em homenagem ao centen\u00e1rio do escritor Machado de Assis, a Editora da Universidade do Estado do Rio de Janeiro (Eduerj) lan\u00e7a este m\u00eas a antologia &#8220;Machado Para jovens leitores&#8221;. A obra, que foi organizada por professores da Universidade Estadual do Rio de Janeiro (Uerj) e do Col\u00e9gio de Aplica\u00e7\u00e3o Fernando Rodrigues da Silveira (Cap-Uerj), com [&hellip;]\" \/>\n<meta property=\"og:url\" content=\"https:\/\/www.sinpro-rio.org.br\/principal\/machado-para-jovens-leitores-de-varios-autores\ufeff\/\" \/>\n<meta property=\"og:site_name\" content=\"Sinpro-Rio\" \/>\n<meta property=\"article:published_time\" content=\"2017-11-20T14:43:03+00:00\" \/>\n<meta property=\"article:modified_time\" content=\"2019-05-31T15:03:19+00:00\" \/>\n<meta property=\"og:image\" content=\"https:\/\/www.sinpro-rio.org.br\/principal\/wp-content\/uploads\/2018\/11\/02-machado-para-jovens.gif\" \/>\n\t<meta property=\"og:image:width\" content=\"100\" \/>\n\t<meta property=\"og:image:height\" content=\"144\" \/>\n\t<meta property=\"og:image:type\" content=\"image\/gif\" \/>\n<meta name=\"author\" content=\"Rafael\" \/>\n<meta name=\"twitter:card\" content=\"summary_large_image\" \/>\n<meta name=\"twitter:label1\" content=\"Escrito por\" \/>\n\t<meta name=\"twitter:data1\" content=\"Rafael\" \/>\n\t<meta name=\"twitter:label2\" content=\"Est. tempo de leitura\" \/>\n\t<meta name=\"twitter:data2\" content=\"1 minuto\" \/>\n<script type=\"application\/ld+json\" class=\"yoast-schema-graph\">{\"@context\":\"https:\/\/schema.org\",\"@graph\":[{\"@type\":\"WebPage\",\"@id\":\"https:\/\/www.sinpro-rio.org.br\/principal\/machado-para-jovens-leitores-de-varios-autores%ef%bb%bf\/\",\"url\":\"https:\/\/www.sinpro-rio.org.br\/principal\/machado-para-jovens-leitores-de-varios-autores%ef%bb%bf\/\",\"name\":\"Machado Para jovens leitores de V\u00e1rios Autores? - Sinpro-Rio\",\"isPartOf\":{\"@id\":\"https:\/\/www.sinpro-rio.org.br\/principal\/#website\"},\"primaryImageOfPage\":{\"@id\":\"https:\/\/www.sinpro-rio.org.br\/principal\/machado-para-jovens-leitores-de-varios-autores%ef%bb%bf\/#primaryimage\"},\"image\":{\"@id\":\"https:\/\/www.sinpro-rio.org.br\/principal\/machado-para-jovens-leitores-de-varios-autores%ef%bb%bf\/#primaryimage\"},\"thumbnailUrl\":\"https:\/\/www.sinpro-rio.org.br\/principal\/wp-content\/uploads\/2018\/11\/02-machado-para-jovens.gif\",\"datePublished\":\"2017-11-20T14:43:03+00:00\",\"dateModified\":\"2019-05-31T15:03:19+00:00\",\"author\":{\"@id\":\"https:\/\/www.sinpro-rio.org.br\/principal\/#\/schema\/person\/513f6c0d98c231ae05be0b1f852773b1\"},\"breadcrumb\":{\"@id\":\"https:\/\/www.sinpro-rio.org.br\/principal\/machado-para-jovens-leitores-de-varios-autores%ef%bb%bf\/#breadcrumb\"},\"inLanguage\":\"pt-BR\",\"potentialAction\":[{\"@type\":\"ReadAction\",\"target\":[\"https:\/\/www.sinpro-rio.org.br\/principal\/machado-para-jovens-leitores-de-varios-autores%ef%bb%bf\/\"]}]},{\"@type\":\"ImageObject\",\"inLanguage\":\"pt-BR\",\"@id\":\"https:\/\/www.sinpro-rio.org.br\/principal\/machado-para-jovens-leitores-de-varios-autores%ef%bb%bf\/#primaryimage\",\"url\":\"https:\/\/www.sinpro-rio.org.br\/principal\/wp-content\/uploads\/2018\/11\/02-machado-para-jovens.gif\",\"contentUrl\":\"https:\/\/www.sinpro-rio.org.br\/principal\/wp-content\/uploads\/2018\/11\/02-machado-para-jovens.gif\",\"width\":100,\"height\":144},{\"@type\":\"BreadcrumbList\",\"@id\":\"https:\/\/www.sinpro-rio.org.br\/principal\/machado-para-jovens-leitores-de-varios-autores%ef%bb%bf\/#breadcrumb\",\"itemListElement\":[{\"@type\":\"ListItem\",\"position\":1,\"name\":\"In\u00edcio\",\"item\":\"https:\/\/www.sinpro-rio.org.br\/principal\/\"},{\"@type\":\"ListItem\",\"position\":2,\"name\":\"Machado Para jovens leitores de V\u00e1rios Autores?\"}]},{\"@type\":\"WebSite\",\"@id\":\"https:\/\/www.sinpro-rio.org.br\/principal\/#website\",\"url\":\"https:\/\/www.sinpro-rio.org.br\/principal\/\",\"name\":\"Sinpro-Rio\",\"description\":\"Sindicato dos Professores do Munic\u00edpio do Rio de Janeiro e Regi\u00e3o\",\"potentialAction\":[{\"@type\":\"SearchAction\",\"target\":{\"@type\":\"EntryPoint\",\"urlTemplate\":\"https:\/\/www.sinpro-rio.org.br\/principal\/?s={search_term_string}\"},\"query-input\":{\"@type\":\"PropertyValueSpecification\",\"valueRequired\":true,\"valueName\":\"search_term_string\"}}],\"inLanguage\":\"pt-BR\"},{\"@type\":\"Person\",\"@id\":\"https:\/\/www.sinpro-rio.org.br\/principal\/#\/schema\/person\/513f6c0d98c231ae05be0b1f852773b1\",\"name\":\"Rafael\",\"image\":{\"@type\":\"ImageObject\",\"inLanguage\":\"pt-BR\",\"@id\":\"https:\/\/www.sinpro-rio.org.br\/principal\/#\/schema\/person\/image\/\",\"url\":\"https:\/\/secure.gravatar.com\/avatar\/89b386dfdde3072f65f7acadfe00f325?s=96&d=mm&r=g\",\"contentUrl\":\"https:\/\/secure.gravatar.com\/avatar\/89b386dfdde3072f65f7acadfe00f325?s=96&d=mm&r=g\",\"caption\":\"Rafael\"},\"url\":\"https:\/\/www.sinpro-rio.org.br\/principal\/author\/rafael\/\"}]}<\/script>\n<!-- \/ Yoast SEO plugin. -->","yoast_head_json":{"title":"Machado Para jovens leitores de V\u00e1rios Autores? - Sinpro-Rio","robots":{"index":"index","follow":"follow","max-snippet":"max-snippet:-1","max-image-preview":"max-image-preview:large","max-video-preview":"max-video-preview:-1"},"canonical":"https:\/\/www.sinpro-rio.org.br\/principal\/machado-para-jovens-leitores-de-varios-autores\ufeff\/","og_locale":"pt_BR","og_type":"article","og_title":"Machado Para jovens leitores de V\u00e1rios Autores? - Sinpro-Rio","og_description":"Em homenagem ao centen\u00e1rio do escritor Machado de Assis, a Editora da Universidade do Estado do Rio de Janeiro (Eduerj) lan\u00e7a este m\u00eas a antologia &#8220;Machado Para jovens leitores&#8221;. A obra, que foi organizada por professores da Universidade Estadual do Rio de Janeiro (Uerj) e do Col\u00e9gio de Aplica\u00e7\u00e3o Fernando Rodrigues da Silveira (Cap-Uerj), com [&hellip;]","og_url":"https:\/\/www.sinpro-rio.org.br\/principal\/machado-para-jovens-leitores-de-varios-autores\ufeff\/","og_site_name":"Sinpro-Rio","article_published_time":"2017-11-20T14:43:03+00:00","article_modified_time":"2019-05-31T15:03:19+00:00","og_image":[{"width":100,"height":144,"url":"https:\/\/www.sinpro-rio.org.br\/principal\/wp-content\/uploads\/2018\/11\/02-machado-para-jovens.gif","type":"image\/gif"}],"author":"Rafael","twitter_card":"summary_large_image","twitter_misc":{"Escrito por":"Rafael","Est. tempo de leitura":"1 minuto"},"schema":{"@context":"https:\/\/schema.org","@graph":[{"@type":"WebPage","@id":"https:\/\/www.sinpro-rio.org.br\/principal\/machado-para-jovens-leitores-de-varios-autores%ef%bb%bf\/","url":"https:\/\/www.sinpro-rio.org.br\/principal\/machado-para-jovens-leitores-de-varios-autores%ef%bb%bf\/","name":"Machado Para jovens leitores de V\u00e1rios Autores? - Sinpro-Rio","isPartOf":{"@id":"https:\/\/www.sinpro-rio.org.br\/principal\/#website"},"primaryImageOfPage":{"@id":"https:\/\/www.sinpro-rio.org.br\/principal\/machado-para-jovens-leitores-de-varios-autores%ef%bb%bf\/#primaryimage"},"image":{"@id":"https:\/\/www.sinpro-rio.org.br\/principal\/machado-para-jovens-leitores-de-varios-autores%ef%bb%bf\/#primaryimage"},"thumbnailUrl":"https:\/\/www.sinpro-rio.org.br\/principal\/wp-content\/uploads\/2018\/11\/02-machado-para-jovens.gif","datePublished":"2017-11-20T14:43:03+00:00","dateModified":"2019-05-31T15:03:19+00:00","author":{"@id":"https:\/\/www.sinpro-rio.org.br\/principal\/#\/schema\/person\/513f6c0d98c231ae05be0b1f852773b1"},"breadcrumb":{"@id":"https:\/\/www.sinpro-rio.org.br\/principal\/machado-para-jovens-leitores-de-varios-autores%ef%bb%bf\/#breadcrumb"},"inLanguage":"pt-BR","potentialAction":[{"@type":"ReadAction","target":["https:\/\/www.sinpro-rio.org.br\/principal\/machado-para-jovens-leitores-de-varios-autores%ef%bb%bf\/"]}]},{"@type":"ImageObject","inLanguage":"pt-BR","@id":"https:\/\/www.sinpro-rio.org.br\/principal\/machado-para-jovens-leitores-de-varios-autores%ef%bb%bf\/#primaryimage","url":"https:\/\/www.sinpro-rio.org.br\/principal\/wp-content\/uploads\/2018\/11\/02-machado-para-jovens.gif","contentUrl":"https:\/\/www.sinpro-rio.org.br\/principal\/wp-content\/uploads\/2018\/11\/02-machado-para-jovens.gif","width":100,"height":144},{"@type":"BreadcrumbList","@id":"https:\/\/www.sinpro-rio.org.br\/principal\/machado-para-jovens-leitores-de-varios-autores%ef%bb%bf\/#breadcrumb","itemListElement":[{"@type":"ListItem","position":1,"name":"In\u00edcio","item":"https:\/\/www.sinpro-rio.org.br\/principal\/"},{"@type":"ListItem","position":2,"name":"Machado Para jovens leitores de V\u00e1rios Autores?"}]},{"@type":"WebSite","@id":"https:\/\/www.sinpro-rio.org.br\/principal\/#website","url":"https:\/\/www.sinpro-rio.org.br\/principal\/","name":"Sinpro-Rio","description":"Sindicato dos Professores do Munic\u00edpio do Rio de Janeiro e Regi\u00e3o","potentialAction":[{"@type":"SearchAction","target":{"@type":"EntryPoint","urlTemplate":"https:\/\/www.sinpro-rio.org.br\/principal\/?s={search_term_string}"},"query-input":{"@type":"PropertyValueSpecification","valueRequired":true,"valueName":"search_term_string"}}],"inLanguage":"pt-BR"},{"@type":"Person","@id":"https:\/\/www.sinpro-rio.org.br\/principal\/#\/schema\/person\/513f6c0d98c231ae05be0b1f852773b1","name":"Rafael","image":{"@type":"ImageObject","inLanguage":"pt-BR","@id":"https:\/\/www.sinpro-rio.org.br\/principal\/#\/schema\/person\/image\/","url":"https:\/\/secure.gravatar.com\/avatar\/89b386dfdde3072f65f7acadfe00f325?s=96&d=mm&r=g","contentUrl":"https:\/\/secure.gravatar.com\/avatar\/89b386dfdde3072f65f7acadfe00f325?s=96&d=mm&r=g","caption":"Rafael"},"url":"https:\/\/www.sinpro-rio.org.br\/principal\/author\/rafael\/"}]}},"_links":{"self":[{"href":"https:\/\/www.sinpro-rio.org.br\/principal\/wp-json\/wp\/v2\/posts\/23019","targetHints":{"allow":["GET"]}}],"collection":[{"href":"https:\/\/www.sinpro-rio.org.br\/principal\/wp-json\/wp\/v2\/posts"}],"about":[{"href":"https:\/\/www.sinpro-rio.org.br\/principal\/wp-json\/wp\/v2\/types\/post"}],"author":[{"embeddable":true,"href":"https:\/\/www.sinpro-rio.org.br\/principal\/wp-json\/wp\/v2\/users\/8"}],"replies":[{"embeddable":true,"href":"https:\/\/www.sinpro-rio.org.br\/principal\/wp-json\/wp\/v2\/comments?post=23019"}],"version-history":[{"count":1,"href":"https:\/\/www.sinpro-rio.org.br\/principal\/wp-json\/wp\/v2\/posts\/23019\/revisions"}],"predecessor-version":[{"id":23021,"href":"https:\/\/www.sinpro-rio.org.br\/principal\/wp-json\/wp\/v2\/posts\/23019\/revisions\/23021"}],"wp:featuredmedia":[{"embeddable":true,"href":"https:\/\/www.sinpro-rio.org.br\/principal\/wp-json\/wp\/v2\/media\/23020"}],"wp:attachment":[{"href":"https:\/\/www.sinpro-rio.org.br\/principal\/wp-json\/wp\/v2\/media?parent=23019"}],"wp:term":[{"taxonomy":"category","embeddable":true,"href":"https:\/\/www.sinpro-rio.org.br\/principal\/wp-json\/wp\/v2\/categories?post=23019"},{"taxonomy":"post_tag","embeddable":true,"href":"https:\/\/www.sinpro-rio.org.br\/principal\/wp-json\/wp\/v2\/tags?post=23019"}],"curies":[{"name":"wp","href":"https:\/\/api.w.org\/{rel}","templated":true}]}}