{"id":23000,"date":"2017-11-28T12:21:55","date_gmt":"2017-11-28T14:21:55","guid":{"rendered":"http:\/\/sinpro-rio.org.br\/principal\/site\/?p=23000"},"modified":"2019-05-31T11:57:07","modified_gmt":"2019-05-31T14:57:07","slug":"colecao-volume-vocal-e-seus-aspectos-sociais-de-maria-paccelle%ef%bb%bf","status":"publish","type":"post","link":"https:\/\/www.sinpro-rio.org.br\/principal\/colecao-volume-vocal-e-seus-aspectos-sociais-de-maria-paccelle%ef%bb%bf\/","title":{"rendered":"Cole\u00e7\u00e3o volume vocal e seus aspectos sociais  de Maria Paccelle?"},"content":{"rendered":"\n<h3 class=\"wp-block-heading\"><br><\/h3>\n\n\n\n<p>Esta cole\u00e7\u00e3o tem ao todo sete itens. Trata especificamente do volume vocal e seus aspectos sociais: Necessidade &#8211; Emo\u00e7\u00e3o &#8211; Audi\u00e7\u00e3o &#8211; Cultura &#8211; H\u00e1bitos.<\/p>\n\n\n\n<p>A caracter\u00edstica marcante da cole\u00e7\u00e3o \u00e9 uma linguagem totalmente po\u00e9tica, que possibilita ao professor, desde o come\u00e7o, um trabalho vocal sonoro e equilibrado for\u00e7ando-o a pensar, todo o tempo, na sua pr\u00f3pria voz antes de pensar na do aluno.<\/p>\n\n\n\n<p>Para desenvolver esta cole\u00e7\u00e3o a autora fez um profundo estudo sobre o volume, partindo da sua pr\u00f3pria experi\u00eancia como musicista e as din\u00e2micas de intensidade estudadas na teoria musical.<\/p>\n\n\n\n<p>Cada livro trabalha um aspecto diferenciado do volume vocal.Este trabalho age simultaneamente com o QE (Quantidade Emocional), trazendo um amadurecimento emocional, que colabora funcionalmente com a organiza\u00e7\u00e3o e limites combinados entre professora e aluno que dever\u00e3o ser automatizados durante o ano.<\/p>\n\n\n\n<ol class=\"wp-block-list\"><li>Socorro, tem um monstro no banheiro! (Necessidade do volume vocal: forte &#8211; m\u00e9dio &#8211; fraco)<\/li><li>A boneca da It\u00e1lia (Emo\u00e7\u00e3o no voluma vocal)<\/li><li>Fale de novo Andr\u00e9! (Problema auditivos e o volume vocal)<\/li><li>Barbaridade, Tch\u00ea! (Cultura e o volume vocal)<\/li><li>Marcela tagarela (H\u00e1bitos e o volume vocal)<\/li><li>Partituras e CD da cole\u00e7\u00e3o (Livro com m\u00fasicas de teclado-viol\u00e3o e flauta-doce acompanha cd cantado)<\/li><li>Volume vocal e seus aspectos sociais (Livro texto para o professor, com apoio pedag\u00f3gico dos cinco livros da cole\u00e7\u00e3o. Aborda com detalhes os aspectos importantes a serem trabalhados com os alunos. Necessidade &#8211; emo\u00e7\u00e3o -audi\u00e7\u00e3o &#8211; cultura &#8211; h\u00e1bitos, e a sua rela\u00e7\u00e3o com o volume vocal na sociedade).<\/li><\/ol>\n\n\n\n<h4 class=\"wp-block-heading\">Breve Hist\u00f3rico da Autora:<\/h4>\n\n\n\n<p>Maria Paccelle, \u00e9 carioca, estuda m\u00fasica desde os onze anos. Para melhorar sua did\u00e1tica musical, Paccelle foi buscar aux\u00edlio na ci\u00eancia e psicologia. Sempre tentando inovar na did\u00e1tica musical. Pesquisando o trabalho do P.H.D. em psicologia David Lewis, percebeu que as diferen\u00e7as hemisferiais do nosso c\u00e9rebro tem influ\u00eancia direta com o modo que aprendemos ou n\u00e3o aprendemos algo.<\/p>\n\n\n\n<p>Partindo dessa id\u00e9ia, desenvolveu laborat\u00f3rios e pesquisas sobre o assunto. E ent\u00e3o elaborou t\u00e9cnicas de ensino que ajudaram, em muito, no aprendizado de seus alunos de m\u00fasica. Os alunos, que antes tinham dificuldade no racioc\u00ednio l\u00f3gico da teoria musical (que \u00e9 parecido com a matem\u00e1tica), acordaram o hemisf\u00e9rio esquerdo respons\u00e1vel por esse tipo de aprendizado.<\/p>\n\n\n\n<p>Foi ent\u00e3o que Maria Paccelle recebeu a informa\u00e7\u00e3o que esses alunos tamb\u00e9m haviam alcan\u00e7ado resultados significativos no ensino fundamental em mat\u00e9rias como a matem\u00e1tica e ingl\u00eas, depois que foram submetidos a seus laborat\u00f3rios na aula de m\u00fasica. Visto tamb\u00e9m ter forma\u00e7\u00e3o em Magist\u00e9rio, desde 1992 engajou-se em projetos com educa\u00e7\u00e3o infantil e ensino fundamental. Produziu desde ent\u00e3o, material m\u00fasico-pedag\u00f3gico para ser usado por professores, leigos em m\u00fasica ou n\u00e3o, em qualquer disciplina do curr\u00edculo b\u00e1sico, dando uma nova vis\u00e3o ao trabalho, um trabalho totalmente interdisciplinar.<\/p>\n\n\n\n<p><em>N\u00e3o deixe de ouvir o quadro&nbsp;<strong>&#8220;Momento educativo&#8221;<\/strong>&nbsp;com autora todas as quartas-feiras no programa Boca Livre, das 13 \u00e0s 15h, da R\u00e1dio Bandeirantes (1360 AM).<\/em><\/p>\n\n\n\n<h4 class=\"wp-block-heading\">Onde encontrar ?<\/h4>\n\n\n\n<p><strong>Livraria Ivo Alonso<br><\/strong><strong>Telefones:<\/strong>&nbsp;(21)22150115\/22156282<br><strong>Endere\u00e7o:<\/strong>&nbsp;Rua das Marrecas, 11 &#8211; Centro &#8211; Rio de janeiro<br><strong>E-mails:<\/strong><a href=\"mailto:livrariaivoalonso@veloxmail.com.br\">&nbsp;livrariaivoalonso@veloxmail.com.br<\/a>&nbsp;\/&nbsp;<a href=\"mailto:aetecnologia@yahoo.com.br\">aetecnologia@yahoo.com.br<\/a><\/p>\n","protected":false},"excerpt":{"rendered":"<p>Esta cole\u00e7\u00e3o tem ao todo sete itens. Trata especificamente do volume vocal e seus aspectos sociais: Necessidade &#8211; Emo\u00e7\u00e3o &#8211; Audi\u00e7\u00e3o &#8211; Cultura &#8211; H\u00e1bitos. A caracter\u00edstica marcante da cole\u00e7\u00e3o \u00e9 uma linguagem totalmente po\u00e9tica, que possibilita ao professor, desde o come\u00e7o, um trabalho vocal sonoro e equilibrado for\u00e7ando-o a pensar, todo o tempo, na [&hellip;]<\/p>\n","protected":false},"author":8,"featured_media":23001,"comment_status":"open","ping_status":"open","sticky":false,"template":"","format":"standard","meta":{"footnotes":""},"categories":[31,13],"tags":[368],"class_list":["post-23000","post","type-post","status-publish","format-standard","has-post-thumbnail","hentry","category-estante-do-professor","category-publicac-es","tag-maria-paccelle"],"yoast_head":"<!-- This site is optimized with the Yoast SEO plugin v25.7 - https:\/\/yoast.com\/wordpress\/plugins\/seo\/ -->\n<title>Cole\u00e7\u00e3o volume vocal e seus aspectos sociais de Maria Paccelle? - Sinpro-Rio<\/title>\n<meta name=\"robots\" content=\"index, follow, max-snippet:-1, max-image-preview:large, max-video-preview:-1\" \/>\n<link rel=\"canonical\" href=\"https:\/\/www.sinpro-rio.org.br\/principal\/colecao-volume-vocal-e-seus-aspectos-sociais-de-maria-paccelle\ufeff\/\" \/>\n<meta property=\"og:locale\" content=\"pt_BR\" \/>\n<meta property=\"og:type\" content=\"article\" \/>\n<meta property=\"og:title\" content=\"Cole\u00e7\u00e3o volume vocal e seus aspectos sociais de Maria Paccelle? - Sinpro-Rio\" \/>\n<meta property=\"og:description\" content=\"Esta cole\u00e7\u00e3o tem ao todo sete itens. Trata especificamente do volume vocal e seus aspectos sociais: Necessidade &#8211; Emo\u00e7\u00e3o &#8211; Audi\u00e7\u00e3o &#8211; Cultura &#8211; H\u00e1bitos. A caracter\u00edstica marcante da cole\u00e7\u00e3o \u00e9 uma linguagem totalmente po\u00e9tica, que possibilita ao professor, desde o come\u00e7o, um trabalho vocal sonoro e equilibrado for\u00e7ando-o a pensar, todo o tempo, na [&hellip;]\" \/>\n<meta property=\"og:url\" content=\"https:\/\/www.sinpro-rio.org.br\/principal\/colecao-volume-vocal-e-seus-aspectos-sociais-de-maria-paccelle\ufeff\/\" \/>\n<meta property=\"og:site_name\" content=\"Sinpro-Rio\" \/>\n<meta property=\"article:published_time\" content=\"2017-11-28T14:21:55+00:00\" \/>\n<meta property=\"article:modified_time\" content=\"2019-05-31T14:57:07+00:00\" \/>\n<meta property=\"og:image\" content=\"https:\/\/www.sinpro-rio.org.br\/principal\/wp-content\/uploads\/2018\/11\/08-volume-vocal.jpg\" \/>\n\t<meta property=\"og:image:width\" content=\"100\" \/>\n\t<meta property=\"og:image:height\" content=\"144\" \/>\n\t<meta property=\"og:image:type\" content=\"image\/jpeg\" \/>\n<meta name=\"author\" content=\"Rafael\" \/>\n<meta name=\"twitter:card\" content=\"summary_large_image\" \/>\n<meta name=\"twitter:label1\" content=\"Escrito por\" \/>\n\t<meta name=\"twitter:data1\" content=\"Rafael\" \/>\n\t<meta name=\"twitter:label2\" content=\"Est. tempo de leitura\" \/>\n\t<meta name=\"twitter:data2\" content=\"3 minutos\" \/>\n<script type=\"application\/ld+json\" class=\"yoast-schema-graph\">{\"@context\":\"https:\/\/schema.org\",\"@graph\":[{\"@type\":\"WebPage\",\"@id\":\"https:\/\/www.sinpro-rio.org.br\/principal\/colecao-volume-vocal-e-seus-aspectos-sociais-de-maria-paccelle%ef%bb%bf\/\",\"url\":\"https:\/\/www.sinpro-rio.org.br\/principal\/colecao-volume-vocal-e-seus-aspectos-sociais-de-maria-paccelle%ef%bb%bf\/\",\"name\":\"Cole\u00e7\u00e3o volume vocal e seus aspectos sociais de Maria Paccelle? - Sinpro-Rio\",\"isPartOf\":{\"@id\":\"https:\/\/www.sinpro-rio.org.br\/principal\/#website\"},\"primaryImageOfPage\":{\"@id\":\"https:\/\/www.sinpro-rio.org.br\/principal\/colecao-volume-vocal-e-seus-aspectos-sociais-de-maria-paccelle%ef%bb%bf\/#primaryimage\"},\"image\":{\"@id\":\"https:\/\/www.sinpro-rio.org.br\/principal\/colecao-volume-vocal-e-seus-aspectos-sociais-de-maria-paccelle%ef%bb%bf\/#primaryimage\"},\"thumbnailUrl\":\"https:\/\/www.sinpro-rio.org.br\/principal\/wp-content\/uploads\/2018\/11\/08-volume-vocal.jpg\",\"datePublished\":\"2017-11-28T14:21:55+00:00\",\"dateModified\":\"2019-05-31T14:57:07+00:00\",\"author\":{\"@id\":\"https:\/\/www.sinpro-rio.org.br\/principal\/#\/schema\/person\/513f6c0d98c231ae05be0b1f852773b1\"},\"breadcrumb\":{\"@id\":\"https:\/\/www.sinpro-rio.org.br\/principal\/colecao-volume-vocal-e-seus-aspectos-sociais-de-maria-paccelle%ef%bb%bf\/#breadcrumb\"},\"inLanguage\":\"pt-BR\",\"potentialAction\":[{\"@type\":\"ReadAction\",\"target\":[\"https:\/\/www.sinpro-rio.org.br\/principal\/colecao-volume-vocal-e-seus-aspectos-sociais-de-maria-paccelle%ef%bb%bf\/\"]}]},{\"@type\":\"ImageObject\",\"inLanguage\":\"pt-BR\",\"@id\":\"https:\/\/www.sinpro-rio.org.br\/principal\/colecao-volume-vocal-e-seus-aspectos-sociais-de-maria-paccelle%ef%bb%bf\/#primaryimage\",\"url\":\"https:\/\/www.sinpro-rio.org.br\/principal\/wp-content\/uploads\/2018\/11\/08-volume-vocal.jpg\",\"contentUrl\":\"https:\/\/www.sinpro-rio.org.br\/principal\/wp-content\/uploads\/2018\/11\/08-volume-vocal.jpg\",\"width\":100,\"height\":144},{\"@type\":\"BreadcrumbList\",\"@id\":\"https:\/\/www.sinpro-rio.org.br\/principal\/colecao-volume-vocal-e-seus-aspectos-sociais-de-maria-paccelle%ef%bb%bf\/#breadcrumb\",\"itemListElement\":[{\"@type\":\"ListItem\",\"position\":1,\"name\":\"In\u00edcio\",\"item\":\"https:\/\/www.sinpro-rio.org.br\/principal\/\"},{\"@type\":\"ListItem\",\"position\":2,\"name\":\"Cole\u00e7\u00e3o volume vocal e seus aspectos sociais de Maria Paccelle?\"}]},{\"@type\":\"WebSite\",\"@id\":\"https:\/\/www.sinpro-rio.org.br\/principal\/#website\",\"url\":\"https:\/\/www.sinpro-rio.org.br\/principal\/\",\"name\":\"Sinpro-Rio\",\"description\":\"Sindicato dos Professores do Munic\u00edpio do Rio de Janeiro e Regi\u00e3o\",\"potentialAction\":[{\"@type\":\"SearchAction\",\"target\":{\"@type\":\"EntryPoint\",\"urlTemplate\":\"https:\/\/www.sinpro-rio.org.br\/principal\/?s={search_term_string}\"},\"query-input\":{\"@type\":\"PropertyValueSpecification\",\"valueRequired\":true,\"valueName\":\"search_term_string\"}}],\"inLanguage\":\"pt-BR\"},{\"@type\":\"Person\",\"@id\":\"https:\/\/www.sinpro-rio.org.br\/principal\/#\/schema\/person\/513f6c0d98c231ae05be0b1f852773b1\",\"name\":\"Rafael\",\"image\":{\"@type\":\"ImageObject\",\"inLanguage\":\"pt-BR\",\"@id\":\"https:\/\/www.sinpro-rio.org.br\/principal\/#\/schema\/person\/image\/\",\"url\":\"https:\/\/secure.gravatar.com\/avatar\/89b386dfdde3072f65f7acadfe00f325?s=96&d=mm&r=g\",\"contentUrl\":\"https:\/\/secure.gravatar.com\/avatar\/89b386dfdde3072f65f7acadfe00f325?s=96&d=mm&r=g\",\"caption\":\"Rafael\"},\"url\":\"https:\/\/www.sinpro-rio.org.br\/principal\/author\/rafael\/\"}]}<\/script>\n<!-- \/ Yoast SEO plugin. -->","yoast_head_json":{"title":"Cole\u00e7\u00e3o volume vocal e seus aspectos sociais de Maria Paccelle? - Sinpro-Rio","robots":{"index":"index","follow":"follow","max-snippet":"max-snippet:-1","max-image-preview":"max-image-preview:large","max-video-preview":"max-video-preview:-1"},"canonical":"https:\/\/www.sinpro-rio.org.br\/principal\/colecao-volume-vocal-e-seus-aspectos-sociais-de-maria-paccelle\ufeff\/","og_locale":"pt_BR","og_type":"article","og_title":"Cole\u00e7\u00e3o volume vocal e seus aspectos sociais de Maria Paccelle? - Sinpro-Rio","og_description":"Esta cole\u00e7\u00e3o tem ao todo sete itens. Trata especificamente do volume vocal e seus aspectos sociais: Necessidade &#8211; Emo\u00e7\u00e3o &#8211; Audi\u00e7\u00e3o &#8211; Cultura &#8211; H\u00e1bitos. A caracter\u00edstica marcante da cole\u00e7\u00e3o \u00e9 uma linguagem totalmente po\u00e9tica, que possibilita ao professor, desde o come\u00e7o, um trabalho vocal sonoro e equilibrado for\u00e7ando-o a pensar, todo o tempo, na [&hellip;]","og_url":"https:\/\/www.sinpro-rio.org.br\/principal\/colecao-volume-vocal-e-seus-aspectos-sociais-de-maria-paccelle\ufeff\/","og_site_name":"Sinpro-Rio","article_published_time":"2017-11-28T14:21:55+00:00","article_modified_time":"2019-05-31T14:57:07+00:00","og_image":[{"width":100,"height":144,"url":"https:\/\/www.sinpro-rio.org.br\/principal\/wp-content\/uploads\/2018\/11\/08-volume-vocal.jpg","type":"image\/jpeg"}],"author":"Rafael","twitter_card":"summary_large_image","twitter_misc":{"Escrito por":"Rafael","Est. tempo de leitura":"3 minutos"},"schema":{"@context":"https:\/\/schema.org","@graph":[{"@type":"WebPage","@id":"https:\/\/www.sinpro-rio.org.br\/principal\/colecao-volume-vocal-e-seus-aspectos-sociais-de-maria-paccelle%ef%bb%bf\/","url":"https:\/\/www.sinpro-rio.org.br\/principal\/colecao-volume-vocal-e-seus-aspectos-sociais-de-maria-paccelle%ef%bb%bf\/","name":"Cole\u00e7\u00e3o volume vocal e seus aspectos sociais de Maria Paccelle? - Sinpro-Rio","isPartOf":{"@id":"https:\/\/www.sinpro-rio.org.br\/principal\/#website"},"primaryImageOfPage":{"@id":"https:\/\/www.sinpro-rio.org.br\/principal\/colecao-volume-vocal-e-seus-aspectos-sociais-de-maria-paccelle%ef%bb%bf\/#primaryimage"},"image":{"@id":"https:\/\/www.sinpro-rio.org.br\/principal\/colecao-volume-vocal-e-seus-aspectos-sociais-de-maria-paccelle%ef%bb%bf\/#primaryimage"},"thumbnailUrl":"https:\/\/www.sinpro-rio.org.br\/principal\/wp-content\/uploads\/2018\/11\/08-volume-vocal.jpg","datePublished":"2017-11-28T14:21:55+00:00","dateModified":"2019-05-31T14:57:07+00:00","author":{"@id":"https:\/\/www.sinpro-rio.org.br\/principal\/#\/schema\/person\/513f6c0d98c231ae05be0b1f852773b1"},"breadcrumb":{"@id":"https:\/\/www.sinpro-rio.org.br\/principal\/colecao-volume-vocal-e-seus-aspectos-sociais-de-maria-paccelle%ef%bb%bf\/#breadcrumb"},"inLanguage":"pt-BR","potentialAction":[{"@type":"ReadAction","target":["https:\/\/www.sinpro-rio.org.br\/principal\/colecao-volume-vocal-e-seus-aspectos-sociais-de-maria-paccelle%ef%bb%bf\/"]}]},{"@type":"ImageObject","inLanguage":"pt-BR","@id":"https:\/\/www.sinpro-rio.org.br\/principal\/colecao-volume-vocal-e-seus-aspectos-sociais-de-maria-paccelle%ef%bb%bf\/#primaryimage","url":"https:\/\/www.sinpro-rio.org.br\/principal\/wp-content\/uploads\/2018\/11\/08-volume-vocal.jpg","contentUrl":"https:\/\/www.sinpro-rio.org.br\/principal\/wp-content\/uploads\/2018\/11\/08-volume-vocal.jpg","width":100,"height":144},{"@type":"BreadcrumbList","@id":"https:\/\/www.sinpro-rio.org.br\/principal\/colecao-volume-vocal-e-seus-aspectos-sociais-de-maria-paccelle%ef%bb%bf\/#breadcrumb","itemListElement":[{"@type":"ListItem","position":1,"name":"In\u00edcio","item":"https:\/\/www.sinpro-rio.org.br\/principal\/"},{"@type":"ListItem","position":2,"name":"Cole\u00e7\u00e3o volume vocal e seus aspectos sociais de Maria Paccelle?"}]},{"@type":"WebSite","@id":"https:\/\/www.sinpro-rio.org.br\/principal\/#website","url":"https:\/\/www.sinpro-rio.org.br\/principal\/","name":"Sinpro-Rio","description":"Sindicato dos Professores do Munic\u00edpio do Rio de Janeiro e Regi\u00e3o","potentialAction":[{"@type":"SearchAction","target":{"@type":"EntryPoint","urlTemplate":"https:\/\/www.sinpro-rio.org.br\/principal\/?s={search_term_string}"},"query-input":{"@type":"PropertyValueSpecification","valueRequired":true,"valueName":"search_term_string"}}],"inLanguage":"pt-BR"},{"@type":"Person","@id":"https:\/\/www.sinpro-rio.org.br\/principal\/#\/schema\/person\/513f6c0d98c231ae05be0b1f852773b1","name":"Rafael","image":{"@type":"ImageObject","inLanguage":"pt-BR","@id":"https:\/\/www.sinpro-rio.org.br\/principal\/#\/schema\/person\/image\/","url":"https:\/\/secure.gravatar.com\/avatar\/89b386dfdde3072f65f7acadfe00f325?s=96&d=mm&r=g","contentUrl":"https:\/\/secure.gravatar.com\/avatar\/89b386dfdde3072f65f7acadfe00f325?s=96&d=mm&r=g","caption":"Rafael"},"url":"https:\/\/www.sinpro-rio.org.br\/principal\/author\/rafael\/"}]}},"_links":{"self":[{"href":"https:\/\/www.sinpro-rio.org.br\/principal\/wp-json\/wp\/v2\/posts\/23000","targetHints":{"allow":["GET"]}}],"collection":[{"href":"https:\/\/www.sinpro-rio.org.br\/principal\/wp-json\/wp\/v2\/posts"}],"about":[{"href":"https:\/\/www.sinpro-rio.org.br\/principal\/wp-json\/wp\/v2\/types\/post"}],"author":[{"embeddable":true,"href":"https:\/\/www.sinpro-rio.org.br\/principal\/wp-json\/wp\/v2\/users\/8"}],"replies":[{"embeddable":true,"href":"https:\/\/www.sinpro-rio.org.br\/principal\/wp-json\/wp\/v2\/comments?post=23000"}],"version-history":[{"count":1,"href":"https:\/\/www.sinpro-rio.org.br\/principal\/wp-json\/wp\/v2\/posts\/23000\/revisions"}],"predecessor-version":[{"id":23002,"href":"https:\/\/www.sinpro-rio.org.br\/principal\/wp-json\/wp\/v2\/posts\/23000\/revisions\/23002"}],"wp:featuredmedia":[{"embeddable":true,"href":"https:\/\/www.sinpro-rio.org.br\/principal\/wp-json\/wp\/v2\/media\/23001"}],"wp:attachment":[{"href":"https:\/\/www.sinpro-rio.org.br\/principal\/wp-json\/wp\/v2\/media?parent=23000"}],"wp:term":[{"taxonomy":"category","embeddable":true,"href":"https:\/\/www.sinpro-rio.org.br\/principal\/wp-json\/wp\/v2\/categories?post=23000"},{"taxonomy":"post_tag","embeddable":true,"href":"https:\/\/www.sinpro-rio.org.br\/principal\/wp-json\/wp\/v2\/tags?post=23000"}],"curies":[{"name":"wp","href":"https:\/\/api.w.org\/{rel}","templated":true}]}}