{"id":22907,"date":"2017-12-11T09:36:07","date_gmt":"2017-12-11T11:36:07","guid":{"rendered":"http:\/\/sinpro-rio.org.br\/principal\/site\/?p=22907"},"modified":"2019-05-31T10:39:27","modified_gmt":"2019-05-31T13:39:27","slug":"meus-dois-pais","status":"publish","type":"post","link":"https:\/\/www.sinpro-rio.org.br\/principal\/meus-dois-pais\/","title":{"rendered":"Meus dois pais"},"content":{"rendered":"\n<h3 class=\"wp-block-heading\"><br><\/h3>\n\n\n\n<p>Naldo n\u00e3o fica muito surpreso quando seus pais resolvem se separar. Afinal, os dois vivem brigando&#8230; E, quando a m\u00e3e dele precisa mudar de cidade, o menino acha natural ir morar com o pai. Naldo s\u00f3 n\u00e3o consegue entender por que a m\u00e3e e a av\u00f3 s\u00e3o contra&#8230;<\/p>\n\n\n\n<p>Da inf\u00e2ncia a idade adulta, \u00e9 complexo o caminho a percorrer na arte de se aceitar e de conviver com o outro. O escritor, dramaturgo e autor de novelas Walcyr Carrasco desenvolveu a s\u00e9rie&nbsp;<strong>Todos Juntos<\/strong>&nbsp;propondo uma reflex\u00e3o sobre sentimentos, emo\u00e7\u00f5es e conceitos que pode ajudar os pequenos a elaborar quest\u00f5es delicadas e superar momentos dif\u00edceis. A cole\u00e7\u00e3o conta tamb\u00e9m com os livros &#8220;A ararinha do bico torto&#8221;, &#8220;Pituxa, a vira-lata&#8221;, &#8220;La\u00eds, a fofinha&#8221; e &#8220;Rick, o nerd detetive&#8221;.<\/p>\n\n\n\n<p>Confira o guia para pais e professores:&nbsp;<a href=\"http:\/\/www.atica.com.br\/autores\/walcyrcarrasco\">www.atica.com.br\/autores\/walcyrcarrasco<\/a>.<\/p>\n","protected":false},"excerpt":{"rendered":"<p>Naldo n\u00e3o fica muito surpreso quando seus pais resolvem se separar. Afinal, os dois vivem brigando&#8230; E, quando a m\u00e3e dele precisa mudar de cidade, o menino acha natural ir morar com o pai. Naldo s\u00f3 n\u00e3o consegue entender por que a m\u00e3e e a av\u00f3 s\u00e3o contra&#8230; Da inf\u00e2ncia a idade adulta, \u00e9 complexo [&hellip;]<\/p>\n","protected":false},"author":8,"featured_media":22908,"comment_status":"open","ping_status":"open","sticky":false,"template":"","format":"standard","meta":{"footnotes":""},"categories":[31,13],"tags":[348,349,352],"class_list":["post-22907","post","type-post","status-publish","format-standard","has-post-thumbnail","hentry","category-estante-do-professor","category-publicac-es","tag-348","tag-atica-editora","tag-walcyr-carrasco"],"yoast_head":"<!-- This site is optimized with the Yoast SEO plugin v25.7 - https:\/\/yoast.com\/wordpress\/plugins\/seo\/ -->\n<title>Meus dois pais - Sinpro-Rio<\/title>\n<meta name=\"robots\" content=\"index, follow, max-snippet:-1, max-image-preview:large, max-video-preview:-1\" \/>\n<link rel=\"canonical\" href=\"https:\/\/www.sinpro-rio.org.br\/principal\/meus-dois-pais\/\" \/>\n<meta property=\"og:locale\" content=\"pt_BR\" \/>\n<meta property=\"og:type\" content=\"article\" \/>\n<meta property=\"og:title\" content=\"Meus dois pais - Sinpro-Rio\" \/>\n<meta property=\"og:description\" content=\"Naldo n\u00e3o fica muito surpreso quando seus pais resolvem se separar. Afinal, os dois vivem brigando&#8230; E, quando a m\u00e3e dele precisa mudar de cidade, o menino acha natural ir morar com o pai. Naldo s\u00f3 n\u00e3o consegue entender por que a m\u00e3e e a av\u00f3 s\u00e3o contra&#8230; Da inf\u00e2ncia a idade adulta, \u00e9 complexo [&hellip;]\" \/>\n<meta property=\"og:url\" content=\"https:\/\/www.sinpro-rio.org.br\/principal\/meus-dois-pais\/\" \/>\n<meta property=\"og:site_name\" content=\"Sinpro-Rio\" \/>\n<meta property=\"article:published_time\" content=\"2017-12-11T11:36:07+00:00\" \/>\n<meta property=\"article:modified_time\" content=\"2019-05-31T13:39:27+00:00\" \/>\n<meta property=\"og:image\" content=\"https:\/\/www.sinpro-rio.org.br\/principal\/wp-content\/uploads\/2018\/11\/35-pais.jpg\" \/>\n\t<meta property=\"og:image:width\" content=\"100\" \/>\n\t<meta property=\"og:image:height\" content=\"144\" \/>\n\t<meta property=\"og:image:type\" content=\"image\/jpeg\" \/>\n<meta name=\"author\" content=\"Rafael\" \/>\n<meta name=\"twitter:card\" content=\"summary_large_image\" \/>\n<meta name=\"twitter:label1\" content=\"Escrito por\" \/>\n\t<meta name=\"twitter:data1\" content=\"Rafael\" \/>\n\t<meta name=\"twitter:label2\" content=\"Est. tempo de leitura\" \/>\n\t<meta name=\"twitter:data2\" content=\"1 minuto\" \/>\n<script type=\"application\/ld+json\" class=\"yoast-schema-graph\">{\"@context\":\"https:\/\/schema.org\",\"@graph\":[{\"@type\":\"WebPage\",\"@id\":\"https:\/\/www.sinpro-rio.org.br\/principal\/meus-dois-pais\/\",\"url\":\"https:\/\/www.sinpro-rio.org.br\/principal\/meus-dois-pais\/\",\"name\":\"Meus dois pais - Sinpro-Rio\",\"isPartOf\":{\"@id\":\"https:\/\/www.sinpro-rio.org.br\/principal\/#website\"},\"primaryImageOfPage\":{\"@id\":\"https:\/\/www.sinpro-rio.org.br\/principal\/meus-dois-pais\/#primaryimage\"},\"image\":{\"@id\":\"https:\/\/www.sinpro-rio.org.br\/principal\/meus-dois-pais\/#primaryimage\"},\"thumbnailUrl\":\"https:\/\/www.sinpro-rio.org.br\/principal\/wp-content\/uploads\/2018\/11\/35-pais.jpg\",\"datePublished\":\"2017-12-11T11:36:07+00:00\",\"dateModified\":\"2019-05-31T13:39:27+00:00\",\"author\":{\"@id\":\"https:\/\/www.sinpro-rio.org.br\/principal\/#\/schema\/person\/513f6c0d98c231ae05be0b1f852773b1\"},\"breadcrumb\":{\"@id\":\"https:\/\/www.sinpro-rio.org.br\/principal\/meus-dois-pais\/#breadcrumb\"},\"inLanguage\":\"pt-BR\",\"potentialAction\":[{\"@type\":\"ReadAction\",\"target\":[\"https:\/\/www.sinpro-rio.org.br\/principal\/meus-dois-pais\/\"]}]},{\"@type\":\"ImageObject\",\"inLanguage\":\"pt-BR\",\"@id\":\"https:\/\/www.sinpro-rio.org.br\/principal\/meus-dois-pais\/#primaryimage\",\"url\":\"https:\/\/www.sinpro-rio.org.br\/principal\/wp-content\/uploads\/2018\/11\/35-pais.jpg\",\"contentUrl\":\"https:\/\/www.sinpro-rio.org.br\/principal\/wp-content\/uploads\/2018\/11\/35-pais.jpg\",\"width\":100,\"height\":144,\"caption\":\"SONY DSC\"},{\"@type\":\"BreadcrumbList\",\"@id\":\"https:\/\/www.sinpro-rio.org.br\/principal\/meus-dois-pais\/#breadcrumb\",\"itemListElement\":[{\"@type\":\"ListItem\",\"position\":1,\"name\":\"In\u00edcio\",\"item\":\"https:\/\/www.sinpro-rio.org.br\/principal\/\"},{\"@type\":\"ListItem\",\"position\":2,\"name\":\"Meus dois pais\"}]},{\"@type\":\"WebSite\",\"@id\":\"https:\/\/www.sinpro-rio.org.br\/principal\/#website\",\"url\":\"https:\/\/www.sinpro-rio.org.br\/principal\/\",\"name\":\"Sinpro-Rio\",\"description\":\"Sindicato dos Professores do Munic\u00edpio do Rio de Janeiro e Regi\u00e3o\",\"potentialAction\":[{\"@type\":\"SearchAction\",\"target\":{\"@type\":\"EntryPoint\",\"urlTemplate\":\"https:\/\/www.sinpro-rio.org.br\/principal\/?s={search_term_string}\"},\"query-input\":{\"@type\":\"PropertyValueSpecification\",\"valueRequired\":true,\"valueName\":\"search_term_string\"}}],\"inLanguage\":\"pt-BR\"},{\"@type\":\"Person\",\"@id\":\"https:\/\/www.sinpro-rio.org.br\/principal\/#\/schema\/person\/513f6c0d98c231ae05be0b1f852773b1\",\"name\":\"Rafael\",\"image\":{\"@type\":\"ImageObject\",\"inLanguage\":\"pt-BR\",\"@id\":\"https:\/\/www.sinpro-rio.org.br\/principal\/#\/schema\/person\/image\/\",\"url\":\"https:\/\/secure.gravatar.com\/avatar\/89b386dfdde3072f65f7acadfe00f325?s=96&d=mm&r=g\",\"contentUrl\":\"https:\/\/secure.gravatar.com\/avatar\/89b386dfdde3072f65f7acadfe00f325?s=96&d=mm&r=g\",\"caption\":\"Rafael\"},\"url\":\"https:\/\/www.sinpro-rio.org.br\/principal\/author\/rafael\/\"}]}<\/script>\n<!-- \/ Yoast SEO plugin. -->","yoast_head_json":{"title":"Meus dois pais - Sinpro-Rio","robots":{"index":"index","follow":"follow","max-snippet":"max-snippet:-1","max-image-preview":"max-image-preview:large","max-video-preview":"max-video-preview:-1"},"canonical":"https:\/\/www.sinpro-rio.org.br\/principal\/meus-dois-pais\/","og_locale":"pt_BR","og_type":"article","og_title":"Meus dois pais - Sinpro-Rio","og_description":"Naldo n\u00e3o fica muito surpreso quando seus pais resolvem se separar. Afinal, os dois vivem brigando&#8230; E, quando a m\u00e3e dele precisa mudar de cidade, o menino acha natural ir morar com o pai. Naldo s\u00f3 n\u00e3o consegue entender por que a m\u00e3e e a av\u00f3 s\u00e3o contra&#8230; Da inf\u00e2ncia a idade adulta, \u00e9 complexo [&hellip;]","og_url":"https:\/\/www.sinpro-rio.org.br\/principal\/meus-dois-pais\/","og_site_name":"Sinpro-Rio","article_published_time":"2017-12-11T11:36:07+00:00","article_modified_time":"2019-05-31T13:39:27+00:00","og_image":[{"width":100,"height":144,"url":"https:\/\/www.sinpro-rio.org.br\/principal\/wp-content\/uploads\/2018\/11\/35-pais.jpg","type":"image\/jpeg"}],"author":"Rafael","twitter_card":"summary_large_image","twitter_misc":{"Escrito por":"Rafael","Est. tempo de leitura":"1 minuto"},"schema":{"@context":"https:\/\/schema.org","@graph":[{"@type":"WebPage","@id":"https:\/\/www.sinpro-rio.org.br\/principal\/meus-dois-pais\/","url":"https:\/\/www.sinpro-rio.org.br\/principal\/meus-dois-pais\/","name":"Meus dois pais - Sinpro-Rio","isPartOf":{"@id":"https:\/\/www.sinpro-rio.org.br\/principal\/#website"},"primaryImageOfPage":{"@id":"https:\/\/www.sinpro-rio.org.br\/principal\/meus-dois-pais\/#primaryimage"},"image":{"@id":"https:\/\/www.sinpro-rio.org.br\/principal\/meus-dois-pais\/#primaryimage"},"thumbnailUrl":"https:\/\/www.sinpro-rio.org.br\/principal\/wp-content\/uploads\/2018\/11\/35-pais.jpg","datePublished":"2017-12-11T11:36:07+00:00","dateModified":"2019-05-31T13:39:27+00:00","author":{"@id":"https:\/\/www.sinpro-rio.org.br\/principal\/#\/schema\/person\/513f6c0d98c231ae05be0b1f852773b1"},"breadcrumb":{"@id":"https:\/\/www.sinpro-rio.org.br\/principal\/meus-dois-pais\/#breadcrumb"},"inLanguage":"pt-BR","potentialAction":[{"@type":"ReadAction","target":["https:\/\/www.sinpro-rio.org.br\/principal\/meus-dois-pais\/"]}]},{"@type":"ImageObject","inLanguage":"pt-BR","@id":"https:\/\/www.sinpro-rio.org.br\/principal\/meus-dois-pais\/#primaryimage","url":"https:\/\/www.sinpro-rio.org.br\/principal\/wp-content\/uploads\/2018\/11\/35-pais.jpg","contentUrl":"https:\/\/www.sinpro-rio.org.br\/principal\/wp-content\/uploads\/2018\/11\/35-pais.jpg","width":100,"height":144,"caption":"SONY DSC"},{"@type":"BreadcrumbList","@id":"https:\/\/www.sinpro-rio.org.br\/principal\/meus-dois-pais\/#breadcrumb","itemListElement":[{"@type":"ListItem","position":1,"name":"In\u00edcio","item":"https:\/\/www.sinpro-rio.org.br\/principal\/"},{"@type":"ListItem","position":2,"name":"Meus dois pais"}]},{"@type":"WebSite","@id":"https:\/\/www.sinpro-rio.org.br\/principal\/#website","url":"https:\/\/www.sinpro-rio.org.br\/principal\/","name":"Sinpro-Rio","description":"Sindicato dos Professores do Munic\u00edpio do Rio de Janeiro e Regi\u00e3o","potentialAction":[{"@type":"SearchAction","target":{"@type":"EntryPoint","urlTemplate":"https:\/\/www.sinpro-rio.org.br\/principal\/?s={search_term_string}"},"query-input":{"@type":"PropertyValueSpecification","valueRequired":true,"valueName":"search_term_string"}}],"inLanguage":"pt-BR"},{"@type":"Person","@id":"https:\/\/www.sinpro-rio.org.br\/principal\/#\/schema\/person\/513f6c0d98c231ae05be0b1f852773b1","name":"Rafael","image":{"@type":"ImageObject","inLanguage":"pt-BR","@id":"https:\/\/www.sinpro-rio.org.br\/principal\/#\/schema\/person\/image\/","url":"https:\/\/secure.gravatar.com\/avatar\/89b386dfdde3072f65f7acadfe00f325?s=96&d=mm&r=g","contentUrl":"https:\/\/secure.gravatar.com\/avatar\/89b386dfdde3072f65f7acadfe00f325?s=96&d=mm&r=g","caption":"Rafael"},"url":"https:\/\/www.sinpro-rio.org.br\/principal\/author\/rafael\/"}]}},"_links":{"self":[{"href":"https:\/\/www.sinpro-rio.org.br\/principal\/wp-json\/wp\/v2\/posts\/22907","targetHints":{"allow":["GET"]}}],"collection":[{"href":"https:\/\/www.sinpro-rio.org.br\/principal\/wp-json\/wp\/v2\/posts"}],"about":[{"href":"https:\/\/www.sinpro-rio.org.br\/principal\/wp-json\/wp\/v2\/types\/post"}],"author":[{"embeddable":true,"href":"https:\/\/www.sinpro-rio.org.br\/principal\/wp-json\/wp\/v2\/users\/8"}],"replies":[{"embeddable":true,"href":"https:\/\/www.sinpro-rio.org.br\/principal\/wp-json\/wp\/v2\/comments?post=22907"}],"version-history":[{"count":1,"href":"https:\/\/www.sinpro-rio.org.br\/principal\/wp-json\/wp\/v2\/posts\/22907\/revisions"}],"predecessor-version":[{"id":22909,"href":"https:\/\/www.sinpro-rio.org.br\/principal\/wp-json\/wp\/v2\/posts\/22907\/revisions\/22909"}],"wp:featuredmedia":[{"embeddable":true,"href":"https:\/\/www.sinpro-rio.org.br\/principal\/wp-json\/wp\/v2\/media\/22908"}],"wp:attachment":[{"href":"https:\/\/www.sinpro-rio.org.br\/principal\/wp-json\/wp\/v2\/media?parent=22907"}],"wp:term":[{"taxonomy":"category","embeddable":true,"href":"https:\/\/www.sinpro-rio.org.br\/principal\/wp-json\/wp\/v2\/categories?post=22907"},{"taxonomy":"post_tag","embeddable":true,"href":"https:\/\/www.sinpro-rio.org.br\/principal\/wp-json\/wp\/v2\/tags?post=22907"}],"curies":[{"name":"wp","href":"https:\/\/api.w.org\/{rel}","templated":true}]}}