{"id":22903,"date":"2017-12-11T09:32:05","date_gmt":"2017-12-11T11:32:05","guid":{"rendered":"http:\/\/sinpro-rio.org.br\/principal\/site\/?p=22903"},"modified":"2019-05-31T11:22:11","modified_gmt":"2019-05-31T14:22:11","slug":"filosofia-pratica-e-a-pratica-da-filosofia","status":"publish","type":"post","link":"https:\/\/www.sinpro-rio.org.br\/principal\/filosofia-pratica-e-a-pratica-da-filosofia\/","title":{"rendered":"Discurso e ensino &#8211; Reflex\u00f5es sobre o verbal e o n\u00e3o verbal"},"content":{"rendered":"\n<h3 class=\"wp-block-heading\"><br><\/h3>\n\n\n\n<p>Tania Concei\u00e7\u00e3o Clemente de Souza e Rosane da Concei\u00e7\u00e3o Pereira organizam um livro que trata sobre as linguagens n\u00e3o institucionalizadas ou fora do \u00e2mbito escolar, oficial, como cartuns, os filmes, as propagandas, os contos de fada e as charges a analisar, por exemplo, parecem constituir uma situa\u00e7\u00e3o limite de choque ou n\u00e3o identifica\u00e7\u00e3o imediata quanto ao controle da norma lingu\u00edstica, da ordem do dizer e mostrar. Trata-se da linguagem informal, cujo funcionamento corresponde corresponde \u00e0 produ\u00e7\u00e3o de sentido, consumo e questionamentos para a poss\u00edvel forma\u00e7\u00e3o do conhecimento no plano acad\u00eamico e da pr\u00e1tica de ensino.<\/p>\n\n\n\n<p>Mais informa\u00e7\u00f5es, acesse:&nbsp;<a href=\"http:\/\/www.garamond.com.br\/\">www.garamond.com.br<\/a>.<\/p>\n","protected":false},"excerpt":{"rendered":"<p>Tania Concei\u00e7\u00e3o Clemente de Souza e Rosane da Concei\u00e7\u00e3o Pereira organizam um livro que trata sobre as linguagens n\u00e3o institucionalizadas ou fora do \u00e2mbito escolar, oficial, como cartuns, os filmes, as propagandas, os contos de fada e as charges a analisar, por exemplo, parecem constituir uma situa\u00e7\u00e3o limite de choque ou n\u00e3o identifica\u00e7\u00e3o imediata quanto [&hellip;]<\/p>\n","protected":false},"author":8,"featured_media":22904,"comment_status":"open","ping_status":"open","sticky":false,"template":"","format":"standard","meta":{"footnotes":""},"categories":[31,13],"tags":[354,357,356,355],"class_list":["post-22903","post","type-post","status-publish","format-standard","has-post-thumbnail","hentry","category-estante-do-professor","category-publicac-es","tag-354","tag-garamond","tag-rosane-da-conceicao-pereira","tag-tania-conceicao-clemente-de-souza"],"yoast_head":"<!-- This site is optimized with the Yoast SEO plugin v25.7 - https:\/\/yoast.com\/wordpress\/plugins\/seo\/ -->\n<title>Discurso e ensino - Reflex\u00f5es sobre o verbal e o n\u00e3o verbal - Sinpro-Rio<\/title>\n<meta name=\"robots\" content=\"index, follow, max-snippet:-1, max-image-preview:large, max-video-preview:-1\" \/>\n<link rel=\"canonical\" href=\"https:\/\/www.sinpro-rio.org.br\/principal\/filosofia-pratica-e-a-pratica-da-filosofia\/\" \/>\n<meta property=\"og:locale\" content=\"pt_BR\" \/>\n<meta property=\"og:type\" content=\"article\" \/>\n<meta property=\"og:title\" content=\"Discurso e ensino - Reflex\u00f5es sobre o verbal e o n\u00e3o verbal - Sinpro-Rio\" \/>\n<meta property=\"og:description\" content=\"Tania Concei\u00e7\u00e3o Clemente de Souza e Rosane da Concei\u00e7\u00e3o Pereira organizam um livro que trata sobre as linguagens n\u00e3o institucionalizadas ou fora do \u00e2mbito escolar, oficial, como cartuns, os filmes, as propagandas, os contos de fada e as charges a analisar, por exemplo, parecem constituir uma situa\u00e7\u00e3o limite de choque ou n\u00e3o identifica\u00e7\u00e3o imediata quanto [&hellip;]\" \/>\n<meta property=\"og:url\" content=\"https:\/\/www.sinpro-rio.org.br\/principal\/filosofia-pratica-e-a-pratica-da-filosofia\/\" \/>\n<meta property=\"og:site_name\" content=\"Sinpro-Rio\" \/>\n<meta property=\"article:published_time\" content=\"2017-12-11T11:32:05+00:00\" \/>\n<meta property=\"article:modified_time\" content=\"2019-05-31T14:22:11+00:00\" \/>\n<meta property=\"og:image\" content=\"https:\/\/www.sinpro-rio.org.br\/principal\/wp-content\/uploads\/2018\/11\/36-discurso.jpg\" \/>\n\t<meta property=\"og:image:width\" content=\"100\" \/>\n\t<meta property=\"og:image:height\" content=\"144\" \/>\n\t<meta property=\"og:image:type\" content=\"image\/jpeg\" \/>\n<meta name=\"author\" content=\"Rafael\" \/>\n<meta name=\"twitter:card\" content=\"summary_large_image\" \/>\n<meta name=\"twitter:label1\" content=\"Escrito por\" \/>\n\t<meta name=\"twitter:data1\" content=\"Rafael\" \/>\n\t<meta name=\"twitter:label2\" content=\"Est. tempo de leitura\" \/>\n\t<meta name=\"twitter:data2\" content=\"1 minuto\" \/>\n<script type=\"application\/ld+json\" class=\"yoast-schema-graph\">{\"@context\":\"https:\/\/schema.org\",\"@graph\":[{\"@type\":\"WebPage\",\"@id\":\"https:\/\/www.sinpro-rio.org.br\/principal\/filosofia-pratica-e-a-pratica-da-filosofia\/\",\"url\":\"https:\/\/www.sinpro-rio.org.br\/principal\/filosofia-pratica-e-a-pratica-da-filosofia\/\",\"name\":\"Discurso e ensino - Reflex\u00f5es sobre o verbal e o n\u00e3o verbal - Sinpro-Rio\",\"isPartOf\":{\"@id\":\"https:\/\/www.sinpro-rio.org.br\/principal\/#website\"},\"primaryImageOfPage\":{\"@id\":\"https:\/\/www.sinpro-rio.org.br\/principal\/filosofia-pratica-e-a-pratica-da-filosofia\/#primaryimage\"},\"image\":{\"@id\":\"https:\/\/www.sinpro-rio.org.br\/principal\/filosofia-pratica-e-a-pratica-da-filosofia\/#primaryimage\"},\"thumbnailUrl\":\"https:\/\/www.sinpro-rio.org.br\/principal\/wp-content\/uploads\/2018\/11\/36-discurso.jpg\",\"datePublished\":\"2017-12-11T11:32:05+00:00\",\"dateModified\":\"2019-05-31T14:22:11+00:00\",\"author\":{\"@id\":\"https:\/\/www.sinpro-rio.org.br\/principal\/#\/schema\/person\/513f6c0d98c231ae05be0b1f852773b1\"},\"breadcrumb\":{\"@id\":\"https:\/\/www.sinpro-rio.org.br\/principal\/filosofia-pratica-e-a-pratica-da-filosofia\/#breadcrumb\"},\"inLanguage\":\"pt-BR\",\"potentialAction\":[{\"@type\":\"ReadAction\",\"target\":[\"https:\/\/www.sinpro-rio.org.br\/principal\/filosofia-pratica-e-a-pratica-da-filosofia\/\"]}]},{\"@type\":\"ImageObject\",\"inLanguage\":\"pt-BR\",\"@id\":\"https:\/\/www.sinpro-rio.org.br\/principal\/filosofia-pratica-e-a-pratica-da-filosofia\/#primaryimage\",\"url\":\"https:\/\/www.sinpro-rio.org.br\/principal\/wp-content\/uploads\/2018\/11\/36-discurso.jpg\",\"contentUrl\":\"https:\/\/www.sinpro-rio.org.br\/principal\/wp-content\/uploads\/2018\/11\/36-discurso.jpg\",\"width\":100,\"height\":144},{\"@type\":\"BreadcrumbList\",\"@id\":\"https:\/\/www.sinpro-rio.org.br\/principal\/filosofia-pratica-e-a-pratica-da-filosofia\/#breadcrumb\",\"itemListElement\":[{\"@type\":\"ListItem\",\"position\":1,\"name\":\"In\u00edcio\",\"item\":\"https:\/\/www.sinpro-rio.org.br\/principal\/\"},{\"@type\":\"ListItem\",\"position\":2,\"name\":\"Discurso e ensino &#8211; Reflex\u00f5es sobre o verbal e o n\u00e3o verbal\"}]},{\"@type\":\"WebSite\",\"@id\":\"https:\/\/www.sinpro-rio.org.br\/principal\/#website\",\"url\":\"https:\/\/www.sinpro-rio.org.br\/principal\/\",\"name\":\"Sinpro-Rio\",\"description\":\"Sindicato dos Professores do Munic\u00edpio do Rio de Janeiro e Regi\u00e3o\",\"potentialAction\":[{\"@type\":\"SearchAction\",\"target\":{\"@type\":\"EntryPoint\",\"urlTemplate\":\"https:\/\/www.sinpro-rio.org.br\/principal\/?s={search_term_string}\"},\"query-input\":{\"@type\":\"PropertyValueSpecification\",\"valueRequired\":true,\"valueName\":\"search_term_string\"}}],\"inLanguage\":\"pt-BR\"},{\"@type\":\"Person\",\"@id\":\"https:\/\/www.sinpro-rio.org.br\/principal\/#\/schema\/person\/513f6c0d98c231ae05be0b1f852773b1\",\"name\":\"Rafael\",\"image\":{\"@type\":\"ImageObject\",\"inLanguage\":\"pt-BR\",\"@id\":\"https:\/\/www.sinpro-rio.org.br\/principal\/#\/schema\/person\/image\/\",\"url\":\"https:\/\/secure.gravatar.com\/avatar\/89b386dfdde3072f65f7acadfe00f325?s=96&d=mm&r=g\",\"contentUrl\":\"https:\/\/secure.gravatar.com\/avatar\/89b386dfdde3072f65f7acadfe00f325?s=96&d=mm&r=g\",\"caption\":\"Rafael\"},\"url\":\"https:\/\/www.sinpro-rio.org.br\/principal\/author\/rafael\/\"}]}<\/script>\n<!-- \/ Yoast SEO plugin. -->","yoast_head_json":{"title":"Discurso e ensino - Reflex\u00f5es sobre o verbal e o n\u00e3o verbal - Sinpro-Rio","robots":{"index":"index","follow":"follow","max-snippet":"max-snippet:-1","max-image-preview":"max-image-preview:large","max-video-preview":"max-video-preview:-1"},"canonical":"https:\/\/www.sinpro-rio.org.br\/principal\/filosofia-pratica-e-a-pratica-da-filosofia\/","og_locale":"pt_BR","og_type":"article","og_title":"Discurso e ensino - Reflex\u00f5es sobre o verbal e o n\u00e3o verbal - Sinpro-Rio","og_description":"Tania Concei\u00e7\u00e3o Clemente de Souza e Rosane da Concei\u00e7\u00e3o Pereira organizam um livro que trata sobre as linguagens n\u00e3o institucionalizadas ou fora do \u00e2mbito escolar, oficial, como cartuns, os filmes, as propagandas, os contos de fada e as charges a analisar, por exemplo, parecem constituir uma situa\u00e7\u00e3o limite de choque ou n\u00e3o identifica\u00e7\u00e3o imediata quanto [&hellip;]","og_url":"https:\/\/www.sinpro-rio.org.br\/principal\/filosofia-pratica-e-a-pratica-da-filosofia\/","og_site_name":"Sinpro-Rio","article_published_time":"2017-12-11T11:32:05+00:00","article_modified_time":"2019-05-31T14:22:11+00:00","og_image":[{"width":100,"height":144,"url":"https:\/\/www.sinpro-rio.org.br\/principal\/wp-content\/uploads\/2018\/11\/36-discurso.jpg","type":"image\/jpeg"}],"author":"Rafael","twitter_card":"summary_large_image","twitter_misc":{"Escrito por":"Rafael","Est. tempo de leitura":"1 minuto"},"schema":{"@context":"https:\/\/schema.org","@graph":[{"@type":"WebPage","@id":"https:\/\/www.sinpro-rio.org.br\/principal\/filosofia-pratica-e-a-pratica-da-filosofia\/","url":"https:\/\/www.sinpro-rio.org.br\/principal\/filosofia-pratica-e-a-pratica-da-filosofia\/","name":"Discurso e ensino - Reflex\u00f5es sobre o verbal e o n\u00e3o verbal - Sinpro-Rio","isPartOf":{"@id":"https:\/\/www.sinpro-rio.org.br\/principal\/#website"},"primaryImageOfPage":{"@id":"https:\/\/www.sinpro-rio.org.br\/principal\/filosofia-pratica-e-a-pratica-da-filosofia\/#primaryimage"},"image":{"@id":"https:\/\/www.sinpro-rio.org.br\/principal\/filosofia-pratica-e-a-pratica-da-filosofia\/#primaryimage"},"thumbnailUrl":"https:\/\/www.sinpro-rio.org.br\/principal\/wp-content\/uploads\/2018\/11\/36-discurso.jpg","datePublished":"2017-12-11T11:32:05+00:00","dateModified":"2019-05-31T14:22:11+00:00","author":{"@id":"https:\/\/www.sinpro-rio.org.br\/principal\/#\/schema\/person\/513f6c0d98c231ae05be0b1f852773b1"},"breadcrumb":{"@id":"https:\/\/www.sinpro-rio.org.br\/principal\/filosofia-pratica-e-a-pratica-da-filosofia\/#breadcrumb"},"inLanguage":"pt-BR","potentialAction":[{"@type":"ReadAction","target":["https:\/\/www.sinpro-rio.org.br\/principal\/filosofia-pratica-e-a-pratica-da-filosofia\/"]}]},{"@type":"ImageObject","inLanguage":"pt-BR","@id":"https:\/\/www.sinpro-rio.org.br\/principal\/filosofia-pratica-e-a-pratica-da-filosofia\/#primaryimage","url":"https:\/\/www.sinpro-rio.org.br\/principal\/wp-content\/uploads\/2018\/11\/36-discurso.jpg","contentUrl":"https:\/\/www.sinpro-rio.org.br\/principal\/wp-content\/uploads\/2018\/11\/36-discurso.jpg","width":100,"height":144},{"@type":"BreadcrumbList","@id":"https:\/\/www.sinpro-rio.org.br\/principal\/filosofia-pratica-e-a-pratica-da-filosofia\/#breadcrumb","itemListElement":[{"@type":"ListItem","position":1,"name":"In\u00edcio","item":"https:\/\/www.sinpro-rio.org.br\/principal\/"},{"@type":"ListItem","position":2,"name":"Discurso e ensino &#8211; Reflex\u00f5es sobre o verbal e o n\u00e3o verbal"}]},{"@type":"WebSite","@id":"https:\/\/www.sinpro-rio.org.br\/principal\/#website","url":"https:\/\/www.sinpro-rio.org.br\/principal\/","name":"Sinpro-Rio","description":"Sindicato dos Professores do Munic\u00edpio do Rio de Janeiro e Regi\u00e3o","potentialAction":[{"@type":"SearchAction","target":{"@type":"EntryPoint","urlTemplate":"https:\/\/www.sinpro-rio.org.br\/principal\/?s={search_term_string}"},"query-input":{"@type":"PropertyValueSpecification","valueRequired":true,"valueName":"search_term_string"}}],"inLanguage":"pt-BR"},{"@type":"Person","@id":"https:\/\/www.sinpro-rio.org.br\/principal\/#\/schema\/person\/513f6c0d98c231ae05be0b1f852773b1","name":"Rafael","image":{"@type":"ImageObject","inLanguage":"pt-BR","@id":"https:\/\/www.sinpro-rio.org.br\/principal\/#\/schema\/person\/image\/","url":"https:\/\/secure.gravatar.com\/avatar\/89b386dfdde3072f65f7acadfe00f325?s=96&d=mm&r=g","contentUrl":"https:\/\/secure.gravatar.com\/avatar\/89b386dfdde3072f65f7acadfe00f325?s=96&d=mm&r=g","caption":"Rafael"},"url":"https:\/\/www.sinpro-rio.org.br\/principal\/author\/rafael\/"}]}},"_links":{"self":[{"href":"https:\/\/www.sinpro-rio.org.br\/principal\/wp-json\/wp\/v2\/posts\/22903","targetHints":{"allow":["GET"]}}],"collection":[{"href":"https:\/\/www.sinpro-rio.org.br\/principal\/wp-json\/wp\/v2\/posts"}],"about":[{"href":"https:\/\/www.sinpro-rio.org.br\/principal\/wp-json\/wp\/v2\/types\/post"}],"author":[{"embeddable":true,"href":"https:\/\/www.sinpro-rio.org.br\/principal\/wp-json\/wp\/v2\/users\/8"}],"replies":[{"embeddable":true,"href":"https:\/\/www.sinpro-rio.org.br\/principal\/wp-json\/wp\/v2\/comments?post=22903"}],"version-history":[{"count":2,"href":"https:\/\/www.sinpro-rio.org.br\/principal\/wp-json\/wp\/v2\/posts\/22903\/revisions"}],"predecessor-version":[{"id":25330,"href":"https:\/\/www.sinpro-rio.org.br\/principal\/wp-json\/wp\/v2\/posts\/22903\/revisions\/25330"}],"wp:featuredmedia":[{"embeddable":true,"href":"https:\/\/www.sinpro-rio.org.br\/principal\/wp-json\/wp\/v2\/media\/22904"}],"wp:attachment":[{"href":"https:\/\/www.sinpro-rio.org.br\/principal\/wp-json\/wp\/v2\/media?parent=22903"}],"wp:term":[{"taxonomy":"category","embeddable":true,"href":"https:\/\/www.sinpro-rio.org.br\/principal\/wp-json\/wp\/v2\/categories?post=22903"},{"taxonomy":"post_tag","embeddable":true,"href":"https:\/\/www.sinpro-rio.org.br\/principal\/wp-json\/wp\/v2\/tags?post=22903"}],"curies":[{"name":"wp","href":"https:\/\/api.w.org\/{rel}","templated":true}]}}