{"id":22896,"date":"2017-12-11T09:25:58","date_gmt":"2017-12-11T11:25:58","guid":{"rendered":"http:\/\/sinpro-rio.org.br\/principal\/site\/?p=22896"},"modified":"2019-06-03T10:49:11","modified_gmt":"2019-06-03T13:49:11","slug":"listrinho-cronicas-para-professores","status":"publish","type":"post","link":"https:\/\/www.sinpro-rio.org.br\/principal\/listrinho-cronicas-para-professores\/","title":{"rendered":"Listrinho &#8211; Cr\u00f4nicas para Professores"},"content":{"rendered":"\n<h3 class=\"wp-block-heading\"><br><\/h3>\n\n\n\n<p>De Aparecida Tiradentes, as hist\u00f3rias reais de Listrinho e de dezenas de crian\u00e7as em sua rela\u00e7\u00e3o com a vida e com a escola. S\u00e3o tamb\u00e9m as hist\u00f3rias de milh\u00f5es de outras crian\u00e7as. N\u00e3o aquelas que conhecem da inf\u00e2ncia apenas brincadeiras ou guardam dos finais de semana e f\u00e9rias lembran\u00e7as amenas. N\u00e3o aquelas que est\u00e3o em dia com os lan\u00e7amentos do mercado de jogos e brinquedos. S\u00e3o crian\u00e7as sobreviventes. Trazem a marca da resist\u00eancia.<\/p>\n\n\n\n<p>Persistiram diante das barreiras que lhes foram postas pelo caminho. Desenvolveram suas pr\u00f3prias estrat\u00e9gias de resist\u00eancia e de sobreviv\u00eancia. Submetidas \u00e0 viol\u00eancia f\u00edsica, \u00e0 viol\u00eancia psicol\u00f3gica, \u00e0 viol\u00eancia da mis\u00e9ria ou \u00e0 viol\u00eancia de uma escola despreparada, conservam uma energia impressionante para resistir, reagir, recome\u00e7ar, seguir em frente. Brilham no of\u00edcio e na arte da reinven\u00e7\u00e3o de si mesmas, mesmo quando lhes falta a mat\u00e9ria-prima. Sabem invent\u00e1-la!<\/p>\n\n\n\n<p>S\u00e3o hist\u00f3rias que interessam a quem tem na escola seu of\u00edcio, mas tamb\u00e9m a todos os que acreditam na capacidade de supera\u00e7\u00e3o do ser humano e que gostam de gente. S\u00e3o hist\u00f3rias de teimosia, de supera\u00e7\u00e3o, de ousadia. S\u00e3o hist\u00f3rias de dor, de perda. S\u00e3o, sobretudo, hist\u00f3rias de gente. E hist\u00f3rias de gente s\u00e3o assim, surpreendentes, para quem se dispuser a ver.<\/p>\n","protected":false},"excerpt":{"rendered":"<p>De Aparecida Tiradentes, as hist\u00f3rias reais de Listrinho e de dezenas de crian\u00e7as em sua rela\u00e7\u00e3o com a vida e com a escola. S\u00e3o tamb\u00e9m as hist\u00f3rias de milh\u00f5es de outras crian\u00e7as. N\u00e3o aquelas que conhecem da inf\u00e2ncia apenas brincadeiras ou guardam dos finais de semana e f\u00e9rias lembran\u00e7as amenas. N\u00e3o aquelas que est\u00e3o em [&hellip;]<\/p>\n","protected":false},"author":8,"featured_media":22897,"comment_status":"open","ping_status":"open","sticky":false,"template":"","format":"standard","meta":{"footnotes":""},"categories":[31,13],"tags":[347,362,346],"class_list":["post-22896","post","type-post","status-publish","format-standard","has-post-thumbnail","hentry","category-estante-do-professor","category-publicac-es","tag-347","tag-aparecida-de-fatima-tiradentes-dos-santos","tag-editora-ciencia-moderna"],"yoast_head":"<!-- This site is optimized with the Yoast SEO plugin v25.7 - https:\/\/yoast.com\/wordpress\/plugins\/seo\/ -->\n<title>Listrinho - Cr\u00f4nicas para Professores - Sinpro-Rio<\/title>\n<meta name=\"robots\" content=\"index, follow, max-snippet:-1, max-image-preview:large, max-video-preview:-1\" \/>\n<link rel=\"canonical\" href=\"https:\/\/www.sinpro-rio.org.br\/principal\/listrinho-cronicas-para-professores\/\" \/>\n<meta property=\"og:locale\" content=\"pt_BR\" \/>\n<meta property=\"og:type\" content=\"article\" \/>\n<meta property=\"og:title\" content=\"Listrinho - Cr\u00f4nicas para Professores - Sinpro-Rio\" \/>\n<meta property=\"og:description\" content=\"De Aparecida Tiradentes, as hist\u00f3rias reais de Listrinho e de dezenas de crian\u00e7as em sua rela\u00e7\u00e3o com a vida e com a escola. S\u00e3o tamb\u00e9m as hist\u00f3rias de milh\u00f5es de outras crian\u00e7as. N\u00e3o aquelas que conhecem da inf\u00e2ncia apenas brincadeiras ou guardam dos finais de semana e f\u00e9rias lembran\u00e7as amenas. N\u00e3o aquelas que est\u00e3o em [&hellip;]\" \/>\n<meta property=\"og:url\" content=\"https:\/\/www.sinpro-rio.org.br\/principal\/listrinho-cronicas-para-professores\/\" \/>\n<meta property=\"og:site_name\" content=\"Sinpro-Rio\" \/>\n<meta property=\"article:published_time\" content=\"2017-12-11T11:25:58+00:00\" \/>\n<meta property=\"article:modified_time\" content=\"2019-06-03T13:49:11+00:00\" \/>\n<meta property=\"og:image\" content=\"https:\/\/www.sinpro-rio.org.br\/principal\/wp-content\/uploads\/2018\/11\/listrinho.jpg\" \/>\n\t<meta property=\"og:image:width\" content=\"105\" \/>\n\t<meta property=\"og:image:height\" content=\"150\" \/>\n\t<meta property=\"og:image:type\" content=\"image\/jpeg\" \/>\n<meta name=\"author\" content=\"Rafael\" \/>\n<meta name=\"twitter:card\" content=\"summary_large_image\" \/>\n<meta name=\"twitter:label1\" content=\"Escrito por\" \/>\n\t<meta name=\"twitter:data1\" content=\"Rafael\" \/>\n\t<meta name=\"twitter:label2\" content=\"Est. tempo de leitura\" \/>\n\t<meta name=\"twitter:data2\" content=\"1 minuto\" \/>\n<script type=\"application\/ld+json\" class=\"yoast-schema-graph\">{\"@context\":\"https:\/\/schema.org\",\"@graph\":[{\"@type\":\"WebPage\",\"@id\":\"https:\/\/www.sinpro-rio.org.br\/principal\/listrinho-cronicas-para-professores\/\",\"url\":\"https:\/\/www.sinpro-rio.org.br\/principal\/listrinho-cronicas-para-professores\/\",\"name\":\"Listrinho - Cr\u00f4nicas para Professores - Sinpro-Rio\",\"isPartOf\":{\"@id\":\"https:\/\/www.sinpro-rio.org.br\/principal\/#website\"},\"primaryImageOfPage\":{\"@id\":\"https:\/\/www.sinpro-rio.org.br\/principal\/listrinho-cronicas-para-professores\/#primaryimage\"},\"image\":{\"@id\":\"https:\/\/www.sinpro-rio.org.br\/principal\/listrinho-cronicas-para-professores\/#primaryimage\"},\"thumbnailUrl\":\"https:\/\/www.sinpro-rio.org.br\/principal\/wp-content\/uploads\/2018\/11\/listrinho.jpg\",\"datePublished\":\"2017-12-11T11:25:58+00:00\",\"dateModified\":\"2019-06-03T13:49:11+00:00\",\"author\":{\"@id\":\"https:\/\/www.sinpro-rio.org.br\/principal\/#\/schema\/person\/513f6c0d98c231ae05be0b1f852773b1\"},\"breadcrumb\":{\"@id\":\"https:\/\/www.sinpro-rio.org.br\/principal\/listrinho-cronicas-para-professores\/#breadcrumb\"},\"inLanguage\":\"pt-BR\",\"potentialAction\":[{\"@type\":\"ReadAction\",\"target\":[\"https:\/\/www.sinpro-rio.org.br\/principal\/listrinho-cronicas-para-professores\/\"]}]},{\"@type\":\"ImageObject\",\"inLanguage\":\"pt-BR\",\"@id\":\"https:\/\/www.sinpro-rio.org.br\/principal\/listrinho-cronicas-para-professores\/#primaryimage\",\"url\":\"https:\/\/www.sinpro-rio.org.br\/principal\/wp-content\/uploads\/2018\/11\/listrinho.jpg\",\"contentUrl\":\"https:\/\/www.sinpro-rio.org.br\/principal\/wp-content\/uploads\/2018\/11\/listrinho.jpg\",\"width\":105,\"height\":150},{\"@type\":\"BreadcrumbList\",\"@id\":\"https:\/\/www.sinpro-rio.org.br\/principal\/listrinho-cronicas-para-professores\/#breadcrumb\",\"itemListElement\":[{\"@type\":\"ListItem\",\"position\":1,\"name\":\"In\u00edcio\",\"item\":\"https:\/\/www.sinpro-rio.org.br\/principal\/\"},{\"@type\":\"ListItem\",\"position\":2,\"name\":\"Listrinho &#8211; Cr\u00f4nicas para Professores\"}]},{\"@type\":\"WebSite\",\"@id\":\"https:\/\/www.sinpro-rio.org.br\/principal\/#website\",\"url\":\"https:\/\/www.sinpro-rio.org.br\/principal\/\",\"name\":\"Sinpro-Rio\",\"description\":\"Sindicato dos Professores do Munic\u00edpio do Rio de Janeiro e Regi\u00e3o\",\"potentialAction\":[{\"@type\":\"SearchAction\",\"target\":{\"@type\":\"EntryPoint\",\"urlTemplate\":\"https:\/\/www.sinpro-rio.org.br\/principal\/?s={search_term_string}\"},\"query-input\":{\"@type\":\"PropertyValueSpecification\",\"valueRequired\":true,\"valueName\":\"search_term_string\"}}],\"inLanguage\":\"pt-BR\"},{\"@type\":\"Person\",\"@id\":\"https:\/\/www.sinpro-rio.org.br\/principal\/#\/schema\/person\/513f6c0d98c231ae05be0b1f852773b1\",\"name\":\"Rafael\",\"image\":{\"@type\":\"ImageObject\",\"inLanguage\":\"pt-BR\",\"@id\":\"https:\/\/www.sinpro-rio.org.br\/principal\/#\/schema\/person\/image\/\",\"url\":\"https:\/\/secure.gravatar.com\/avatar\/89b386dfdde3072f65f7acadfe00f325?s=96&d=mm&r=g\",\"contentUrl\":\"https:\/\/secure.gravatar.com\/avatar\/89b386dfdde3072f65f7acadfe00f325?s=96&d=mm&r=g\",\"caption\":\"Rafael\"},\"url\":\"https:\/\/www.sinpro-rio.org.br\/principal\/author\/rafael\/\"}]}<\/script>\n<!-- \/ Yoast SEO plugin. -->","yoast_head_json":{"title":"Listrinho - Cr\u00f4nicas para Professores - Sinpro-Rio","robots":{"index":"index","follow":"follow","max-snippet":"max-snippet:-1","max-image-preview":"max-image-preview:large","max-video-preview":"max-video-preview:-1"},"canonical":"https:\/\/www.sinpro-rio.org.br\/principal\/listrinho-cronicas-para-professores\/","og_locale":"pt_BR","og_type":"article","og_title":"Listrinho - Cr\u00f4nicas para Professores - Sinpro-Rio","og_description":"De Aparecida Tiradentes, as hist\u00f3rias reais de Listrinho e de dezenas de crian\u00e7as em sua rela\u00e7\u00e3o com a vida e com a escola. S\u00e3o tamb\u00e9m as hist\u00f3rias de milh\u00f5es de outras crian\u00e7as. N\u00e3o aquelas que conhecem da inf\u00e2ncia apenas brincadeiras ou guardam dos finais de semana e f\u00e9rias lembran\u00e7as amenas. N\u00e3o aquelas que est\u00e3o em [&hellip;]","og_url":"https:\/\/www.sinpro-rio.org.br\/principal\/listrinho-cronicas-para-professores\/","og_site_name":"Sinpro-Rio","article_published_time":"2017-12-11T11:25:58+00:00","article_modified_time":"2019-06-03T13:49:11+00:00","og_image":[{"width":105,"height":150,"url":"https:\/\/www.sinpro-rio.org.br\/principal\/wp-content\/uploads\/2018\/11\/listrinho.jpg","type":"image\/jpeg"}],"author":"Rafael","twitter_card":"summary_large_image","twitter_misc":{"Escrito por":"Rafael","Est. tempo de leitura":"1 minuto"},"schema":{"@context":"https:\/\/schema.org","@graph":[{"@type":"WebPage","@id":"https:\/\/www.sinpro-rio.org.br\/principal\/listrinho-cronicas-para-professores\/","url":"https:\/\/www.sinpro-rio.org.br\/principal\/listrinho-cronicas-para-professores\/","name":"Listrinho - Cr\u00f4nicas para Professores - Sinpro-Rio","isPartOf":{"@id":"https:\/\/www.sinpro-rio.org.br\/principal\/#website"},"primaryImageOfPage":{"@id":"https:\/\/www.sinpro-rio.org.br\/principal\/listrinho-cronicas-para-professores\/#primaryimage"},"image":{"@id":"https:\/\/www.sinpro-rio.org.br\/principal\/listrinho-cronicas-para-professores\/#primaryimage"},"thumbnailUrl":"https:\/\/www.sinpro-rio.org.br\/principal\/wp-content\/uploads\/2018\/11\/listrinho.jpg","datePublished":"2017-12-11T11:25:58+00:00","dateModified":"2019-06-03T13:49:11+00:00","author":{"@id":"https:\/\/www.sinpro-rio.org.br\/principal\/#\/schema\/person\/513f6c0d98c231ae05be0b1f852773b1"},"breadcrumb":{"@id":"https:\/\/www.sinpro-rio.org.br\/principal\/listrinho-cronicas-para-professores\/#breadcrumb"},"inLanguage":"pt-BR","potentialAction":[{"@type":"ReadAction","target":["https:\/\/www.sinpro-rio.org.br\/principal\/listrinho-cronicas-para-professores\/"]}]},{"@type":"ImageObject","inLanguage":"pt-BR","@id":"https:\/\/www.sinpro-rio.org.br\/principal\/listrinho-cronicas-para-professores\/#primaryimage","url":"https:\/\/www.sinpro-rio.org.br\/principal\/wp-content\/uploads\/2018\/11\/listrinho.jpg","contentUrl":"https:\/\/www.sinpro-rio.org.br\/principal\/wp-content\/uploads\/2018\/11\/listrinho.jpg","width":105,"height":150},{"@type":"BreadcrumbList","@id":"https:\/\/www.sinpro-rio.org.br\/principal\/listrinho-cronicas-para-professores\/#breadcrumb","itemListElement":[{"@type":"ListItem","position":1,"name":"In\u00edcio","item":"https:\/\/www.sinpro-rio.org.br\/principal\/"},{"@type":"ListItem","position":2,"name":"Listrinho &#8211; Cr\u00f4nicas para Professores"}]},{"@type":"WebSite","@id":"https:\/\/www.sinpro-rio.org.br\/principal\/#website","url":"https:\/\/www.sinpro-rio.org.br\/principal\/","name":"Sinpro-Rio","description":"Sindicato dos Professores do Munic\u00edpio do Rio de Janeiro e Regi\u00e3o","potentialAction":[{"@type":"SearchAction","target":{"@type":"EntryPoint","urlTemplate":"https:\/\/www.sinpro-rio.org.br\/principal\/?s={search_term_string}"},"query-input":{"@type":"PropertyValueSpecification","valueRequired":true,"valueName":"search_term_string"}}],"inLanguage":"pt-BR"},{"@type":"Person","@id":"https:\/\/www.sinpro-rio.org.br\/principal\/#\/schema\/person\/513f6c0d98c231ae05be0b1f852773b1","name":"Rafael","image":{"@type":"ImageObject","inLanguage":"pt-BR","@id":"https:\/\/www.sinpro-rio.org.br\/principal\/#\/schema\/person\/image\/","url":"https:\/\/secure.gravatar.com\/avatar\/89b386dfdde3072f65f7acadfe00f325?s=96&d=mm&r=g","contentUrl":"https:\/\/secure.gravatar.com\/avatar\/89b386dfdde3072f65f7acadfe00f325?s=96&d=mm&r=g","caption":"Rafael"},"url":"https:\/\/www.sinpro-rio.org.br\/principal\/author\/rafael\/"}]}},"_links":{"self":[{"href":"https:\/\/www.sinpro-rio.org.br\/principal\/wp-json\/wp\/v2\/posts\/22896","targetHints":{"allow":["GET"]}}],"collection":[{"href":"https:\/\/www.sinpro-rio.org.br\/principal\/wp-json\/wp\/v2\/posts"}],"about":[{"href":"https:\/\/www.sinpro-rio.org.br\/principal\/wp-json\/wp\/v2\/types\/post"}],"author":[{"embeddable":true,"href":"https:\/\/www.sinpro-rio.org.br\/principal\/wp-json\/wp\/v2\/users\/8"}],"replies":[{"embeddable":true,"href":"https:\/\/www.sinpro-rio.org.br\/principal\/wp-json\/wp\/v2\/comments?post=22896"}],"version-history":[{"count":1,"href":"https:\/\/www.sinpro-rio.org.br\/principal\/wp-json\/wp\/v2\/posts\/22896\/revisions"}],"predecessor-version":[{"id":22898,"href":"https:\/\/www.sinpro-rio.org.br\/principal\/wp-json\/wp\/v2\/posts\/22896\/revisions\/22898"}],"wp:featuredmedia":[{"embeddable":true,"href":"https:\/\/www.sinpro-rio.org.br\/principal\/wp-json\/wp\/v2\/media\/22897"}],"wp:attachment":[{"href":"https:\/\/www.sinpro-rio.org.br\/principal\/wp-json\/wp\/v2\/media?parent=22896"}],"wp:term":[{"taxonomy":"category","embeddable":true,"href":"https:\/\/www.sinpro-rio.org.br\/principal\/wp-json\/wp\/v2\/categories?post=22896"},{"taxonomy":"post_tag","embeddable":true,"href":"https:\/\/www.sinpro-rio.org.br\/principal\/wp-json\/wp\/v2\/tags?post=22896"}],"curies":[{"name":"wp","href":"https:\/\/api.w.org\/{rel}","templated":true}]}}