{"id":22889,"date":"2017-12-11T09:13:22","date_gmt":"2017-12-11T11:13:22","guid":{"rendered":"http:\/\/sinpro-rio.org.br\/principal\/site\/?p=22889"},"modified":"2019-06-03T10:52:07","modified_gmt":"2019-06-03T13:52:07","slug":"metidopolis","status":"publish","type":"post","link":"https:\/\/www.sinpro-rio.org.br\/principal\/metidopolis\/","title":{"rendered":"Metid\u00f3polis"},"content":{"rendered":"\n<h3 class=\"wp-block-heading\"><br><\/h3>\n\n\n\n<p>O mago Equilibrium conta a sua aventura no Reino de Metid\u00f3polis, onde as pessoas s\u00e3o metidas e acham que sabem tudo sobre tudo. Todos andam de nariz para cima e por isso a maioria das pessoas vive com bra\u00e7os,pernas e narizes quebrados. Claro! Eles n\u00e3o olham por onde andam!<\/p>\n\n\n\n<p>O pr\u00edncipe Metid\u00e3o Segundo, filho do rei Sei Tudo Primeiro e da rainha Tamb\u00e9m Sei,abaixa o nariz e sorri. Este fato assusta toda a corte.Como pode Metid\u00e3o n\u00e3o ser metid\u00e3o?<\/p>\n\n\n\n<p>Brincando com nomes engra\u00e7ados e que t\u00eam a ver com as caracter\u00edsticas dos personagens, a autora possibilita ao pequeno leitor perceber que, quando as pessoas pensam que sabem tudo sobre tudo, o resultado \u00e9 a intoler\u00e2ncia e a dificuldade de conviv\u00eancia.<\/p>\n\n\n\n<p>Regina Frota foi orientadora educacional das redes Municipal e Particular de Ensino do RJ por 41 anos, tendo se aposentado em dezembro de 2013.<\/p>\n\n\n\n<p>Este \u00e9 seu primeiro livro, que foi publicado pela editora Access, dentro do Projeto Estante do Autor.<\/p>\n\n\n\n<p>Adquirir atrav\u00e9s do site&nbsp;<a href=\"http:\/\/www.estantedoautor.com.br\/\">www.estantedoautor.com.br<\/a>.<\/p>\n\n\n\n<p><strong>Metid\u00f3polis<\/strong><br>Autora: Regina Frota&nbsp;<br>Iilustra\u00e7\u00e3o:Kaio Victor Assis das Neves&nbsp;<br>Assuntos:Aventura;sentimentos; comportamento<br>Assunto espec\u00edfico: Conviv\u00eancia<br>Eixo norteador:Sociedade<\/p>\n","protected":false},"excerpt":{"rendered":"<p>O mago Equilibrium conta a sua aventura no Reino de Metid\u00f3polis, onde as pessoas s\u00e3o metidas e acham que sabem tudo sobre tudo. Todos andam de nariz para cima e por isso a maioria das pessoas vive com bra\u00e7os,pernas e narizes quebrados. Claro! Eles n\u00e3o olham por onde andam! O pr\u00edncipe Metid\u00e3o Segundo, filho do [&hellip;]<\/p>\n","protected":false},"author":8,"featured_media":22890,"comment_status":"open","ping_status":"open","sticky":false,"template":"","format":"standard","meta":{"footnotes":""},"categories":[31,13],"tags":[363,395,366],"class_list":["post-22889","post","type-post","status-publish","format-standard","has-post-thumbnail","hentry","category-estante-do-professor","category-publicac-es","tag-363","tag-editora-estante-do-autor","tag-regina-frota"],"yoast_head":"<!-- This site is optimized with the Yoast SEO plugin v25.7 - https:\/\/yoast.com\/wordpress\/plugins\/seo\/ -->\n<title>Metid\u00f3polis - Sinpro-Rio<\/title>\n<meta name=\"robots\" content=\"index, follow, max-snippet:-1, max-image-preview:large, max-video-preview:-1\" \/>\n<link rel=\"canonical\" href=\"https:\/\/www.sinpro-rio.org.br\/principal\/metidopolis\/\" \/>\n<meta property=\"og:locale\" content=\"pt_BR\" \/>\n<meta property=\"og:type\" content=\"article\" \/>\n<meta property=\"og:title\" content=\"Metid\u00f3polis - Sinpro-Rio\" \/>\n<meta property=\"og:description\" content=\"O mago Equilibrium conta a sua aventura no Reino de Metid\u00f3polis, onde as pessoas s\u00e3o metidas e acham que sabem tudo sobre tudo. Todos andam de nariz para cima e por isso a maioria das pessoas vive com bra\u00e7os,pernas e narizes quebrados. Claro! Eles n\u00e3o olham por onde andam! O pr\u00edncipe Metid\u00e3o Segundo, filho do [&hellip;]\" \/>\n<meta property=\"og:url\" content=\"https:\/\/www.sinpro-rio.org.br\/principal\/metidopolis\/\" \/>\n<meta property=\"og:site_name\" content=\"Sinpro-Rio\" \/>\n<meta property=\"article:published_time\" content=\"2017-12-11T11:13:22+00:00\" \/>\n<meta property=\"article:modified_time\" content=\"2019-06-03T13:52:07+00:00\" \/>\n<meta property=\"og:image\" content=\"https:\/\/www.sinpro-rio.org.br\/principal\/wp-content\/uploads\/2018\/11\/metidopolis.jpg\" \/>\n\t<meta property=\"og:image:width\" content=\"393\" \/>\n\t<meta property=\"og:image:height\" content=\"524\" \/>\n\t<meta property=\"og:image:type\" content=\"image\/jpeg\" \/>\n<meta name=\"author\" content=\"Rafael\" \/>\n<meta name=\"twitter:card\" content=\"summary_large_image\" \/>\n<meta name=\"twitter:label1\" content=\"Escrito por\" \/>\n\t<meta name=\"twitter:data1\" content=\"Rafael\" \/>\n\t<meta name=\"twitter:label2\" content=\"Est. tempo de leitura\" \/>\n\t<meta name=\"twitter:data2\" content=\"1 minuto\" \/>\n<script type=\"application\/ld+json\" class=\"yoast-schema-graph\">{\"@context\":\"https:\/\/schema.org\",\"@graph\":[{\"@type\":\"WebPage\",\"@id\":\"https:\/\/www.sinpro-rio.org.br\/principal\/metidopolis\/\",\"url\":\"https:\/\/www.sinpro-rio.org.br\/principal\/metidopolis\/\",\"name\":\"Metid\u00f3polis - Sinpro-Rio\",\"isPartOf\":{\"@id\":\"https:\/\/www.sinpro-rio.org.br\/principal\/#website\"},\"primaryImageOfPage\":{\"@id\":\"https:\/\/www.sinpro-rio.org.br\/principal\/metidopolis\/#primaryimage\"},\"image\":{\"@id\":\"https:\/\/www.sinpro-rio.org.br\/principal\/metidopolis\/#primaryimage\"},\"thumbnailUrl\":\"https:\/\/www.sinpro-rio.org.br\/principal\/wp-content\/uploads\/2018\/11\/metidopolis.jpg\",\"datePublished\":\"2017-12-11T11:13:22+00:00\",\"dateModified\":\"2019-06-03T13:52:07+00:00\",\"author\":{\"@id\":\"https:\/\/www.sinpro-rio.org.br\/principal\/#\/schema\/person\/513f6c0d98c231ae05be0b1f852773b1\"},\"breadcrumb\":{\"@id\":\"https:\/\/www.sinpro-rio.org.br\/principal\/metidopolis\/#breadcrumb\"},\"inLanguage\":\"pt-BR\",\"potentialAction\":[{\"@type\":\"ReadAction\",\"target\":[\"https:\/\/www.sinpro-rio.org.br\/principal\/metidopolis\/\"]}]},{\"@type\":\"ImageObject\",\"inLanguage\":\"pt-BR\",\"@id\":\"https:\/\/www.sinpro-rio.org.br\/principal\/metidopolis\/#primaryimage\",\"url\":\"https:\/\/www.sinpro-rio.org.br\/principal\/wp-content\/uploads\/2018\/11\/metidopolis.jpg\",\"contentUrl\":\"https:\/\/www.sinpro-rio.org.br\/principal\/wp-content\/uploads\/2018\/11\/metidopolis.jpg\",\"width\":393,\"height\":524},{\"@type\":\"BreadcrumbList\",\"@id\":\"https:\/\/www.sinpro-rio.org.br\/principal\/metidopolis\/#breadcrumb\",\"itemListElement\":[{\"@type\":\"ListItem\",\"position\":1,\"name\":\"In\u00edcio\",\"item\":\"https:\/\/www.sinpro-rio.org.br\/principal\/\"},{\"@type\":\"ListItem\",\"position\":2,\"name\":\"Metid\u00f3polis\"}]},{\"@type\":\"WebSite\",\"@id\":\"https:\/\/www.sinpro-rio.org.br\/principal\/#website\",\"url\":\"https:\/\/www.sinpro-rio.org.br\/principal\/\",\"name\":\"Sinpro-Rio\",\"description\":\"Sindicato dos Professores do Munic\u00edpio do Rio de Janeiro e Regi\u00e3o\",\"potentialAction\":[{\"@type\":\"SearchAction\",\"target\":{\"@type\":\"EntryPoint\",\"urlTemplate\":\"https:\/\/www.sinpro-rio.org.br\/principal\/?s={search_term_string}\"},\"query-input\":{\"@type\":\"PropertyValueSpecification\",\"valueRequired\":true,\"valueName\":\"search_term_string\"}}],\"inLanguage\":\"pt-BR\"},{\"@type\":\"Person\",\"@id\":\"https:\/\/www.sinpro-rio.org.br\/principal\/#\/schema\/person\/513f6c0d98c231ae05be0b1f852773b1\",\"name\":\"Rafael\",\"image\":{\"@type\":\"ImageObject\",\"inLanguage\":\"pt-BR\",\"@id\":\"https:\/\/www.sinpro-rio.org.br\/principal\/#\/schema\/person\/image\/\",\"url\":\"https:\/\/secure.gravatar.com\/avatar\/89b386dfdde3072f65f7acadfe00f325?s=96&d=mm&r=g\",\"contentUrl\":\"https:\/\/secure.gravatar.com\/avatar\/89b386dfdde3072f65f7acadfe00f325?s=96&d=mm&r=g\",\"caption\":\"Rafael\"},\"url\":\"https:\/\/www.sinpro-rio.org.br\/principal\/author\/rafael\/\"}]}<\/script>\n<!-- \/ Yoast SEO plugin. -->","yoast_head_json":{"title":"Metid\u00f3polis - Sinpro-Rio","robots":{"index":"index","follow":"follow","max-snippet":"max-snippet:-1","max-image-preview":"max-image-preview:large","max-video-preview":"max-video-preview:-1"},"canonical":"https:\/\/www.sinpro-rio.org.br\/principal\/metidopolis\/","og_locale":"pt_BR","og_type":"article","og_title":"Metid\u00f3polis - Sinpro-Rio","og_description":"O mago Equilibrium conta a sua aventura no Reino de Metid\u00f3polis, onde as pessoas s\u00e3o metidas e acham que sabem tudo sobre tudo. Todos andam de nariz para cima e por isso a maioria das pessoas vive com bra\u00e7os,pernas e narizes quebrados. Claro! Eles n\u00e3o olham por onde andam! O pr\u00edncipe Metid\u00e3o Segundo, filho do [&hellip;]","og_url":"https:\/\/www.sinpro-rio.org.br\/principal\/metidopolis\/","og_site_name":"Sinpro-Rio","article_published_time":"2017-12-11T11:13:22+00:00","article_modified_time":"2019-06-03T13:52:07+00:00","og_image":[{"width":393,"height":524,"url":"https:\/\/www.sinpro-rio.org.br\/principal\/wp-content\/uploads\/2018\/11\/metidopolis.jpg","type":"image\/jpeg"}],"author":"Rafael","twitter_card":"summary_large_image","twitter_misc":{"Escrito por":"Rafael","Est. tempo de leitura":"1 minuto"},"schema":{"@context":"https:\/\/schema.org","@graph":[{"@type":"WebPage","@id":"https:\/\/www.sinpro-rio.org.br\/principal\/metidopolis\/","url":"https:\/\/www.sinpro-rio.org.br\/principal\/metidopolis\/","name":"Metid\u00f3polis - Sinpro-Rio","isPartOf":{"@id":"https:\/\/www.sinpro-rio.org.br\/principal\/#website"},"primaryImageOfPage":{"@id":"https:\/\/www.sinpro-rio.org.br\/principal\/metidopolis\/#primaryimage"},"image":{"@id":"https:\/\/www.sinpro-rio.org.br\/principal\/metidopolis\/#primaryimage"},"thumbnailUrl":"https:\/\/www.sinpro-rio.org.br\/principal\/wp-content\/uploads\/2018\/11\/metidopolis.jpg","datePublished":"2017-12-11T11:13:22+00:00","dateModified":"2019-06-03T13:52:07+00:00","author":{"@id":"https:\/\/www.sinpro-rio.org.br\/principal\/#\/schema\/person\/513f6c0d98c231ae05be0b1f852773b1"},"breadcrumb":{"@id":"https:\/\/www.sinpro-rio.org.br\/principal\/metidopolis\/#breadcrumb"},"inLanguage":"pt-BR","potentialAction":[{"@type":"ReadAction","target":["https:\/\/www.sinpro-rio.org.br\/principal\/metidopolis\/"]}]},{"@type":"ImageObject","inLanguage":"pt-BR","@id":"https:\/\/www.sinpro-rio.org.br\/principal\/metidopolis\/#primaryimage","url":"https:\/\/www.sinpro-rio.org.br\/principal\/wp-content\/uploads\/2018\/11\/metidopolis.jpg","contentUrl":"https:\/\/www.sinpro-rio.org.br\/principal\/wp-content\/uploads\/2018\/11\/metidopolis.jpg","width":393,"height":524},{"@type":"BreadcrumbList","@id":"https:\/\/www.sinpro-rio.org.br\/principal\/metidopolis\/#breadcrumb","itemListElement":[{"@type":"ListItem","position":1,"name":"In\u00edcio","item":"https:\/\/www.sinpro-rio.org.br\/principal\/"},{"@type":"ListItem","position":2,"name":"Metid\u00f3polis"}]},{"@type":"WebSite","@id":"https:\/\/www.sinpro-rio.org.br\/principal\/#website","url":"https:\/\/www.sinpro-rio.org.br\/principal\/","name":"Sinpro-Rio","description":"Sindicato dos Professores do Munic\u00edpio do Rio de Janeiro e Regi\u00e3o","potentialAction":[{"@type":"SearchAction","target":{"@type":"EntryPoint","urlTemplate":"https:\/\/www.sinpro-rio.org.br\/principal\/?s={search_term_string}"},"query-input":{"@type":"PropertyValueSpecification","valueRequired":true,"valueName":"search_term_string"}}],"inLanguage":"pt-BR"},{"@type":"Person","@id":"https:\/\/www.sinpro-rio.org.br\/principal\/#\/schema\/person\/513f6c0d98c231ae05be0b1f852773b1","name":"Rafael","image":{"@type":"ImageObject","inLanguage":"pt-BR","@id":"https:\/\/www.sinpro-rio.org.br\/principal\/#\/schema\/person\/image\/","url":"https:\/\/secure.gravatar.com\/avatar\/89b386dfdde3072f65f7acadfe00f325?s=96&d=mm&r=g","contentUrl":"https:\/\/secure.gravatar.com\/avatar\/89b386dfdde3072f65f7acadfe00f325?s=96&d=mm&r=g","caption":"Rafael"},"url":"https:\/\/www.sinpro-rio.org.br\/principal\/author\/rafael\/"}]}},"_links":{"self":[{"href":"https:\/\/www.sinpro-rio.org.br\/principal\/wp-json\/wp\/v2\/posts\/22889","targetHints":{"allow":["GET"]}}],"collection":[{"href":"https:\/\/www.sinpro-rio.org.br\/principal\/wp-json\/wp\/v2\/posts"}],"about":[{"href":"https:\/\/www.sinpro-rio.org.br\/principal\/wp-json\/wp\/v2\/types\/post"}],"author":[{"embeddable":true,"href":"https:\/\/www.sinpro-rio.org.br\/principal\/wp-json\/wp\/v2\/users\/8"}],"replies":[{"embeddable":true,"href":"https:\/\/www.sinpro-rio.org.br\/principal\/wp-json\/wp\/v2\/comments?post=22889"}],"version-history":[{"count":1,"href":"https:\/\/www.sinpro-rio.org.br\/principal\/wp-json\/wp\/v2\/posts\/22889\/revisions"}],"predecessor-version":[{"id":22891,"href":"https:\/\/www.sinpro-rio.org.br\/principal\/wp-json\/wp\/v2\/posts\/22889\/revisions\/22891"}],"wp:featuredmedia":[{"embeddable":true,"href":"https:\/\/www.sinpro-rio.org.br\/principal\/wp-json\/wp\/v2\/media\/22890"}],"wp:attachment":[{"href":"https:\/\/www.sinpro-rio.org.br\/principal\/wp-json\/wp\/v2\/media?parent=22889"}],"wp:term":[{"taxonomy":"category","embeddable":true,"href":"https:\/\/www.sinpro-rio.org.br\/principal\/wp-json\/wp\/v2\/categories?post=22889"},{"taxonomy":"post_tag","embeddable":true,"href":"https:\/\/www.sinpro-rio.org.br\/principal\/wp-json\/wp\/v2\/tags?post=22889"}],"curies":[{"name":"wp","href":"https:\/\/api.w.org\/{rel}","templated":true}]}}