{"id":22249,"date":"2018-10-10T11:23:00","date_gmt":"2018-10-10T11:23:00","guid":{"rendered":""},"modified":"-0001-11-30T00:00:00","modified_gmt":"-0001-11-30T03:00:00","slug":"porque-apoiar-o-professor-fernando-haddad-a-presid-ncia-da-republica","status":"publish","type":"post","link":"https:\/\/www.sinpro-rio.org.br\/principal\/porque-apoiar-o-professor-fernando-haddad-a-presid-ncia-da-republica\/","title":{"rendered":"Porque apoiar o Professor Fernando Haddad  \u00e0 presid\u00eancia da Rep\u00fablica"},"content":{"rendered":"<p>Diante do grave quadro pol&iacute;tico em que nos deparamos, a dire&ccedil;&atilde;o do Sindicato dos Professores do Munic&iacute;pio do Rio de Janeiro e Regi&atilde;o &ndash; Sinpro-Rio, enquanto representa&ccedil;&atilde;o dos trabalhadores e das trabalhadoras em educa&ccedil;&atilde;o, entende que n&atilde;o pode se omitir neste momento hist&oacute;rico e, portanto, deve ter um lado. E o nosso, &eacute; o da classe trabalhadora.<\/p>\n<p>Dessa forma, pedimos a sua reflex&atilde;o sobre o processo eleitoral que certamente definir&aacute; os destinos pol&iacute;ticos de nosso pa&iacute;s, quando, neste 2&ordm; turno, se apresentam dois projetos de candidaturas inteiramente antag&ocirc;nicas.<\/p>\n<p>&nbsp;<\/p>\n<p>De um lado, um projeto que est&aacute; sendo naturalizado, como se a vota&ccedil;&atilde;o obtida pudesse neutralizar o que nele nos assusta:<\/p>\n<ul>\n<li>Propostas que afetam diretamente os trabalhadores e trabalhadoras:<\/li>\n<\/ul>\n<p>&#8211; reforma da previd&ecirc;ncia e perda de direitos trabalhistas;<br \/>\n&#8211; fim do 13&ordm; sal&aacute;rio e abono de f&eacute;rias;&nbsp;<br \/>\n&#8211; a taxa&ccedil;&atilde;o do Imposto de Renda com al&iacute;quota &uacute;nica.<\/p>\n<ul>\n<li>&Ecirc;nfase na pol&iacute;tica contra os servi&ccedil;os p&uacute;blicos com defesa de privatiza&ccedil;&otilde;es, inclusive na educa&ccedil;&atilde;o e na sa&uacute;de;<\/li>\n<li>Risco de perda da autonomia pedag&oacute;gica &ndash; vide a &ldquo;escola com morda&ccedil;a&rdquo;;<\/li>\n<li>Um projeto que &eacute; contra a ordem democr&aacute;tica, que vai desde o &oacute;dio pol&iacute;tico e sexista at&eacute; a intoler&acirc;ncia contra os que lhe fazem oposi&ccedil;&atilde;o &ndash; em qualquer n&iacute;vel.<\/li>\n<\/ul>\n<p>&nbsp;<\/p>\n<p>Contrapondo a tudo isso, se apresenta o professor Fernando Haddad, doutor em Ci&ecirc;ncia Pol&iacute;tica, docente da USP e ex-ministro da Educa&ccedil;&atilde;o.<\/p>\n<p>Enquanto ministro, criou milhares de vagas em universidades. &Eacute; o criador do ProUni, do novo FIES, do novo Enem, do programa Caminho da Escola, dentre outros. Sua gest&atilde;o fez uma verdadeira revolu&ccedil;&atilde;o nos ensinos superior e m&eacute;dio, com a maior amplia&ccedil;&atilde;o da hist&oacute;ria do ensino t&eacute;cnico no Brasil: foram mais de 400 novos campi de escolas federais.<\/p>\n<p>Al&eacute;m do mais, o Professor Fernando Haddad representa o apre&ccedil;o pelos valores da democracia, com respeito &agrave;s institui&ccedil;&otilde;es, defesa da diversidade e da liberdade em todos os n&iacute;veis e com sensibilidade para os mais oprimidos no que se refere &agrave; origem de classe, g&ecirc;nero, ra&ccedil;a, religi&atilde;o, idade e cultura.<\/p>\n<p>Diante disso, a Diretoria do Sinpro-Rio pede a sua reflex&atilde;o sobre um fato que consideramos de crucial import&acirc;ncia: materializar e fortalecer o apoio &agrave; candidatura do Professor Fernando Haddad &agrave; presid&ecirc;ncia da Rep&uacute;blica.<\/p>\n<p><strong>A Diretoria.<\/strong><\/p>\n","protected":false},"excerpt":{"rendered":"<p>Diante do grave quadro pol&iacute;tico em que nos deparamos, a dire&ccedil;&atilde;o do Sindicato dos Professores do Munic&iacute;pio do Rio de Janeiro e Regi&atilde;o &ndash; Sinpro-Rio, enquanto representa&ccedil;&atilde;o dos trabalhadores e das trabalhadoras em educa&ccedil;&atilde;o, entende que n&atilde;o pode se omitir neste momento hist&oacute;rico e, portanto, deve ter um lado. E o nosso, &eacute; o da [&hellip;]<\/p>\n","protected":false},"author":2,"featured_media":22250,"comment_status":"closed","ping_status":"open","sticky":false,"template":"","format":"standard","meta":{"footnotes":""},"categories":[1],"tags":[],"class_list":["post-22249","post","type-post","status-publish","format-standard","has-post-thumbnail","hentry","category-noticias"],"yoast_head":"<!-- This site is optimized with the Yoast SEO plugin v25.7 - https:\/\/yoast.com\/wordpress\/plugins\/seo\/ -->\n<title>Porque apoiar o Professor Fernando Haddad \u00e0 presid\u00eancia da Rep\u00fablica - Sinpro-Rio<\/title>\n<meta name=\"robots\" content=\"index, follow, max-snippet:-1, max-image-preview:large, max-video-preview:-1\" \/>\n<link rel=\"canonical\" href=\"https:\/\/www.sinpro-rio.org.br\/principal\/porque-apoiar-o-professor-fernando-haddad-a-presid-ncia-da-republica\/\" \/>\n<meta property=\"og:locale\" content=\"pt_BR\" \/>\n<meta property=\"og:type\" content=\"article\" \/>\n<meta property=\"og:title\" content=\"Porque apoiar o Professor Fernando Haddad \u00e0 presid\u00eancia da Rep\u00fablica - Sinpro-Rio\" \/>\n<meta property=\"og:description\" content=\"Diante do grave quadro pol&iacute;tico em que nos deparamos, a dire&ccedil;&atilde;o do Sindicato dos Professores do Munic&iacute;pio do Rio de Janeiro e Regi&atilde;o &ndash; Sinpro-Rio, enquanto representa&ccedil;&atilde;o dos trabalhadores e das trabalhadoras em educa&ccedil;&atilde;o, entende que n&atilde;o pode se omitir neste momento hist&oacute;rico e, portanto, deve ter um lado. E o nosso, &eacute; o da [&hellip;]\" \/>\n<meta property=\"og:url\" content=\"https:\/\/www.sinpro-rio.org.br\/principal\/porque-apoiar-o-professor-fernando-haddad-a-presid-ncia-da-republica\/\" \/>\n<meta property=\"og:site_name\" content=\"Sinpro-Rio\" \/>\n<meta property=\"article:published_time\" content=\"2018-10-10T11:23:00+00:00\" \/>\n<meta name=\"author\" content=\"alessandra\" \/>\n<meta name=\"twitter:card\" content=\"summary_large_image\" \/>\n<meta name=\"twitter:label1\" content=\"Escrito por\" \/>\n\t<meta name=\"twitter:data1\" content=\"alessandra\" \/>\n\t<meta name=\"twitter:label2\" content=\"Est. tempo de leitura\" \/>\n\t<meta name=\"twitter:data2\" content=\"2 minutos\" \/>\n<script type=\"application\/ld+json\" class=\"yoast-schema-graph\">{\"@context\":\"https:\/\/schema.org\",\"@graph\":[{\"@type\":\"WebPage\",\"@id\":\"https:\/\/www.sinpro-rio.org.br\/principal\/porque-apoiar-o-professor-fernando-haddad-a-presid-ncia-da-republica\/\",\"url\":\"https:\/\/www.sinpro-rio.org.br\/principal\/porque-apoiar-o-professor-fernando-haddad-a-presid-ncia-da-republica\/\",\"name\":\"Porque apoiar o Professor Fernando Haddad \u00e0 presid\u00eancia da Rep\u00fablica - Sinpro-Rio\",\"isPartOf\":{\"@id\":\"https:\/\/www.sinpro-rio.org.br\/principal\/#website\"},\"primaryImageOfPage\":{\"@id\":\"https:\/\/www.sinpro-rio.org.br\/principal\/porque-apoiar-o-professor-fernando-haddad-a-presid-ncia-da-republica\/#primaryimage\"},\"image\":{\"@id\":\"https:\/\/www.sinpro-rio.org.br\/principal\/porque-apoiar-o-professor-fernando-haddad-a-presid-ncia-da-republica\/#primaryimage\"},\"thumbnailUrl\":\"\",\"datePublished\":\"2018-10-10T11:23:00+00:00\",\"author\":{\"@id\":\"https:\/\/www.sinpro-rio.org.br\/principal\/#\/schema\/person\/ee17219e64d00d037e511ae59ce2227e\"},\"breadcrumb\":{\"@id\":\"https:\/\/www.sinpro-rio.org.br\/principal\/porque-apoiar-o-professor-fernando-haddad-a-presid-ncia-da-republica\/#breadcrumb\"},\"inLanguage\":\"pt-BR\",\"potentialAction\":[{\"@type\":\"ReadAction\",\"target\":[\"https:\/\/www.sinpro-rio.org.br\/principal\/porque-apoiar-o-professor-fernando-haddad-a-presid-ncia-da-republica\/\"]}]},{\"@type\":\"ImageObject\",\"inLanguage\":\"pt-BR\",\"@id\":\"https:\/\/www.sinpro-rio.org.br\/principal\/porque-apoiar-o-professor-fernando-haddad-a-presid-ncia-da-republica\/#primaryimage\",\"url\":\"\",\"contentUrl\":\"\"},{\"@type\":\"BreadcrumbList\",\"@id\":\"https:\/\/www.sinpro-rio.org.br\/principal\/porque-apoiar-o-professor-fernando-haddad-a-presid-ncia-da-republica\/#breadcrumb\",\"itemListElement\":[{\"@type\":\"ListItem\",\"position\":1,\"name\":\"In\u00edcio\",\"item\":\"https:\/\/www.sinpro-rio.org.br\/principal\/\"},{\"@type\":\"ListItem\",\"position\":2,\"name\":\"Porque apoiar o Professor Fernando Haddad \u00e0 presid\u00eancia da Rep\u00fablica\"}]},{\"@type\":\"WebSite\",\"@id\":\"https:\/\/www.sinpro-rio.org.br\/principal\/#website\",\"url\":\"https:\/\/www.sinpro-rio.org.br\/principal\/\",\"name\":\"Sinpro-Rio\",\"description\":\"Sindicato dos Professores do Munic\u00edpio do Rio de Janeiro e Regi\u00e3o\",\"potentialAction\":[{\"@type\":\"SearchAction\",\"target\":{\"@type\":\"EntryPoint\",\"urlTemplate\":\"https:\/\/www.sinpro-rio.org.br\/principal\/?s={search_term_string}\"},\"query-input\":{\"@type\":\"PropertyValueSpecification\",\"valueRequired\":true,\"valueName\":\"search_term_string\"}}],\"inLanguage\":\"pt-BR\"},{\"@type\":\"Person\",\"@id\":\"https:\/\/www.sinpro-rio.org.br\/principal\/#\/schema\/person\/ee17219e64d00d037e511ae59ce2227e\",\"name\":\"alessandra\",\"image\":{\"@type\":\"ImageObject\",\"inLanguage\":\"pt-BR\",\"@id\":\"https:\/\/www.sinpro-rio.org.br\/principal\/#\/schema\/person\/image\/\",\"url\":\"https:\/\/secure.gravatar.com\/avatar\/2b43fa8c0ad8e33b46a4732549f7fb20?s=96&d=mm&r=g\",\"contentUrl\":\"https:\/\/secure.gravatar.com\/avatar\/2b43fa8c0ad8e33b46a4732549f7fb20?s=96&d=mm&r=g\",\"caption\":\"alessandra\"},\"url\":\"https:\/\/www.sinpro-rio.org.br\/principal\/author\/alessandra\/\"}]}<\/script>\n<!-- \/ Yoast SEO plugin. -->","yoast_head_json":{"title":"Porque apoiar o Professor Fernando Haddad \u00e0 presid\u00eancia da Rep\u00fablica - Sinpro-Rio","robots":{"index":"index","follow":"follow","max-snippet":"max-snippet:-1","max-image-preview":"max-image-preview:large","max-video-preview":"max-video-preview:-1"},"canonical":"https:\/\/www.sinpro-rio.org.br\/principal\/porque-apoiar-o-professor-fernando-haddad-a-presid-ncia-da-republica\/","og_locale":"pt_BR","og_type":"article","og_title":"Porque apoiar o Professor Fernando Haddad \u00e0 presid\u00eancia da Rep\u00fablica - Sinpro-Rio","og_description":"Diante do grave quadro pol&iacute;tico em que nos deparamos, a dire&ccedil;&atilde;o do Sindicato dos Professores do Munic&iacute;pio do Rio de Janeiro e Regi&atilde;o &ndash; Sinpro-Rio, enquanto representa&ccedil;&atilde;o dos trabalhadores e das trabalhadoras em educa&ccedil;&atilde;o, entende que n&atilde;o pode se omitir neste momento hist&oacute;rico e, portanto, deve ter um lado. E o nosso, &eacute; o da [&hellip;]","og_url":"https:\/\/www.sinpro-rio.org.br\/principal\/porque-apoiar-o-professor-fernando-haddad-a-presid-ncia-da-republica\/","og_site_name":"Sinpro-Rio","article_published_time":"2018-10-10T11:23:00+00:00","author":"alessandra","twitter_card":"summary_large_image","twitter_misc":{"Escrito por":"alessandra","Est. tempo de leitura":"2 minutos"},"schema":{"@context":"https:\/\/schema.org","@graph":[{"@type":"WebPage","@id":"https:\/\/www.sinpro-rio.org.br\/principal\/porque-apoiar-o-professor-fernando-haddad-a-presid-ncia-da-republica\/","url":"https:\/\/www.sinpro-rio.org.br\/principal\/porque-apoiar-o-professor-fernando-haddad-a-presid-ncia-da-republica\/","name":"Porque apoiar o Professor Fernando Haddad \u00e0 presid\u00eancia da Rep\u00fablica - Sinpro-Rio","isPartOf":{"@id":"https:\/\/www.sinpro-rio.org.br\/principal\/#website"},"primaryImageOfPage":{"@id":"https:\/\/www.sinpro-rio.org.br\/principal\/porque-apoiar-o-professor-fernando-haddad-a-presid-ncia-da-republica\/#primaryimage"},"image":{"@id":"https:\/\/www.sinpro-rio.org.br\/principal\/porque-apoiar-o-professor-fernando-haddad-a-presid-ncia-da-republica\/#primaryimage"},"thumbnailUrl":"","datePublished":"2018-10-10T11:23:00+00:00","author":{"@id":"https:\/\/www.sinpro-rio.org.br\/principal\/#\/schema\/person\/ee17219e64d00d037e511ae59ce2227e"},"breadcrumb":{"@id":"https:\/\/www.sinpro-rio.org.br\/principal\/porque-apoiar-o-professor-fernando-haddad-a-presid-ncia-da-republica\/#breadcrumb"},"inLanguage":"pt-BR","potentialAction":[{"@type":"ReadAction","target":["https:\/\/www.sinpro-rio.org.br\/principal\/porque-apoiar-o-professor-fernando-haddad-a-presid-ncia-da-republica\/"]}]},{"@type":"ImageObject","inLanguage":"pt-BR","@id":"https:\/\/www.sinpro-rio.org.br\/principal\/porque-apoiar-o-professor-fernando-haddad-a-presid-ncia-da-republica\/#primaryimage","url":"","contentUrl":""},{"@type":"BreadcrumbList","@id":"https:\/\/www.sinpro-rio.org.br\/principal\/porque-apoiar-o-professor-fernando-haddad-a-presid-ncia-da-republica\/#breadcrumb","itemListElement":[{"@type":"ListItem","position":1,"name":"In\u00edcio","item":"https:\/\/www.sinpro-rio.org.br\/principal\/"},{"@type":"ListItem","position":2,"name":"Porque apoiar o Professor Fernando Haddad \u00e0 presid\u00eancia da Rep\u00fablica"}]},{"@type":"WebSite","@id":"https:\/\/www.sinpro-rio.org.br\/principal\/#website","url":"https:\/\/www.sinpro-rio.org.br\/principal\/","name":"Sinpro-Rio","description":"Sindicato dos Professores do Munic\u00edpio do Rio de Janeiro e Regi\u00e3o","potentialAction":[{"@type":"SearchAction","target":{"@type":"EntryPoint","urlTemplate":"https:\/\/www.sinpro-rio.org.br\/principal\/?s={search_term_string}"},"query-input":{"@type":"PropertyValueSpecification","valueRequired":true,"valueName":"search_term_string"}}],"inLanguage":"pt-BR"},{"@type":"Person","@id":"https:\/\/www.sinpro-rio.org.br\/principal\/#\/schema\/person\/ee17219e64d00d037e511ae59ce2227e","name":"alessandra","image":{"@type":"ImageObject","inLanguage":"pt-BR","@id":"https:\/\/www.sinpro-rio.org.br\/principal\/#\/schema\/person\/image\/","url":"https:\/\/secure.gravatar.com\/avatar\/2b43fa8c0ad8e33b46a4732549f7fb20?s=96&d=mm&r=g","contentUrl":"https:\/\/secure.gravatar.com\/avatar\/2b43fa8c0ad8e33b46a4732549f7fb20?s=96&d=mm&r=g","caption":"alessandra"},"url":"https:\/\/www.sinpro-rio.org.br\/principal\/author\/alessandra\/"}]}},"_links":{"self":[{"href":"https:\/\/www.sinpro-rio.org.br\/principal\/wp-json\/wp\/v2\/posts\/22249","targetHints":{"allow":["GET"]}}],"collection":[{"href":"https:\/\/www.sinpro-rio.org.br\/principal\/wp-json\/wp\/v2\/posts"}],"about":[{"href":"https:\/\/www.sinpro-rio.org.br\/principal\/wp-json\/wp\/v2\/types\/post"}],"author":[{"embeddable":true,"href":"https:\/\/www.sinpro-rio.org.br\/principal\/wp-json\/wp\/v2\/users\/2"}],"replies":[{"embeddable":true,"href":"https:\/\/www.sinpro-rio.org.br\/principal\/wp-json\/wp\/v2\/comments?post=22249"}],"version-history":[{"count":0,"href":"https:\/\/www.sinpro-rio.org.br\/principal\/wp-json\/wp\/v2\/posts\/22249\/revisions"}],"wp:featuredmedia":[{"embeddable":true,"href":"https:\/\/www.sinpro-rio.org.br\/principal\/wp-json\/wp\/v2\/media\/22250"}],"wp:attachment":[{"href":"https:\/\/www.sinpro-rio.org.br\/principal\/wp-json\/wp\/v2\/media?parent=22249"}],"wp:term":[{"taxonomy":"category","embeddable":true,"href":"https:\/\/www.sinpro-rio.org.br\/principal\/wp-json\/wp\/v2\/categories?post=22249"},{"taxonomy":"post_tag","embeddable":true,"href":"https:\/\/www.sinpro-rio.org.br\/principal\/wp-json\/wp\/v2\/tags?post=22249"}],"curies":[{"name":"wp","href":"https:\/\/api.w.org\/{rel}","templated":true}]}}