{"id":22222,"date":"2018-09-26T09:13:00","date_gmt":"2018-09-26T09:13:00","guid":{"rendered":""},"modified":"2019-05-31T10:13:53","modified_gmt":"2019-05-31T13:13:53","slug":"uerj-assembleia-de-docentes-reune-cerca-de-700-beneficiarios-as","status":"publish","type":"post","link":"https:\/\/www.sinpro-rio.org.br\/principal\/uerj-assembleia-de-docentes-reune-cerca-de-700-beneficiarios-as\/","title":{"rendered":"UERJ: assembleia de docentes re\u00fane cerca de 700 benefici\u00e1rios\/as"},"content":{"rendered":"\n<p> A assembleia de professores\/as da UERJ benefici\u00e1rios\/as do processo n\u00ba 0269500-16.1989.5.01.0031, realizada no dia 24 de setembro, contou com a presen\u00e7a de aproximadamente 700 professores\/as, que est\u00e3o constantes na a\u00e7\u00e3o vencida pelo Sinpro-Rio, para pagamentos de verbas indenizat\u00f3rias no processo de 1989. A grande maioria entregou, conforme solicitado pelo sonoro na convoca\u00e7\u00e3o, o documento solicitado pela presid\u00eancia do TRT. Os\/as dependentes deixaram tamb\u00e9m documentos para as suas habilita\u00e7\u00f5es para o recebimento das verbas. Os professores\/as que ainda n\u00e3o entregaram seus documentos devem comparecer, o mais r\u00e1pido poss\u00edvel, ao Sinpro-Rio (Rua Pedro Lessa, 35, 2\u00ba andar, Centro). A documenta\u00e7\u00e3o recebida na assembleia ser\u00e1 digitalizada e encaminhada \u00e0 Presid\u00eancia do TRT para a libera\u00e7\u00e3o dos cr\u00e9ditos. Na sede do Sinpro-Rio tamb\u00e9m podem ser recebidas as documenta\u00e7\u00f5es, das 10h \u00e0s 17h. Professores\/as, acompanhem a p\u00e1gina da internet do Sinpro-Rio. Todas as informa\u00e7\u00f5es ser\u00e3o atualizadas rotineiramente. Mais uma vit\u00f3ria da categoria. Somente um sindicato forte \u00e9 capaz de defender a sua categoria! <\/p>\n\n\n\n<p>\n<strong>ATEN\u00c7\u00c3O: <\/strong>os e-mails enviados para o Departamento Jur\u00eddico do Sindicato, com d\u00favidas sobre o processo, come\u00e7ar\u00e3o a ser respondidos, por ordem de chegada, a partir do dia 30 de setembro.\n<\/p>\n\n\n\n<p> <strong>LISTA DOS BENEFICI\u00c1RIOS\/AS: <\/strong>conhe\u00e7a<a href=\"https:\/\/www.sinpro-rio.org.br\/site2\/Noticias\/noticia\/22210\"> <\/a><a href=\"https:\/\/sinpro-rio.org.br\/principal\/uerj-atenc-o-para-assembleia-de-beneficiarios-as-de-processo\/\">aqui<\/a> a lista dos benefici\u00e1rios\/as do processo. Salientamos que a lista <strong><em>N\u00c3O<\/em><\/strong> est\u00e1 em ordem alfab\u00e9tica. <\/p>\n\n\n\n<p>\nVeja&nbsp;<a href=\"https:\/\/www.facebook.com\/pg\/sinprorio1931\/photos\/?tab=album&amp;album_id=2272851002743687\">aqui<\/a> as fotos da assembleia do dia 24 de setembro, na UERJ.\n<\/p>\n","protected":false},"excerpt":{"rendered":"<p>A assembleia de professores\/as da UERJ benefici\u00e1rios\/as do processo n\u00ba 0269500-16.1989.5.01.0031, realizada no dia 24 de setembro, contou com a presen\u00e7a de aproximadamente 700 professores\/as, que est\u00e3o constantes na a\u00e7\u00e3o vencida pelo Sinpro-Rio, para pagamentos de verbas indenizat\u00f3rias no processo de 1989. A grande maioria entregou, conforme solicitado pelo sonoro na convoca\u00e7\u00e3o, o documento solicitado [&hellip;]<\/p>\n","protected":false},"author":2,"featured_media":22853,"comment_status":"closed","ping_status":"open","sticky":false,"template":"","format":"standard","meta":{"footnotes":""},"categories":[1],"tags":[],"class_list":["post-22222","post","type-post","status-publish","format-standard","has-post-thumbnail","hentry","category-noticias"],"yoast_head":"<!-- This site is optimized with the Yoast SEO plugin v25.7 - https:\/\/yoast.com\/wordpress\/plugins\/seo\/ -->\n<title>UERJ: assembleia de docentes re\u00fane cerca de 700 benefici\u00e1rios\/as - Sinpro-Rio<\/title>\n<meta name=\"robots\" content=\"index, follow, max-snippet:-1, max-image-preview:large, max-video-preview:-1\" \/>\n<link rel=\"canonical\" href=\"https:\/\/www.sinpro-rio.org.br\/principal\/uerj-assembleia-de-docentes-reune-cerca-de-700-beneficiarios-as\/\" \/>\n<meta property=\"og:locale\" content=\"pt_BR\" \/>\n<meta property=\"og:type\" content=\"article\" \/>\n<meta property=\"og:title\" content=\"UERJ: assembleia de docentes re\u00fane cerca de 700 benefici\u00e1rios\/as - Sinpro-Rio\" \/>\n<meta property=\"og:description\" content=\"A assembleia de professores\/as da UERJ benefici\u00e1rios\/as do processo n\u00ba 0269500-16.1989.5.01.0031, realizada no dia 24 de setembro, contou com a presen\u00e7a de aproximadamente 700 professores\/as, que est\u00e3o constantes na a\u00e7\u00e3o vencida pelo Sinpro-Rio, para pagamentos de verbas indenizat\u00f3rias no processo de 1989. A grande maioria entregou, conforme solicitado pelo sonoro na convoca\u00e7\u00e3o, o documento solicitado [&hellip;]\" \/>\n<meta property=\"og:url\" content=\"https:\/\/www.sinpro-rio.org.br\/principal\/uerj-assembleia-de-docentes-reune-cerca-de-700-beneficiarios-as\/\" \/>\n<meta property=\"og:site_name\" content=\"Sinpro-Rio\" \/>\n<meta property=\"article:published_time\" content=\"2018-09-26T09:13:00+00:00\" \/>\n<meta property=\"article:modified_time\" content=\"2019-05-31T13:13:53+00:00\" \/>\n<meta property=\"og:image\" content=\"https:\/\/www.sinpro-rio.org.br\/principal\/wp-content\/uploads\/2018\/09\/REUNE_UERJ.jpg\" \/>\n\t<meta property=\"og:image:width\" content=\"1280\" \/>\n\t<meta property=\"og:image:height\" content=\"720\" \/>\n\t<meta property=\"og:image:type\" content=\"image\/jpeg\" \/>\n<meta name=\"author\" content=\"alessandra\" \/>\n<meta name=\"twitter:card\" content=\"summary_large_image\" \/>\n<meta name=\"twitter:label1\" content=\"Escrito por\" \/>\n\t<meta name=\"twitter:data1\" content=\"alessandra\" \/>\n\t<meta name=\"twitter:label2\" content=\"Est. tempo de leitura\" \/>\n\t<meta name=\"twitter:data2\" content=\"1 minuto\" \/>\n<script type=\"application\/ld+json\" class=\"yoast-schema-graph\">{\"@context\":\"https:\/\/schema.org\",\"@graph\":[{\"@type\":\"WebPage\",\"@id\":\"https:\/\/www.sinpro-rio.org.br\/principal\/uerj-assembleia-de-docentes-reune-cerca-de-700-beneficiarios-as\/\",\"url\":\"https:\/\/www.sinpro-rio.org.br\/principal\/uerj-assembleia-de-docentes-reune-cerca-de-700-beneficiarios-as\/\",\"name\":\"UERJ: assembleia de docentes re\u00fane cerca de 700 benefici\u00e1rios\/as - Sinpro-Rio\",\"isPartOf\":{\"@id\":\"https:\/\/www.sinpro-rio.org.br\/principal\/#website\"},\"primaryImageOfPage\":{\"@id\":\"https:\/\/www.sinpro-rio.org.br\/principal\/uerj-assembleia-de-docentes-reune-cerca-de-700-beneficiarios-as\/#primaryimage\"},\"image\":{\"@id\":\"https:\/\/www.sinpro-rio.org.br\/principal\/uerj-assembleia-de-docentes-reune-cerca-de-700-beneficiarios-as\/#primaryimage\"},\"thumbnailUrl\":\"https:\/\/www.sinpro-rio.org.br\/principal\/wp-content\/uploads\/2018\/09\/REUNE_UERJ.jpg\",\"datePublished\":\"2018-09-26T09:13:00+00:00\",\"dateModified\":\"2019-05-31T13:13:53+00:00\",\"author\":{\"@id\":\"https:\/\/www.sinpro-rio.org.br\/principal\/#\/schema\/person\/ee17219e64d00d037e511ae59ce2227e\"},\"breadcrumb\":{\"@id\":\"https:\/\/www.sinpro-rio.org.br\/principal\/uerj-assembleia-de-docentes-reune-cerca-de-700-beneficiarios-as\/#breadcrumb\"},\"inLanguage\":\"pt-BR\",\"potentialAction\":[{\"@type\":\"ReadAction\",\"target\":[\"https:\/\/www.sinpro-rio.org.br\/principal\/uerj-assembleia-de-docentes-reune-cerca-de-700-beneficiarios-as\/\"]}]},{\"@type\":\"ImageObject\",\"inLanguage\":\"pt-BR\",\"@id\":\"https:\/\/www.sinpro-rio.org.br\/principal\/uerj-assembleia-de-docentes-reune-cerca-de-700-beneficiarios-as\/#primaryimage\",\"url\":\"https:\/\/www.sinpro-rio.org.br\/principal\/wp-content\/uploads\/2018\/09\/REUNE_UERJ.jpg\",\"contentUrl\":\"https:\/\/www.sinpro-rio.org.br\/principal\/wp-content\/uploads\/2018\/09\/REUNE_UERJ.jpg\",\"width\":1280,\"height\":720},{\"@type\":\"BreadcrumbList\",\"@id\":\"https:\/\/www.sinpro-rio.org.br\/principal\/uerj-assembleia-de-docentes-reune-cerca-de-700-beneficiarios-as\/#breadcrumb\",\"itemListElement\":[{\"@type\":\"ListItem\",\"position\":1,\"name\":\"In\u00edcio\",\"item\":\"https:\/\/www.sinpro-rio.org.br\/principal\/\"},{\"@type\":\"ListItem\",\"position\":2,\"name\":\"UERJ: assembleia de docentes re\u00fane cerca de 700 benefici\u00e1rios\/as\"}]},{\"@type\":\"WebSite\",\"@id\":\"https:\/\/www.sinpro-rio.org.br\/principal\/#website\",\"url\":\"https:\/\/www.sinpro-rio.org.br\/principal\/\",\"name\":\"Sinpro-Rio\",\"description\":\"Sindicato dos Professores do Munic\u00edpio do Rio de Janeiro e Regi\u00e3o\",\"potentialAction\":[{\"@type\":\"SearchAction\",\"target\":{\"@type\":\"EntryPoint\",\"urlTemplate\":\"https:\/\/www.sinpro-rio.org.br\/principal\/?s={search_term_string}\"},\"query-input\":{\"@type\":\"PropertyValueSpecification\",\"valueRequired\":true,\"valueName\":\"search_term_string\"}}],\"inLanguage\":\"pt-BR\"},{\"@type\":\"Person\",\"@id\":\"https:\/\/www.sinpro-rio.org.br\/principal\/#\/schema\/person\/ee17219e64d00d037e511ae59ce2227e\",\"name\":\"alessandra\",\"image\":{\"@type\":\"ImageObject\",\"inLanguage\":\"pt-BR\",\"@id\":\"https:\/\/www.sinpro-rio.org.br\/principal\/#\/schema\/person\/image\/\",\"url\":\"https:\/\/secure.gravatar.com\/avatar\/2b43fa8c0ad8e33b46a4732549f7fb20?s=96&d=mm&r=g\",\"contentUrl\":\"https:\/\/secure.gravatar.com\/avatar\/2b43fa8c0ad8e33b46a4732549f7fb20?s=96&d=mm&r=g\",\"caption\":\"alessandra\"},\"url\":\"https:\/\/www.sinpro-rio.org.br\/principal\/author\/alessandra\/\"}]}<\/script>\n<!-- \/ Yoast SEO plugin. -->","yoast_head_json":{"title":"UERJ: assembleia de docentes re\u00fane cerca de 700 benefici\u00e1rios\/as - Sinpro-Rio","robots":{"index":"index","follow":"follow","max-snippet":"max-snippet:-1","max-image-preview":"max-image-preview:large","max-video-preview":"max-video-preview:-1"},"canonical":"https:\/\/www.sinpro-rio.org.br\/principal\/uerj-assembleia-de-docentes-reune-cerca-de-700-beneficiarios-as\/","og_locale":"pt_BR","og_type":"article","og_title":"UERJ: assembleia de docentes re\u00fane cerca de 700 benefici\u00e1rios\/as - Sinpro-Rio","og_description":"A assembleia de professores\/as da UERJ benefici\u00e1rios\/as do processo n\u00ba 0269500-16.1989.5.01.0031, realizada no dia 24 de setembro, contou com a presen\u00e7a de aproximadamente 700 professores\/as, que est\u00e3o constantes na a\u00e7\u00e3o vencida pelo Sinpro-Rio, para pagamentos de verbas indenizat\u00f3rias no processo de 1989. A grande maioria entregou, conforme solicitado pelo sonoro na convoca\u00e7\u00e3o, o documento solicitado [&hellip;]","og_url":"https:\/\/www.sinpro-rio.org.br\/principal\/uerj-assembleia-de-docentes-reune-cerca-de-700-beneficiarios-as\/","og_site_name":"Sinpro-Rio","article_published_time":"2018-09-26T09:13:00+00:00","article_modified_time":"2019-05-31T13:13:53+00:00","og_image":[{"width":1280,"height":720,"url":"https:\/\/www.sinpro-rio.org.br\/principal\/wp-content\/uploads\/2018\/09\/REUNE_UERJ.jpg","type":"image\/jpeg"}],"author":"alessandra","twitter_card":"summary_large_image","twitter_misc":{"Escrito por":"alessandra","Est. tempo de leitura":"1 minuto"},"schema":{"@context":"https:\/\/schema.org","@graph":[{"@type":"WebPage","@id":"https:\/\/www.sinpro-rio.org.br\/principal\/uerj-assembleia-de-docentes-reune-cerca-de-700-beneficiarios-as\/","url":"https:\/\/www.sinpro-rio.org.br\/principal\/uerj-assembleia-de-docentes-reune-cerca-de-700-beneficiarios-as\/","name":"UERJ: assembleia de docentes re\u00fane cerca de 700 benefici\u00e1rios\/as - Sinpro-Rio","isPartOf":{"@id":"https:\/\/www.sinpro-rio.org.br\/principal\/#website"},"primaryImageOfPage":{"@id":"https:\/\/www.sinpro-rio.org.br\/principal\/uerj-assembleia-de-docentes-reune-cerca-de-700-beneficiarios-as\/#primaryimage"},"image":{"@id":"https:\/\/www.sinpro-rio.org.br\/principal\/uerj-assembleia-de-docentes-reune-cerca-de-700-beneficiarios-as\/#primaryimage"},"thumbnailUrl":"https:\/\/www.sinpro-rio.org.br\/principal\/wp-content\/uploads\/2018\/09\/REUNE_UERJ.jpg","datePublished":"2018-09-26T09:13:00+00:00","dateModified":"2019-05-31T13:13:53+00:00","author":{"@id":"https:\/\/www.sinpro-rio.org.br\/principal\/#\/schema\/person\/ee17219e64d00d037e511ae59ce2227e"},"breadcrumb":{"@id":"https:\/\/www.sinpro-rio.org.br\/principal\/uerj-assembleia-de-docentes-reune-cerca-de-700-beneficiarios-as\/#breadcrumb"},"inLanguage":"pt-BR","potentialAction":[{"@type":"ReadAction","target":["https:\/\/www.sinpro-rio.org.br\/principal\/uerj-assembleia-de-docentes-reune-cerca-de-700-beneficiarios-as\/"]}]},{"@type":"ImageObject","inLanguage":"pt-BR","@id":"https:\/\/www.sinpro-rio.org.br\/principal\/uerj-assembleia-de-docentes-reune-cerca-de-700-beneficiarios-as\/#primaryimage","url":"https:\/\/www.sinpro-rio.org.br\/principal\/wp-content\/uploads\/2018\/09\/REUNE_UERJ.jpg","contentUrl":"https:\/\/www.sinpro-rio.org.br\/principal\/wp-content\/uploads\/2018\/09\/REUNE_UERJ.jpg","width":1280,"height":720},{"@type":"BreadcrumbList","@id":"https:\/\/www.sinpro-rio.org.br\/principal\/uerj-assembleia-de-docentes-reune-cerca-de-700-beneficiarios-as\/#breadcrumb","itemListElement":[{"@type":"ListItem","position":1,"name":"In\u00edcio","item":"https:\/\/www.sinpro-rio.org.br\/principal\/"},{"@type":"ListItem","position":2,"name":"UERJ: assembleia de docentes re\u00fane cerca de 700 benefici\u00e1rios\/as"}]},{"@type":"WebSite","@id":"https:\/\/www.sinpro-rio.org.br\/principal\/#website","url":"https:\/\/www.sinpro-rio.org.br\/principal\/","name":"Sinpro-Rio","description":"Sindicato dos Professores do Munic\u00edpio do Rio de Janeiro e Regi\u00e3o","potentialAction":[{"@type":"SearchAction","target":{"@type":"EntryPoint","urlTemplate":"https:\/\/www.sinpro-rio.org.br\/principal\/?s={search_term_string}"},"query-input":{"@type":"PropertyValueSpecification","valueRequired":true,"valueName":"search_term_string"}}],"inLanguage":"pt-BR"},{"@type":"Person","@id":"https:\/\/www.sinpro-rio.org.br\/principal\/#\/schema\/person\/ee17219e64d00d037e511ae59ce2227e","name":"alessandra","image":{"@type":"ImageObject","inLanguage":"pt-BR","@id":"https:\/\/www.sinpro-rio.org.br\/principal\/#\/schema\/person\/image\/","url":"https:\/\/secure.gravatar.com\/avatar\/2b43fa8c0ad8e33b46a4732549f7fb20?s=96&d=mm&r=g","contentUrl":"https:\/\/secure.gravatar.com\/avatar\/2b43fa8c0ad8e33b46a4732549f7fb20?s=96&d=mm&r=g","caption":"alessandra"},"url":"https:\/\/www.sinpro-rio.org.br\/principal\/author\/alessandra\/"}]}},"_links":{"self":[{"href":"https:\/\/www.sinpro-rio.org.br\/principal\/wp-json\/wp\/v2\/posts\/22222","targetHints":{"allow":["GET"]}}],"collection":[{"href":"https:\/\/www.sinpro-rio.org.br\/principal\/wp-json\/wp\/v2\/posts"}],"about":[{"href":"https:\/\/www.sinpro-rio.org.br\/principal\/wp-json\/wp\/v2\/types\/post"}],"author":[{"embeddable":true,"href":"https:\/\/www.sinpro-rio.org.br\/principal\/wp-json\/wp\/v2\/users\/2"}],"replies":[{"embeddable":true,"href":"https:\/\/www.sinpro-rio.org.br\/principal\/wp-json\/wp\/v2\/comments?post=22222"}],"version-history":[{"count":5,"href":"https:\/\/www.sinpro-rio.org.br\/principal\/wp-json\/wp\/v2\/posts\/22222\/revisions"}],"predecessor-version":[{"id":25326,"href":"https:\/\/www.sinpro-rio.org.br\/principal\/wp-json\/wp\/v2\/posts\/22222\/revisions\/25326"}],"wp:featuredmedia":[{"embeddable":true,"href":"https:\/\/www.sinpro-rio.org.br\/principal\/wp-json\/wp\/v2\/media\/22853"}],"wp:attachment":[{"href":"https:\/\/www.sinpro-rio.org.br\/principal\/wp-json\/wp\/v2\/media?parent=22222"}],"wp:term":[{"taxonomy":"category","embeddable":true,"href":"https:\/\/www.sinpro-rio.org.br\/principal\/wp-json\/wp\/v2\/categories?post=22222"},{"taxonomy":"post_tag","embeddable":true,"href":"https:\/\/www.sinpro-rio.org.br\/principal\/wp-json\/wp\/v2\/tags?post=22222"}],"curies":[{"name":"wp","href":"https:\/\/api.w.org\/{rel}","templated":true}]}}