{"id":22183,"date":"2018-09-12T11:23:59","date_gmt":"2018-09-12T14:23:59","guid":{"rendered":""},"modified":"2019-06-05T12:42:24","modified_gmt":"2019-06-05T15:42:24","slug":"estabilidade-pre-aposentadoria","status":"publish","type":"post","link":"https:\/\/www.sinpro-rio.org.br\/principal\/estabilidade-pre-aposentadoria\/","title":{"rendered":"Estabilidade Pr\u00e9-aposentadoria"},"content":{"rendered":"<p>Garante o emprego do professor quando est\u00e1 prestes a se aposentar, impossibilitando sua dispensa e redu\u00e7\u00e3o salarial nos 24 meses que antecedem o direito ao beneficio da aposentadoria. Qualquer trabalhador sabe o quanto \u00e9 dif\u00edcil conseguir um emprego, faltando pouco tempo para requerer a aposentadoria, bem como o quanto custa n\u00e3o ter um, dois ou tr\u00eas anos para se aposentar. Quase todos os professores se beneficiam desta estabilidade nos acordos. Mas \u00e9 importante lembrar que para gozar deste benef\u00edcio, o professor dever\u00e1 informar ao estabelecimento de ensino, atrav\u00e9s de carta, que est\u00e1 dentro do per\u00edodo legal e apto ao referido benef\u00edcio.<\/p>\n","protected":false},"excerpt":{"rendered":"<p>Garante o emprego do professor quando est\u00e1 prestes a se aposentar, impossibilitando sua dispensa e redu\u00e7\u00e3o salarial nos 24 meses que antecedem o direito ao beneficio da aposentadoria. Qualquer trabalhador sabe o quanto \u00e9 dif\u00edcil conseguir um emprego, faltando pouco tempo para requerer a aposentadoria, bem como o quanto custa n\u00e3o ter um, dois ou [&hellip;]<\/p>\n","protected":false},"author":1,"featured_media":25411,"comment_status":"closed","ping_status":"open","sticky":false,"template":"","format":"standard","meta":{"footnotes":""},"categories":[26],"tags":[],"class_list":["post-22183","post","type-post","status-publish","format-standard","has-post-thumbnail","hentry","category-direito-do-professor"],"yoast_head":"<!-- This site is optimized with the Yoast SEO plugin v25.7 - https:\/\/yoast.com\/wordpress\/plugins\/seo\/ -->\n<title>Estabilidade Pr\u00e9-aposentadoria - Sinpro-Rio<\/title>\n<meta name=\"robots\" content=\"index, follow, max-snippet:-1, max-image-preview:large, max-video-preview:-1\" \/>\n<link rel=\"canonical\" href=\"https:\/\/www.sinpro-rio.org.br\/principal\/estabilidade-pre-aposentadoria\/\" \/>\n<meta property=\"og:locale\" content=\"pt_BR\" \/>\n<meta property=\"og:type\" content=\"article\" \/>\n<meta property=\"og:title\" content=\"Estabilidade Pr\u00e9-aposentadoria - Sinpro-Rio\" \/>\n<meta property=\"og:description\" content=\"Garante o emprego do professor quando est\u00e1 prestes a se aposentar, impossibilitando sua dispensa e redu\u00e7\u00e3o salarial nos 24 meses que antecedem o direito ao beneficio da aposentadoria. Qualquer trabalhador sabe o quanto \u00e9 dif\u00edcil conseguir um emprego, faltando pouco tempo para requerer a aposentadoria, bem como o quanto custa n\u00e3o ter um, dois ou [&hellip;]\" \/>\n<meta property=\"og:url\" content=\"https:\/\/www.sinpro-rio.org.br\/principal\/estabilidade-pre-aposentadoria\/\" \/>\n<meta property=\"og:site_name\" content=\"Sinpro-Rio\" \/>\n<meta property=\"article:published_time\" content=\"2018-09-12T14:23:59+00:00\" \/>\n<meta property=\"article:modified_time\" content=\"2019-06-05T15:42:24+00:00\" \/>\n<meta property=\"og:image\" content=\"https:\/\/www.sinpro-rio.org.br\/principal\/wp-content\/uploads\/2018\/09\/aposentadoria.jpg\" \/>\n\t<meta property=\"og:image:width\" content=\"448\" \/>\n\t<meta property=\"og:image:height\" content=\"299\" \/>\n\t<meta property=\"og:image:type\" content=\"image\/jpeg\" \/>\n<meta name=\"author\" content=\"rafaelrjp\" \/>\n<meta name=\"twitter:card\" content=\"summary_large_image\" \/>\n<meta name=\"twitter:label1\" content=\"Escrito por\" \/>\n\t<meta name=\"twitter:data1\" content=\"rafaelrjp\" \/>\n\t<meta name=\"twitter:label2\" content=\"Est. tempo de leitura\" \/>\n\t<meta name=\"twitter:data2\" content=\"1 minuto\" \/>\n<script type=\"application\/ld+json\" class=\"yoast-schema-graph\">{\"@context\":\"https:\/\/schema.org\",\"@graph\":[{\"@type\":\"WebPage\",\"@id\":\"https:\/\/www.sinpro-rio.org.br\/principal\/estabilidade-pre-aposentadoria\/\",\"url\":\"https:\/\/www.sinpro-rio.org.br\/principal\/estabilidade-pre-aposentadoria\/\",\"name\":\"Estabilidade Pr\u00e9-aposentadoria - Sinpro-Rio\",\"isPartOf\":{\"@id\":\"https:\/\/www.sinpro-rio.org.br\/principal\/#website\"},\"primaryImageOfPage\":{\"@id\":\"https:\/\/www.sinpro-rio.org.br\/principal\/estabilidade-pre-aposentadoria\/#primaryimage\"},\"image\":{\"@id\":\"https:\/\/www.sinpro-rio.org.br\/principal\/estabilidade-pre-aposentadoria\/#primaryimage\"},\"thumbnailUrl\":\"https:\/\/www.sinpro-rio.org.br\/principal\/wp-content\/uploads\/2018\/09\/aposentadoria.jpg\",\"datePublished\":\"2018-09-12T14:23:59+00:00\",\"dateModified\":\"2019-06-05T15:42:24+00:00\",\"author\":{\"@id\":\"https:\/\/www.sinpro-rio.org.br\/principal\/#\/schema\/person\/49feb585a2f57a31a6bd9f16f78e5be6\"},\"breadcrumb\":{\"@id\":\"https:\/\/www.sinpro-rio.org.br\/principal\/estabilidade-pre-aposentadoria\/#breadcrumb\"},\"inLanguage\":\"pt-BR\",\"potentialAction\":[{\"@type\":\"ReadAction\",\"target\":[\"https:\/\/www.sinpro-rio.org.br\/principal\/estabilidade-pre-aposentadoria\/\"]}]},{\"@type\":\"ImageObject\",\"inLanguage\":\"pt-BR\",\"@id\":\"https:\/\/www.sinpro-rio.org.br\/principal\/estabilidade-pre-aposentadoria\/#primaryimage\",\"url\":\"https:\/\/www.sinpro-rio.org.br\/principal\/wp-content\/uploads\/2018\/09\/aposentadoria.jpg\",\"contentUrl\":\"https:\/\/www.sinpro-rio.org.br\/principal\/wp-content\/uploads\/2018\/09\/aposentadoria.jpg\",\"width\":448,\"height\":299},{\"@type\":\"BreadcrumbList\",\"@id\":\"https:\/\/www.sinpro-rio.org.br\/principal\/estabilidade-pre-aposentadoria\/#breadcrumb\",\"itemListElement\":[{\"@type\":\"ListItem\",\"position\":1,\"name\":\"In\u00edcio\",\"item\":\"https:\/\/www.sinpro-rio.org.br\/principal\/\"},{\"@type\":\"ListItem\",\"position\":2,\"name\":\"Estabilidade Pr\u00e9-aposentadoria\"}]},{\"@type\":\"WebSite\",\"@id\":\"https:\/\/www.sinpro-rio.org.br\/principal\/#website\",\"url\":\"https:\/\/www.sinpro-rio.org.br\/principal\/\",\"name\":\"Sinpro-Rio\",\"description\":\"Sindicato dos Professores do Munic\u00edpio do Rio de Janeiro e Regi\u00e3o\",\"potentialAction\":[{\"@type\":\"SearchAction\",\"target\":{\"@type\":\"EntryPoint\",\"urlTemplate\":\"https:\/\/www.sinpro-rio.org.br\/principal\/?s={search_term_string}\"},\"query-input\":{\"@type\":\"PropertyValueSpecification\",\"valueRequired\":true,\"valueName\":\"search_term_string\"}}],\"inLanguage\":\"pt-BR\"},{\"@type\":\"Person\",\"@id\":\"https:\/\/www.sinpro-rio.org.br\/principal\/#\/schema\/person\/49feb585a2f57a31a6bd9f16f78e5be6\",\"name\":\"rafaelrjp\",\"image\":{\"@type\":\"ImageObject\",\"inLanguage\":\"pt-BR\",\"@id\":\"https:\/\/www.sinpro-rio.org.br\/principal\/#\/schema\/person\/image\/\",\"url\":\"https:\/\/secure.gravatar.com\/avatar\/489371a0ba4655c340b519882c68cf68?s=96&d=mm&r=g\",\"contentUrl\":\"https:\/\/secure.gravatar.com\/avatar\/489371a0ba4655c340b519882c68cf68?s=96&d=mm&r=g\",\"caption\":\"rafaelrjp\"},\"url\":\"https:\/\/www.sinpro-rio.org.br\/principal\/author\/rafaelrjp\/\"}]}<\/script>\n<!-- \/ Yoast SEO plugin. -->","yoast_head_json":{"title":"Estabilidade Pr\u00e9-aposentadoria - Sinpro-Rio","robots":{"index":"index","follow":"follow","max-snippet":"max-snippet:-1","max-image-preview":"max-image-preview:large","max-video-preview":"max-video-preview:-1"},"canonical":"https:\/\/www.sinpro-rio.org.br\/principal\/estabilidade-pre-aposentadoria\/","og_locale":"pt_BR","og_type":"article","og_title":"Estabilidade Pr\u00e9-aposentadoria - Sinpro-Rio","og_description":"Garante o emprego do professor quando est\u00e1 prestes a se aposentar, impossibilitando sua dispensa e redu\u00e7\u00e3o salarial nos 24 meses que antecedem o direito ao beneficio da aposentadoria. Qualquer trabalhador sabe o quanto \u00e9 dif\u00edcil conseguir um emprego, faltando pouco tempo para requerer a aposentadoria, bem como o quanto custa n\u00e3o ter um, dois ou [&hellip;]","og_url":"https:\/\/www.sinpro-rio.org.br\/principal\/estabilidade-pre-aposentadoria\/","og_site_name":"Sinpro-Rio","article_published_time":"2018-09-12T14:23:59+00:00","article_modified_time":"2019-06-05T15:42:24+00:00","og_image":[{"width":448,"height":299,"url":"https:\/\/www.sinpro-rio.org.br\/principal\/wp-content\/uploads\/2018\/09\/aposentadoria.jpg","type":"image\/jpeg"}],"author":"rafaelrjp","twitter_card":"summary_large_image","twitter_misc":{"Escrito por":"rafaelrjp","Est. tempo de leitura":"1 minuto"},"schema":{"@context":"https:\/\/schema.org","@graph":[{"@type":"WebPage","@id":"https:\/\/www.sinpro-rio.org.br\/principal\/estabilidade-pre-aposentadoria\/","url":"https:\/\/www.sinpro-rio.org.br\/principal\/estabilidade-pre-aposentadoria\/","name":"Estabilidade Pr\u00e9-aposentadoria - Sinpro-Rio","isPartOf":{"@id":"https:\/\/www.sinpro-rio.org.br\/principal\/#website"},"primaryImageOfPage":{"@id":"https:\/\/www.sinpro-rio.org.br\/principal\/estabilidade-pre-aposentadoria\/#primaryimage"},"image":{"@id":"https:\/\/www.sinpro-rio.org.br\/principal\/estabilidade-pre-aposentadoria\/#primaryimage"},"thumbnailUrl":"https:\/\/www.sinpro-rio.org.br\/principal\/wp-content\/uploads\/2018\/09\/aposentadoria.jpg","datePublished":"2018-09-12T14:23:59+00:00","dateModified":"2019-06-05T15:42:24+00:00","author":{"@id":"https:\/\/www.sinpro-rio.org.br\/principal\/#\/schema\/person\/49feb585a2f57a31a6bd9f16f78e5be6"},"breadcrumb":{"@id":"https:\/\/www.sinpro-rio.org.br\/principal\/estabilidade-pre-aposentadoria\/#breadcrumb"},"inLanguage":"pt-BR","potentialAction":[{"@type":"ReadAction","target":["https:\/\/www.sinpro-rio.org.br\/principal\/estabilidade-pre-aposentadoria\/"]}]},{"@type":"ImageObject","inLanguage":"pt-BR","@id":"https:\/\/www.sinpro-rio.org.br\/principal\/estabilidade-pre-aposentadoria\/#primaryimage","url":"https:\/\/www.sinpro-rio.org.br\/principal\/wp-content\/uploads\/2018\/09\/aposentadoria.jpg","contentUrl":"https:\/\/www.sinpro-rio.org.br\/principal\/wp-content\/uploads\/2018\/09\/aposentadoria.jpg","width":448,"height":299},{"@type":"BreadcrumbList","@id":"https:\/\/www.sinpro-rio.org.br\/principal\/estabilidade-pre-aposentadoria\/#breadcrumb","itemListElement":[{"@type":"ListItem","position":1,"name":"In\u00edcio","item":"https:\/\/www.sinpro-rio.org.br\/principal\/"},{"@type":"ListItem","position":2,"name":"Estabilidade Pr\u00e9-aposentadoria"}]},{"@type":"WebSite","@id":"https:\/\/www.sinpro-rio.org.br\/principal\/#website","url":"https:\/\/www.sinpro-rio.org.br\/principal\/","name":"Sinpro-Rio","description":"Sindicato dos Professores do Munic\u00edpio do Rio de Janeiro e Regi\u00e3o","potentialAction":[{"@type":"SearchAction","target":{"@type":"EntryPoint","urlTemplate":"https:\/\/www.sinpro-rio.org.br\/principal\/?s={search_term_string}"},"query-input":{"@type":"PropertyValueSpecification","valueRequired":true,"valueName":"search_term_string"}}],"inLanguage":"pt-BR"},{"@type":"Person","@id":"https:\/\/www.sinpro-rio.org.br\/principal\/#\/schema\/person\/49feb585a2f57a31a6bd9f16f78e5be6","name":"rafaelrjp","image":{"@type":"ImageObject","inLanguage":"pt-BR","@id":"https:\/\/www.sinpro-rio.org.br\/principal\/#\/schema\/person\/image\/","url":"https:\/\/secure.gravatar.com\/avatar\/489371a0ba4655c340b519882c68cf68?s=96&d=mm&r=g","contentUrl":"https:\/\/secure.gravatar.com\/avatar\/489371a0ba4655c340b519882c68cf68?s=96&d=mm&r=g","caption":"rafaelrjp"},"url":"https:\/\/www.sinpro-rio.org.br\/principal\/author\/rafaelrjp\/"}]}},"_links":{"self":[{"href":"https:\/\/www.sinpro-rio.org.br\/principal\/wp-json\/wp\/v2\/posts\/22183","targetHints":{"allow":["GET"]}}],"collection":[{"href":"https:\/\/www.sinpro-rio.org.br\/principal\/wp-json\/wp\/v2\/posts"}],"about":[{"href":"https:\/\/www.sinpro-rio.org.br\/principal\/wp-json\/wp\/v2\/types\/post"}],"author":[{"embeddable":true,"href":"https:\/\/www.sinpro-rio.org.br\/principal\/wp-json\/wp\/v2\/users\/1"}],"replies":[{"embeddable":true,"href":"https:\/\/www.sinpro-rio.org.br\/principal\/wp-json\/wp\/v2\/comments?post=22183"}],"version-history":[{"count":3,"href":"https:\/\/www.sinpro-rio.org.br\/principal\/wp-json\/wp\/v2\/posts\/22183\/revisions"}],"predecessor-version":[{"id":32365,"href":"https:\/\/www.sinpro-rio.org.br\/principal\/wp-json\/wp\/v2\/posts\/22183\/revisions\/32365"}],"wp:featuredmedia":[{"embeddable":true,"href":"https:\/\/www.sinpro-rio.org.br\/principal\/wp-json\/wp\/v2\/media\/25411"}],"wp:attachment":[{"href":"https:\/\/www.sinpro-rio.org.br\/principal\/wp-json\/wp\/v2\/media?parent=22183"}],"wp:term":[{"taxonomy":"category","embeddable":true,"href":"https:\/\/www.sinpro-rio.org.br\/principal\/wp-json\/wp\/v2\/categories?post=22183"},{"taxonomy":"post_tag","embeddable":true,"href":"https:\/\/www.sinpro-rio.org.br\/principal\/wp-json\/wp\/v2\/tags?post=22183"}],"curies":[{"name":"wp","href":"https:\/\/api.w.org\/{rel}","templated":true}]}}