{"id":22176,"date":"2018-09-12T11:22:26","date_gmt":"2018-09-12T14:22:26","guid":{"rendered":""},"modified":"2019-10-11T11:18:56","modified_gmt":"2019-10-11T14:18:56","slug":"salario","status":"publish","type":"post","link":"https:\/\/www.sinpro-rio.org.br\/principal\/salario\/","title":{"rendered":"Sal\u00e1rio"},"content":{"rendered":"\n<p>\u2022 Sal\u00e1rio\/base &#8211; forma de remunera\u00e7\u00e3o A forma de pagamento do sal\u00e1rio \u00e9 mensal, tomando por base o n\u00famero de aulas semanais, multiplicando-se por quatro semanas e meia mais, multiplicada pelo valor da hora-aula e acrescido do repouso remunerado \u2013 Art. 320 da CLT.&nbsp;<\/p>\n\n\n\n<p>\u2022 Dia do pagamento do sal\u00e1rio No m\u00e1ximo at\u00e9 o quinto dia \u00fatil do m\u00eas. O s\u00e1bado \u00e9 considerado, para esta contagem, como dia \u00fatil. Se o estabelecimento paga por meio de cheque ou dep\u00f3sito banc\u00e1rio, caindo o quinto dia num s\u00e1bado, o pagamento ter\u00e1 que ser antecipado para sexta-feira \u2013 Art. 459 da CLT.&nbsp;<\/p>\n\n\n\n<p>\u2022 Recibo de pagamento O empregador \u00e9 obrigado a fornecer mensalmente o comprovante de pagamento, devendo discriminar cada parcela recebida, descontos procedidos e o que foi recolhido para o FGTS. \u00c9 obrigat\u00f3rio constar tamb\u00e9m a identifica\u00e7\u00e3o da escola e a do professor \u2013 Art. 464 da CLT.&nbsp;<\/p>\n\n\n\n<p>\u2022 Sal\u00e1rio fam\u00edlia \u00c9 um benef\u00edcio pago pela previd\u00eancia para o trabalhador que tenha filhos at\u00e9 14 anos, incluindo filhos adotivos, que receba at\u00e9 um determinado sal\u00e1rio.&nbsp;<\/p>\n\n\n\n<p>O valor do benef\u00edcio \u00e9 calculado por cada filho. Para receber o benef\u00edcio deve ser entregue ao empregador (atestando o recebimento) c\u00f3pia da certid\u00e3o de nascimento, devendo ser apresentada anualmente a carteira de vacina\u00e7\u00e3o.&nbsp;<\/p>\n\n\n\n<p>\u2022 D\u00e9cimo-terceiro sal\u00e1rio \u00c9 obrigat\u00f3rio o pagamento de metade do d\u00e9cimo-terceiro at\u00e9 30 de novembro.&nbsp;<\/p>\n\n\n\n<p>O valor da primeira parcela corresponde a 50% do sal\u00e1rio do m\u00eas anterior, sem qualquer tipo de desconto.&nbsp;<\/p>\n\n\n\n<p>O valor da segunda, que deve ser paga at\u00e9 20\/12, corresponde ao sal\u00e1rio de dezembro subtra\u00eddo do valor pago na primeira parcela, descontados o INSS e o IR sobre o valor total do d\u00e9cimo-terceiro.&nbsp;<\/p>\n\n\n\n<p>Se o professor estiver trabalhando no estabelecimento h\u00e1 menos de 12 meses, ter\u00e1 o 13\u00ba proporcional.&nbsp;<\/p>\n\n\n\n<p>Seguro desemprego O professor tem direito a receber este seguro se for demitido sem justa causa, desde que conte com seis meses de servi\u00e7o, n\u00e3o esteja trabalhando em outro lugar e n\u00e3o tenha gozado este benef\u00edcio nos \u00faltimos 36 meses.&nbsp;<\/p>\n\n\n\n<p>O benef\u00edcio \u00e9 recebido pelo professor, no m\u00ednimo em tr\u00eas parcelas e no m\u00e1ximo em cinco parcelas, dependendo do tempo de servi\u00e7o.&nbsp;<\/p>\n\n\n\n<p>O pagamento \u00e9 feito pelo Minist\u00e9rio do Trabalho atrav\u00e9s da CEF. O valor de cada parcela varia entre um e dois sal\u00e1rios m\u00ednimos.<\/p>\n","protected":false},"excerpt":{"rendered":"<p>\u2022 Sal\u00e1rio\/base &#8211; forma de remunera\u00e7\u00e3o A forma de pagamento do sal\u00e1rio \u00e9 mensal, tomando por base o n\u00famero de aulas semanais, multiplicando-se por quatro semanas e meia mais, multiplicada pelo valor da hora-aula e acrescido do repouso remunerado \u2013 Art. 320 da CLT.&nbsp; \u2022 Dia do pagamento do sal\u00e1rio No m\u00e1ximo at\u00e9 o quinto [&hellip;]<\/p>\n","protected":false},"author":1,"featured_media":25428,"comment_status":"closed","ping_status":"open","sticky":false,"template":"","format":"standard","meta":{"footnotes":""},"categories":[26],"tags":[],"class_list":["post-22176","post","type-post","status-publish","format-standard","has-post-thumbnail","hentry","category-direito-do-professor"],"yoast_head":"<!-- This site is optimized with the Yoast SEO plugin v25.7 - https:\/\/yoast.com\/wordpress\/plugins\/seo\/ -->\n<title>Sal\u00e1rio - Sinpro-Rio<\/title>\n<meta name=\"robots\" content=\"index, follow, max-snippet:-1, max-image-preview:large, max-video-preview:-1\" \/>\n<link rel=\"canonical\" href=\"https:\/\/www.sinpro-rio.org.br\/principal\/salario\/\" \/>\n<meta property=\"og:locale\" content=\"pt_BR\" \/>\n<meta property=\"og:type\" content=\"article\" \/>\n<meta property=\"og:title\" content=\"Sal\u00e1rio - Sinpro-Rio\" \/>\n<meta property=\"og:description\" content=\"\u2022 Sal\u00e1rio\/base &#8211; forma de remunera\u00e7\u00e3o A forma de pagamento do sal\u00e1rio \u00e9 mensal, tomando por base o n\u00famero de aulas semanais, multiplicando-se por quatro semanas e meia mais, multiplicada pelo valor da hora-aula e acrescido do repouso remunerado \u2013 Art. 320 da CLT.&nbsp; \u2022 Dia do pagamento do sal\u00e1rio No m\u00e1ximo at\u00e9 o quinto [&hellip;]\" \/>\n<meta property=\"og:url\" content=\"https:\/\/www.sinpro-rio.org.br\/principal\/salario\/\" \/>\n<meta property=\"og:site_name\" content=\"Sinpro-Rio\" \/>\n<meta property=\"article:published_time\" content=\"2018-09-12T14:22:26+00:00\" \/>\n<meta property=\"article:modified_time\" content=\"2019-10-11T14:18:56+00:00\" \/>\n<meta property=\"og:image\" content=\"https:\/\/www.sinpro-rio.org.br\/principal\/wp-content\/uploads\/2018\/09\/0_conf-1.png\" \/>\n\t<meta property=\"og:image:width\" content=\"649\" \/>\n\t<meta property=\"og:image:height\" content=\"400\" \/>\n\t<meta property=\"og:image:type\" content=\"image\/png\" \/>\n<meta name=\"author\" content=\"rafaelrjp\" \/>\n<meta name=\"twitter:card\" content=\"summary_large_image\" \/>\n<meta name=\"twitter:label1\" content=\"Escrito por\" \/>\n\t<meta name=\"twitter:data1\" content=\"rafaelrjp\" \/>\n\t<meta name=\"twitter:label2\" content=\"Est. tempo de leitura\" \/>\n\t<meta name=\"twitter:data2\" content=\"2 minutos\" \/>\n<script type=\"application\/ld+json\" class=\"yoast-schema-graph\">{\"@context\":\"https:\/\/schema.org\",\"@graph\":[{\"@type\":\"WebPage\",\"@id\":\"https:\/\/www.sinpro-rio.org.br\/principal\/salario\/\",\"url\":\"https:\/\/www.sinpro-rio.org.br\/principal\/salario\/\",\"name\":\"Sal\u00e1rio - Sinpro-Rio\",\"isPartOf\":{\"@id\":\"https:\/\/www.sinpro-rio.org.br\/principal\/#website\"},\"primaryImageOfPage\":{\"@id\":\"https:\/\/www.sinpro-rio.org.br\/principal\/salario\/#primaryimage\"},\"image\":{\"@id\":\"https:\/\/www.sinpro-rio.org.br\/principal\/salario\/#primaryimage\"},\"thumbnailUrl\":\"https:\/\/www.sinpro-rio.org.br\/principal\/wp-content\/uploads\/2018\/09\/0_conf-1.png\",\"datePublished\":\"2018-09-12T14:22:26+00:00\",\"dateModified\":\"2019-10-11T14:18:56+00:00\",\"author\":{\"@id\":\"https:\/\/www.sinpro-rio.org.br\/principal\/#\/schema\/person\/49feb585a2f57a31a6bd9f16f78e5be6\"},\"breadcrumb\":{\"@id\":\"https:\/\/www.sinpro-rio.org.br\/principal\/salario\/#breadcrumb\"},\"inLanguage\":\"pt-BR\",\"potentialAction\":[{\"@type\":\"ReadAction\",\"target\":[\"https:\/\/www.sinpro-rio.org.br\/principal\/salario\/\"]}]},{\"@type\":\"ImageObject\",\"inLanguage\":\"pt-BR\",\"@id\":\"https:\/\/www.sinpro-rio.org.br\/principal\/salario\/#primaryimage\",\"url\":\"https:\/\/www.sinpro-rio.org.br\/principal\/wp-content\/uploads\/2018\/09\/0_conf-1.png\",\"contentUrl\":\"https:\/\/www.sinpro-rio.org.br\/principal\/wp-content\/uploads\/2018\/09\/0_conf-1.png\",\"width\":649,\"height\":400},{\"@type\":\"BreadcrumbList\",\"@id\":\"https:\/\/www.sinpro-rio.org.br\/principal\/salario\/#breadcrumb\",\"itemListElement\":[{\"@type\":\"ListItem\",\"position\":1,\"name\":\"In\u00edcio\",\"item\":\"https:\/\/www.sinpro-rio.org.br\/principal\/\"},{\"@type\":\"ListItem\",\"position\":2,\"name\":\"Sal\u00e1rio\"}]},{\"@type\":\"WebSite\",\"@id\":\"https:\/\/www.sinpro-rio.org.br\/principal\/#website\",\"url\":\"https:\/\/www.sinpro-rio.org.br\/principal\/\",\"name\":\"Sinpro-Rio\",\"description\":\"Sindicato dos Professores do Munic\u00edpio do Rio de Janeiro e Regi\u00e3o\",\"potentialAction\":[{\"@type\":\"SearchAction\",\"target\":{\"@type\":\"EntryPoint\",\"urlTemplate\":\"https:\/\/www.sinpro-rio.org.br\/principal\/?s={search_term_string}\"},\"query-input\":{\"@type\":\"PropertyValueSpecification\",\"valueRequired\":true,\"valueName\":\"search_term_string\"}}],\"inLanguage\":\"pt-BR\"},{\"@type\":\"Person\",\"@id\":\"https:\/\/www.sinpro-rio.org.br\/principal\/#\/schema\/person\/49feb585a2f57a31a6bd9f16f78e5be6\",\"name\":\"rafaelrjp\",\"image\":{\"@type\":\"ImageObject\",\"inLanguage\":\"pt-BR\",\"@id\":\"https:\/\/www.sinpro-rio.org.br\/principal\/#\/schema\/person\/image\/\",\"url\":\"https:\/\/secure.gravatar.com\/avatar\/489371a0ba4655c340b519882c68cf68?s=96&d=mm&r=g\",\"contentUrl\":\"https:\/\/secure.gravatar.com\/avatar\/489371a0ba4655c340b519882c68cf68?s=96&d=mm&r=g\",\"caption\":\"rafaelrjp\"},\"url\":\"https:\/\/www.sinpro-rio.org.br\/principal\/author\/rafaelrjp\/\"}]}<\/script>\n<!-- \/ Yoast SEO plugin. -->","yoast_head_json":{"title":"Sal\u00e1rio - Sinpro-Rio","robots":{"index":"index","follow":"follow","max-snippet":"max-snippet:-1","max-image-preview":"max-image-preview:large","max-video-preview":"max-video-preview:-1"},"canonical":"https:\/\/www.sinpro-rio.org.br\/principal\/salario\/","og_locale":"pt_BR","og_type":"article","og_title":"Sal\u00e1rio - Sinpro-Rio","og_description":"\u2022 Sal\u00e1rio\/base &#8211; forma de remunera\u00e7\u00e3o A forma de pagamento do sal\u00e1rio \u00e9 mensal, tomando por base o n\u00famero de aulas semanais, multiplicando-se por quatro semanas e meia mais, multiplicada pelo valor da hora-aula e acrescido do repouso remunerado \u2013 Art. 320 da CLT.&nbsp; \u2022 Dia do pagamento do sal\u00e1rio No m\u00e1ximo at\u00e9 o quinto [&hellip;]","og_url":"https:\/\/www.sinpro-rio.org.br\/principal\/salario\/","og_site_name":"Sinpro-Rio","article_published_time":"2018-09-12T14:22:26+00:00","article_modified_time":"2019-10-11T14:18:56+00:00","og_image":[{"width":649,"height":400,"url":"https:\/\/www.sinpro-rio.org.br\/principal\/wp-content\/uploads\/2018\/09\/0_conf-1.png","type":"image\/png"}],"author":"rafaelrjp","twitter_card":"summary_large_image","twitter_misc":{"Escrito por":"rafaelrjp","Est. tempo de leitura":"2 minutos"},"schema":{"@context":"https:\/\/schema.org","@graph":[{"@type":"WebPage","@id":"https:\/\/www.sinpro-rio.org.br\/principal\/salario\/","url":"https:\/\/www.sinpro-rio.org.br\/principal\/salario\/","name":"Sal\u00e1rio - Sinpro-Rio","isPartOf":{"@id":"https:\/\/www.sinpro-rio.org.br\/principal\/#website"},"primaryImageOfPage":{"@id":"https:\/\/www.sinpro-rio.org.br\/principal\/salario\/#primaryimage"},"image":{"@id":"https:\/\/www.sinpro-rio.org.br\/principal\/salario\/#primaryimage"},"thumbnailUrl":"https:\/\/www.sinpro-rio.org.br\/principal\/wp-content\/uploads\/2018\/09\/0_conf-1.png","datePublished":"2018-09-12T14:22:26+00:00","dateModified":"2019-10-11T14:18:56+00:00","author":{"@id":"https:\/\/www.sinpro-rio.org.br\/principal\/#\/schema\/person\/49feb585a2f57a31a6bd9f16f78e5be6"},"breadcrumb":{"@id":"https:\/\/www.sinpro-rio.org.br\/principal\/salario\/#breadcrumb"},"inLanguage":"pt-BR","potentialAction":[{"@type":"ReadAction","target":["https:\/\/www.sinpro-rio.org.br\/principal\/salario\/"]}]},{"@type":"ImageObject","inLanguage":"pt-BR","@id":"https:\/\/www.sinpro-rio.org.br\/principal\/salario\/#primaryimage","url":"https:\/\/www.sinpro-rio.org.br\/principal\/wp-content\/uploads\/2018\/09\/0_conf-1.png","contentUrl":"https:\/\/www.sinpro-rio.org.br\/principal\/wp-content\/uploads\/2018\/09\/0_conf-1.png","width":649,"height":400},{"@type":"BreadcrumbList","@id":"https:\/\/www.sinpro-rio.org.br\/principal\/salario\/#breadcrumb","itemListElement":[{"@type":"ListItem","position":1,"name":"In\u00edcio","item":"https:\/\/www.sinpro-rio.org.br\/principal\/"},{"@type":"ListItem","position":2,"name":"Sal\u00e1rio"}]},{"@type":"WebSite","@id":"https:\/\/www.sinpro-rio.org.br\/principal\/#website","url":"https:\/\/www.sinpro-rio.org.br\/principal\/","name":"Sinpro-Rio","description":"Sindicato dos Professores do Munic\u00edpio do Rio de Janeiro e Regi\u00e3o","potentialAction":[{"@type":"SearchAction","target":{"@type":"EntryPoint","urlTemplate":"https:\/\/www.sinpro-rio.org.br\/principal\/?s={search_term_string}"},"query-input":{"@type":"PropertyValueSpecification","valueRequired":true,"valueName":"search_term_string"}}],"inLanguage":"pt-BR"},{"@type":"Person","@id":"https:\/\/www.sinpro-rio.org.br\/principal\/#\/schema\/person\/49feb585a2f57a31a6bd9f16f78e5be6","name":"rafaelrjp","image":{"@type":"ImageObject","inLanguage":"pt-BR","@id":"https:\/\/www.sinpro-rio.org.br\/principal\/#\/schema\/person\/image\/","url":"https:\/\/secure.gravatar.com\/avatar\/489371a0ba4655c340b519882c68cf68?s=96&d=mm&r=g","contentUrl":"https:\/\/secure.gravatar.com\/avatar\/489371a0ba4655c340b519882c68cf68?s=96&d=mm&r=g","caption":"rafaelrjp"},"url":"https:\/\/www.sinpro-rio.org.br\/principal\/author\/rafaelrjp\/"}]}},"_links":{"self":[{"href":"https:\/\/www.sinpro-rio.org.br\/principal\/wp-json\/wp\/v2\/posts\/22176","targetHints":{"allow":["GET"]}}],"collection":[{"href":"https:\/\/www.sinpro-rio.org.br\/principal\/wp-json\/wp\/v2\/posts"}],"about":[{"href":"https:\/\/www.sinpro-rio.org.br\/principal\/wp-json\/wp\/v2\/types\/post"}],"author":[{"embeddable":true,"href":"https:\/\/www.sinpro-rio.org.br\/principal\/wp-json\/wp\/v2\/users\/1"}],"replies":[{"embeddable":true,"href":"https:\/\/www.sinpro-rio.org.br\/principal\/wp-json\/wp\/v2\/comments?post=22176"}],"version-history":[{"count":3,"href":"https:\/\/www.sinpro-rio.org.br\/principal\/wp-json\/wp\/v2\/posts\/22176\/revisions"}],"predecessor-version":[{"id":26803,"href":"https:\/\/www.sinpro-rio.org.br\/principal\/wp-json\/wp\/v2\/posts\/22176\/revisions\/26803"}],"wp:featuredmedia":[{"embeddable":true,"href":"https:\/\/www.sinpro-rio.org.br\/principal\/wp-json\/wp\/v2\/media\/25428"}],"wp:attachment":[{"href":"https:\/\/www.sinpro-rio.org.br\/principal\/wp-json\/wp\/v2\/media?parent=22176"}],"wp:term":[{"taxonomy":"category","embeddable":true,"href":"https:\/\/www.sinpro-rio.org.br\/principal\/wp-json\/wp\/v2\/categories?post=22176"},{"taxonomy":"post_tag","embeddable":true,"href":"https:\/\/www.sinpro-rio.org.br\/principal\/wp-json\/wp\/v2\/tags?post=22176"}],"curies":[{"name":"wp","href":"https:\/\/api.w.org\/{rel}","templated":true}]}}