{"id":22171,"date":"2018-09-12T11:15:27","date_gmt":"2018-09-12T14:15:27","guid":{"rendered":""},"modified":"2019-06-05T12:28:38","modified_gmt":"2019-06-05T15:28:38","slug":"horas-de-trabalho","status":"publish","type":"post","link":"https:\/\/www.sinpro-rio.org.br\/principal\/horas-de-trabalho\/","title":{"rendered":"Horas de Trabalho"},"content":{"rendered":"<p>\u2022 Hora noturna \u00c9 aquela prestada ap\u00f3s as vinte e duas horas. Deve ser acrescida de, no m\u00ednimo, vinte por cento da hora normal \u2013 Art. 73 da CLT.<\/p>\n<p>\u2022 Horas extras Toda atividade n\u00e3o habitual prestada fora da jornada normal de trabalho \u00e9 considerada como extra e deve sofrer, no m\u00ednimo, o acr\u00e9scimo de 50% \u2013 Art. 7\u00ba, XVI da CF \/ OJ 206 do TST.<\/p>\n<p>O professor que habitualmente fa\u00e7a horas extras tem direito \u00e0 integra\u00e7\u00e3o dessas horas, pela m\u00e9dia, no d\u00e9cimo-terceiro sal\u00e1rio e nas f\u00e9rias. Al\u00e9m disso, o professor tem direito a integrar essas horas habituais ao sal\u00e1rio e a receber uma indeniza\u00e7\u00e3o quando n\u00e3o forem mais exigidas. \u00c9 vedada a cria\u00e7\u00e3o de Bancos de Horas.<\/p>\n","protected":false},"excerpt":{"rendered":"<p>\u2022 Hora noturna \u00c9 aquela prestada ap\u00f3s as vinte e duas horas. Deve ser acrescida de, no m\u00ednimo, vinte por cento da hora normal \u2013 Art. 73 da CLT. \u2022 Horas extras Toda atividade n\u00e3o habitual prestada fora da jornada normal de trabalho \u00e9 considerada como extra e deve sofrer, no m\u00ednimo, o acr\u00e9scimo de [&hellip;]<\/p>\n","protected":false},"author":1,"featured_media":25436,"comment_status":"closed","ping_status":"open","sticky":false,"template":"","format":"standard","meta":{"footnotes":""},"categories":[26],"tags":[],"class_list":["post-22171","post","type-post","status-publish","format-standard","has-post-thumbnail","hentry","category-direito-do-professor"],"yoast_head":"<!-- This site is optimized with the Yoast SEO plugin v25.7 - https:\/\/yoast.com\/wordpress\/plugins\/seo\/ -->\n<title>Horas de Trabalho - Sinpro-Rio<\/title>\n<meta name=\"robots\" content=\"index, follow, max-snippet:-1, max-image-preview:large, max-video-preview:-1\" \/>\n<link rel=\"canonical\" href=\"https:\/\/www.sinpro-rio.org.br\/principal\/horas-de-trabalho\/\" \/>\n<meta property=\"og:locale\" content=\"pt_BR\" \/>\n<meta property=\"og:type\" content=\"article\" \/>\n<meta property=\"og:title\" content=\"Horas de Trabalho - Sinpro-Rio\" \/>\n<meta property=\"og:description\" content=\"\u2022 Hora noturna \u00c9 aquela prestada ap\u00f3s as vinte e duas horas. Deve ser acrescida de, no m\u00ednimo, vinte por cento da hora normal \u2013 Art. 73 da CLT. \u2022 Horas extras Toda atividade n\u00e3o habitual prestada fora da jornada normal de trabalho \u00e9 considerada como extra e deve sofrer, no m\u00ednimo, o acr\u00e9scimo de [&hellip;]\" \/>\n<meta property=\"og:url\" content=\"https:\/\/www.sinpro-rio.org.br\/principal\/horas-de-trabalho\/\" \/>\n<meta property=\"og:site_name\" content=\"Sinpro-Rio\" \/>\n<meta property=\"article:published_time\" content=\"2018-09-12T14:15:27+00:00\" \/>\n<meta property=\"article:modified_time\" content=\"2019-06-05T15:28:38+00:00\" \/>\n<meta property=\"og:image\" content=\"https:\/\/www.sinpro-rio.org.br\/principal\/wp-content\/uploads\/2018\/09\/jornada-de-trabalho-de-diferentes-profissoes.jpg\" \/>\n\t<meta property=\"og:image:width\" content=\"897\" \/>\n\t<meta property=\"og:image:height\" content=\"621\" \/>\n\t<meta property=\"og:image:type\" content=\"image\/jpeg\" \/>\n<meta name=\"author\" content=\"rafaelrjp\" \/>\n<meta name=\"twitter:card\" content=\"summary_large_image\" \/>\n<meta name=\"twitter:label1\" content=\"Escrito por\" \/>\n\t<meta name=\"twitter:data1\" content=\"rafaelrjp\" \/>\n\t<meta name=\"twitter:label2\" content=\"Est. tempo de leitura\" \/>\n\t<meta name=\"twitter:data2\" content=\"1 minuto\" \/>\n<script type=\"application\/ld+json\" class=\"yoast-schema-graph\">{\"@context\":\"https:\/\/schema.org\",\"@graph\":[{\"@type\":\"WebPage\",\"@id\":\"https:\/\/www.sinpro-rio.org.br\/principal\/horas-de-trabalho\/\",\"url\":\"https:\/\/www.sinpro-rio.org.br\/principal\/horas-de-trabalho\/\",\"name\":\"Horas de Trabalho - Sinpro-Rio\",\"isPartOf\":{\"@id\":\"https:\/\/www.sinpro-rio.org.br\/principal\/#website\"},\"primaryImageOfPage\":{\"@id\":\"https:\/\/www.sinpro-rio.org.br\/principal\/horas-de-trabalho\/#primaryimage\"},\"image\":{\"@id\":\"https:\/\/www.sinpro-rio.org.br\/principal\/horas-de-trabalho\/#primaryimage\"},\"thumbnailUrl\":\"https:\/\/www.sinpro-rio.org.br\/principal\/wp-content\/uploads\/2018\/09\/jornada-de-trabalho-de-diferentes-profissoes.jpg\",\"datePublished\":\"2018-09-12T14:15:27+00:00\",\"dateModified\":\"2019-06-05T15:28:38+00:00\",\"author\":{\"@id\":\"https:\/\/www.sinpro-rio.org.br\/principal\/#\/schema\/person\/49feb585a2f57a31a6bd9f16f78e5be6\"},\"breadcrumb\":{\"@id\":\"https:\/\/www.sinpro-rio.org.br\/principal\/horas-de-trabalho\/#breadcrumb\"},\"inLanguage\":\"pt-BR\",\"potentialAction\":[{\"@type\":\"ReadAction\",\"target\":[\"https:\/\/www.sinpro-rio.org.br\/principal\/horas-de-trabalho\/\"]}]},{\"@type\":\"ImageObject\",\"inLanguage\":\"pt-BR\",\"@id\":\"https:\/\/www.sinpro-rio.org.br\/principal\/horas-de-trabalho\/#primaryimage\",\"url\":\"https:\/\/www.sinpro-rio.org.br\/principal\/wp-content\/uploads\/2018\/09\/jornada-de-trabalho-de-diferentes-profissoes.jpg\",\"contentUrl\":\"https:\/\/www.sinpro-rio.org.br\/principal\/wp-content\/uploads\/2018\/09\/jornada-de-trabalho-de-diferentes-profissoes.jpg\",\"width\":897,\"height\":621},{\"@type\":\"BreadcrumbList\",\"@id\":\"https:\/\/www.sinpro-rio.org.br\/principal\/horas-de-trabalho\/#breadcrumb\",\"itemListElement\":[{\"@type\":\"ListItem\",\"position\":1,\"name\":\"In\u00edcio\",\"item\":\"https:\/\/www.sinpro-rio.org.br\/principal\/\"},{\"@type\":\"ListItem\",\"position\":2,\"name\":\"Horas de Trabalho\"}]},{\"@type\":\"WebSite\",\"@id\":\"https:\/\/www.sinpro-rio.org.br\/principal\/#website\",\"url\":\"https:\/\/www.sinpro-rio.org.br\/principal\/\",\"name\":\"Sinpro-Rio\",\"description\":\"Sindicato dos Professores do Munic\u00edpio do Rio de Janeiro e Regi\u00e3o\",\"potentialAction\":[{\"@type\":\"SearchAction\",\"target\":{\"@type\":\"EntryPoint\",\"urlTemplate\":\"https:\/\/www.sinpro-rio.org.br\/principal\/?s={search_term_string}\"},\"query-input\":{\"@type\":\"PropertyValueSpecification\",\"valueRequired\":true,\"valueName\":\"search_term_string\"}}],\"inLanguage\":\"pt-BR\"},{\"@type\":\"Person\",\"@id\":\"https:\/\/www.sinpro-rio.org.br\/principal\/#\/schema\/person\/49feb585a2f57a31a6bd9f16f78e5be6\",\"name\":\"rafaelrjp\",\"image\":{\"@type\":\"ImageObject\",\"inLanguage\":\"pt-BR\",\"@id\":\"https:\/\/www.sinpro-rio.org.br\/principal\/#\/schema\/person\/image\/\",\"url\":\"https:\/\/secure.gravatar.com\/avatar\/489371a0ba4655c340b519882c68cf68?s=96&d=mm&r=g\",\"contentUrl\":\"https:\/\/secure.gravatar.com\/avatar\/489371a0ba4655c340b519882c68cf68?s=96&d=mm&r=g\",\"caption\":\"rafaelrjp\"},\"url\":\"https:\/\/www.sinpro-rio.org.br\/principal\/author\/rafaelrjp\/\"}]}<\/script>\n<!-- \/ Yoast SEO plugin. -->","yoast_head_json":{"title":"Horas de Trabalho - Sinpro-Rio","robots":{"index":"index","follow":"follow","max-snippet":"max-snippet:-1","max-image-preview":"max-image-preview:large","max-video-preview":"max-video-preview:-1"},"canonical":"https:\/\/www.sinpro-rio.org.br\/principal\/horas-de-trabalho\/","og_locale":"pt_BR","og_type":"article","og_title":"Horas de Trabalho - Sinpro-Rio","og_description":"\u2022 Hora noturna \u00c9 aquela prestada ap\u00f3s as vinte e duas horas. Deve ser acrescida de, no m\u00ednimo, vinte por cento da hora normal \u2013 Art. 73 da CLT. \u2022 Horas extras Toda atividade n\u00e3o habitual prestada fora da jornada normal de trabalho \u00e9 considerada como extra e deve sofrer, no m\u00ednimo, o acr\u00e9scimo de [&hellip;]","og_url":"https:\/\/www.sinpro-rio.org.br\/principal\/horas-de-trabalho\/","og_site_name":"Sinpro-Rio","article_published_time":"2018-09-12T14:15:27+00:00","article_modified_time":"2019-06-05T15:28:38+00:00","og_image":[{"width":897,"height":621,"url":"https:\/\/www.sinpro-rio.org.br\/principal\/wp-content\/uploads\/2018\/09\/jornada-de-trabalho-de-diferentes-profissoes.jpg","type":"image\/jpeg"}],"author":"rafaelrjp","twitter_card":"summary_large_image","twitter_misc":{"Escrito por":"rafaelrjp","Est. tempo de leitura":"1 minuto"},"schema":{"@context":"https:\/\/schema.org","@graph":[{"@type":"WebPage","@id":"https:\/\/www.sinpro-rio.org.br\/principal\/horas-de-trabalho\/","url":"https:\/\/www.sinpro-rio.org.br\/principal\/horas-de-trabalho\/","name":"Horas de Trabalho - Sinpro-Rio","isPartOf":{"@id":"https:\/\/www.sinpro-rio.org.br\/principal\/#website"},"primaryImageOfPage":{"@id":"https:\/\/www.sinpro-rio.org.br\/principal\/horas-de-trabalho\/#primaryimage"},"image":{"@id":"https:\/\/www.sinpro-rio.org.br\/principal\/horas-de-trabalho\/#primaryimage"},"thumbnailUrl":"https:\/\/www.sinpro-rio.org.br\/principal\/wp-content\/uploads\/2018\/09\/jornada-de-trabalho-de-diferentes-profissoes.jpg","datePublished":"2018-09-12T14:15:27+00:00","dateModified":"2019-06-05T15:28:38+00:00","author":{"@id":"https:\/\/www.sinpro-rio.org.br\/principal\/#\/schema\/person\/49feb585a2f57a31a6bd9f16f78e5be6"},"breadcrumb":{"@id":"https:\/\/www.sinpro-rio.org.br\/principal\/horas-de-trabalho\/#breadcrumb"},"inLanguage":"pt-BR","potentialAction":[{"@type":"ReadAction","target":["https:\/\/www.sinpro-rio.org.br\/principal\/horas-de-trabalho\/"]}]},{"@type":"ImageObject","inLanguage":"pt-BR","@id":"https:\/\/www.sinpro-rio.org.br\/principal\/horas-de-trabalho\/#primaryimage","url":"https:\/\/www.sinpro-rio.org.br\/principal\/wp-content\/uploads\/2018\/09\/jornada-de-trabalho-de-diferentes-profissoes.jpg","contentUrl":"https:\/\/www.sinpro-rio.org.br\/principal\/wp-content\/uploads\/2018\/09\/jornada-de-trabalho-de-diferentes-profissoes.jpg","width":897,"height":621},{"@type":"BreadcrumbList","@id":"https:\/\/www.sinpro-rio.org.br\/principal\/horas-de-trabalho\/#breadcrumb","itemListElement":[{"@type":"ListItem","position":1,"name":"In\u00edcio","item":"https:\/\/www.sinpro-rio.org.br\/principal\/"},{"@type":"ListItem","position":2,"name":"Horas de Trabalho"}]},{"@type":"WebSite","@id":"https:\/\/www.sinpro-rio.org.br\/principal\/#website","url":"https:\/\/www.sinpro-rio.org.br\/principal\/","name":"Sinpro-Rio","description":"Sindicato dos Professores do Munic\u00edpio do Rio de Janeiro e Regi\u00e3o","potentialAction":[{"@type":"SearchAction","target":{"@type":"EntryPoint","urlTemplate":"https:\/\/www.sinpro-rio.org.br\/principal\/?s={search_term_string}"},"query-input":{"@type":"PropertyValueSpecification","valueRequired":true,"valueName":"search_term_string"}}],"inLanguage":"pt-BR"},{"@type":"Person","@id":"https:\/\/www.sinpro-rio.org.br\/principal\/#\/schema\/person\/49feb585a2f57a31a6bd9f16f78e5be6","name":"rafaelrjp","image":{"@type":"ImageObject","inLanguage":"pt-BR","@id":"https:\/\/www.sinpro-rio.org.br\/principal\/#\/schema\/person\/image\/","url":"https:\/\/secure.gravatar.com\/avatar\/489371a0ba4655c340b519882c68cf68?s=96&d=mm&r=g","contentUrl":"https:\/\/secure.gravatar.com\/avatar\/489371a0ba4655c340b519882c68cf68?s=96&d=mm&r=g","caption":"rafaelrjp"},"url":"https:\/\/www.sinpro-rio.org.br\/principal\/author\/rafaelrjp\/"}]}},"_links":{"self":[{"href":"https:\/\/www.sinpro-rio.org.br\/principal\/wp-json\/wp\/v2\/posts\/22171","targetHints":{"allow":["GET"]}}],"collection":[{"href":"https:\/\/www.sinpro-rio.org.br\/principal\/wp-json\/wp\/v2\/posts"}],"about":[{"href":"https:\/\/www.sinpro-rio.org.br\/principal\/wp-json\/wp\/v2\/types\/post"}],"author":[{"embeddable":true,"href":"https:\/\/www.sinpro-rio.org.br\/principal\/wp-json\/wp\/v2\/users\/1"}],"replies":[{"embeddable":true,"href":"https:\/\/www.sinpro-rio.org.br\/principal\/wp-json\/wp\/v2\/comments?post=22171"}],"version-history":[{"count":1,"href":"https:\/\/www.sinpro-rio.org.br\/principal\/wp-json\/wp\/v2\/posts\/22171\/revisions"}],"predecessor-version":[{"id":22334,"href":"https:\/\/www.sinpro-rio.org.br\/principal\/wp-json\/wp\/v2\/posts\/22171\/revisions\/22334"}],"wp:featuredmedia":[{"embeddable":true,"href":"https:\/\/www.sinpro-rio.org.br\/principal\/wp-json\/wp\/v2\/media\/25436"}],"wp:attachment":[{"href":"https:\/\/www.sinpro-rio.org.br\/principal\/wp-json\/wp\/v2\/media?parent=22171"}],"wp:term":[{"taxonomy":"category","embeddable":true,"href":"https:\/\/www.sinpro-rio.org.br\/principal\/wp-json\/wp\/v2\/categories?post=22171"},{"taxonomy":"post_tag","embeddable":true,"href":"https:\/\/www.sinpro-rio.org.br\/principal\/wp-json\/wp\/v2\/tags?post=22171"}],"curies":[{"name":"wp","href":"https:\/\/api.w.org\/{rel}","templated":true}]}}