{"id":22167,"date":"2018-09-12T11:13:47","date_gmt":"2018-09-12T14:13:47","guid":{"rendered":""},"modified":"2019-11-26T10:28:41","modified_gmt":"2019-11-26T13:28:41","slug":"ferias","status":"publish","type":"post","link":"https:\/\/www.sinpro-rio.org.br\/principal\/ferias\/","title":{"rendered":"F\u00e9rias"},"content":{"rendered":"\n<p>\u2022 Gozo Ap\u00f3s cada per\u00edodo de doze meses, o professor tem direito a f\u00e9rias de trinta dias, devendo ser obrigatoriamente gozadas \u2013 Art. 130 da CLT. As f\u00e9rias ser\u00e3o concedidas, em um s\u00f3 per\u00edodo, nos doze meses subseq\u00fcentes \u00e0 data em que se tiver adquirido o direito \u2013 Art. 134 da CLT. Sempre que as f\u00e9rias forem concedidas ap\u00f3s o prazo, o empregador pagar\u00e1 em dobro a respectiva remunera\u00e7\u00e3o \u2013 Art. 137 da CLT.<\/p>\n\n\n\n<p>A concess\u00e3o das f\u00e9rias ser\u00e1 participada, por escrito, ao professor, com anteced\u00eancia de, no m\u00ednimo, trinta dias \u2013 Art. 135 da CLT.<\/p>\n\n\n\n<p>\u2022 Remunera\u00e7\u00e3o e pagamento A remunera\u00e7\u00e3o das f\u00e9rias deve sofrer o acr\u00e9scimo de 1\/3 \u2013 Art. 7\u00ba, XVII da CF. A remunera\u00e7\u00e3o e o acr\u00e9scimo de 1\/3 devem ser pagos, no m\u00e1ximo, quarenta e oito horas antes do in\u00edcio do gozo das f\u00e9rias \u2013 Art. 145 da CLT.<\/p>\n\n\n\n<p>\u2022 Abono pecuni\u00e1rio \u00c9 quando o professor, ao receber o aviso das f\u00e9rias, solicita que sejam gozadas por apenas vinte dias. Neste caso, o professor recebe a remunera\u00e7\u00e3o das f\u00e9rias integralmente e, ao final do m\u00eas, recebe mais os dez dias restantes trabalhados, isto \u00e9, que n\u00e3o foram gozados \u2013 Art. 143 da CLT. \u00c9 importante que, neste caso, o professor comunique \u00e0 escola a sua solicita\u00e7\u00e3o at\u00e9 15 dias antes do in\u00edcio das f\u00e9rias.<\/p>\n\n\n\n<p>\u2022 F\u00e9rias coletivas As f\u00e9rias coletivas, para terem validade, ter\u00e3o que ser obrigatoriamente comunicadas \u00e0 DRT e ao Sindicato com quinze dias de anteced\u00eancia.<\/p>\n\n\n\n<p>Se o Sinpro-Rio n\u00e3o for comunicado da concess\u00e3o de f\u00e9rias coletivas, o empregador fica impedido de conced\u00ea-las desta forma \u2013 Art. 139 da CLT.<\/p>\n","protected":false},"excerpt":{"rendered":"<p>\u2022 Gozo Ap\u00f3s cada per\u00edodo de doze meses, o professor tem direito a f\u00e9rias de trinta dias, devendo ser obrigatoriamente gozadas \u2013 Art. 130 da CLT. As f\u00e9rias ser\u00e3o concedidas, em um s\u00f3 per\u00edodo, nos doze meses subseq\u00fcentes \u00e0 data em que se tiver adquirido o direito \u2013 Art. 134 da CLT. Sempre que as [&hellip;]<\/p>\n","protected":false},"author":1,"featured_media":27063,"comment_status":"closed","ping_status":"open","sticky":false,"template":"","format":"standard","meta":{"footnotes":""},"categories":[26],"tags":[],"class_list":["post-22167","post","type-post","status-publish","format-standard","has-post-thumbnail","hentry","category-direito-do-professor"],"yoast_head":"<!-- This site is optimized with the Yoast SEO plugin v25.7 - https:\/\/yoast.com\/wordpress\/plugins\/seo\/ -->\n<title>F\u00e9rias - Sinpro-Rio<\/title>\n<meta name=\"robots\" content=\"index, follow, max-snippet:-1, max-image-preview:large, max-video-preview:-1\" \/>\n<link rel=\"canonical\" href=\"https:\/\/www.sinpro-rio.org.br\/principal\/ferias\/\" \/>\n<meta property=\"og:locale\" content=\"pt_BR\" \/>\n<meta property=\"og:type\" content=\"article\" \/>\n<meta property=\"og:title\" content=\"F\u00e9rias - Sinpro-Rio\" \/>\n<meta property=\"og:description\" content=\"\u2022 Gozo Ap\u00f3s cada per\u00edodo de doze meses, o professor tem direito a f\u00e9rias de trinta dias, devendo ser obrigatoriamente gozadas \u2013 Art. 130 da CLT. As f\u00e9rias ser\u00e3o concedidas, em um s\u00f3 per\u00edodo, nos doze meses subseq\u00fcentes \u00e0 data em que se tiver adquirido o direito \u2013 Art. 134 da CLT. Sempre que as [&hellip;]\" \/>\n<meta property=\"og:url\" content=\"https:\/\/www.sinpro-rio.org.br\/principal\/ferias\/\" \/>\n<meta property=\"og:site_name\" content=\"Sinpro-Rio\" \/>\n<meta property=\"article:published_time\" content=\"2018-09-12T14:13:47+00:00\" \/>\n<meta property=\"article:modified_time\" content=\"2019-11-26T13:28:41+00:00\" \/>\n<meta property=\"og:image\" content=\"https:\/\/www.sinpro-rio.org.br\/principal\/wp-content\/uploads\/2018\/09\/holiday-4138981_960_720.png\" \/>\n\t<meta property=\"og:image:width\" content=\"960\" \/>\n\t<meta property=\"og:image:height\" content=\"497\" \/>\n\t<meta property=\"og:image:type\" content=\"image\/png\" \/>\n<meta name=\"author\" content=\"rafaelrjp\" \/>\n<meta name=\"twitter:card\" content=\"summary_large_image\" \/>\n<meta name=\"twitter:label1\" content=\"Escrito por\" \/>\n\t<meta name=\"twitter:data1\" content=\"rafaelrjp\" \/>\n\t<meta name=\"twitter:label2\" content=\"Est. tempo de leitura\" \/>\n\t<meta name=\"twitter:data2\" content=\"1 minuto\" \/>\n<script type=\"application\/ld+json\" class=\"yoast-schema-graph\">{\"@context\":\"https:\/\/schema.org\",\"@graph\":[{\"@type\":\"WebPage\",\"@id\":\"https:\/\/www.sinpro-rio.org.br\/principal\/ferias\/\",\"url\":\"https:\/\/www.sinpro-rio.org.br\/principal\/ferias\/\",\"name\":\"F\u00e9rias - Sinpro-Rio\",\"isPartOf\":{\"@id\":\"https:\/\/www.sinpro-rio.org.br\/principal\/#website\"},\"primaryImageOfPage\":{\"@id\":\"https:\/\/www.sinpro-rio.org.br\/principal\/ferias\/#primaryimage\"},\"image\":{\"@id\":\"https:\/\/www.sinpro-rio.org.br\/principal\/ferias\/#primaryimage\"},\"thumbnailUrl\":\"https:\/\/www.sinpro-rio.org.br\/principal\/wp-content\/uploads\/2018\/09\/holiday-4138981_960_720.png\",\"datePublished\":\"2018-09-12T14:13:47+00:00\",\"dateModified\":\"2019-11-26T13:28:41+00:00\",\"author\":{\"@id\":\"https:\/\/www.sinpro-rio.org.br\/principal\/#\/schema\/person\/49feb585a2f57a31a6bd9f16f78e5be6\"},\"breadcrumb\":{\"@id\":\"https:\/\/www.sinpro-rio.org.br\/principal\/ferias\/#breadcrumb\"},\"inLanguage\":\"pt-BR\",\"potentialAction\":[{\"@type\":\"ReadAction\",\"target\":[\"https:\/\/www.sinpro-rio.org.br\/principal\/ferias\/\"]}]},{\"@type\":\"ImageObject\",\"inLanguage\":\"pt-BR\",\"@id\":\"https:\/\/www.sinpro-rio.org.br\/principal\/ferias\/#primaryimage\",\"url\":\"https:\/\/www.sinpro-rio.org.br\/principal\/wp-content\/uploads\/2018\/09\/holiday-4138981_960_720.png\",\"contentUrl\":\"https:\/\/www.sinpro-rio.org.br\/principal\/wp-content\/uploads\/2018\/09\/holiday-4138981_960_720.png\",\"width\":960,\"height\":497},{\"@type\":\"BreadcrumbList\",\"@id\":\"https:\/\/www.sinpro-rio.org.br\/principal\/ferias\/#breadcrumb\",\"itemListElement\":[{\"@type\":\"ListItem\",\"position\":1,\"name\":\"In\u00edcio\",\"item\":\"https:\/\/www.sinpro-rio.org.br\/principal\/\"},{\"@type\":\"ListItem\",\"position\":2,\"name\":\"F\u00e9rias\"}]},{\"@type\":\"WebSite\",\"@id\":\"https:\/\/www.sinpro-rio.org.br\/principal\/#website\",\"url\":\"https:\/\/www.sinpro-rio.org.br\/principal\/\",\"name\":\"Sinpro-Rio\",\"description\":\"Sindicato dos Professores do Munic\u00edpio do Rio de Janeiro e Regi\u00e3o\",\"potentialAction\":[{\"@type\":\"SearchAction\",\"target\":{\"@type\":\"EntryPoint\",\"urlTemplate\":\"https:\/\/www.sinpro-rio.org.br\/principal\/?s={search_term_string}\"},\"query-input\":{\"@type\":\"PropertyValueSpecification\",\"valueRequired\":true,\"valueName\":\"search_term_string\"}}],\"inLanguage\":\"pt-BR\"},{\"@type\":\"Person\",\"@id\":\"https:\/\/www.sinpro-rio.org.br\/principal\/#\/schema\/person\/49feb585a2f57a31a6bd9f16f78e5be6\",\"name\":\"rafaelrjp\",\"image\":{\"@type\":\"ImageObject\",\"inLanguage\":\"pt-BR\",\"@id\":\"https:\/\/www.sinpro-rio.org.br\/principal\/#\/schema\/person\/image\/\",\"url\":\"https:\/\/secure.gravatar.com\/avatar\/489371a0ba4655c340b519882c68cf68?s=96&d=mm&r=g\",\"contentUrl\":\"https:\/\/secure.gravatar.com\/avatar\/489371a0ba4655c340b519882c68cf68?s=96&d=mm&r=g\",\"caption\":\"rafaelrjp\"},\"url\":\"https:\/\/www.sinpro-rio.org.br\/principal\/author\/rafaelrjp\/\"}]}<\/script>\n<!-- \/ Yoast SEO plugin. -->","yoast_head_json":{"title":"F\u00e9rias - Sinpro-Rio","robots":{"index":"index","follow":"follow","max-snippet":"max-snippet:-1","max-image-preview":"max-image-preview:large","max-video-preview":"max-video-preview:-1"},"canonical":"https:\/\/www.sinpro-rio.org.br\/principal\/ferias\/","og_locale":"pt_BR","og_type":"article","og_title":"F\u00e9rias - Sinpro-Rio","og_description":"\u2022 Gozo Ap\u00f3s cada per\u00edodo de doze meses, o professor tem direito a f\u00e9rias de trinta dias, devendo ser obrigatoriamente gozadas \u2013 Art. 130 da CLT. As f\u00e9rias ser\u00e3o concedidas, em um s\u00f3 per\u00edodo, nos doze meses subseq\u00fcentes \u00e0 data em que se tiver adquirido o direito \u2013 Art. 134 da CLT. Sempre que as [&hellip;]","og_url":"https:\/\/www.sinpro-rio.org.br\/principal\/ferias\/","og_site_name":"Sinpro-Rio","article_published_time":"2018-09-12T14:13:47+00:00","article_modified_time":"2019-11-26T13:28:41+00:00","og_image":[{"width":960,"height":497,"url":"https:\/\/www.sinpro-rio.org.br\/principal\/wp-content\/uploads\/2018\/09\/holiday-4138981_960_720.png","type":"image\/png"}],"author":"rafaelrjp","twitter_card":"summary_large_image","twitter_misc":{"Escrito por":"rafaelrjp","Est. tempo de leitura":"1 minuto"},"schema":{"@context":"https:\/\/schema.org","@graph":[{"@type":"WebPage","@id":"https:\/\/www.sinpro-rio.org.br\/principal\/ferias\/","url":"https:\/\/www.sinpro-rio.org.br\/principal\/ferias\/","name":"F\u00e9rias - Sinpro-Rio","isPartOf":{"@id":"https:\/\/www.sinpro-rio.org.br\/principal\/#website"},"primaryImageOfPage":{"@id":"https:\/\/www.sinpro-rio.org.br\/principal\/ferias\/#primaryimage"},"image":{"@id":"https:\/\/www.sinpro-rio.org.br\/principal\/ferias\/#primaryimage"},"thumbnailUrl":"https:\/\/www.sinpro-rio.org.br\/principal\/wp-content\/uploads\/2018\/09\/holiday-4138981_960_720.png","datePublished":"2018-09-12T14:13:47+00:00","dateModified":"2019-11-26T13:28:41+00:00","author":{"@id":"https:\/\/www.sinpro-rio.org.br\/principal\/#\/schema\/person\/49feb585a2f57a31a6bd9f16f78e5be6"},"breadcrumb":{"@id":"https:\/\/www.sinpro-rio.org.br\/principal\/ferias\/#breadcrumb"},"inLanguage":"pt-BR","potentialAction":[{"@type":"ReadAction","target":["https:\/\/www.sinpro-rio.org.br\/principal\/ferias\/"]}]},{"@type":"ImageObject","inLanguage":"pt-BR","@id":"https:\/\/www.sinpro-rio.org.br\/principal\/ferias\/#primaryimage","url":"https:\/\/www.sinpro-rio.org.br\/principal\/wp-content\/uploads\/2018\/09\/holiday-4138981_960_720.png","contentUrl":"https:\/\/www.sinpro-rio.org.br\/principal\/wp-content\/uploads\/2018\/09\/holiday-4138981_960_720.png","width":960,"height":497},{"@type":"BreadcrumbList","@id":"https:\/\/www.sinpro-rio.org.br\/principal\/ferias\/#breadcrumb","itemListElement":[{"@type":"ListItem","position":1,"name":"In\u00edcio","item":"https:\/\/www.sinpro-rio.org.br\/principal\/"},{"@type":"ListItem","position":2,"name":"F\u00e9rias"}]},{"@type":"WebSite","@id":"https:\/\/www.sinpro-rio.org.br\/principal\/#website","url":"https:\/\/www.sinpro-rio.org.br\/principal\/","name":"Sinpro-Rio","description":"Sindicato dos Professores do Munic\u00edpio do Rio de Janeiro e Regi\u00e3o","potentialAction":[{"@type":"SearchAction","target":{"@type":"EntryPoint","urlTemplate":"https:\/\/www.sinpro-rio.org.br\/principal\/?s={search_term_string}"},"query-input":{"@type":"PropertyValueSpecification","valueRequired":true,"valueName":"search_term_string"}}],"inLanguage":"pt-BR"},{"@type":"Person","@id":"https:\/\/www.sinpro-rio.org.br\/principal\/#\/schema\/person\/49feb585a2f57a31a6bd9f16f78e5be6","name":"rafaelrjp","image":{"@type":"ImageObject","inLanguage":"pt-BR","@id":"https:\/\/www.sinpro-rio.org.br\/principal\/#\/schema\/person\/image\/","url":"https:\/\/secure.gravatar.com\/avatar\/489371a0ba4655c340b519882c68cf68?s=96&d=mm&r=g","contentUrl":"https:\/\/secure.gravatar.com\/avatar\/489371a0ba4655c340b519882c68cf68?s=96&d=mm&r=g","caption":"rafaelrjp"},"url":"https:\/\/www.sinpro-rio.org.br\/principal\/author\/rafaelrjp\/"}]}},"_links":{"self":[{"href":"https:\/\/www.sinpro-rio.org.br\/principal\/wp-json\/wp\/v2\/posts\/22167","targetHints":{"allow":["GET"]}}],"collection":[{"href":"https:\/\/www.sinpro-rio.org.br\/principal\/wp-json\/wp\/v2\/posts"}],"about":[{"href":"https:\/\/www.sinpro-rio.org.br\/principal\/wp-json\/wp\/v2\/types\/post"}],"author":[{"embeddable":true,"href":"https:\/\/www.sinpro-rio.org.br\/principal\/wp-json\/wp\/v2\/users\/1"}],"replies":[{"embeddable":true,"href":"https:\/\/www.sinpro-rio.org.br\/principal\/wp-json\/wp\/v2\/comments?post=22167"}],"version-history":[{"count":2,"href":"https:\/\/www.sinpro-rio.org.br\/principal\/wp-json\/wp\/v2\/posts\/22167\/revisions"}],"predecessor-version":[{"id":26805,"href":"https:\/\/www.sinpro-rio.org.br\/principal\/wp-json\/wp\/v2\/posts\/22167\/revisions\/26805"}],"wp:featuredmedia":[{"embeddable":true,"href":"https:\/\/www.sinpro-rio.org.br\/principal\/wp-json\/wp\/v2\/media\/27063"}],"wp:attachment":[{"href":"https:\/\/www.sinpro-rio.org.br\/principal\/wp-json\/wp\/v2\/media?parent=22167"}],"wp:term":[{"taxonomy":"category","embeddable":true,"href":"https:\/\/www.sinpro-rio.org.br\/principal\/wp-json\/wp\/v2\/categories?post=22167"},{"taxonomy":"post_tag","embeddable":true,"href":"https:\/\/www.sinpro-rio.org.br\/principal\/wp-json\/wp\/v2\/tags?post=22167"}],"curies":[{"name":"wp","href":"https:\/\/api.w.org\/{rel}","templated":true}]}}