{"id":22166,"date":"2018-09-12T11:13:21","date_gmt":"2018-09-12T14:13:21","guid":{"rendered":""},"modified":"2019-10-11T11:28:58","modified_gmt":"2019-10-11T14:28:58","slug":"aus-ncias-ao-servico","status":"publish","type":"post","link":"https:\/\/www.sinpro-rio.org.br\/principal\/aus-ncias-ao-servico\/","title":{"rendered":"Aus\u00eancias ao Servi\u00e7o"},"content":{"rendered":"\n<p>\u2022 Falta por motivo de doen\u00e7a A aus\u00eancia ao trabalho por motivo de doen\u00e7a, comprovada por atestado m\u00e9dico conferido por institui\u00e7\u00e3o p\u00fablica oficial ou por empresa m\u00e9dica conveniada com o empregador, n\u00e3o pode ser descontada.<\/p>\n\n\n\n<p>\u2022 Licen\u00e7a sa\u00fade O professor que tiver que ser afastado por mais de 15 dias do servi\u00e7o deve ir a um posto do INSS, podendo ser acompanhado por seu m\u00e9dico particular, para que o m\u00e9dico do INSS ateste a necessidade da licen\u00e7a.<\/p>\n\n\n\n<p>O pagamento do benef\u00edcio ocorre de forma id\u00eantica \u00e0 do acidente de trabalho. Os primeiros 15 dias ficam por conta da escola, no seu valor integral, e a partir do 16\u00ba dia de afastamento o pagamento ser\u00e1 feito pela Previd\u00eancia, em valor parcial \u2013 portanto, menor que o recebido na ativa.<\/p>\n\n\n\n<p>\u2022 Doen\u00e7a profissional e acidente de trabalho \u00c9 o que ocorre durante o trabalho ou em raz\u00e3o de acidente no percurso de casa ao trabalho ou vice-versa. Se o acidente acontecer fora do estabelecimento, comunique ao empregador no mesmo dia, pois a ele compete avisar ao INSS. Essa comunica\u00e7\u00e3o deve ser entregue ao professor acidentado para que ele possa ir ao posto do INSS obter a licen\u00e7a do trabalho.<\/p>\n\n\n\n<p>A doen\u00e7a profissional (doen\u00e7a adquirida em raz\u00e3o do trabalho) \u00e9 considerada acidente de trabalho.<\/p>\n\n\n\n<p>Se o empregador se recusar a emitir a comunica\u00e7\u00e3o, o pr\u00f3prio professor pode faz\u00ea-la, por meio do Sindicato ou pessoalmente, desde que tenha laudo do m\u00e9dico atestando a doen\u00e7a.<\/p>\n\n\n\n<p>Esta quest\u00e3o \u00e9 muito importante, pois o empregador n\u00e3o pode dispensar o professor que esteja doente ou tenha sofrido acidente de trabalho. Deve encaminh\u00e1-lo para tratamento, sendo que, no seu retorno, fica assegurada sua estabilidade no emprego por doze meses, caso ocorra caracteriza\u00e7\u00e3o do nexo t\u00e9cnico entre a doen\u00e7a ou acidente e o trabalho, a cargo da per\u00edcia m\u00e9dica.<\/p>\n\n\n\n<p>\u2022 Licen\u00e7a gala \/ luto S\u00e3o abonadas as faltas durante nove dias por motivo de casamento ou no caso de falecimento de c\u00f4njuge, pai, m\u00e3e ou filho \u2013 Art. 320 da CLT.<\/p>\n\n\n\n<p>\u2022 Desconto por falta Da remunera\u00e7\u00e3o do professor recebida no m\u00eas, desconta-se unicamente a import\u00e2ncia correspondente ao n\u00famero de aulas a que o professor tenha faltado \u2013 Art. 320 da CLT.<\/p>\n","protected":false},"excerpt":{"rendered":"<p>\u2022 Falta por motivo de doen\u00e7a A aus\u00eancia ao trabalho por motivo de doen\u00e7a, comprovada por atestado m\u00e9dico conferido por institui\u00e7\u00e3o p\u00fablica oficial ou por empresa m\u00e9dica conveniada com o empregador, n\u00e3o pode ser descontada. \u2022 Licen\u00e7a sa\u00fade O professor que tiver que ser afastado por mais de 15 dias do servi\u00e7o deve ir a [&hellip;]<\/p>\n","protected":false},"author":1,"featured_media":25443,"comment_status":"closed","ping_status":"open","sticky":false,"template":"","format":"standard","meta":{"footnotes":""},"categories":[26],"tags":[],"class_list":["post-22166","post","type-post","status-publish","format-standard","has-post-thumbnail","hentry","category-direito-do-professor"],"yoast_head":"<!-- This site is optimized with the Yoast SEO plugin v25.7 - https:\/\/yoast.com\/wordpress\/plugins\/seo\/ -->\n<title>Aus\u00eancias ao Servi\u00e7o - Sinpro-Rio<\/title>\n<meta name=\"robots\" content=\"index, follow, max-snippet:-1, max-image-preview:large, max-video-preview:-1\" \/>\n<link rel=\"canonical\" href=\"https:\/\/www.sinpro-rio.org.br\/principal\/aus-ncias-ao-servico\/\" \/>\n<meta property=\"og:locale\" content=\"pt_BR\" \/>\n<meta property=\"og:type\" content=\"article\" \/>\n<meta property=\"og:title\" content=\"Aus\u00eancias ao Servi\u00e7o - Sinpro-Rio\" \/>\n<meta property=\"og:description\" content=\"\u2022 Falta por motivo de doen\u00e7a A aus\u00eancia ao trabalho por motivo de doen\u00e7a, comprovada por atestado m\u00e9dico conferido por institui\u00e7\u00e3o p\u00fablica oficial ou por empresa m\u00e9dica conveniada com o empregador, n\u00e3o pode ser descontada. \u2022 Licen\u00e7a sa\u00fade O professor que tiver que ser afastado por mais de 15 dias do servi\u00e7o deve ir a [&hellip;]\" \/>\n<meta property=\"og:url\" content=\"https:\/\/www.sinpro-rio.org.br\/principal\/aus-ncias-ao-servico\/\" \/>\n<meta property=\"og:site_name\" content=\"Sinpro-Rio\" \/>\n<meta property=\"article:published_time\" content=\"2018-09-12T14:13:21+00:00\" \/>\n<meta property=\"article:modified_time\" content=\"2019-10-11T14:28:58+00:00\" \/>\n<meta property=\"og:image\" content=\"https:\/\/www.sinpro-rio.org.br\/principal\/wp-content\/uploads\/2018\/09\/4f33ec1723fa110d6b00853dfc7a281e28f00802_hq.jpg\" \/>\n\t<meta property=\"og:image:width\" content=\"543\" \/>\n\t<meta property=\"og:image:height\" content=\"271\" \/>\n\t<meta property=\"og:image:type\" content=\"image\/jpeg\" \/>\n<meta name=\"author\" content=\"rafaelrjp\" \/>\n<meta name=\"twitter:card\" content=\"summary_large_image\" \/>\n<meta name=\"twitter:label1\" content=\"Escrito por\" \/>\n\t<meta name=\"twitter:data1\" content=\"rafaelrjp\" \/>\n\t<meta name=\"twitter:label2\" content=\"Est. tempo de leitura\" \/>\n\t<meta name=\"twitter:data2\" content=\"2 minutos\" \/>\n<script type=\"application\/ld+json\" class=\"yoast-schema-graph\">{\"@context\":\"https:\/\/schema.org\",\"@graph\":[{\"@type\":\"WebPage\",\"@id\":\"https:\/\/www.sinpro-rio.org.br\/principal\/aus-ncias-ao-servico\/\",\"url\":\"https:\/\/www.sinpro-rio.org.br\/principal\/aus-ncias-ao-servico\/\",\"name\":\"Aus\u00eancias ao Servi\u00e7o - Sinpro-Rio\",\"isPartOf\":{\"@id\":\"https:\/\/www.sinpro-rio.org.br\/principal\/#website\"},\"primaryImageOfPage\":{\"@id\":\"https:\/\/www.sinpro-rio.org.br\/principal\/aus-ncias-ao-servico\/#primaryimage\"},\"image\":{\"@id\":\"https:\/\/www.sinpro-rio.org.br\/principal\/aus-ncias-ao-servico\/#primaryimage\"},\"thumbnailUrl\":\"https:\/\/www.sinpro-rio.org.br\/principal\/wp-content\/uploads\/2018\/09\/4f33ec1723fa110d6b00853dfc7a281e28f00802_hq.jpg\",\"datePublished\":\"2018-09-12T14:13:21+00:00\",\"dateModified\":\"2019-10-11T14:28:58+00:00\",\"author\":{\"@id\":\"https:\/\/www.sinpro-rio.org.br\/principal\/#\/schema\/person\/49feb585a2f57a31a6bd9f16f78e5be6\"},\"breadcrumb\":{\"@id\":\"https:\/\/www.sinpro-rio.org.br\/principal\/aus-ncias-ao-servico\/#breadcrumb\"},\"inLanguage\":\"pt-BR\",\"potentialAction\":[{\"@type\":\"ReadAction\",\"target\":[\"https:\/\/www.sinpro-rio.org.br\/principal\/aus-ncias-ao-servico\/\"]}]},{\"@type\":\"ImageObject\",\"inLanguage\":\"pt-BR\",\"@id\":\"https:\/\/www.sinpro-rio.org.br\/principal\/aus-ncias-ao-servico\/#primaryimage\",\"url\":\"https:\/\/www.sinpro-rio.org.br\/principal\/wp-content\/uploads\/2018\/09\/4f33ec1723fa110d6b00853dfc7a281e28f00802_hq.jpg\",\"contentUrl\":\"https:\/\/www.sinpro-rio.org.br\/principal\/wp-content\/uploads\/2018\/09\/4f33ec1723fa110d6b00853dfc7a281e28f00802_hq.jpg\",\"width\":543,\"height\":271},{\"@type\":\"BreadcrumbList\",\"@id\":\"https:\/\/www.sinpro-rio.org.br\/principal\/aus-ncias-ao-servico\/#breadcrumb\",\"itemListElement\":[{\"@type\":\"ListItem\",\"position\":1,\"name\":\"In\u00edcio\",\"item\":\"https:\/\/www.sinpro-rio.org.br\/principal\/\"},{\"@type\":\"ListItem\",\"position\":2,\"name\":\"Aus\u00eancias ao Servi\u00e7o\"}]},{\"@type\":\"WebSite\",\"@id\":\"https:\/\/www.sinpro-rio.org.br\/principal\/#website\",\"url\":\"https:\/\/www.sinpro-rio.org.br\/principal\/\",\"name\":\"Sinpro-Rio\",\"description\":\"Sindicato dos Professores do Munic\u00edpio do Rio de Janeiro e Regi\u00e3o\",\"potentialAction\":[{\"@type\":\"SearchAction\",\"target\":{\"@type\":\"EntryPoint\",\"urlTemplate\":\"https:\/\/www.sinpro-rio.org.br\/principal\/?s={search_term_string}\"},\"query-input\":{\"@type\":\"PropertyValueSpecification\",\"valueRequired\":true,\"valueName\":\"search_term_string\"}}],\"inLanguage\":\"pt-BR\"},{\"@type\":\"Person\",\"@id\":\"https:\/\/www.sinpro-rio.org.br\/principal\/#\/schema\/person\/49feb585a2f57a31a6bd9f16f78e5be6\",\"name\":\"rafaelrjp\",\"image\":{\"@type\":\"ImageObject\",\"inLanguage\":\"pt-BR\",\"@id\":\"https:\/\/www.sinpro-rio.org.br\/principal\/#\/schema\/person\/image\/\",\"url\":\"https:\/\/secure.gravatar.com\/avatar\/489371a0ba4655c340b519882c68cf68?s=96&d=mm&r=g\",\"contentUrl\":\"https:\/\/secure.gravatar.com\/avatar\/489371a0ba4655c340b519882c68cf68?s=96&d=mm&r=g\",\"caption\":\"rafaelrjp\"},\"url\":\"https:\/\/www.sinpro-rio.org.br\/principal\/author\/rafaelrjp\/\"}]}<\/script>\n<!-- \/ Yoast SEO plugin. -->","yoast_head_json":{"title":"Aus\u00eancias ao Servi\u00e7o - Sinpro-Rio","robots":{"index":"index","follow":"follow","max-snippet":"max-snippet:-1","max-image-preview":"max-image-preview:large","max-video-preview":"max-video-preview:-1"},"canonical":"https:\/\/www.sinpro-rio.org.br\/principal\/aus-ncias-ao-servico\/","og_locale":"pt_BR","og_type":"article","og_title":"Aus\u00eancias ao Servi\u00e7o - Sinpro-Rio","og_description":"\u2022 Falta por motivo de doen\u00e7a A aus\u00eancia ao trabalho por motivo de doen\u00e7a, comprovada por atestado m\u00e9dico conferido por institui\u00e7\u00e3o p\u00fablica oficial ou por empresa m\u00e9dica conveniada com o empregador, n\u00e3o pode ser descontada. \u2022 Licen\u00e7a sa\u00fade O professor que tiver que ser afastado por mais de 15 dias do servi\u00e7o deve ir a [&hellip;]","og_url":"https:\/\/www.sinpro-rio.org.br\/principal\/aus-ncias-ao-servico\/","og_site_name":"Sinpro-Rio","article_published_time":"2018-09-12T14:13:21+00:00","article_modified_time":"2019-10-11T14:28:58+00:00","og_image":[{"width":543,"height":271,"url":"https:\/\/www.sinpro-rio.org.br\/principal\/wp-content\/uploads\/2018\/09\/4f33ec1723fa110d6b00853dfc7a281e28f00802_hq.jpg","type":"image\/jpeg"}],"author":"rafaelrjp","twitter_card":"summary_large_image","twitter_misc":{"Escrito por":"rafaelrjp","Est. tempo de leitura":"2 minutos"},"schema":{"@context":"https:\/\/schema.org","@graph":[{"@type":"WebPage","@id":"https:\/\/www.sinpro-rio.org.br\/principal\/aus-ncias-ao-servico\/","url":"https:\/\/www.sinpro-rio.org.br\/principal\/aus-ncias-ao-servico\/","name":"Aus\u00eancias ao Servi\u00e7o - Sinpro-Rio","isPartOf":{"@id":"https:\/\/www.sinpro-rio.org.br\/principal\/#website"},"primaryImageOfPage":{"@id":"https:\/\/www.sinpro-rio.org.br\/principal\/aus-ncias-ao-servico\/#primaryimage"},"image":{"@id":"https:\/\/www.sinpro-rio.org.br\/principal\/aus-ncias-ao-servico\/#primaryimage"},"thumbnailUrl":"https:\/\/www.sinpro-rio.org.br\/principal\/wp-content\/uploads\/2018\/09\/4f33ec1723fa110d6b00853dfc7a281e28f00802_hq.jpg","datePublished":"2018-09-12T14:13:21+00:00","dateModified":"2019-10-11T14:28:58+00:00","author":{"@id":"https:\/\/www.sinpro-rio.org.br\/principal\/#\/schema\/person\/49feb585a2f57a31a6bd9f16f78e5be6"},"breadcrumb":{"@id":"https:\/\/www.sinpro-rio.org.br\/principal\/aus-ncias-ao-servico\/#breadcrumb"},"inLanguage":"pt-BR","potentialAction":[{"@type":"ReadAction","target":["https:\/\/www.sinpro-rio.org.br\/principal\/aus-ncias-ao-servico\/"]}]},{"@type":"ImageObject","inLanguage":"pt-BR","@id":"https:\/\/www.sinpro-rio.org.br\/principal\/aus-ncias-ao-servico\/#primaryimage","url":"https:\/\/www.sinpro-rio.org.br\/principal\/wp-content\/uploads\/2018\/09\/4f33ec1723fa110d6b00853dfc7a281e28f00802_hq.jpg","contentUrl":"https:\/\/www.sinpro-rio.org.br\/principal\/wp-content\/uploads\/2018\/09\/4f33ec1723fa110d6b00853dfc7a281e28f00802_hq.jpg","width":543,"height":271},{"@type":"BreadcrumbList","@id":"https:\/\/www.sinpro-rio.org.br\/principal\/aus-ncias-ao-servico\/#breadcrumb","itemListElement":[{"@type":"ListItem","position":1,"name":"In\u00edcio","item":"https:\/\/www.sinpro-rio.org.br\/principal\/"},{"@type":"ListItem","position":2,"name":"Aus\u00eancias ao Servi\u00e7o"}]},{"@type":"WebSite","@id":"https:\/\/www.sinpro-rio.org.br\/principal\/#website","url":"https:\/\/www.sinpro-rio.org.br\/principal\/","name":"Sinpro-Rio","description":"Sindicato dos Professores do Munic\u00edpio do Rio de Janeiro e Regi\u00e3o","potentialAction":[{"@type":"SearchAction","target":{"@type":"EntryPoint","urlTemplate":"https:\/\/www.sinpro-rio.org.br\/principal\/?s={search_term_string}"},"query-input":{"@type":"PropertyValueSpecification","valueRequired":true,"valueName":"search_term_string"}}],"inLanguage":"pt-BR"},{"@type":"Person","@id":"https:\/\/www.sinpro-rio.org.br\/principal\/#\/schema\/person\/49feb585a2f57a31a6bd9f16f78e5be6","name":"rafaelrjp","image":{"@type":"ImageObject","inLanguage":"pt-BR","@id":"https:\/\/www.sinpro-rio.org.br\/principal\/#\/schema\/person\/image\/","url":"https:\/\/secure.gravatar.com\/avatar\/489371a0ba4655c340b519882c68cf68?s=96&d=mm&r=g","contentUrl":"https:\/\/secure.gravatar.com\/avatar\/489371a0ba4655c340b519882c68cf68?s=96&d=mm&r=g","caption":"rafaelrjp"},"url":"https:\/\/www.sinpro-rio.org.br\/principal\/author\/rafaelrjp\/"}]}},"_links":{"self":[{"href":"https:\/\/www.sinpro-rio.org.br\/principal\/wp-json\/wp\/v2\/posts\/22166","targetHints":{"allow":["GET"]}}],"collection":[{"href":"https:\/\/www.sinpro-rio.org.br\/principal\/wp-json\/wp\/v2\/posts"}],"about":[{"href":"https:\/\/www.sinpro-rio.org.br\/principal\/wp-json\/wp\/v2\/types\/post"}],"author":[{"embeddable":true,"href":"https:\/\/www.sinpro-rio.org.br\/principal\/wp-json\/wp\/v2\/users\/1"}],"replies":[{"embeddable":true,"href":"https:\/\/www.sinpro-rio.org.br\/principal\/wp-json\/wp\/v2\/comments?post=22166"}],"version-history":[{"count":2,"href":"https:\/\/www.sinpro-rio.org.br\/principal\/wp-json\/wp\/v2\/posts\/22166\/revisions"}],"predecessor-version":[{"id":26806,"href":"https:\/\/www.sinpro-rio.org.br\/principal\/wp-json\/wp\/v2\/posts\/22166\/revisions\/26806"}],"wp:featuredmedia":[{"embeddable":true,"href":"https:\/\/www.sinpro-rio.org.br\/principal\/wp-json\/wp\/v2\/media\/25443"}],"wp:attachment":[{"href":"https:\/\/www.sinpro-rio.org.br\/principal\/wp-json\/wp\/v2\/media?parent=22166"}],"wp:term":[{"taxonomy":"category","embeddable":true,"href":"https:\/\/www.sinpro-rio.org.br\/principal\/wp-json\/wp\/v2\/categories?post=22166"},{"taxonomy":"post_tag","embeddable":true,"href":"https:\/\/www.sinpro-rio.org.br\/principal\/wp-json\/wp\/v2\/tags?post=22166"}],"curies":[{"name":"wp","href":"https:\/\/api.w.org\/{rel}","templated":true}]}}